{"id":1508,"date":"2019-09-12T15:47:49","date_gmt":"2019-09-12T13:47:49","guid":{"rendered":"http:\/\/fgei.ummto.dz\/?p=1508"},"modified":"2019-09-18T09:57:46","modified_gmt":"2019-09-18T07:57:46","slug":"depot-de-dossiers-de-transfert-reorientation-reprise-deua-vers-licence-reprise-ingenieur-vers-master-second-diplome-reprise-des-etudes-conge-academique","status":"publish","type":"post","link":"https:\/\/www.ummto.dz\/fgei\/depot-de-dossiers-de-transfert-reorientation-reprise-deua-vers-licence-reprise-ingenieur-vers-master-second-diplome-reprise-des-etudes-conge-academique\/","title":{"rendered":"D\u00e9p\u00f4t de dossiers de Transfert, R\u00e9orientation, Reprise DEUA vers Licence, Reprise Ing\u00e9nieur vers Master, Second Dipl\u00f4me, Reprise des \u00e9tudes, Cong\u00e9 acad\u00e9mique."},"content":{"rendered":"<p><img decoding=\"async\" class=\"size-thumbnail wp-image-1501 alignright\" src=\"http:\/\/fgei.ummto.dz\/wp-content\/uploads\/2019\/09\/Animated-GIF-source-150x150.gif\" alt=\"\" width=\"150\" height=\"150\" srcset=\"https:\/\/www.ummto.dz\/fgei\/wp-content\/uploads\/2019\/09\/Animated-GIF-source-150x150.gif 150w, https:\/\/www.ummto.dz\/fgei\/wp-content\/uploads\/2019\/09\/Animated-GIF-source-300x300.gif 300w, https:\/\/www.ummto.dz\/fgei\/wp-content\/uploads\/2019\/09\/Animated-GIF-source-160x160.gif 160w, https:\/\/www.ummto.dz\/fgei\/wp-content\/uploads\/2019\/09\/Animated-GIF-source-320x320.gif 320w, https:\/\/www.ummto.dz\/fgei\/wp-content\/uploads\/2019\/09\/Animated-GIF-source-45x45.gif 45w\" sizes=\"(max-width: 150px) 100vw, 150px\" \/><span style=\"color: #000000;\">Le d\u00e9p\u00f4t est fix\u00e9 du<span style=\"color: #ff0000;\">\u00a0<strong>Dimanche 15\/09\/2019 <\/strong><\/span>au <span style=\"color: #ff0000;\"><strong>30 septembre 2019<\/strong><\/span> au niveau du\u00a0 bureau A, sis au premier \u00e9tage de la Facult\u00e9 de G\u00e9nie Electrique et Informatique.<\/span><\/p>\n<p><strong><span style=\"color: #008000;\">Dossier \u00e0 fournir :<\/span><\/strong><\/p>\n<p><span style=\"color: #0000ff;\"><strong><u>\u00a01-\u00a0Transfert :<\/u><\/strong><\/span><\/p>\n<ul>\n<li><span style=\"color: #000000;\">Une demande sign\u00e9e, \u00e9crite \u00e0 la machine,<\/span><\/li>\n<li><span style=\"color: #000000;\">D\u00e9claration des baccalaur\u00e9ats obtenus et des \u00e9tudes suivies (Imprim\u00e91)<\/span> <strong><span style=\"color: #993366;\"><a style=\"color: #993366;\" href=\"http:\/\/fgei.ummto.dz\/wp-content\/uploads\/2019\/09\/D\u00e9claration-des-baccalaur\u00e9ats-obtenus-.pdf\">\u00e0 t\u00e9l\u00e9charger ici<\/a><\/span>. <\/strong><span style=\"color: #000000;\"><strong>Remplir \u00e0 la machine les champs accessibles.<\/strong><\/span><\/li>\n<li><span style=\"color: #000000;\">Fiche de transfert\u00a0en trois (03) exemplaires (Imprim\u00e9 6)\u00a0<\/span><strong><span style=\"color: #993366;\"><a style=\"color: #993366;\" href=\"http:\/\/fgei.ummto.dz\/wp-content\/uploads\/2019\/09\/Fiche-de-transfert-.pdf\"> \u00e0 t\u00e9l\u00e9charger ici<\/a><\/span>. <\/strong><strong><span style=\"color: #000000;\">Remplir \u00e0 la machine les champs<\/span> <span style=\"color: #000000;\">accessibles.<\/span><\/strong><\/li>\n<li><span style=\"color: #000000;\">Imprim\u00e9 de demande d\u2019inscription (Imprim\u00e910)<\/span> <strong><span style=\"color: #993366;\"><a style=\"color: #993366;\" href=\"http:\/\/fgei.ummto.dz\/wp-content\/uploads\/2019\/09\/Demande-d\u2019inscription.pdf\">\u00e0 t\u00e9l\u00e9charger ici<\/a><\/span>. <\/strong><strong><span style=\"color: #000000;\">Remplir \u00e0 la machine les champs accessibles.<\/span><\/strong><\/li>\n<li><span style=\"color: #000000;\">Copie du relev\u00e9 de notes du bac<\/span><\/li>\n<li><span style=\"color: #000000;\">Attestation de non sanction disciplinaire<\/span><\/li>\n<li><span style=\"color: #000000;\">Copie des relev\u00e9s de notes<\/span><\/li>\n<li><span style=\"color: #000000;\">Copie du dernier certificat de scolarit\u00e9<\/span><\/li>\n<li><span style=\"color: #000000;\">Fiche de r\u00e9sidence<\/span><\/li>\n<\/ul>\n<p><strong><span style=\"color: #993300;\">Important : Les dossiers de transfert vers la troisi\u00e8me ann\u00e9e de l\u2019ext\u00e9rieur ne sont pas accept\u00e9s.\u00a0<\/span><\/strong><\/p>\n<p><span style=\"color: #0000ff;\"><strong>2-<\/strong>\u00a0<strong><u>R\u00e9orientation:<\/u><\/strong><\/span><\/p>\n<ul>\n<li><span style=\"color: #000000;\">Une demande sign\u00e9e, \u00e9crite \u00e0 la machine<\/span><\/li>\n<li><span style=\"color: #000000;\">D\u00e9claration des baccalaur\u00e9ats obtenus et des \u00e9tudes poursuivie (Imprim\u00e91)\u00a0<strong><span style=\"color: #993366;\"><a style=\"color: #993366;\" href=\"http:\/\/fgei.ummto.dz\/wp-content\/uploads\/2019\/09\/D\u00e9claration-des-baccalaur\u00e9ats-obtenus-.pdf\">\u00e0 t\u00e9l\u00e9charger ici<\/a>.<\/span>\u00a0<span style=\"color: #000000;\"> R<\/span><\/strong><strong>emplir \u00e0 la machine les champs accessibles.<\/strong><\/span><\/li>\n<li><span style=\"color: #000000;\">Demande de r\u00e9orientation\u00a0(Imprim\u00e911)<\/span><strong><span style=\"color: #993366;\"> <a style=\"color: #993366;\" href=\"http:\/\/fgei.ummto.dz\/wp-content\/uploads\/2019\/09\/Demande-de-r\u00e9orientation.pdf\">\u00e0 t\u00e9l\u00e9charger ici<\/a><\/span>.\u00a0<\/strong><span style=\"color: #000000;\"><strong> Remplir \u00e0 la machine les champs accessibles.<\/strong><\/span><\/li>\n<li><span style=\"color: #000000;\">Copie du relev\u00e9 de notes du bac<\/span><\/li>\n<li><span style=\"color: #000000;\">Attestation de non sanction disciplinaire<\/span><\/li>\n<li><span style=\"color: #000000;\">Copie relev\u00e9s de notes<\/span><\/li>\n<li><span style=\"color: #000000;\">Copie du dernier certificat de scolarit\u00e9<\/span><\/li>\n<li><span style=\"color: #000000;\">Fiche de r\u00e9sidence<\/span><\/li>\n<\/ul>\n<p><span style=\"color: #0000ff;\"><strong>3- <u>Reprise des \u00e9tudes:<\/u><\/strong><\/span><\/p>\n<ul style=\"list-style-type: disc;\">\n<li><span style=\"color: #000000;\">Une demande explicative sign\u00e9e \u00e9crite \u00e0 la machine<\/span><\/li>\n<li><span style=\"color: #000000;\">D\u00e9claration des baccalaur\u00e9ats obtenus et des \u00e9tudes poursuivies (Imprim\u00e91)<\/span>\u00a0<strong><span style=\"color: #993366;\"><a style=\"color: #993366;\" href=\"http:\/\/fgei.ummto.dz\/wp-content\/uploads\/2019\/09\/D\u00e9claration-des-baccalaur\u00e9ats-obtenus-.pdf\"> \u00e0 t\u00e9l\u00e9charger ici<\/a><\/span>.\u00a0<\/strong><strong><span style=\"color: #000000;\">Remplir \u00e0 la machine les champs accessibles.<\/span> <\/strong><\/li>\n<li><span style=\"color: #000000;\">Demande de reprise des \u00e9tudes\u00a0(Imprim\u00e9 8)<\/span><strong><span style=\"color: #993366;\"> <a style=\"color: #993366;\" href=\"http:\/\/fgei.ummto.dz\/wp-content\/uploads\/2019\/09\/Demande-de-reprise-des-\u00e9tudes.pdf\">\u00e0 t\u00e9l\u00e9charger ici<\/a><\/span>.<span style=\"color: #000000;\">\u00a0<\/span><\/strong><span style=\"color: #000000;\"><strong>Remplir \u00e0 la machine les champs accessibles.<\/strong><\/span><\/li>\n<li><span style=\"color: #000000;\">Copie du dernier certificat de scolarit\u00e9.<\/span><\/li>\n<\/ul>\n<p><span style=\"color: #3366ff;\"><strong>4- <u>DEUA:<\/u><\/strong><\/span><\/p>\n<ul style=\"list-style-type: disc;\">\n<li><span style=\"color: #000000;\">Une demande sign\u00e9e, \u00e9crite \u00e0 la machine<\/span><\/li>\n<li><span style=\"color: #000000;\">Relev\u00e9 de notes \u00e9quivalent de la 1\u00e8re ann\u00e9e (\u00e0 faire \u00e9tablir par la Facult\u00e9 des Sciences)<\/span><\/li>\n<li><span style=\"color: #000000;\">D\u00e9claration des baccalaur\u00e9ats obtenus et des \u00e9tudes poursuivies (Imprim\u00e91)<\/span>\u00a0<span style=\"color: #993366;\"><strong><a style=\"color: #993366;\" href=\"http:\/\/fgei.ummto.dz\/wp-content\/uploads\/2019\/09\/D\u00e9claration-des-baccalaur\u00e9ats-obtenus-.pdf\"> \u00e0 t\u00e9l\u00e9charger ici<\/a>. <\/strong><\/span><span style=\"color: #000000;\"><strong>Remplir \u00e0 la machine les champs accessibles et imprimer.<\/strong><\/span><\/li>\n<li><span style=\"color: #000000;\">Demande d\u2019inscription des DEUA (Imprim\u00e918)<\/span>\u00a0<strong><span style=\"color: #993366;\"><a style=\"color: #993366;\" href=\"http:\/\/fgei.ummto.dz\/wp-content\/uploads\/2019\/09\/Demande-d\u2019inscription-Dipl\u00f4me-DEUA-.pdf\"> \u00e0 t\u00e9l\u00e9charger ici<\/a><\/span>. <\/strong><span style=\"color: #000000;\"><strong>Remplir \u00e0 la machine les champs accessibles et imprimer.<\/strong><\/span><\/li>\n<li><span style=\"color: #000000;\">Copie des relev\u00e9s de notes<\/span><\/li>\n<li><span style=\"color: #000000;\">Fiche de r\u00e9sidence<\/span><\/li>\n<\/ul>\n<p><span style=\"color: #3366ff;\"><strong>\u00a05- <u>Ing\u00e9nieurs vers Masters<\/u><\/strong><\/span><\/p>\n<ul>\n<li><span style=\"color: #000000;\">Une demande sign\u00e9e, \u00e9crite \u00e0 la machine<\/span><\/li>\n<li><span style=\"color: #000000;\">D\u00e9claration des baccalaur\u00e9ats obtenus et des \u00e9tudes poursuivies\u00a0(Imprim\u00e91)<\/span><strong><span style=\"color: #993366;\"> <a style=\"color: #993366;\" href=\"http:\/\/fgei.ummto.dz\/wp-content\/uploads\/2019\/09\/D\u00e9claration-des-baccalaur\u00e9ats-obtenus-.pdf\">\u00e0 t\u00e9l\u00e9charger ici<\/a><\/span>.\u00a0<\/strong><span style=\"color: #000000;\"><strong>Remplir \u00e0 la machine les champs accessibles.<\/strong><\/span><\/li>\n<li><span style=\"color: #000000;\">Demande d\u2019inscription aux \u00e9tudes de Master\u00a0(Imprim\u00e919)<\/span> <strong><span style=\"color: #993366;\"><a style=\"color: #993366;\" href=\"http:\/\/fgei.ummto.dz\/wp-content\/uploads\/2019\/09\/cycle-long-du-syst\u00e8me-classique.pdf\">\u00e0 t\u00e9l\u00e9charger ici<\/a>.<\/span> <span style=\"color: #000000;\">Remplir \u00e0 la machine les champs accessibles et imprimer.<\/span><\/strong><\/li>\n<li><span style=\"color: #000000;\">Une copie du dipl\u00f4me de l\u2019Ing\u00e9niorat<\/span><\/li>\n<li><span style=\"color: #000000;\">Une copie du Bac<\/span><\/li>\n<li><span style=\"color: #000000;\">L\u2019ensemble des relev\u00e9s de notes du Cursus de l\u2019Ing\u00e9niorat<\/span><\/li>\n<li><span style=\"color: #000000;\">Fiche de r\u00e9sidence<\/span><\/li>\n<\/ul>\n<p><span style=\"color: #3366ff;\"><strong><u>6-Reprise des \u00e9tudes apr\u00e8s cong\u00e9 acad\u00e9mique<\/u><\/strong><\/span><\/p>\n<ul style=\"list-style-type: disc;\">\n<li><span style=\"color: #000000;\">Une demande explicative sign\u00e9e, \u00e9crite \u00e0 la machine<\/span><\/li>\n<li><span style=\"color: #000000;\">Copie du dernier certificat de scolarit\u00e9<\/span><\/li>\n<li><span style=\"color: #000000;\">Demande de r\u00e9int\u00e9gration<\/span> <strong><span style=\"color: #993366;\"><a style=\"color: #993366;\" href=\"http:\/\/fgei.ummto.dz\/wp-content\/uploads\/2019\/09\/DEMANDE_REINTEGRATION.pdf\">\u00e0 t\u00e9l\u00e9charger ici<\/a><\/span>. <\/strong><span style=\"color: #000000;\"><strong>Remplir \u00e0 la machine les champs accessibles.<\/strong><\/span><\/li>\n<li><span style=\"color: #000000;\">Original de la d\u00e9cision de cong\u00e9 acad\u00e9mique<\/span>.<\/li>\n<\/ul>\n<p><span style=\"color: #3366ff;\"><strong>\u00a07- <u>Cong\u00e9 acad\u00e9mique <\/u>\u00a0\u00a0(apr\u00e8s les d\u00e9lib\u00e9rations).<\/strong><\/span><\/p>\n<ul>\n<li><span style=\"color: #000000;\">Une demande sign\u00e9e, \u00e9crite \u00e0 la machine<\/span><\/li>\n<li><span style=\"color: #000000;\">Copie du dernier certificat de scolarit\u00e9<\/span><\/li>\n<li><span style=\"color: #000000;\">Copie du dernier relev\u00e9 de notes<\/span><\/li>\n<li><span style=\"color: #000000;\">Demande de cong\u00e9 acad\u00e9mique<\/span> <strong><span style=\"color: #993366;\"><a style=\"color: #993366;\" href=\"http:\/\/fgei.ummto.dz\/wp-content\/uploads\/2019\/09\/DEMANDE_CONGE-ACADEMIQUE.pdf\">\u00e0 t\u00e9l\u00e9charger ici<\/a><\/span>. <\/strong><span style=\"color: #000000;\"><strong>Remplir \u00e0 la machine les champs accessibles.<\/strong><\/span><\/li>\n<li><span style=\"color: #000000;\">Quitus<\/span> <strong><span style=\"color: #993366;\"><a style=\"color: #993366;\" href=\"http:\/\/fgei.ummto.dz\/wp-content\/uploads\/2019\/09\/QUITUS.pdf\">\u00e0 t\u00e9l\u00e9charger ici<\/a><\/span>. <\/strong><strong><span style=\"color: #000000;\">Remplir \u00e0 la machine les champs accessibles et imprimer.<\/span> <\/strong><\/li>\n<li><span style=\"color: #000000;\">Tout document original ayant \u00e9t\u00e9 retir\u00e9 du dossier de scolarit\u00e9.<\/span><\/li>\n<\/ul>\n<p>&nbsp;<\/p>\n<p><span style=\"color: #800000;\"><strong>Les int\u00e9ress\u00e9s seront inform\u00e9s du r\u00e9sultat au niveau du d\u00e9partement d\u2019accueil (affichage) et via le site de l\u2019UMMTO, Facult\u00e9 G\u00e9nie Electrique et Informatique, \u00e0 partir du 30\/10\/2019.<\/strong><\/span><\/p>\n<p><span style=\"color: #800000;\"><strong>Pour les deuxi\u00e8mes ann\u00e9es, les r\u00e9sultats apr\u00e8s les d\u00e9lib\u00e9rations des L1.<\/strong><\/span><\/p>\n","protected":false},"excerpt":{"rendered":"<p>Le d\u00e9p\u00f4t est fix\u00e9 du\u00a0Dimanche 15\/09\/2019 au 30 septembre 2019 au niveau du\u00a0 bureau A, sis au premier \u00e9tage de la Facult\u00e9 de G\u00e9nie Electrique et Informatique. Dossier \u00e0 fournir : \u00a01-\u00a0Transfert : Une demande sign\u00e9e, \u00e9crite \u00e0 la machine, D\u00e9claration des baccalaur\u00e9ats obtenus et des \u00e9tudes suivies (Imprim\u00e91) \u00e0 t\u00e9l\u00e9charger ici. Remplir \u00e0 la [&hellip;]<\/p>\n","protected":false},"author":1,"featured_media":1501,"comment_status":"closed","ping_status":"closed","sticky":false,"template":"","format":"standard","meta":{"_et_pb_use_builder":"","_et_pb_old_content":"","_et_gb_content_width":"","footnotes":""},"categories":[7],"tags":[],"class_list":["post-1508","post","type-post","status-publish","format-standard","has-post-thumbnail","hentry","category-actualite"],"yoast_head":"<!-- This site is optimized with the Yoast SEO plugin v27.3 - https:\/\/yoast.com\/product\/yoast-seo-wordpress\/ -->\n<title>D\u00e9p\u00f4t de dossiers de Transfert, R\u00e9orientation, Reprise DEUA vers Licence, Reprise Ing\u00e9nieur vers Master, Second Dipl\u00f4me, Reprise des \u00e9tudes, Cong\u00e9 acad\u00e9mique. - Facult\u00e9 du G\u00e9nie Electrique et d&#039;Informatique<\/title>\n<meta name=\"robots\" content=\"index, follow, max-snippet:-1, max-image-preview:large, max-video-preview:-1\" \/>\n<link rel=\"canonical\" href=\"https:\/\/www.ummto.dz\/fgei\/depot-de-dossiers-de-transfert-reorientation-reprise-deua-vers-licence-reprise-ingenieur-vers-master-second-diplome-reprise-des-etudes-conge-academique\/\" \/>\n<meta property=\"og:locale\" content=\"fr_FR\" \/>\n<meta property=\"og:type\" content=\"article\" \/>\n<meta property=\"og:title\" content=\"D\u00e9p\u00f4t de dossiers de Transfert, R\u00e9orientation, Reprise DEUA vers Licence, Reprise Ing\u00e9nieur vers Master, Second Dipl\u00f4me, Reprise des \u00e9tudes, Cong\u00e9 acad\u00e9mique. - Facult\u00e9 du G\u00e9nie Electrique et d&#039;Informatique\" \/>\n<meta property=\"og:description\" content=\"Le d\u00e9p\u00f4t est fix\u00e9 du\u00a0Dimanche 15\/09\/2019 au 30 septembre 2019 au niveau du\u00a0 bureau A, sis au premier \u00e9tage de la Facult\u00e9 de G\u00e9nie Electrique et Informatique. Dossier \u00e0 fournir : \u00a01-\u00a0Transfert : Une demande sign\u00e9e, \u00e9crite \u00e0 la machine, D\u00e9claration des baccalaur\u00e9ats obtenus et des \u00e9tudes suivies (Imprim\u00e91) \u00e0 t\u00e9l\u00e9charger ici. Remplir \u00e0 la [&hellip;]\" \/>\n<meta property=\"og:url\" content=\"https:\/\/www.ummto.dz\/fgei\/depot-de-dossiers-de-transfert-reorientation-reprise-deua-vers-licence-reprise-ingenieur-vers-master-second-diplome-reprise-des-etudes-conge-academique\/\" \/>\n<meta property=\"og:site_name\" content=\"Facult\u00e9 du G\u00e9nie Electrique et d&#039;Informatique\" \/>\n<meta property=\"article:published_time\" content=\"2019-09-12T13:47:49+00:00\" \/>\n<meta property=\"article:modified_time\" content=\"2019-09-18T07:57:46+00:00\" \/>\n<meta property=\"og:image\" content=\"https:\/\/www.ummto.dz\/fgei\/wp-content\/uploads\/2019\/09\/Animated-GIF-source.gif\" \/>\n\t<meta property=\"og:image:width\" content=\"480\" \/>\n\t<meta property=\"og:image:height\" content=\"480\" \/>\n\t<meta property=\"og:image:type\" content=\"image\/gif\" \/>\n<meta name=\"author\" content=\"maidi nacima\" \/>\n<meta name=\"twitter:card\" content=\"summary_large_image\" \/>\n<meta name=\"twitter:label1\" content=\"\u00c9crit par\" \/>\n\t<meta name=\"twitter:data1\" content=\"maidi nacima\" \/>\n\t<meta name=\"twitter:label2\" content=\"Dur\u00e9e de lecture estim\u00e9e\" \/>\n\t<meta name=\"twitter:data2\" content=\"3 minutes\" \/>\n<script type=\"application\/ld+json\" class=\"yoast-schema-graph\">{\"@context\":\"https:\\\/\\\/schema.org\",\"@graph\":[{\"@type\":\"Article\",\"@id\":\"https:\\\/\\\/www.ummto.dz\\\/fgei\\\/depot-de-dossiers-de-transfert-reorientation-reprise-deua-vers-licence-reprise-ingenieur-vers-master-second-diplome-reprise-des-etudes-conge-academique\\\/#article\",\"isPartOf\":{\"@id\":\"https:\\\/\\\/www.ummto.dz\\\/fgei\\\/depot-de-dossiers-de-transfert-reorientation-reprise-deua-vers-licence-reprise-ingenieur-vers-master-second-diplome-reprise-des-etudes-conge-academique\\\/\"},\"author\":{\"name\":\"maidi nacima\",\"@id\":\"https:\\\/\\\/www.ummto.dz\\\/fgei\\\/#\\\/schema\\\/person\\\/f0a19398acbf302f06e4a25788979a7c\"},\"headline\":\"D\u00e9p\u00f4t de dossiers de Transfert, R\u00e9orientation, Reprise DEUA vers Licence, Reprise Ing\u00e9nieur vers Master, Second Dipl\u00f4me, Reprise des \u00e9tudes, Cong\u00e9 acad\u00e9mique.\",\"datePublished\":\"2019-09-12T13:47:49+00:00\",\"dateModified\":\"2019-09-18T07:57:46+00:00\",\"mainEntityOfPage\":{\"@id\":\"https:\\\/\\\/www.ummto.dz\\\/fgei\\\/depot-de-dossiers-de-transfert-reorientation-reprise-deua-vers-licence-reprise-ingenieur-vers-master-second-diplome-reprise-des-etudes-conge-academique\\\/\"},\"wordCount\":620,\"image\":{\"@id\":\"https:\\\/\\\/www.ummto.dz\\\/fgei\\\/depot-de-dossiers-de-transfert-reorientation-reprise-deua-vers-licence-reprise-ingenieur-vers-master-second-diplome-reprise-des-etudes-conge-academique\\\/#primaryimage\"},\"thumbnailUrl\":\"https:\\\/\\\/www.ummto.dz\\\/fgei\\\/wp-content\\\/uploads\\\/2019\\\/09\\\/Animated-GIF-source.gif\",\"articleSection\":[\"Actualit\u00e9\"],\"inLanguage\":\"fr-FR\"},{\"@type\":\"WebPage\",\"@id\":\"https:\\\/\\\/www.ummto.dz\\\/fgei\\\/depot-de-dossiers-de-transfert-reorientation-reprise-deua-vers-licence-reprise-ingenieur-vers-master-second-diplome-reprise-des-etudes-conge-academique\\\/\",\"url\":\"https:\\\/\\\/www.ummto.dz\\\/fgei\\\/depot-de-dossiers-de-transfert-reorientation-reprise-deua-vers-licence-reprise-ingenieur-vers-master-second-diplome-reprise-des-etudes-conge-academique\\\/\",\"name\":\"D\u00e9p\u00f4t de dossiers de Transfert, R\u00e9orientation, Reprise DEUA vers Licence, Reprise Ing\u00e9nieur vers Master, Second Dipl\u00f4me, Reprise des \u00e9tudes, Cong\u00e9 acad\u00e9mique. - Facult\u00e9 du G\u00e9nie Electrique et d&#039;Informatique\",\"isPartOf\":{\"@id\":\"https:\\\/\\\/www.ummto.dz\\\/fgei\\\/#website\"},\"primaryImageOfPage\":{\"@id\":\"https:\\\/\\\/www.ummto.dz\\\/fgei\\\/depot-de-dossiers-de-transfert-reorientation-reprise-deua-vers-licence-reprise-ingenieur-vers-master-second-diplome-reprise-des-etudes-conge-academique\\\/#primaryimage\"},\"image\":{\"@id\":\"https:\\\/\\\/www.ummto.dz\\\/fgei\\\/depot-de-dossiers-de-transfert-reorientation-reprise-deua-vers-licence-reprise-ingenieur-vers-master-second-diplome-reprise-des-etudes-conge-academique\\\/#primaryimage\"},\"thumbnailUrl\":\"https:\\\/\\\/www.ummto.dz\\\/fgei\\\/wp-content\\\/uploads\\\/2019\\\/09\\\/Animated-GIF-source.gif\",\"datePublished\":\"2019-09-12T13:47:49+00:00\",\"dateModified\":\"2019-09-18T07:57:46+00:00\",\"author\":{\"@id\":\"https:\\\/\\\/www.ummto.dz\\\/fgei\\\/#\\\/schema\\\/person\\\/f0a19398acbf302f06e4a25788979a7c\"},\"breadcrumb\":{\"@id\":\"https:\\\/\\\/www.ummto.dz\\\/fgei\\\/depot-de-dossiers-de-transfert-reorientation-reprise-deua-vers-licence-reprise-ingenieur-vers-master-second-diplome-reprise-des-etudes-conge-academique\\\/#breadcrumb\"},\"inLanguage\":\"fr-FR\",\"potentialAction\":[{\"@type\":\"ReadAction\",\"target\":[\"https:\\\/\\\/www.ummto.dz\\\/fgei\\\/depot-de-dossiers-de-transfert-reorientation-reprise-deua-vers-licence-reprise-ingenieur-vers-master-second-diplome-reprise-des-etudes-conge-academique\\\/\"]}]},{\"@type\":\"ImageObject\",\"inLanguage\":\"fr-FR\",\"@id\":\"https:\\\/\\\/www.ummto.dz\\\/fgei\\\/depot-de-dossiers-de-transfert-reorientation-reprise-deua-vers-licence-reprise-ingenieur-vers-master-second-diplome-reprise-des-etudes-conge-academique\\\/#primaryimage\",\"url\":\"https:\\\/\\\/www.ummto.dz\\\/fgei\\\/wp-content\\\/uploads\\\/2019\\\/09\\\/Animated-GIF-source.gif\",\"contentUrl\":\"https:\\\/\\\/www.ummto.dz\\\/fgei\\\/wp-content\\\/uploads\\\/2019\\\/09\\\/Animated-GIF-source.gif\",\"width\":480,\"height\":480},{\"@type\":\"BreadcrumbList\",\"@id\":\"https:\\\/\\\/www.ummto.dz\\\/fgei\\\/depot-de-dossiers-de-transfert-reorientation-reprise-deua-vers-licence-reprise-ingenieur-vers-master-second-diplome-reprise-des-etudes-conge-academique\\\/#breadcrumb\",\"itemListElement\":[{\"@type\":\"ListItem\",\"position\":1,\"name\":\"Accueil\",\"item\":\"https:\\\/\\\/www.ummto.dz\\\/fgei\\\/\"},{\"@type\":\"ListItem\",\"position\":2,\"name\":\"D\u00e9p\u00f4t de dossiers de Transfert, R\u00e9orientation, Reprise DEUA vers Licence, Reprise Ing\u00e9nieur vers Master, Second Dipl\u00f4me, Reprise des \u00e9tudes, Cong\u00e9 acad\u00e9mique.\"}]},{\"@type\":\"WebSite\",\"@id\":\"https:\\\/\\\/www.ummto.dz\\\/fgei\\\/#website\",\"url\":\"https:\\\/\\\/www.ummto.dz\\\/fgei\\\/\",\"name\":\"Facult\u00e9 du G\u00e9nie Electrique et d&#039;Informatique\",\"description\":\"UMMTO\",\"potentialAction\":[{\"@type\":\"SearchAction\",\"target\":{\"@type\":\"EntryPoint\",\"urlTemplate\":\"https:\\\/\\\/www.ummto.dz\\\/fgei\\\/?s={search_term_string}\"},\"query-input\":{\"@type\":\"PropertyValueSpecification\",\"valueRequired\":true,\"valueName\":\"search_term_string\"}}],\"inLanguage\":\"fr-FR\"},{\"@type\":\"Person\",\"@id\":\"https:\\\/\\\/www.ummto.dz\\\/fgei\\\/#\\\/schema\\\/person\\\/f0a19398acbf302f06e4a25788979a7c\",\"name\":\"maidi nacima\",\"url\":\"https:\\\/\\\/www.ummto.dz\\\/fgei\\\/author\\\/maidi-nacima\\\/\"}]}<\/script>\n<!-- \/ Yoast SEO plugin. -->","yoast_head_json":{"title":"D\u00e9p\u00f4t de dossiers de Transfert, R\u00e9orientation, Reprise DEUA vers Licence, Reprise Ing\u00e9nieur vers Master, Second Dipl\u00f4me, Reprise des \u00e9tudes, Cong\u00e9 acad\u00e9mique. - Facult\u00e9 du G\u00e9nie Electrique et d&#039;Informatique","robots":{"index":"index","follow":"follow","max-snippet":"max-snippet:-1","max-image-preview":"max-image-preview:large","max-video-preview":"max-video-preview:-1"},"canonical":"https:\/\/www.ummto.dz\/fgei\/depot-de-dossiers-de-transfert-reorientation-reprise-deua-vers-licence-reprise-ingenieur-vers-master-second-diplome-reprise-des-etudes-conge-academique\/","og_locale":"fr_FR","og_type":"article","og_title":"D\u00e9p\u00f4t de dossiers de Transfert, R\u00e9orientation, Reprise DEUA vers Licence, Reprise Ing\u00e9nieur vers Master, Second Dipl\u00f4me, Reprise des \u00e9tudes, Cong\u00e9 acad\u00e9mique. - Facult\u00e9 du G\u00e9nie Electrique et d&#039;Informatique","og_description":"Le d\u00e9p\u00f4t est fix\u00e9 du\u00a0Dimanche 15\/09\/2019 au 30 septembre 2019 au niveau du\u00a0 bureau A, sis au premier \u00e9tage de la Facult\u00e9 de G\u00e9nie Electrique et Informatique. Dossier \u00e0 fournir : \u00a01-\u00a0Transfert : Une demande sign\u00e9e, \u00e9crite \u00e0 la machine, D\u00e9claration des baccalaur\u00e9ats obtenus et des \u00e9tudes suivies (Imprim\u00e91) \u00e0 t\u00e9l\u00e9charger ici. Remplir \u00e0 la [&hellip;]","og_url":"https:\/\/www.ummto.dz\/fgei\/depot-de-dossiers-de-transfert-reorientation-reprise-deua-vers-licence-reprise-ingenieur-vers-master-second-diplome-reprise-des-etudes-conge-academique\/","og_site_name":"Facult\u00e9 du G\u00e9nie Electrique et d&#039;Informatique","article_published_time":"2019-09-12T13:47:49+00:00","article_modified_time":"2019-09-18T07:57:46+00:00","og_image":[{"width":480,"height":480,"url":"https:\/\/www.ummto.dz\/fgei\/wp-content\/uploads\/2019\/09\/Animated-GIF-source.gif","type":"image\/gif"}],"author":"maidi nacima","twitter_card":"summary_large_image","twitter_misc":{"\u00c9crit par":"maidi nacima","Dur\u00e9e de lecture estim\u00e9e":"3 minutes"},"schema":{"@context":"https:\/\/schema.org","@graph":[{"@type":"Article","@id":"https:\/\/www.ummto.dz\/fgei\/depot-de-dossiers-de-transfert-reorientation-reprise-deua-vers-licence-reprise-ingenieur-vers-master-second-diplome-reprise-des-etudes-conge-academique\/#article","isPartOf":{"@id":"https:\/\/www.ummto.dz\/fgei\/depot-de-dossiers-de-transfert-reorientation-reprise-deua-vers-licence-reprise-ingenieur-vers-master-second-diplome-reprise-des-etudes-conge-academique\/"},"author":{"name":"maidi nacima","@id":"https:\/\/www.ummto.dz\/fgei\/#\/schema\/person\/f0a19398acbf302f06e4a25788979a7c"},"headline":"D\u00e9p\u00f4t de dossiers de Transfert, R\u00e9orientation, Reprise DEUA vers Licence, Reprise Ing\u00e9nieur vers Master, Second Dipl\u00f4me, Reprise des \u00e9tudes, Cong\u00e9 acad\u00e9mique.","datePublished":"2019-09-12T13:47:49+00:00","dateModified":"2019-09-18T07:57:46+00:00","mainEntityOfPage":{"@id":"https:\/\/www.ummto.dz\/fgei\/depot-de-dossiers-de-transfert-reorientation-reprise-deua-vers-licence-reprise-ingenieur-vers-master-second-diplome-reprise-des-etudes-conge-academique\/"},"wordCount":620,"image":{"@id":"https:\/\/www.ummto.dz\/fgei\/depot-de-dossiers-de-transfert-reorientation-reprise-deua-vers-licence-reprise-ingenieur-vers-master-second-diplome-reprise-des-etudes-conge-academique\/#primaryimage"},"thumbnailUrl":"https:\/\/www.ummto.dz\/fgei\/wp-content\/uploads\/2019\/09\/Animated-GIF-source.gif","articleSection":["Actualit\u00e9"],"inLanguage":"fr-FR"},{"@type":"WebPage","@id":"https:\/\/www.ummto.dz\/fgei\/depot-de-dossiers-de-transfert-reorientation-reprise-deua-vers-licence-reprise-ingenieur-vers-master-second-diplome-reprise-des-etudes-conge-academique\/","url":"https:\/\/www.ummto.dz\/fgei\/depot-de-dossiers-de-transfert-reorientation-reprise-deua-vers-licence-reprise-ingenieur-vers-master-second-diplome-reprise-des-etudes-conge-academique\/","name":"D\u00e9p\u00f4t de dossiers de Transfert, R\u00e9orientation, Reprise DEUA vers Licence, Reprise Ing\u00e9nieur vers Master, Second Dipl\u00f4me, Reprise des \u00e9tudes, Cong\u00e9 acad\u00e9mique. - Facult\u00e9 du G\u00e9nie Electrique et d&#039;Informatique","isPartOf":{"@id":"https:\/\/www.ummto.dz\/fgei\/#website"},"primaryImageOfPage":{"@id":"https:\/\/www.ummto.dz\/fgei\/depot-de-dossiers-de-transfert-reorientation-reprise-deua-vers-licence-reprise-ingenieur-vers-master-second-diplome-reprise-des-etudes-conge-academique\/#primaryimage"},"image":{"@id":"https:\/\/www.ummto.dz\/fgei\/depot-de-dossiers-de-transfert-reorientation-reprise-deua-vers-licence-reprise-ingenieur-vers-master-second-diplome-reprise-des-etudes-conge-academique\/#primaryimage"},"thumbnailUrl":"https:\/\/www.ummto.dz\/fgei\/wp-content\/uploads\/2019\/09\/Animated-GIF-source.gif","datePublished":"2019-09-12T13:47:49+00:00","dateModified":"2019-09-18T07:57:46+00:00","author":{"@id":"https:\/\/www.ummto.dz\/fgei\/#\/schema\/person\/f0a19398acbf302f06e4a25788979a7c"},"breadcrumb":{"@id":"https:\/\/www.ummto.dz\/fgei\/depot-de-dossiers-de-transfert-reorientation-reprise-deua-vers-licence-reprise-ingenieur-vers-master-second-diplome-reprise-des-etudes-conge-academique\/#breadcrumb"},"inLanguage":"fr-FR","potentialAction":[{"@type":"ReadAction","target":["https:\/\/www.ummto.dz\/fgei\/depot-de-dossiers-de-transfert-reorientation-reprise-deua-vers-licence-reprise-ingenieur-vers-master-second-diplome-reprise-des-etudes-conge-academique\/"]}]},{"@type":"ImageObject","inLanguage":"fr-FR","@id":"https:\/\/www.ummto.dz\/fgei\/depot-de-dossiers-de-transfert-reorientation-reprise-deua-vers-licence-reprise-ingenieur-vers-master-second-diplome-reprise-des-etudes-conge-academique\/#primaryimage","url":"https:\/\/www.ummto.dz\/fgei\/wp-content\/uploads\/2019\/09\/Animated-GIF-source.gif","contentUrl":"https:\/\/www.ummto.dz\/fgei\/wp-content\/uploads\/2019\/09\/Animated-GIF-source.gif","width":480,"height":480},{"@type":"BreadcrumbList","@id":"https:\/\/www.ummto.dz\/fgei\/depot-de-dossiers-de-transfert-reorientation-reprise-deua-vers-licence-reprise-ingenieur-vers-master-second-diplome-reprise-des-etudes-conge-academique\/#breadcrumb","itemListElement":[{"@type":"ListItem","position":1,"name":"Accueil","item":"https:\/\/www.ummto.dz\/fgei\/"},{"@type":"ListItem","position":2,"name":"D\u00e9p\u00f4t de dossiers de Transfert, R\u00e9orientation, Reprise DEUA vers Licence, Reprise Ing\u00e9nieur vers Master, Second Dipl\u00f4me, Reprise des \u00e9tudes, Cong\u00e9 acad\u00e9mique."}]},{"@type":"WebSite","@id":"https:\/\/www.ummto.dz\/fgei\/#website","url":"https:\/\/www.ummto.dz\/fgei\/","name":"Facult\u00e9 du G\u00e9nie Electrique et d&#039;Informatique","description":"UMMTO","potentialAction":[{"@type":"SearchAction","target":{"@type":"EntryPoint","urlTemplate":"https:\/\/www.ummto.dz\/fgei\/?s={search_term_string}"},"query-input":{"@type":"PropertyValueSpecification","valueRequired":true,"valueName":"search_term_string"}}],"inLanguage":"fr-FR"},{"@type":"Person","@id":"https:\/\/www.ummto.dz\/fgei\/#\/schema\/person\/f0a19398acbf302f06e4a25788979a7c","name":"maidi nacima","url":"https:\/\/www.ummto.dz\/fgei\/author\/maidi-nacima\/"}]}},"_links":{"self":[{"href":"https:\/\/www.ummto.dz\/fgei\/wp-json\/wp\/v2\/posts\/1508","targetHints":{"allow":["GET"]}}],"collection":[{"href":"https:\/\/www.ummto.dz\/fgei\/wp-json\/wp\/v2\/posts"}],"about":[{"href":"https:\/\/www.ummto.dz\/fgei\/wp-json\/wp\/v2\/types\/post"}],"author":[{"embeddable":true,"href":"https:\/\/www.ummto.dz\/fgei\/wp-json\/wp\/v2\/users\/1"}],"replies":[{"embeddable":true,"href":"https:\/\/www.ummto.dz\/fgei\/wp-json\/wp\/v2\/comments?post=1508"}],"version-history":[{"count":7,"href":"https:\/\/www.ummto.dz\/fgei\/wp-json\/wp\/v2\/posts\/1508\/revisions"}],"predecessor-version":[{"id":1525,"href":"https:\/\/www.ummto.dz\/fgei\/wp-json\/wp\/v2\/posts\/1508\/revisions\/1525"}],"wp:featuredmedia":[{"embeddable":true,"href":"https:\/\/www.ummto.dz\/fgei\/wp-json\/wp\/v2\/media\/1501"}],"wp:attachment":[{"href":"https:\/\/www.ummto.dz\/fgei\/wp-json\/wp\/v2\/media?parent=1508"}],"wp:term":[{"taxonomy":"category","embeddable":true,"href":"https:\/\/www.ummto.dz\/fgei\/wp-json\/wp\/v2\/categories?post=1508"},{"taxonomy":"post_tag","embeddable":true,"href":"https:\/\/www.ummto.dz\/fgei\/wp-json\/wp\/v2\/tags?post=1508"}],"curies":[{"name":"wp","href":"https:\/\/api.w.org\/{rel}","templated":true}]}}