{"id":1715,"date":"2020-08-29T21:36:18","date_gmt":"2020-08-29T19:36:18","guid":{"rendered":"http:\/\/fgei.ummto.dz\/?p=1715"},"modified":"2020-09-02T16:00:05","modified_gmt":"2020-09-02T14:00:05","slug":"les-dispositions-exceptionnelles-autorisees-en-matiere-dorganisation-et-de-gestion-pedagogiques-de-levaluation-et-de-la-progression-des-etudiants-durant-la-periode-covid-19-au-titre-de-lannee","status":"publish","type":"post","link":"https:\/\/www.ummto.dz\/fgei\/les-dispositions-exceptionnelles-autorisees-en-matiere-dorganisation-et-de-gestion-pedagogiques-de-levaluation-et-de-la-progression-des-etudiants-durant-la-periode-covid-19-au-titre-de-lannee\/","title":{"rendered":"Les dispositions exceptionnelles autoris\u00e9es en mati\u00e8re d&rsquo;organisation et de gestion p\u00e9dagogiques, de l&rsquo;\u00e9valuation et de la progression des \u00e9tudiants, durant la p\u00e9riode COVID-19 au titre de l&rsquo;ann\u00e9e universitaire 2019-2020"},"content":{"rendered":"<p id=\"yui_patched_v3_11_0_1_1598729392260_285\"><img decoding=\"async\" class=\"size-thumbnail wp-image-1718 alignright\" src=\"http:\/\/fgei.ummto.dz\/wp-content\/uploads\/2020\/08\/alaune-150x150.jpg\" alt=\"\" width=\"150\" height=\"150\" srcset=\"https:\/\/www.ummto.dz\/fgei\/wp-content\/uploads\/2020\/08\/alaune-150x150.jpg 150w, https:\/\/www.ummto.dz\/fgei\/wp-content\/uploads\/2020\/08\/alaune-80x80.jpg 80w, https:\/\/www.ummto.dz\/fgei\/wp-content\/uploads\/2020\/08\/alaune-45x45.jpg 45w, https:\/\/www.ummto.dz\/fgei\/wp-content\/uploads\/2020\/08\/alaune.jpg 225w\" sizes=\"(max-width: 150px) 100vw, 150px\" \/><a href=\"http:\/\/fgei.ummto.dz\/wp-content\/uploads\/2020\/08\/\u0628\u064a\u0627\u0646-\u064a\u062e\u0635-\u0627\u0644\u0623\u062d\u0643\u0627\u0645-\u0627\u0644\u0627\u0633\u062a\u062b\u0646\u0627\u0626\u064a\u0629-\u0644\u0644\u062a\u0646\u0638\u064a\u0645-\u0648\u0627\u0644\u062a\u0633\u064a\u064a\u0631.pdf\">Communiqu\u00e9 de presse &#8211; 26 Ao\u00fbt 2020\u00a0<\/a><\/p>\n<p><a href=\"http:\/\/fgei.ummto.dz\/wp-content\/uploads\/2020\/08\/898-7-10.pdf\">Arr\u00eat\u00e9 N\u00b0633 du 26 Ao\u00fbt 2020 fixant les dispositions exceptionnelles autoris\u00e9es en mati\u00e8re d&rsquo;organisation et de gestion p\u00e9dagogiques, de l&rsquo;\u00e9valuation et de la progression des \u00e9tudiants, durant la p\u00e9riode COVID-19 au titre de l&rsquo;ann\u00e9e universitaire 2019-2020.<\/a><\/p>\n<p>&nbsp;<\/p>\n","protected":false},"excerpt":{"rendered":"<p>Communiqu\u00e9 de presse &#8211; 26 Ao\u00fbt 2020\u00a0 Arr\u00eat\u00e9 N\u00b0633 du 26 Ao\u00fbt 2020 fixant les dispositions exceptionnelles autoris\u00e9es en mati\u00e8re d&rsquo;organisation et de gestion p\u00e9dagogiques, de l&rsquo;\u00e9valuation et de la progression des \u00e9tudiants, durant la p\u00e9riode COVID-19 au titre de l&rsquo;ann\u00e9e universitaire 2019-2020. &nbsp;<\/p>\n","protected":false},"author":1,"featured_media":1718,"comment_status":"closed","ping_status":"closed","sticky":false,"template":"","format":"standard","meta":{"_et_pb_use_builder":"","_et_pb_old_content":"","_et_gb_content_width":"","footnotes":""},"categories":[7],"tags":[],"class_list":["post-1715","post","type-post","status-publish","format-standard","has-post-thumbnail","hentry","category-actualite"],"yoast_head":"<!-- This site is optimized with the Yoast SEO plugin v27.3 - https:\/\/yoast.com\/product\/yoast-seo-wordpress\/ -->\n<title>Les dispositions exceptionnelles autoris\u00e9es en mati\u00e8re d&#039;organisation et de gestion p\u00e9dagogiques, de l&#039;\u00e9valuation et de la progression des \u00e9tudiants, durant la p\u00e9riode COVID-19 au titre de l&#039;ann\u00e9e universitaire 2019-2020 - Facult\u00e9 du G\u00e9nie Electrique et d&#039;Informatique<\/title>\n<meta name=\"robots\" content=\"index, follow, max-snippet:-1, max-image-preview:large, max-video-preview:-1\" \/>\n<link rel=\"canonical\" href=\"https:\/\/www.ummto.dz\/fgei\/les-dispositions-exceptionnelles-autorisees-en-matiere-dorganisation-et-de-gestion-pedagogiques-de-levaluation-et-de-la-progression-des-etudiants-durant-la-periode-covid-19-au-titre-de-lannee\/\" \/>\n<meta property=\"og:locale\" content=\"fr_FR\" \/>\n<meta property=\"og:type\" content=\"article\" \/>\n<meta property=\"og:title\" content=\"Les dispositions exceptionnelles autoris\u00e9es en mati\u00e8re d&#039;organisation et de gestion p\u00e9dagogiques, de l&#039;\u00e9valuation et de la progression des \u00e9tudiants, durant la p\u00e9riode COVID-19 au titre de l&#039;ann\u00e9e universitaire 2019-2020 - Facult\u00e9 du G\u00e9nie Electrique et d&#039;Informatique\" \/>\n<meta property=\"og:description\" content=\"Communiqu\u00e9 de presse &#8211; 26 Ao\u00fbt 2020\u00a0 Arr\u00eat\u00e9 N\u00b0633 du 26 Ao\u00fbt 2020 fixant les dispositions exceptionnelles autoris\u00e9es en mati\u00e8re d&rsquo;organisation et de gestion p\u00e9dagogiques, de l&rsquo;\u00e9valuation et de la progression des \u00e9tudiants, durant la p\u00e9riode COVID-19 au titre de l&rsquo;ann\u00e9e universitaire 2019-2020. &nbsp;\" \/>\n<meta property=\"og:url\" content=\"https:\/\/www.ummto.dz\/fgei\/les-dispositions-exceptionnelles-autorisees-en-matiere-dorganisation-et-de-gestion-pedagogiques-de-levaluation-et-de-la-progression-des-etudiants-durant-la-periode-covid-19-au-titre-de-lannee\/\" \/>\n<meta property=\"og:site_name\" content=\"Facult\u00e9 du G\u00e9nie Electrique et d&#039;Informatique\" \/>\n<meta property=\"article:published_time\" content=\"2020-08-29T19:36:18+00:00\" \/>\n<meta property=\"article:modified_time\" content=\"2020-09-02T14:00:05+00:00\" \/>\n<meta property=\"og:image\" content=\"https:\/\/www.ummto.dz\/fgei\/wp-content\/uploads\/2020\/08\/alaune.jpg\" \/>\n\t<meta property=\"og:image:width\" content=\"225\" \/>\n\t<meta property=\"og:image:height\" content=\"225\" \/>\n\t<meta property=\"og:image:type\" content=\"image\/jpeg\" \/>\n<meta name=\"author\" content=\"maidi nacima\" \/>\n<meta name=\"twitter:card\" content=\"summary_large_image\" \/>\n<meta name=\"twitter:label1\" content=\"\u00c9crit par\" \/>\n\t<meta name=\"twitter:data1\" content=\"maidi nacima\" \/>\n<script type=\"application\/ld+json\" class=\"yoast-schema-graph\">{\"@context\":\"https:\\\/\\\/schema.org\",\"@graph\":[{\"@type\":\"Article\",\"@id\":\"https:\\\/\\\/www.ummto.dz\\\/fgei\\\/les-dispositions-exceptionnelles-autorisees-en-matiere-dorganisation-et-de-gestion-pedagogiques-de-levaluation-et-de-la-progression-des-etudiants-durant-la-periode-covid-19-au-titre-de-lannee\\\/#article\",\"isPartOf\":{\"@id\":\"https:\\\/\\\/www.ummto.dz\\\/fgei\\\/les-dispositions-exceptionnelles-autorisees-en-matiere-dorganisation-et-de-gestion-pedagogiques-de-levaluation-et-de-la-progression-des-etudiants-durant-la-periode-covid-19-au-titre-de-lannee\\\/\"},\"author\":{\"name\":\"maidi nacima\",\"@id\":\"https:\\\/\\\/www.ummto.dz\\\/fgei\\\/#\\\/schema\\\/person\\\/f0a19398acbf302f06e4a25788979a7c\"},\"headline\":\"Les dispositions exceptionnelles autoris\u00e9es en mati\u00e8re d&rsquo;organisation et de gestion p\u00e9dagogiques, de l&rsquo;\u00e9valuation et de la progression des \u00e9tudiants, durant la p\u00e9riode COVID-19 au titre de l&rsquo;ann\u00e9e universitaire 2019-2020\",\"datePublished\":\"2020-08-29T19:36:18+00:00\",\"dateModified\":\"2020-09-02T14:00:05+00:00\",\"mainEntityOfPage\":{\"@id\":\"https:\\\/\\\/www.ummto.dz\\\/fgei\\\/les-dispositions-exceptionnelles-autorisees-en-matiere-dorganisation-et-de-gestion-pedagogiques-de-levaluation-et-de-la-progression-des-etudiants-durant-la-periode-covid-19-au-titre-de-lannee\\\/\"},\"wordCount\":88,\"image\":{\"@id\":\"https:\\\/\\\/www.ummto.dz\\\/fgei\\\/les-dispositions-exceptionnelles-autorisees-en-matiere-dorganisation-et-de-gestion-pedagogiques-de-levaluation-et-de-la-progression-des-etudiants-durant-la-periode-covid-19-au-titre-de-lannee\\\/#primaryimage\"},\"thumbnailUrl\":\"https:\\\/\\\/www.ummto.dz\\\/fgei\\\/wp-content\\\/uploads\\\/2020\\\/08\\\/alaune.jpg\",\"articleSection\":[\"Actualit\u00e9\"],\"inLanguage\":\"fr-FR\"},{\"@type\":\"WebPage\",\"@id\":\"https:\\\/\\\/www.ummto.dz\\\/fgei\\\/les-dispositions-exceptionnelles-autorisees-en-matiere-dorganisation-et-de-gestion-pedagogiques-de-levaluation-et-de-la-progression-des-etudiants-durant-la-periode-covid-19-au-titre-de-lannee\\\/\",\"url\":\"https:\\\/\\\/www.ummto.dz\\\/fgei\\\/les-dispositions-exceptionnelles-autorisees-en-matiere-dorganisation-et-de-gestion-pedagogiques-de-levaluation-et-de-la-progression-des-etudiants-durant-la-periode-covid-19-au-titre-de-lannee\\\/\",\"name\":\"Les dispositions exceptionnelles autoris\u00e9es en mati\u00e8re d'organisation et de gestion p\u00e9dagogiques, de l'\u00e9valuation et de la progression des \u00e9tudiants, durant la p\u00e9riode COVID-19 au titre de l'ann\u00e9e universitaire 2019-2020 - Facult\u00e9 du G\u00e9nie Electrique et d&#039;Informatique\",\"isPartOf\":{\"@id\":\"https:\\\/\\\/www.ummto.dz\\\/fgei\\\/#website\"},\"primaryImageOfPage\":{\"@id\":\"https:\\\/\\\/www.ummto.dz\\\/fgei\\\/les-dispositions-exceptionnelles-autorisees-en-matiere-dorganisation-et-de-gestion-pedagogiques-de-levaluation-et-de-la-progression-des-etudiants-durant-la-periode-covid-19-au-titre-de-lannee\\\/#primaryimage\"},\"image\":{\"@id\":\"https:\\\/\\\/www.ummto.dz\\\/fgei\\\/les-dispositions-exceptionnelles-autorisees-en-matiere-dorganisation-et-de-gestion-pedagogiques-de-levaluation-et-de-la-progression-des-etudiants-durant-la-periode-covid-19-au-titre-de-lannee\\\/#primaryimage\"},\"thumbnailUrl\":\"https:\\\/\\\/www.ummto.dz\\\/fgei\\\/wp-content\\\/uploads\\\/2020\\\/08\\\/alaune.jpg\",\"datePublished\":\"2020-08-29T19:36:18+00:00\",\"dateModified\":\"2020-09-02T14:00:05+00:00\",\"author\":{\"@id\":\"https:\\\/\\\/www.ummto.dz\\\/fgei\\\/#\\\/schema\\\/person\\\/f0a19398acbf302f06e4a25788979a7c\"},\"breadcrumb\":{\"@id\":\"https:\\\/\\\/www.ummto.dz\\\/fgei\\\/les-dispositions-exceptionnelles-autorisees-en-matiere-dorganisation-et-de-gestion-pedagogiques-de-levaluation-et-de-la-progression-des-etudiants-durant-la-periode-covid-19-au-titre-de-lannee\\\/#breadcrumb\"},\"inLanguage\":\"fr-FR\",\"potentialAction\":[{\"@type\":\"ReadAction\",\"target\":[\"https:\\\/\\\/www.ummto.dz\\\/fgei\\\/les-dispositions-exceptionnelles-autorisees-en-matiere-dorganisation-et-de-gestion-pedagogiques-de-levaluation-et-de-la-progression-des-etudiants-durant-la-periode-covid-19-au-titre-de-lannee\\\/\"]}]},{\"@type\":\"ImageObject\",\"inLanguage\":\"fr-FR\",\"@id\":\"https:\\\/\\\/www.ummto.dz\\\/fgei\\\/les-dispositions-exceptionnelles-autorisees-en-matiere-dorganisation-et-de-gestion-pedagogiques-de-levaluation-et-de-la-progression-des-etudiants-durant-la-periode-covid-19-au-titre-de-lannee\\\/#primaryimage\",\"url\":\"https:\\\/\\\/www.ummto.dz\\\/fgei\\\/wp-content\\\/uploads\\\/2020\\\/08\\\/alaune.jpg\",\"contentUrl\":\"https:\\\/\\\/www.ummto.dz\\\/fgei\\\/wp-content\\\/uploads\\\/2020\\\/08\\\/alaune.jpg\",\"width\":225,\"height\":225},{\"@type\":\"BreadcrumbList\",\"@id\":\"https:\\\/\\\/www.ummto.dz\\\/fgei\\\/les-dispositions-exceptionnelles-autorisees-en-matiere-dorganisation-et-de-gestion-pedagogiques-de-levaluation-et-de-la-progression-des-etudiants-durant-la-periode-covid-19-au-titre-de-lannee\\\/#breadcrumb\",\"itemListElement\":[{\"@type\":\"ListItem\",\"position\":1,\"name\":\"Accueil\",\"item\":\"https:\\\/\\\/www.ummto.dz\\\/fgei\\\/\"},{\"@type\":\"ListItem\",\"position\":2,\"name\":\"Les dispositions exceptionnelles autoris\u00e9es en mati\u00e8re d&#8217;organisation et de gestion p\u00e9dagogiques, de l&#8217;\u00e9valuation et de la progression des \u00e9tudiants, durant la p\u00e9riode COVID-19 au titre de l&#8217;ann\u00e9e universitaire 2019-2020\"}]},{\"@type\":\"WebSite\",\"@id\":\"https:\\\/\\\/www.ummto.dz\\\/fgei\\\/#website\",\"url\":\"https:\\\/\\\/www.ummto.dz\\\/fgei\\\/\",\"name\":\"Facult\u00e9 du G\u00e9nie Electrique et d&#039;Informatique\",\"description\":\"UMMTO\",\"potentialAction\":[{\"@type\":\"SearchAction\",\"target\":{\"@type\":\"EntryPoint\",\"urlTemplate\":\"https:\\\/\\\/www.ummto.dz\\\/fgei\\\/?s={search_term_string}\"},\"query-input\":{\"@type\":\"PropertyValueSpecification\",\"valueRequired\":true,\"valueName\":\"search_term_string\"}}],\"inLanguage\":\"fr-FR\"},{\"@type\":\"Person\",\"@id\":\"https:\\\/\\\/www.ummto.dz\\\/fgei\\\/#\\\/schema\\\/person\\\/f0a19398acbf302f06e4a25788979a7c\",\"name\":\"maidi nacima\",\"url\":\"https:\\\/\\\/www.ummto.dz\\\/fgei\\\/author\\\/maidi-nacima\\\/\"}]}<\/script>\n<!-- \/ Yoast SEO plugin. -->","yoast_head_json":{"title":"Les dispositions exceptionnelles autoris\u00e9es en mati\u00e8re d'organisation et de gestion p\u00e9dagogiques, de l'\u00e9valuation et de la progression des \u00e9tudiants, durant la p\u00e9riode COVID-19 au titre de l'ann\u00e9e universitaire 2019-2020 - Facult\u00e9 du G\u00e9nie Electrique et d&#039;Informatique","robots":{"index":"index","follow":"follow","max-snippet":"max-snippet:-1","max-image-preview":"max-image-preview:large","max-video-preview":"max-video-preview:-1"},"canonical":"https:\/\/www.ummto.dz\/fgei\/les-dispositions-exceptionnelles-autorisees-en-matiere-dorganisation-et-de-gestion-pedagogiques-de-levaluation-et-de-la-progression-des-etudiants-durant-la-periode-covid-19-au-titre-de-lannee\/","og_locale":"fr_FR","og_type":"article","og_title":"Les dispositions exceptionnelles autoris\u00e9es en mati\u00e8re d'organisation et de gestion p\u00e9dagogiques, de l'\u00e9valuation et de la progression des \u00e9tudiants, durant la p\u00e9riode COVID-19 au titre de l'ann\u00e9e universitaire 2019-2020 - Facult\u00e9 du G\u00e9nie Electrique et d&#039;Informatique","og_description":"Communiqu\u00e9 de presse &#8211; 26 Ao\u00fbt 2020\u00a0 Arr\u00eat\u00e9 N\u00b0633 du 26 Ao\u00fbt 2020 fixant les dispositions exceptionnelles autoris\u00e9es en mati\u00e8re d&rsquo;organisation et de gestion p\u00e9dagogiques, de l&rsquo;\u00e9valuation et de la progression des \u00e9tudiants, durant la p\u00e9riode COVID-19 au titre de l&rsquo;ann\u00e9e universitaire 2019-2020. &nbsp;","og_url":"https:\/\/www.ummto.dz\/fgei\/les-dispositions-exceptionnelles-autorisees-en-matiere-dorganisation-et-de-gestion-pedagogiques-de-levaluation-et-de-la-progression-des-etudiants-durant-la-periode-covid-19-au-titre-de-lannee\/","og_site_name":"Facult\u00e9 du G\u00e9nie Electrique et d&#039;Informatique","article_published_time":"2020-08-29T19:36:18+00:00","article_modified_time":"2020-09-02T14:00:05+00:00","og_image":[{"width":225,"height":225,"url":"https:\/\/www.ummto.dz\/fgei\/wp-content\/uploads\/2020\/08\/alaune.jpg","type":"image\/jpeg"}],"author":"maidi nacima","twitter_card":"summary_large_image","twitter_misc":{"\u00c9crit par":"maidi nacima"},"schema":{"@context":"https:\/\/schema.org","@graph":[{"@type":"Article","@id":"https:\/\/www.ummto.dz\/fgei\/les-dispositions-exceptionnelles-autorisees-en-matiere-dorganisation-et-de-gestion-pedagogiques-de-levaluation-et-de-la-progression-des-etudiants-durant-la-periode-covid-19-au-titre-de-lannee\/#article","isPartOf":{"@id":"https:\/\/www.ummto.dz\/fgei\/les-dispositions-exceptionnelles-autorisees-en-matiere-dorganisation-et-de-gestion-pedagogiques-de-levaluation-et-de-la-progression-des-etudiants-durant-la-periode-covid-19-au-titre-de-lannee\/"},"author":{"name":"maidi nacima","@id":"https:\/\/www.ummto.dz\/fgei\/#\/schema\/person\/f0a19398acbf302f06e4a25788979a7c"},"headline":"Les dispositions exceptionnelles autoris\u00e9es en mati\u00e8re d&rsquo;organisation et de gestion p\u00e9dagogiques, de l&rsquo;\u00e9valuation et de la progression des \u00e9tudiants, durant la p\u00e9riode COVID-19 au titre de l&rsquo;ann\u00e9e universitaire 2019-2020","datePublished":"2020-08-29T19:36:18+00:00","dateModified":"2020-09-02T14:00:05+00:00","mainEntityOfPage":{"@id":"https:\/\/www.ummto.dz\/fgei\/les-dispositions-exceptionnelles-autorisees-en-matiere-dorganisation-et-de-gestion-pedagogiques-de-levaluation-et-de-la-progression-des-etudiants-durant-la-periode-covid-19-au-titre-de-lannee\/"},"wordCount":88,"image":{"@id":"https:\/\/www.ummto.dz\/fgei\/les-dispositions-exceptionnelles-autorisees-en-matiere-dorganisation-et-de-gestion-pedagogiques-de-levaluation-et-de-la-progression-des-etudiants-durant-la-periode-covid-19-au-titre-de-lannee\/#primaryimage"},"thumbnailUrl":"https:\/\/www.ummto.dz\/fgei\/wp-content\/uploads\/2020\/08\/alaune.jpg","articleSection":["Actualit\u00e9"],"inLanguage":"fr-FR"},{"@type":"WebPage","@id":"https:\/\/www.ummto.dz\/fgei\/les-dispositions-exceptionnelles-autorisees-en-matiere-dorganisation-et-de-gestion-pedagogiques-de-levaluation-et-de-la-progression-des-etudiants-durant-la-periode-covid-19-au-titre-de-lannee\/","url":"https:\/\/www.ummto.dz\/fgei\/les-dispositions-exceptionnelles-autorisees-en-matiere-dorganisation-et-de-gestion-pedagogiques-de-levaluation-et-de-la-progression-des-etudiants-durant-la-periode-covid-19-au-titre-de-lannee\/","name":"Les dispositions exceptionnelles autoris\u00e9es en mati\u00e8re d'organisation et de gestion p\u00e9dagogiques, de l'\u00e9valuation et de la progression des \u00e9tudiants, durant la p\u00e9riode COVID-19 au titre de l'ann\u00e9e universitaire 2019-2020 - Facult\u00e9 du G\u00e9nie Electrique et d&#039;Informatique","isPartOf":{"@id":"https:\/\/www.ummto.dz\/fgei\/#website"},"primaryImageOfPage":{"@id":"https:\/\/www.ummto.dz\/fgei\/les-dispositions-exceptionnelles-autorisees-en-matiere-dorganisation-et-de-gestion-pedagogiques-de-levaluation-et-de-la-progression-des-etudiants-durant-la-periode-covid-19-au-titre-de-lannee\/#primaryimage"},"image":{"@id":"https:\/\/www.ummto.dz\/fgei\/les-dispositions-exceptionnelles-autorisees-en-matiere-dorganisation-et-de-gestion-pedagogiques-de-levaluation-et-de-la-progression-des-etudiants-durant-la-periode-covid-19-au-titre-de-lannee\/#primaryimage"},"thumbnailUrl":"https:\/\/www.ummto.dz\/fgei\/wp-content\/uploads\/2020\/08\/alaune.jpg","datePublished":"2020-08-29T19:36:18+00:00","dateModified":"2020-09-02T14:00:05+00:00","author":{"@id":"https:\/\/www.ummto.dz\/fgei\/#\/schema\/person\/f0a19398acbf302f06e4a25788979a7c"},"breadcrumb":{"@id":"https:\/\/www.ummto.dz\/fgei\/les-dispositions-exceptionnelles-autorisees-en-matiere-dorganisation-et-de-gestion-pedagogiques-de-levaluation-et-de-la-progression-des-etudiants-durant-la-periode-covid-19-au-titre-de-lannee\/#breadcrumb"},"inLanguage":"fr-FR","potentialAction":[{"@type":"ReadAction","target":["https:\/\/www.ummto.dz\/fgei\/les-dispositions-exceptionnelles-autorisees-en-matiere-dorganisation-et-de-gestion-pedagogiques-de-levaluation-et-de-la-progression-des-etudiants-durant-la-periode-covid-19-au-titre-de-lannee\/"]}]},{"@type":"ImageObject","inLanguage":"fr-FR","@id":"https:\/\/www.ummto.dz\/fgei\/les-dispositions-exceptionnelles-autorisees-en-matiere-dorganisation-et-de-gestion-pedagogiques-de-levaluation-et-de-la-progression-des-etudiants-durant-la-periode-covid-19-au-titre-de-lannee\/#primaryimage","url":"https:\/\/www.ummto.dz\/fgei\/wp-content\/uploads\/2020\/08\/alaune.jpg","contentUrl":"https:\/\/www.ummto.dz\/fgei\/wp-content\/uploads\/2020\/08\/alaune.jpg","width":225,"height":225},{"@type":"BreadcrumbList","@id":"https:\/\/www.ummto.dz\/fgei\/les-dispositions-exceptionnelles-autorisees-en-matiere-dorganisation-et-de-gestion-pedagogiques-de-levaluation-et-de-la-progression-des-etudiants-durant-la-periode-covid-19-au-titre-de-lannee\/#breadcrumb","itemListElement":[{"@type":"ListItem","position":1,"name":"Accueil","item":"https:\/\/www.ummto.dz\/fgei\/"},{"@type":"ListItem","position":2,"name":"Les dispositions exceptionnelles autoris\u00e9es en mati\u00e8re d&#8217;organisation et de gestion p\u00e9dagogiques, de l&#8217;\u00e9valuation et de la progression des \u00e9tudiants, durant la p\u00e9riode COVID-19 au titre de l&#8217;ann\u00e9e universitaire 2019-2020"}]},{"@type":"WebSite","@id":"https:\/\/www.ummto.dz\/fgei\/#website","url":"https:\/\/www.ummto.dz\/fgei\/","name":"Facult\u00e9 du G\u00e9nie Electrique et d&#039;Informatique","description":"UMMTO","potentialAction":[{"@type":"SearchAction","target":{"@type":"EntryPoint","urlTemplate":"https:\/\/www.ummto.dz\/fgei\/?s={search_term_string}"},"query-input":{"@type":"PropertyValueSpecification","valueRequired":true,"valueName":"search_term_string"}}],"inLanguage":"fr-FR"},{"@type":"Person","@id":"https:\/\/www.ummto.dz\/fgei\/#\/schema\/person\/f0a19398acbf302f06e4a25788979a7c","name":"maidi nacima","url":"https:\/\/www.ummto.dz\/fgei\/author\/maidi-nacima\/"}]}},"_links":{"self":[{"href":"https:\/\/www.ummto.dz\/fgei\/wp-json\/wp\/v2\/posts\/1715","targetHints":{"allow":["GET"]}}],"collection":[{"href":"https:\/\/www.ummto.dz\/fgei\/wp-json\/wp\/v2\/posts"}],"about":[{"href":"https:\/\/www.ummto.dz\/fgei\/wp-json\/wp\/v2\/types\/post"}],"author":[{"embeddable":true,"href":"https:\/\/www.ummto.dz\/fgei\/wp-json\/wp\/v2\/users\/1"}],"replies":[{"embeddable":true,"href":"https:\/\/www.ummto.dz\/fgei\/wp-json\/wp\/v2\/comments?post=1715"}],"version-history":[{"count":3,"href":"https:\/\/www.ummto.dz\/fgei\/wp-json\/wp\/v2\/posts\/1715\/revisions"}],"predecessor-version":[{"id":1743,"href":"https:\/\/www.ummto.dz\/fgei\/wp-json\/wp\/v2\/posts\/1715\/revisions\/1743"}],"wp:featuredmedia":[{"embeddable":true,"href":"https:\/\/www.ummto.dz\/fgei\/wp-json\/wp\/v2\/media\/1718"}],"wp:attachment":[{"href":"https:\/\/www.ummto.dz\/fgei\/wp-json\/wp\/v2\/media?parent=1715"}],"wp:term":[{"taxonomy":"category","embeddable":true,"href":"https:\/\/www.ummto.dz\/fgei\/wp-json\/wp\/v2\/categories?post=1715"},{"taxonomy":"post_tag","embeddable":true,"href":"https:\/\/www.ummto.dz\/fgei\/wp-json\/wp\/v2\/tags?post=1715"}],"curies":[{"name":"wp","href":"https:\/\/api.w.org\/{rel}","templated":true}]}}