{"id":1723,"date":"2020-08-31T13:44:23","date_gmt":"2020-08-31T11:44:23","guid":{"rendered":"http:\/\/fgei.ummto.dz\/?p=1723"},"modified":"2020-09-02T15:59:31","modified_gmt":"2020-09-02T13:59:31","slug":"avis-finalisation-de-loperation-progres-pour-le-personnel-ats","status":"publish","type":"post","link":"https:\/\/www.ummto.dz\/fgei\/avis-finalisation-de-loperation-progres-pour-le-personnel-ats\/","title":{"rendered":"Urgent: Finalisation de l\u2019op\u00e9ration progres pour le personnel ATS"},"content":{"rendered":"<p><span style=\"color: #000000;\"><img decoding=\"async\" class=\"size-thumbnail wp-image-1724 alignright\" src=\"http:\/\/fgei.ummto.dz\/wp-content\/uploads\/2020\/08\/logo-2587-medium-150x140.jpg\" alt=\"\" width=\"150\" height=\"140\" \/>Le personnel ATS de FGEI est pri\u00e9 de d\u00e9poser\u00a0 le dossier suivant <a href=\"http:\/\/fgei.ummto.dz\/wp-content\/uploads\/2020\/08\/doc20200831195810.pdf\">(Cliquer ici)<\/a> aupr\u00e8s de son service ou de son d\u00e9partement.<\/span><\/p>\n<p><span style=\"color: black;\">Prier de <\/span><a href=\"http:\/\/fgei.ummto.dz\/wp-content\/uploads\/2020\/08\/Fiche-de-Renseignement-ATS-2020-FGEI.xlsx\">t\u00e9l\u00e9charger ici<\/a><span style=\"color: black;\"> la Fiche de Renseignements. La remplir \u00e0 la machine et l&rsquo;envoyer \u00e0 la boite mail: \u00a0 <span style=\"color: #008000;\">personnel.fgei@ummto.dz<\/span><\/span><\/p>\n<p><strong><span style=\"color: red;\">Le dernier d\u00e9lai est fix\u00e9 pour mardi 8 septembre 2020.<\/span><\/strong><\/p>\n","protected":false},"excerpt":{"rendered":"<p>Le personnel ATS de FGEI est pri\u00e9 de d\u00e9poser\u00a0 le dossier suivant (Cliquer ici) aupr\u00e8s de son service ou de son d\u00e9partement. Prier de t\u00e9l\u00e9charger ici la Fiche de Renseignements. La remplir \u00e0 la machine et l&rsquo;envoyer \u00e0 la boite mail: \u00a0 personnel.fgei@ummto.dz Le dernier d\u00e9lai est fix\u00e9 pour mardi 8 septembre 2020.<\/p>\n","protected":false},"author":1,"featured_media":1724,"comment_status":"closed","ping_status":"closed","sticky":false,"template":"","format":"standard","meta":{"_et_pb_use_builder":"","_et_pb_old_content":"","_et_gb_content_width":"","footnotes":""},"categories":[7],"tags":[],"class_list":["post-1723","post","type-post","status-publish","format-standard","has-post-thumbnail","hentry","category-actualite"],"yoast_head":"<!-- This site is optimized with the Yoast SEO plugin v27.3 - https:\/\/yoast.com\/product\/yoast-seo-wordpress\/ -->\n<title>Urgent: Finalisation de l\u2019op\u00e9ration progres pour le personnel ATS - Facult\u00e9 du G\u00e9nie Electrique et d&#039;Informatique<\/title>\n<meta name=\"robots\" content=\"index, follow, max-snippet:-1, max-image-preview:large, max-video-preview:-1\" \/>\n<link rel=\"canonical\" href=\"https:\/\/www.ummto.dz\/fgei\/avis-finalisation-de-loperation-progres-pour-le-personnel-ats\/\" \/>\n<meta property=\"og:locale\" content=\"fr_FR\" \/>\n<meta property=\"og:type\" content=\"article\" \/>\n<meta property=\"og:title\" content=\"Urgent: Finalisation de l\u2019op\u00e9ration progres pour le personnel ATS - Facult\u00e9 du G\u00e9nie Electrique et d&#039;Informatique\" \/>\n<meta property=\"og:description\" content=\"Le personnel ATS de FGEI est pri\u00e9 de d\u00e9poser\u00a0 le dossier suivant (Cliquer ici) aupr\u00e8s de son service ou de son d\u00e9partement. Prier de t\u00e9l\u00e9charger ici la Fiche de Renseignements. La remplir \u00e0 la machine et l&rsquo;envoyer \u00e0 la boite mail: \u00a0 personnel.fgei@ummto.dz Le dernier d\u00e9lai est fix\u00e9 pour mardi 8 septembre 2020.\" \/>\n<meta property=\"og:url\" content=\"https:\/\/www.ummto.dz\/fgei\/avis-finalisation-de-loperation-progres-pour-le-personnel-ats\/\" \/>\n<meta property=\"og:site_name\" content=\"Facult\u00e9 du G\u00e9nie Electrique et d&#039;Informatique\" \/>\n<meta property=\"article:published_time\" content=\"2020-08-31T11:44:23+00:00\" \/>\n<meta property=\"article:modified_time\" content=\"2020-09-02T13:59:31+00:00\" \/>\n<meta property=\"og:image\" content=\"https:\/\/www.ummto.dz\/fgei\/wp-content\/uploads\/2020\/08\/logo-2587-medium.jpg\" \/>\n\t<meta property=\"og:image:width\" content=\"300\" \/>\n\t<meta property=\"og:image:height\" content=\"140\" \/>\n\t<meta property=\"og:image:type\" content=\"image\/jpeg\" \/>\n<meta name=\"author\" content=\"maidi nacima\" \/>\n<meta name=\"twitter:card\" content=\"summary_large_image\" \/>\n<meta name=\"twitter:label1\" content=\"\u00c9crit par\" \/>\n\t<meta name=\"twitter:data1\" content=\"maidi nacima\" \/>\n<script type=\"application\/ld+json\" class=\"yoast-schema-graph\">{\"@context\":\"https:\\\/\\\/schema.org\",\"@graph\":[{\"@type\":\"Article\",\"@id\":\"https:\\\/\\\/www.ummto.dz\\\/fgei\\\/avis-finalisation-de-loperation-progres-pour-le-personnel-ats\\\/#article\",\"isPartOf\":{\"@id\":\"https:\\\/\\\/www.ummto.dz\\\/fgei\\\/avis-finalisation-de-loperation-progres-pour-le-personnel-ats\\\/\"},\"author\":{\"name\":\"maidi nacima\",\"@id\":\"https:\\\/\\\/www.ummto.dz\\\/fgei\\\/#\\\/schema\\\/person\\\/f0a19398acbf302f06e4a25788979a7c\"},\"headline\":\"Urgent: Finalisation de l\u2019op\u00e9ration progres pour le personnel ATS\",\"datePublished\":\"2020-08-31T11:44:23+00:00\",\"dateModified\":\"2020-09-02T13:59:31+00:00\",\"mainEntityOfPage\":{\"@id\":\"https:\\\/\\\/www.ummto.dz\\\/fgei\\\/avis-finalisation-de-loperation-progres-pour-le-personnel-ats\\\/\"},\"wordCount\":69,\"image\":{\"@id\":\"https:\\\/\\\/www.ummto.dz\\\/fgei\\\/avis-finalisation-de-loperation-progres-pour-le-personnel-ats\\\/#primaryimage\"},\"thumbnailUrl\":\"https:\\\/\\\/www.ummto.dz\\\/fgei\\\/wp-content\\\/uploads\\\/2020\\\/08\\\/logo-2587-medium.jpg\",\"articleSection\":[\"Actualit\u00e9\"],\"inLanguage\":\"fr-FR\"},{\"@type\":\"WebPage\",\"@id\":\"https:\\\/\\\/www.ummto.dz\\\/fgei\\\/avis-finalisation-de-loperation-progres-pour-le-personnel-ats\\\/\",\"url\":\"https:\\\/\\\/www.ummto.dz\\\/fgei\\\/avis-finalisation-de-loperation-progres-pour-le-personnel-ats\\\/\",\"name\":\"Urgent: Finalisation de l\u2019op\u00e9ration progres pour le personnel ATS - Facult\u00e9 du G\u00e9nie Electrique et d&#039;Informatique\",\"isPartOf\":{\"@id\":\"https:\\\/\\\/www.ummto.dz\\\/fgei\\\/#website\"},\"primaryImageOfPage\":{\"@id\":\"https:\\\/\\\/www.ummto.dz\\\/fgei\\\/avis-finalisation-de-loperation-progres-pour-le-personnel-ats\\\/#primaryimage\"},\"image\":{\"@id\":\"https:\\\/\\\/www.ummto.dz\\\/fgei\\\/avis-finalisation-de-loperation-progres-pour-le-personnel-ats\\\/#primaryimage\"},\"thumbnailUrl\":\"https:\\\/\\\/www.ummto.dz\\\/fgei\\\/wp-content\\\/uploads\\\/2020\\\/08\\\/logo-2587-medium.jpg\",\"datePublished\":\"2020-08-31T11:44:23+00:00\",\"dateModified\":\"2020-09-02T13:59:31+00:00\",\"author\":{\"@id\":\"https:\\\/\\\/www.ummto.dz\\\/fgei\\\/#\\\/schema\\\/person\\\/f0a19398acbf302f06e4a25788979a7c\"},\"breadcrumb\":{\"@id\":\"https:\\\/\\\/www.ummto.dz\\\/fgei\\\/avis-finalisation-de-loperation-progres-pour-le-personnel-ats\\\/#breadcrumb\"},\"inLanguage\":\"fr-FR\",\"potentialAction\":[{\"@type\":\"ReadAction\",\"target\":[\"https:\\\/\\\/www.ummto.dz\\\/fgei\\\/avis-finalisation-de-loperation-progres-pour-le-personnel-ats\\\/\"]}]},{\"@type\":\"ImageObject\",\"inLanguage\":\"fr-FR\",\"@id\":\"https:\\\/\\\/www.ummto.dz\\\/fgei\\\/avis-finalisation-de-loperation-progres-pour-le-personnel-ats\\\/#primaryimage\",\"url\":\"https:\\\/\\\/www.ummto.dz\\\/fgei\\\/wp-content\\\/uploads\\\/2020\\\/08\\\/logo-2587-medium.jpg\",\"contentUrl\":\"https:\\\/\\\/www.ummto.dz\\\/fgei\\\/wp-content\\\/uploads\\\/2020\\\/08\\\/logo-2587-medium.jpg\",\"width\":300,\"height\":140},{\"@type\":\"BreadcrumbList\",\"@id\":\"https:\\\/\\\/www.ummto.dz\\\/fgei\\\/avis-finalisation-de-loperation-progres-pour-le-personnel-ats\\\/#breadcrumb\",\"itemListElement\":[{\"@type\":\"ListItem\",\"position\":1,\"name\":\"Accueil\",\"item\":\"https:\\\/\\\/www.ummto.dz\\\/fgei\\\/\"},{\"@type\":\"ListItem\",\"position\":2,\"name\":\"Urgent: Finalisation de l\u2019op\u00e9ration progres pour le personnel ATS\"}]},{\"@type\":\"WebSite\",\"@id\":\"https:\\\/\\\/www.ummto.dz\\\/fgei\\\/#website\",\"url\":\"https:\\\/\\\/www.ummto.dz\\\/fgei\\\/\",\"name\":\"Facult\u00e9 du G\u00e9nie Electrique et d&#039;Informatique\",\"description\":\"UMMTO\",\"potentialAction\":[{\"@type\":\"SearchAction\",\"target\":{\"@type\":\"EntryPoint\",\"urlTemplate\":\"https:\\\/\\\/www.ummto.dz\\\/fgei\\\/?s={search_term_string}\"},\"query-input\":{\"@type\":\"PropertyValueSpecification\",\"valueRequired\":true,\"valueName\":\"search_term_string\"}}],\"inLanguage\":\"fr-FR\"},{\"@type\":\"Person\",\"@id\":\"https:\\\/\\\/www.ummto.dz\\\/fgei\\\/#\\\/schema\\\/person\\\/f0a19398acbf302f06e4a25788979a7c\",\"name\":\"maidi nacima\",\"url\":\"https:\\\/\\\/www.ummto.dz\\\/fgei\\\/author\\\/maidi-nacima\\\/\"}]}<\/script>\n<!-- \/ Yoast SEO plugin. -->","yoast_head_json":{"title":"Urgent: Finalisation de l\u2019op\u00e9ration progres pour le personnel ATS - Facult\u00e9 du G\u00e9nie Electrique et d&#039;Informatique","robots":{"index":"index","follow":"follow","max-snippet":"max-snippet:-1","max-image-preview":"max-image-preview:large","max-video-preview":"max-video-preview:-1"},"canonical":"https:\/\/www.ummto.dz\/fgei\/avis-finalisation-de-loperation-progres-pour-le-personnel-ats\/","og_locale":"fr_FR","og_type":"article","og_title":"Urgent: Finalisation de l\u2019op\u00e9ration progres pour le personnel ATS - Facult\u00e9 du G\u00e9nie Electrique et d&#039;Informatique","og_description":"Le personnel ATS de FGEI est pri\u00e9 de d\u00e9poser\u00a0 le dossier suivant (Cliquer ici) aupr\u00e8s de son service ou de son d\u00e9partement. Prier de t\u00e9l\u00e9charger ici la Fiche de Renseignements. La remplir \u00e0 la machine et l&rsquo;envoyer \u00e0 la boite mail: \u00a0 personnel.fgei@ummto.dz Le dernier d\u00e9lai est fix\u00e9 pour mardi 8 septembre 2020.","og_url":"https:\/\/www.ummto.dz\/fgei\/avis-finalisation-de-loperation-progres-pour-le-personnel-ats\/","og_site_name":"Facult\u00e9 du G\u00e9nie Electrique et d&#039;Informatique","article_published_time":"2020-08-31T11:44:23+00:00","article_modified_time":"2020-09-02T13:59:31+00:00","og_image":[{"width":300,"height":140,"url":"https:\/\/www.ummto.dz\/fgei\/wp-content\/uploads\/2020\/08\/logo-2587-medium.jpg","type":"image\/jpeg"}],"author":"maidi nacima","twitter_card":"summary_large_image","twitter_misc":{"\u00c9crit par":"maidi nacima"},"schema":{"@context":"https:\/\/schema.org","@graph":[{"@type":"Article","@id":"https:\/\/www.ummto.dz\/fgei\/avis-finalisation-de-loperation-progres-pour-le-personnel-ats\/#article","isPartOf":{"@id":"https:\/\/www.ummto.dz\/fgei\/avis-finalisation-de-loperation-progres-pour-le-personnel-ats\/"},"author":{"name":"maidi nacima","@id":"https:\/\/www.ummto.dz\/fgei\/#\/schema\/person\/f0a19398acbf302f06e4a25788979a7c"},"headline":"Urgent: Finalisation de l\u2019op\u00e9ration progres pour le personnel ATS","datePublished":"2020-08-31T11:44:23+00:00","dateModified":"2020-09-02T13:59:31+00:00","mainEntityOfPage":{"@id":"https:\/\/www.ummto.dz\/fgei\/avis-finalisation-de-loperation-progres-pour-le-personnel-ats\/"},"wordCount":69,"image":{"@id":"https:\/\/www.ummto.dz\/fgei\/avis-finalisation-de-loperation-progres-pour-le-personnel-ats\/#primaryimage"},"thumbnailUrl":"https:\/\/www.ummto.dz\/fgei\/wp-content\/uploads\/2020\/08\/logo-2587-medium.jpg","articleSection":["Actualit\u00e9"],"inLanguage":"fr-FR"},{"@type":"WebPage","@id":"https:\/\/www.ummto.dz\/fgei\/avis-finalisation-de-loperation-progres-pour-le-personnel-ats\/","url":"https:\/\/www.ummto.dz\/fgei\/avis-finalisation-de-loperation-progres-pour-le-personnel-ats\/","name":"Urgent: Finalisation de l\u2019op\u00e9ration progres pour le personnel ATS - Facult\u00e9 du G\u00e9nie Electrique et d&#039;Informatique","isPartOf":{"@id":"https:\/\/www.ummto.dz\/fgei\/#website"},"primaryImageOfPage":{"@id":"https:\/\/www.ummto.dz\/fgei\/avis-finalisation-de-loperation-progres-pour-le-personnel-ats\/#primaryimage"},"image":{"@id":"https:\/\/www.ummto.dz\/fgei\/avis-finalisation-de-loperation-progres-pour-le-personnel-ats\/#primaryimage"},"thumbnailUrl":"https:\/\/www.ummto.dz\/fgei\/wp-content\/uploads\/2020\/08\/logo-2587-medium.jpg","datePublished":"2020-08-31T11:44:23+00:00","dateModified":"2020-09-02T13:59:31+00:00","author":{"@id":"https:\/\/www.ummto.dz\/fgei\/#\/schema\/person\/f0a19398acbf302f06e4a25788979a7c"},"breadcrumb":{"@id":"https:\/\/www.ummto.dz\/fgei\/avis-finalisation-de-loperation-progres-pour-le-personnel-ats\/#breadcrumb"},"inLanguage":"fr-FR","potentialAction":[{"@type":"ReadAction","target":["https:\/\/www.ummto.dz\/fgei\/avis-finalisation-de-loperation-progres-pour-le-personnel-ats\/"]}]},{"@type":"ImageObject","inLanguage":"fr-FR","@id":"https:\/\/www.ummto.dz\/fgei\/avis-finalisation-de-loperation-progres-pour-le-personnel-ats\/#primaryimage","url":"https:\/\/www.ummto.dz\/fgei\/wp-content\/uploads\/2020\/08\/logo-2587-medium.jpg","contentUrl":"https:\/\/www.ummto.dz\/fgei\/wp-content\/uploads\/2020\/08\/logo-2587-medium.jpg","width":300,"height":140},{"@type":"BreadcrumbList","@id":"https:\/\/www.ummto.dz\/fgei\/avis-finalisation-de-loperation-progres-pour-le-personnel-ats\/#breadcrumb","itemListElement":[{"@type":"ListItem","position":1,"name":"Accueil","item":"https:\/\/www.ummto.dz\/fgei\/"},{"@type":"ListItem","position":2,"name":"Urgent: Finalisation de l\u2019op\u00e9ration progres pour le personnel ATS"}]},{"@type":"WebSite","@id":"https:\/\/www.ummto.dz\/fgei\/#website","url":"https:\/\/www.ummto.dz\/fgei\/","name":"Facult\u00e9 du G\u00e9nie Electrique et d&#039;Informatique","description":"UMMTO","potentialAction":[{"@type":"SearchAction","target":{"@type":"EntryPoint","urlTemplate":"https:\/\/www.ummto.dz\/fgei\/?s={search_term_string}"},"query-input":{"@type":"PropertyValueSpecification","valueRequired":true,"valueName":"search_term_string"}}],"inLanguage":"fr-FR"},{"@type":"Person","@id":"https:\/\/www.ummto.dz\/fgei\/#\/schema\/person\/f0a19398acbf302f06e4a25788979a7c","name":"maidi nacima","url":"https:\/\/www.ummto.dz\/fgei\/author\/maidi-nacima\/"}]}},"_links":{"self":[{"href":"https:\/\/www.ummto.dz\/fgei\/wp-json\/wp\/v2\/posts\/1723","targetHints":{"allow":["GET"]}}],"collection":[{"href":"https:\/\/www.ummto.dz\/fgei\/wp-json\/wp\/v2\/posts"}],"about":[{"href":"https:\/\/www.ummto.dz\/fgei\/wp-json\/wp\/v2\/types\/post"}],"author":[{"embeddable":true,"href":"https:\/\/www.ummto.dz\/fgei\/wp-json\/wp\/v2\/users\/1"}],"replies":[{"embeddable":true,"href":"https:\/\/www.ummto.dz\/fgei\/wp-json\/wp\/v2\/comments?post=1723"}],"version-history":[{"count":5,"href":"https:\/\/www.ummto.dz\/fgei\/wp-json\/wp\/v2\/posts\/1723\/revisions"}],"predecessor-version":[{"id":1742,"href":"https:\/\/www.ummto.dz\/fgei\/wp-json\/wp\/v2\/posts\/1723\/revisions\/1742"}],"wp:featuredmedia":[{"embeddable":true,"href":"https:\/\/www.ummto.dz\/fgei\/wp-json\/wp\/v2\/media\/1724"}],"wp:attachment":[{"href":"https:\/\/www.ummto.dz\/fgei\/wp-json\/wp\/v2\/media?parent=1723"}],"wp:term":[{"taxonomy":"category","embeddable":true,"href":"https:\/\/www.ummto.dz\/fgei\/wp-json\/wp\/v2\/categories?post=1723"},{"taxonomy":"post_tag","embeddable":true,"href":"https:\/\/www.ummto.dz\/fgei\/wp-json\/wp\/v2\/tags?post=1723"}],"curies":[{"name":"wp","href":"https:\/\/api.w.org\/{rel}","templated":true}]}}