{"id":2019,"date":"2020-10-31T19:36:22","date_gmt":"2020-10-31T18:36:22","guid":{"rendered":"http:\/\/fgei.ummto.dz\/?p=2019"},"modified":"2020-12-20T13:18:51","modified_gmt":"2020-12-20T12:18:51","slug":"2019","status":"publish","type":"post","link":"https:\/\/www.ummto.dz\/fgei\/2019\/","title":{"rendered":"Condol\u00e9ances"},"content":{"rendered":"<p><span style=\"color: #000000;\"><strong>Les enseignants et le personnel ATS de la Facult\u00e9 du G\u00e9nie Electrique et d\u2019Informatique sont profond\u00e9ment affect\u00e9s par le d\u00e9c\u00e8s <\/strong><strong>du p\u00e8re du Pr. Smail DAOUDI, Recteur\u00a0\u00a0de l\u2019Universit\u00e9 Mouloud MAMMERI de Tizi-Ouzou<\/strong><strong> et lui pr\u00e9sentent leurs sinc\u00e8res condol\u00e9ances. <\/strong><\/span><\/p>\n<p><span style=\"color: #000000;\"><strong>Que Dieu accueille le d\u00e9funt en son vaste Paradis.<\/strong><\/span><\/p>\n<p><span style=\"color: #000000;\">\u0625\u0650\u0646\u064e\u0651\u0627 \u0644\u0650\u0644\u064e\u0651\u0670\u0647\u0650 \u0648\u064e\u0625\u0650\u0646\u064e\u0651\u0627 \u0625\u0650\u0644\u064e\u064a\u0652\u0647\u0650 \u0631\u064e\u0627\u062c\u0650\u0639\u064f\u0648\u0646<\/span><\/p>\n<p><span style=\"color: #000000;\"><strong>M. KARA Redouane<\/strong><\/span><\/p>\n<p><span style=\"color: #000000;\"><strong>Doyen de la Facult\u00e9 de G\u00e9nie \u00c9lectrique et d&rsquo;Informatique\u00a0<\/strong><\/span><\/p>\n<p>&nbsp;<\/p>\n","protected":false},"excerpt":{"rendered":"<p>Les enseignants et le personnel ATS de la Facult\u00e9 du G\u00e9nie Electrique et d\u2019Informatique sont profond\u00e9ment affect\u00e9s par le d\u00e9c\u00e8s du p\u00e8re du Pr. Smail DAOUDI, Recteur\u00a0\u00a0de l\u2019Universit\u00e9 Mouloud MAMMERI de Tizi-Ouzou et lui pr\u00e9sentent leurs sinc\u00e8res condol\u00e9ances. Que Dieu accueille le d\u00e9funt en son vaste Paradis. \u0625\u0650\u0646\u064e\u0651\u0627 \u0644\u0650\u0644\u064e\u0651\u0670\u0647\u0650 \u0648\u064e\u0625\u0650\u0646\u064e\u0651\u0627 \u0625\u0650\u0644\u064e\u064a\u0652\u0647\u0650 \u0631\u064e\u0627\u062c\u0650\u0639\u064f\u0648\u0646 M. KARA Redouane [&hellip;]<\/p>\n","protected":false},"author":1,"featured_media":0,"comment_status":"closed","ping_status":"closed","sticky":false,"template":"","format":"standard","meta":{"_et_pb_use_builder":"","_et_pb_old_content":"","_et_gb_content_width":"","footnotes":""},"categories":[7],"tags":[],"class_list":["post-2019","post","type-post","status-publish","format-standard","hentry","category-actualite"],"yoast_head":"<!-- This site is optimized with the Yoast SEO plugin v27.3 - https:\/\/yoast.com\/product\/yoast-seo-wordpress\/ -->\n<title>Condol\u00e9ances - Facult\u00e9 du G\u00e9nie Electrique et d&#039;Informatique<\/title>\n<meta name=\"robots\" content=\"index, follow, max-snippet:-1, max-image-preview:large, max-video-preview:-1\" \/>\n<link rel=\"canonical\" href=\"https:\/\/www.ummto.dz\/fgei\/2019\/\" \/>\n<meta property=\"og:locale\" content=\"fr_FR\" \/>\n<meta property=\"og:type\" content=\"article\" \/>\n<meta property=\"og:title\" content=\"Condol\u00e9ances - Facult\u00e9 du G\u00e9nie Electrique et d&#039;Informatique\" \/>\n<meta property=\"og:description\" content=\"Les enseignants et le personnel ATS de la Facult\u00e9 du G\u00e9nie Electrique et d\u2019Informatique sont profond\u00e9ment affect\u00e9s par le d\u00e9c\u00e8s du p\u00e8re du Pr. Smail DAOUDI, Recteur\u00a0\u00a0de l\u2019Universit\u00e9 Mouloud MAMMERI de Tizi-Ouzou et lui pr\u00e9sentent leurs sinc\u00e8res condol\u00e9ances. Que Dieu accueille le d\u00e9funt en son vaste Paradis. \u0625\u0650\u0646\u064e\u0651\u0627 \u0644\u0650\u0644\u064e\u0651\u0670\u0647\u0650 \u0648\u064e\u0625\u0650\u0646\u064e\u0651\u0627 \u0625\u0650\u0644\u064e\u064a\u0652\u0647\u0650 \u0631\u064e\u0627\u062c\u0650\u0639\u064f\u0648\u0646 M. KARA Redouane [&hellip;]\" \/>\n<meta property=\"og:url\" content=\"https:\/\/www.ummto.dz\/fgei\/2019\/\" \/>\n<meta property=\"og:site_name\" content=\"Facult\u00e9 du G\u00e9nie Electrique et d&#039;Informatique\" \/>\n<meta property=\"article:published_time\" content=\"2020-10-31T18:36:22+00:00\" \/>\n<meta property=\"article:modified_time\" content=\"2020-12-20T12:18:51+00:00\" \/>\n<meta name=\"author\" content=\"maidi nacima\" \/>\n<meta name=\"twitter:card\" content=\"summary_large_image\" \/>\n<meta name=\"twitter:label1\" content=\"\u00c9crit par\" \/>\n\t<meta name=\"twitter:data1\" content=\"maidi nacima\" \/>\n<script type=\"application\/ld+json\" class=\"yoast-schema-graph\">{\"@context\":\"https:\\\/\\\/schema.org\",\"@graph\":[{\"@type\":\"Article\",\"@id\":\"https:\\\/\\\/www.ummto.dz\\\/fgei\\\/2019\\\/#article\",\"isPartOf\":{\"@id\":\"https:\\\/\\\/www.ummto.dz\\\/fgei\\\/2019\\\/\"},\"author\":{\"name\":\"maidi nacima\",\"@id\":\"https:\\\/\\\/www.ummto.dz\\\/fgei\\\/#\\\/schema\\\/person\\\/f0a19398acbf302f06e4a25788979a7c\"},\"headline\":\"Condol\u00e9ances\",\"datePublished\":\"2020-10-31T18:36:22+00:00\",\"dateModified\":\"2020-12-20T12:18:51+00:00\",\"mainEntityOfPage\":{\"@id\":\"https:\\\/\\\/www.ummto.dz\\\/fgei\\\/2019\\\/\"},\"wordCount\":77,\"articleSection\":[\"Actualit\u00e9\"],\"inLanguage\":\"fr-FR\"},{\"@type\":\"WebPage\",\"@id\":\"https:\\\/\\\/www.ummto.dz\\\/fgei\\\/2019\\\/\",\"url\":\"https:\\\/\\\/www.ummto.dz\\\/fgei\\\/2019\\\/\",\"name\":\"Condol\u00e9ances - Facult\u00e9 du G\u00e9nie Electrique et d&#039;Informatique\",\"isPartOf\":{\"@id\":\"https:\\\/\\\/www.ummto.dz\\\/fgei\\\/#website\"},\"datePublished\":\"2020-10-31T18:36:22+00:00\",\"dateModified\":\"2020-12-20T12:18:51+00:00\",\"author\":{\"@id\":\"https:\\\/\\\/www.ummto.dz\\\/fgei\\\/#\\\/schema\\\/person\\\/f0a19398acbf302f06e4a25788979a7c\"},\"breadcrumb\":{\"@id\":\"https:\\\/\\\/www.ummto.dz\\\/fgei\\\/2019\\\/#breadcrumb\"},\"inLanguage\":\"fr-FR\",\"potentialAction\":[{\"@type\":\"ReadAction\",\"target\":[\"https:\\\/\\\/www.ummto.dz\\\/fgei\\\/2019\\\/\"]}]},{\"@type\":\"BreadcrumbList\",\"@id\":\"https:\\\/\\\/www.ummto.dz\\\/fgei\\\/2019\\\/#breadcrumb\",\"itemListElement\":[{\"@type\":\"ListItem\",\"position\":1,\"name\":\"Accueil\",\"item\":\"https:\\\/\\\/www.ummto.dz\\\/fgei\\\/\"},{\"@type\":\"ListItem\",\"position\":2,\"name\":\"Condol\u00e9ances\"}]},{\"@type\":\"WebSite\",\"@id\":\"https:\\\/\\\/www.ummto.dz\\\/fgei\\\/#website\",\"url\":\"https:\\\/\\\/www.ummto.dz\\\/fgei\\\/\",\"name\":\"Facult\u00e9 du G\u00e9nie Electrique et d&#039;Informatique\",\"description\":\"UMMTO\",\"potentialAction\":[{\"@type\":\"SearchAction\",\"target\":{\"@type\":\"EntryPoint\",\"urlTemplate\":\"https:\\\/\\\/www.ummto.dz\\\/fgei\\\/?s={search_term_string}\"},\"query-input\":{\"@type\":\"PropertyValueSpecification\",\"valueRequired\":true,\"valueName\":\"search_term_string\"}}],\"inLanguage\":\"fr-FR\"},{\"@type\":\"Person\",\"@id\":\"https:\\\/\\\/www.ummto.dz\\\/fgei\\\/#\\\/schema\\\/person\\\/f0a19398acbf302f06e4a25788979a7c\",\"name\":\"maidi nacima\",\"url\":\"https:\\\/\\\/www.ummto.dz\\\/fgei\\\/author\\\/maidi-nacima\\\/\"}]}<\/script>\n<!-- \/ Yoast SEO plugin. -->","yoast_head_json":{"title":"Condol\u00e9ances - Facult\u00e9 du G\u00e9nie Electrique et d&#039;Informatique","robots":{"index":"index","follow":"follow","max-snippet":"max-snippet:-1","max-image-preview":"max-image-preview:large","max-video-preview":"max-video-preview:-1"},"canonical":"https:\/\/www.ummto.dz\/fgei\/2019\/","og_locale":"fr_FR","og_type":"article","og_title":"Condol\u00e9ances - Facult\u00e9 du G\u00e9nie Electrique et d&#039;Informatique","og_description":"Les enseignants et le personnel ATS de la Facult\u00e9 du G\u00e9nie Electrique et d\u2019Informatique sont profond\u00e9ment affect\u00e9s par le d\u00e9c\u00e8s du p\u00e8re du Pr. Smail DAOUDI, Recteur\u00a0\u00a0de l\u2019Universit\u00e9 Mouloud MAMMERI de Tizi-Ouzou et lui pr\u00e9sentent leurs sinc\u00e8res condol\u00e9ances. Que Dieu accueille le d\u00e9funt en son vaste Paradis. \u0625\u0650\u0646\u064e\u0651\u0627 \u0644\u0650\u0644\u064e\u0651\u0670\u0647\u0650 \u0648\u064e\u0625\u0650\u0646\u064e\u0651\u0627 \u0625\u0650\u0644\u064e\u064a\u0652\u0647\u0650 \u0631\u064e\u0627\u062c\u0650\u0639\u064f\u0648\u0646 M. KARA Redouane [&hellip;]","og_url":"https:\/\/www.ummto.dz\/fgei\/2019\/","og_site_name":"Facult\u00e9 du G\u00e9nie Electrique et d&#039;Informatique","article_published_time":"2020-10-31T18:36:22+00:00","article_modified_time":"2020-12-20T12:18:51+00:00","author":"maidi nacima","twitter_card":"summary_large_image","twitter_misc":{"\u00c9crit par":"maidi nacima"},"schema":{"@context":"https:\/\/schema.org","@graph":[{"@type":"Article","@id":"https:\/\/www.ummto.dz\/fgei\/2019\/#article","isPartOf":{"@id":"https:\/\/www.ummto.dz\/fgei\/2019\/"},"author":{"name":"maidi nacima","@id":"https:\/\/www.ummto.dz\/fgei\/#\/schema\/person\/f0a19398acbf302f06e4a25788979a7c"},"headline":"Condol\u00e9ances","datePublished":"2020-10-31T18:36:22+00:00","dateModified":"2020-12-20T12:18:51+00:00","mainEntityOfPage":{"@id":"https:\/\/www.ummto.dz\/fgei\/2019\/"},"wordCount":77,"articleSection":["Actualit\u00e9"],"inLanguage":"fr-FR"},{"@type":"WebPage","@id":"https:\/\/www.ummto.dz\/fgei\/2019\/","url":"https:\/\/www.ummto.dz\/fgei\/2019\/","name":"Condol\u00e9ances - Facult\u00e9 du G\u00e9nie Electrique et d&#039;Informatique","isPartOf":{"@id":"https:\/\/www.ummto.dz\/fgei\/#website"},"datePublished":"2020-10-31T18:36:22+00:00","dateModified":"2020-12-20T12:18:51+00:00","author":{"@id":"https:\/\/www.ummto.dz\/fgei\/#\/schema\/person\/f0a19398acbf302f06e4a25788979a7c"},"breadcrumb":{"@id":"https:\/\/www.ummto.dz\/fgei\/2019\/#breadcrumb"},"inLanguage":"fr-FR","potentialAction":[{"@type":"ReadAction","target":["https:\/\/www.ummto.dz\/fgei\/2019\/"]}]},{"@type":"BreadcrumbList","@id":"https:\/\/www.ummto.dz\/fgei\/2019\/#breadcrumb","itemListElement":[{"@type":"ListItem","position":1,"name":"Accueil","item":"https:\/\/www.ummto.dz\/fgei\/"},{"@type":"ListItem","position":2,"name":"Condol\u00e9ances"}]},{"@type":"WebSite","@id":"https:\/\/www.ummto.dz\/fgei\/#website","url":"https:\/\/www.ummto.dz\/fgei\/","name":"Facult\u00e9 du G\u00e9nie Electrique et d&#039;Informatique","description":"UMMTO","potentialAction":[{"@type":"SearchAction","target":{"@type":"EntryPoint","urlTemplate":"https:\/\/www.ummto.dz\/fgei\/?s={search_term_string}"},"query-input":{"@type":"PropertyValueSpecification","valueRequired":true,"valueName":"search_term_string"}}],"inLanguage":"fr-FR"},{"@type":"Person","@id":"https:\/\/www.ummto.dz\/fgei\/#\/schema\/person\/f0a19398acbf302f06e4a25788979a7c","name":"maidi nacima","url":"https:\/\/www.ummto.dz\/fgei\/author\/maidi-nacima\/"}]}},"_links":{"self":[{"href":"https:\/\/www.ummto.dz\/fgei\/wp-json\/wp\/v2\/posts\/2019","targetHints":{"allow":["GET"]}}],"collection":[{"href":"https:\/\/www.ummto.dz\/fgei\/wp-json\/wp\/v2\/posts"}],"about":[{"href":"https:\/\/www.ummto.dz\/fgei\/wp-json\/wp\/v2\/types\/post"}],"author":[{"embeddable":true,"href":"https:\/\/www.ummto.dz\/fgei\/wp-json\/wp\/v2\/users\/1"}],"replies":[{"embeddable":true,"href":"https:\/\/www.ummto.dz\/fgei\/wp-json\/wp\/v2\/comments?post=2019"}],"version-history":[{"count":8,"href":"https:\/\/www.ummto.dz\/fgei\/wp-json\/wp\/v2\/posts\/2019\/revisions"}],"predecessor-version":[{"id":2178,"href":"https:\/\/www.ummto.dz\/fgei\/wp-json\/wp\/v2\/posts\/2019\/revisions\/2178"}],"wp:attachment":[{"href":"https:\/\/www.ummto.dz\/fgei\/wp-json\/wp\/v2\/media?parent=2019"}],"wp:term":[{"taxonomy":"category","embeddable":true,"href":"https:\/\/www.ummto.dz\/fgei\/wp-json\/wp\/v2\/categories?post=2019"},{"taxonomy":"post_tag","embeddable":true,"href":"https:\/\/www.ummto.dz\/fgei\/wp-json\/wp\/v2\/tags?post=2019"}],"curies":[{"name":"wp","href":"https:\/\/api.w.org\/{rel}","templated":true}]}}