{"id":2034,"date":"2020-12-02T12:04:59","date_gmt":"2020-12-02T11:04:59","guid":{"rendered":"http:\/\/fgei.ummto.dz\/?p=2034"},"modified":"2020-12-20T13:17:05","modified_gmt":"2020-12-20T12:17:05","slug":"condoleances","status":"publish","type":"post","link":"https:\/\/www.ummto.dz\/fgei\/condoleances\/","title":{"rendered":"Condol\u00e9ances"},"content":{"rendered":"<p><span style=\"color: #000000;\">Le Doyen, l\u2019ensemble des enseignants et du personnel ATS de la Facult\u00e9, profond\u00e9ment affect\u00e9s par le d\u00e9c\u00e8s de notre coll\u00e8gue HAMDANI Chabane, enseignant au d\u00e9partement d\u2019Informatique, pr\u00e9sentent leurs sinc\u00e8res condol\u00e9ances \u00e0 sa famille et l\u2019assurent en cette p\u00e9nible circonstance de leur profonde sympathie. Que Dieu accorde au d\u00e9funt sa sainte mis\u00e9ricorde et l\u2019accueille en son Vaste Paradis.<\/span><\/p>\n<p><span style=\"color: #000000;\">L\u2019enterrement se fera aujourd&rsquo;hui Mercredi 2 D\u00e9cembre 2020 au Cimeti\u00e8re du village Boudjellil, commune d\u2019Irdjen.<\/span><\/p>\n<p style=\"text-align: right;\"><span style=\"color: #000000;\">\u0625\u0646\u0651\u0627 \u0644\u0644\u0647 \u0648 \u0625\u0646\u0651\u0627 \u0625\u0644\u064a\u0647 \u0631\u0627\u062c\u0639\u0648\u0646<\/span><\/p>\n<p>&nbsp;<\/p>\n","protected":false},"excerpt":{"rendered":"<p>Le Doyen, l\u2019ensemble des enseignants et du personnel ATS de la Facult\u00e9, profond\u00e9ment affect\u00e9s par le d\u00e9c\u00e8s de notre coll\u00e8gue HAMDANI Chabane, enseignant au d\u00e9partement d\u2019Informatique, pr\u00e9sentent leurs sinc\u00e8res condol\u00e9ances \u00e0 sa famille et l\u2019assurent en cette p\u00e9nible circonstance de leur profonde sympathie. Que Dieu accorde au d\u00e9funt sa sainte mis\u00e9ricorde et l\u2019accueille en son [&hellip;]<\/p>\n","protected":false},"author":1,"featured_media":0,"comment_status":"closed","ping_status":"closed","sticky":false,"template":"","format":"standard","meta":{"_et_pb_use_builder":"","_et_pb_old_content":"","_et_gb_content_width":"","footnotes":""},"categories":[7],"tags":[],"class_list":["post-2034","post","type-post","status-publish","format-standard","hentry","category-actualite"],"yoast_head":"<!-- This site is optimized with the Yoast SEO plugin v27.3 - https:\/\/yoast.com\/product\/yoast-seo-wordpress\/ -->\n<title>Condol\u00e9ances - Facult\u00e9 du G\u00e9nie Electrique et d&#039;Informatique<\/title>\n<meta name=\"robots\" content=\"index, follow, max-snippet:-1, max-image-preview:large, max-video-preview:-1\" \/>\n<link rel=\"canonical\" href=\"https:\/\/www.ummto.dz\/fgei\/condoleances\/\" \/>\n<meta property=\"og:locale\" content=\"fr_FR\" \/>\n<meta property=\"og:type\" content=\"article\" \/>\n<meta property=\"og:title\" content=\"Condol\u00e9ances - Facult\u00e9 du G\u00e9nie Electrique et d&#039;Informatique\" \/>\n<meta property=\"og:description\" content=\"Le Doyen, l\u2019ensemble des enseignants et du personnel ATS de la Facult\u00e9, profond\u00e9ment affect\u00e9s par le d\u00e9c\u00e8s de notre coll\u00e8gue HAMDANI Chabane, enseignant au d\u00e9partement d\u2019Informatique, pr\u00e9sentent leurs sinc\u00e8res condol\u00e9ances \u00e0 sa famille et l\u2019assurent en cette p\u00e9nible circonstance de leur profonde sympathie. Que Dieu accorde au d\u00e9funt sa sainte mis\u00e9ricorde et l\u2019accueille en son [&hellip;]\" \/>\n<meta property=\"og:url\" content=\"https:\/\/www.ummto.dz\/fgei\/condoleances\/\" \/>\n<meta property=\"og:site_name\" content=\"Facult\u00e9 du G\u00e9nie Electrique et d&#039;Informatique\" \/>\n<meta property=\"article:published_time\" content=\"2020-12-02T11:04:59+00:00\" \/>\n<meta property=\"article:modified_time\" content=\"2020-12-20T12:17:05+00:00\" \/>\n<meta name=\"author\" content=\"maidi nacima\" \/>\n<meta name=\"twitter:card\" content=\"summary_large_image\" \/>\n<meta name=\"twitter:label1\" content=\"\u00c9crit par\" \/>\n\t<meta name=\"twitter:data1\" content=\"maidi nacima\" \/>\n<script type=\"application\/ld+json\" class=\"yoast-schema-graph\">{\"@context\":\"https:\\\/\\\/schema.org\",\"@graph\":[{\"@type\":\"Article\",\"@id\":\"https:\\\/\\\/www.ummto.dz\\\/fgei\\\/condoleances\\\/#article\",\"isPartOf\":{\"@id\":\"https:\\\/\\\/www.ummto.dz\\\/fgei\\\/condoleances\\\/\"},\"author\":{\"name\":\"maidi nacima\",\"@id\":\"https:\\\/\\\/www.ummto.dz\\\/fgei\\\/#\\\/schema\\\/person\\\/f0a19398acbf302f06e4a25788979a7c\"},\"headline\":\"Condol\u00e9ances\",\"datePublished\":\"2020-12-02T11:04:59+00:00\",\"dateModified\":\"2020-12-20T12:17:05+00:00\",\"mainEntityOfPage\":{\"@id\":\"https:\\\/\\\/www.ummto.dz\\\/fgei\\\/condoleances\\\/\"},\"wordCount\":93,\"articleSection\":[\"Actualit\u00e9\"],\"inLanguage\":\"fr-FR\"},{\"@type\":\"WebPage\",\"@id\":\"https:\\\/\\\/www.ummto.dz\\\/fgei\\\/condoleances\\\/\",\"url\":\"https:\\\/\\\/www.ummto.dz\\\/fgei\\\/condoleances\\\/\",\"name\":\"Condol\u00e9ances - Facult\u00e9 du G\u00e9nie Electrique et d&#039;Informatique\",\"isPartOf\":{\"@id\":\"https:\\\/\\\/www.ummto.dz\\\/fgei\\\/#website\"},\"datePublished\":\"2020-12-02T11:04:59+00:00\",\"dateModified\":\"2020-12-20T12:17:05+00:00\",\"author\":{\"@id\":\"https:\\\/\\\/www.ummto.dz\\\/fgei\\\/#\\\/schema\\\/person\\\/f0a19398acbf302f06e4a25788979a7c\"},\"breadcrumb\":{\"@id\":\"https:\\\/\\\/www.ummto.dz\\\/fgei\\\/condoleances\\\/#breadcrumb\"},\"inLanguage\":\"fr-FR\",\"potentialAction\":[{\"@type\":\"ReadAction\",\"target\":[\"https:\\\/\\\/www.ummto.dz\\\/fgei\\\/condoleances\\\/\"]}]},{\"@type\":\"BreadcrumbList\",\"@id\":\"https:\\\/\\\/www.ummto.dz\\\/fgei\\\/condoleances\\\/#breadcrumb\",\"itemListElement\":[{\"@type\":\"ListItem\",\"position\":1,\"name\":\"Accueil\",\"item\":\"https:\\\/\\\/www.ummto.dz\\\/fgei\\\/\"},{\"@type\":\"ListItem\",\"position\":2,\"name\":\"Condol\u00e9ances\"}]},{\"@type\":\"WebSite\",\"@id\":\"https:\\\/\\\/www.ummto.dz\\\/fgei\\\/#website\",\"url\":\"https:\\\/\\\/www.ummto.dz\\\/fgei\\\/\",\"name\":\"Facult\u00e9 du G\u00e9nie Electrique et d&#039;Informatique\",\"description\":\"UMMTO\",\"potentialAction\":[{\"@type\":\"SearchAction\",\"target\":{\"@type\":\"EntryPoint\",\"urlTemplate\":\"https:\\\/\\\/www.ummto.dz\\\/fgei\\\/?s={search_term_string}\"},\"query-input\":{\"@type\":\"PropertyValueSpecification\",\"valueRequired\":true,\"valueName\":\"search_term_string\"}}],\"inLanguage\":\"fr-FR\"},{\"@type\":\"Person\",\"@id\":\"https:\\\/\\\/www.ummto.dz\\\/fgei\\\/#\\\/schema\\\/person\\\/f0a19398acbf302f06e4a25788979a7c\",\"name\":\"maidi nacima\",\"url\":\"https:\\\/\\\/www.ummto.dz\\\/fgei\\\/author\\\/maidi-nacima\\\/\"}]}<\/script>\n<!-- \/ Yoast SEO plugin. -->","yoast_head_json":{"title":"Condol\u00e9ances - Facult\u00e9 du G\u00e9nie Electrique et d&#039;Informatique","robots":{"index":"index","follow":"follow","max-snippet":"max-snippet:-1","max-image-preview":"max-image-preview:large","max-video-preview":"max-video-preview:-1"},"canonical":"https:\/\/www.ummto.dz\/fgei\/condoleances\/","og_locale":"fr_FR","og_type":"article","og_title":"Condol\u00e9ances - Facult\u00e9 du G\u00e9nie Electrique et d&#039;Informatique","og_description":"Le Doyen, l\u2019ensemble des enseignants et du personnel ATS de la Facult\u00e9, profond\u00e9ment affect\u00e9s par le d\u00e9c\u00e8s de notre coll\u00e8gue HAMDANI Chabane, enseignant au d\u00e9partement d\u2019Informatique, pr\u00e9sentent leurs sinc\u00e8res condol\u00e9ances \u00e0 sa famille et l\u2019assurent en cette p\u00e9nible circonstance de leur profonde sympathie. Que Dieu accorde au d\u00e9funt sa sainte mis\u00e9ricorde et l\u2019accueille en son [&hellip;]","og_url":"https:\/\/www.ummto.dz\/fgei\/condoleances\/","og_site_name":"Facult\u00e9 du G\u00e9nie Electrique et d&#039;Informatique","article_published_time":"2020-12-02T11:04:59+00:00","article_modified_time":"2020-12-20T12:17:05+00:00","author":"maidi nacima","twitter_card":"summary_large_image","twitter_misc":{"\u00c9crit par":"maidi nacima"},"schema":{"@context":"https:\/\/schema.org","@graph":[{"@type":"Article","@id":"https:\/\/www.ummto.dz\/fgei\/condoleances\/#article","isPartOf":{"@id":"https:\/\/www.ummto.dz\/fgei\/condoleances\/"},"author":{"name":"maidi nacima","@id":"https:\/\/www.ummto.dz\/fgei\/#\/schema\/person\/f0a19398acbf302f06e4a25788979a7c"},"headline":"Condol\u00e9ances","datePublished":"2020-12-02T11:04:59+00:00","dateModified":"2020-12-20T12:17:05+00:00","mainEntityOfPage":{"@id":"https:\/\/www.ummto.dz\/fgei\/condoleances\/"},"wordCount":93,"articleSection":["Actualit\u00e9"],"inLanguage":"fr-FR"},{"@type":"WebPage","@id":"https:\/\/www.ummto.dz\/fgei\/condoleances\/","url":"https:\/\/www.ummto.dz\/fgei\/condoleances\/","name":"Condol\u00e9ances - Facult\u00e9 du G\u00e9nie Electrique et d&#039;Informatique","isPartOf":{"@id":"https:\/\/www.ummto.dz\/fgei\/#website"},"datePublished":"2020-12-02T11:04:59+00:00","dateModified":"2020-12-20T12:17:05+00:00","author":{"@id":"https:\/\/www.ummto.dz\/fgei\/#\/schema\/person\/f0a19398acbf302f06e4a25788979a7c"},"breadcrumb":{"@id":"https:\/\/www.ummto.dz\/fgei\/condoleances\/#breadcrumb"},"inLanguage":"fr-FR","potentialAction":[{"@type":"ReadAction","target":["https:\/\/www.ummto.dz\/fgei\/condoleances\/"]}]},{"@type":"BreadcrumbList","@id":"https:\/\/www.ummto.dz\/fgei\/condoleances\/#breadcrumb","itemListElement":[{"@type":"ListItem","position":1,"name":"Accueil","item":"https:\/\/www.ummto.dz\/fgei\/"},{"@type":"ListItem","position":2,"name":"Condol\u00e9ances"}]},{"@type":"WebSite","@id":"https:\/\/www.ummto.dz\/fgei\/#website","url":"https:\/\/www.ummto.dz\/fgei\/","name":"Facult\u00e9 du G\u00e9nie Electrique et d&#039;Informatique","description":"UMMTO","potentialAction":[{"@type":"SearchAction","target":{"@type":"EntryPoint","urlTemplate":"https:\/\/www.ummto.dz\/fgei\/?s={search_term_string}"},"query-input":{"@type":"PropertyValueSpecification","valueRequired":true,"valueName":"search_term_string"}}],"inLanguage":"fr-FR"},{"@type":"Person","@id":"https:\/\/www.ummto.dz\/fgei\/#\/schema\/person\/f0a19398acbf302f06e4a25788979a7c","name":"maidi nacima","url":"https:\/\/www.ummto.dz\/fgei\/author\/maidi-nacima\/"}]}},"_links":{"self":[{"href":"https:\/\/www.ummto.dz\/fgei\/wp-json\/wp\/v2\/posts\/2034","targetHints":{"allow":["GET"]}}],"collection":[{"href":"https:\/\/www.ummto.dz\/fgei\/wp-json\/wp\/v2\/posts"}],"about":[{"href":"https:\/\/www.ummto.dz\/fgei\/wp-json\/wp\/v2\/types\/post"}],"author":[{"embeddable":true,"href":"https:\/\/www.ummto.dz\/fgei\/wp-json\/wp\/v2\/users\/1"}],"replies":[{"embeddable":true,"href":"https:\/\/www.ummto.dz\/fgei\/wp-json\/wp\/v2\/comments?post=2034"}],"version-history":[{"count":4,"href":"https:\/\/www.ummto.dz\/fgei\/wp-json\/wp\/v2\/posts\/2034\/revisions"}],"predecessor-version":[{"id":2176,"href":"https:\/\/www.ummto.dz\/fgei\/wp-json\/wp\/v2\/posts\/2034\/revisions\/2176"}],"wp:attachment":[{"href":"https:\/\/www.ummto.dz\/fgei\/wp-json\/wp\/v2\/media?parent=2034"}],"wp:term":[{"taxonomy":"category","embeddable":true,"href":"https:\/\/www.ummto.dz\/fgei\/wp-json\/wp\/v2\/categories?post=2034"},{"taxonomy":"post_tag","embeddable":true,"href":"https:\/\/www.ummto.dz\/fgei\/wp-json\/wp\/v2\/tags?post=2034"}],"curies":[{"name":"wp","href":"https:\/\/api.w.org\/{rel}","templated":true}]}}