{"id":2398,"date":"2021-07-22T11:58:19","date_gmt":"2021-07-22T09:58:19","guid":{"rendered":"http:\/\/fgei.ummto.dz\/?p=2398"},"modified":"2021-11-30T14:23:53","modified_gmt":"2021-11-30T13:23:53","slug":"remerciements","status":"publish","type":"post","link":"https:\/\/www.ummto.dz\/fgei\/remerciements\/","title":{"rendered":"Remerciements"},"content":{"rendered":"\n[et_pb_section fb_built=\u00a0\u00bb1&Prime; admin_label=\u00a0\u00bbsection\u00a0\u00bb _builder_version=\u00a0\u00bb3.22&Prime; global_colors_info=\u00a0\u00bb{}\u00a0\u00bb theme_builder_area=\u00a0\u00bbpost_content\u00a0\u00bb][et_pb_row admin_label=\u00a0\u00bbrow\u00a0\u00bb _builder_version=\u00a0\u00bb4.14.1&Prime; background_size=\u00a0\u00bbinitial\u00a0\u00bb background_position=\u00a0\u00bbtop_left\u00a0\u00bb background_repeat=\u00a0\u00bbrepeat\u00a0\u00bb hover_enabled=\u00a0\u00bb0&Prime; global_colors_info=\u00a0\u00bb{}\u00a0\u00bb theme_builder_area=\u00a0\u00bbpost_content\u00a0\u00bb custom_margin=\u00a0\u00bb0px|auto||auto|false|false\u00a0\u00bb custom_padding=\u00a0\u00bb0px||||false|false\u00a0\u00bb sticky_enabled=\u00a0\u00bb0&Prime;][et_pb_column type=\u00a0\u00bb4_4&Prime; _builder_version=\u00a0\u00bb3.25&Prime; custom_padding=\u00a0\u00bb|||\u00a0\u00bb global_colors_info=\u00a0\u00bb{}\u00a0\u00bb custom_padding__hover=\u00a0\u00bb|||\u00a0\u00bb theme_builder_area=\u00a0\u00bbpost_content\u00a0\u00bb][et_pb_text admin_label=\u00a0\u00bbText\u00a0\u00bb _builder_version=\u00a0\u00bb3.27.4&Prime; background_size=\u00a0\u00bbinitial\u00a0\u00bb background_position=\u00a0\u00bbtop_left\u00a0\u00bb background_repeat=\u00a0\u00bbrepeat\u00a0\u00bb global_colors_info=\u00a0\u00bb{}\u00a0\u00bb theme_builder_area=\u00a0\u00bbpost_content\u00a0\u00bb]<p style=\"text-align: justify;\"><span style=\"color: #000000;\">C\u2019est une ann\u00e9e de travail particuli\u00e8rement difficile qui s\u2019ach\u00e8ve. Nous tenons, aujourd\u2019hui, \u00e0 remercier toute la communaut\u00e9 universitaire de la Facult\u00e9 de G\u00e9nie Electrique et d\u2019Informatique pour les efforts consentis et l\u2019engagement dont ils ont fait preuve. C\u2019est gr\u00e2ce \u00e0 vous tous que nous avons r\u00e9ussi \u00e0 assurer la continuit\u00e9 de l\u2019activit\u00e9 p\u00e9dagogique durant cette ann\u00e9e marqu\u00e9e par la pand\u00e9mie de la COVID 19.<\/span><\/p>\n<p style=\"text-align: justify;\"><span style=\"color: #000000;\">Nous tenons \u00e0 exprimer notre reconnaissance \u00e0 nos coll\u00e8gues enseignants pour leur engagement ind\u00e9fectible.Vous avez r\u00e9ussi \u00e0 transmettre vos connaissances malgr\u00e9 les conditions de travail qui \u00e9taient souvent difficiles. L\u2019implication de chacun d\u2019entre vous permettra, nous en sommes persuad\u00e9s, \u00e0 am\u00e9liorer davantage la qualit\u00e9 des enseignements que nous dispensons et redonner aux dipl\u00f4mes d\u00e9livr\u00e9s par notre Facult\u00e9 la place qui est la leur \u00e0 l\u2019\u00e9chelle nationale et pourquoi pas internationale.<\/span><\/p>\n<p style=\"text-align: justify;\"><span style=\"color: #000000;\">Nos remerciements vont aussi \u00e0 nos \u00e9quipes de recherches qui ont travaill\u00e9 \u00e0 produire sans interruptions de nouvelles connaissances et \u00e0 faire aboutir des th\u00e8ses de doctorat et des Habilitations universitaires.<\/span><\/p>\n<p style=\"text-align: justify;\"><span style=\"color: #000000;\">Nous tenons aussi \u00e0 remercier nos \u00e9tudiants pour leur pers\u00e9v\u00e9rance dans leurs \u00e9tudes et leur adh\u00e9sion \u00e0 la feuille de route que nous avons \u00e9tablie, malgr\u00e9 des conditions sanitaires des plus restrictives.<\/span><\/p>\n<p style=\"text-align: justify;\"><span style=\"color: #000000;\">Notre gratitude va \u00e9galement aux administratifs, aux personnels de soutien et \u00e0 notre cellule d\u2019entretien pour le travail assidu qu\u2019ils ont fourni en faveur de nos \u00e9tudiants et de nos enseignants-chercheurs. La t\u00e2che n\u2019a pas \u00e9t\u00e9 facile car souvent r\u00e9alis\u00e9e dans conditions d\u00e9favorables. Le travail en \u00e9quipe, la rigueur et la num\u00e9risation permettront, dans un avenir proche, nous en sommes s\u00fbrs, d\u2019am\u00e9liorer la qualit\u00e9 du service public que nous d\u00e9livrons.<\/span><\/p>\n<p style=\"text-align: justify;\"><span style=\"color: #000000;\">Nos f\u00e9licitations les plus sinc\u00e8res vont aux coll\u00e8gues enseignants qui ont \u00e9t\u00e9 promus Professeurs des Universit\u00e9s et Maitres de Conf\u00e9rences classe A. En dernier lieu, nous tenons \u00e0 f\u00e9liciter les doctorants qui ont soutenu leur th\u00e8se de doctorat.<\/span><\/p>\n<p style=\"text-align: justify;\"><span style=\"color: #000000;\">L\u2019\u00e9quipe de direction de la Facult\u00e9<\/span><\/p>[\/et_pb_text][\/et_pb_column][\/et_pb_row][\/et_pb_section]\n","protected":false},"excerpt":{"rendered":"<p>C\u2019est une ann\u00e9e de travail particuli\u00e8rement difficile qui s\u2019ach\u00e8ve. Nous tenons, aujourd\u2019hui, \u00e0 remercier toute la communaut\u00e9 universitaire de la Facult\u00e9 de G\u00e9nie Electrique et d\u2019Informatique pour les efforts consentis et l\u2019engagement dont ils ont fait preuve. C\u2019est gr\u00e2ce \u00e0 vous tous que nous avons r\u00e9ussi \u00e0 assurer la continuit\u00e9 de l\u2019activit\u00e9 p\u00e9dagogique durant cette [&hellip;]<\/p>\n","protected":false},"author":1,"featured_media":3742,"comment_status":"closed","ping_status":"closed","sticky":false,"template":"","format":"standard","meta":{"_et_pb_use_builder":"on","_et_pb_old_content":"<span style=\"color: #000000;\">C\u2019est une ann\u00e9e de travail particuli\u00e8rement difficile qui s\u2019ach\u00e8ve. Nous tenons, aujourd\u2019hui, \u00e0 remercier toute la communaut\u00e9 universitaire de la Facult\u00e9 de G\u00e9nie Electrique et d\u2019Informatique pour les efforts consentis et l\u2019engagement dont ils ont fait preuve. C\u2019est gr\u00e2ce \u00e0 vous tous que nous avons r\u00e9ussi \u00e0 assurer la continuit\u00e9 de l\u2019activit\u00e9 p\u00e9dagogique durant cette ann\u00e9e marqu\u00e9e par la pand\u00e9mie de la COVID 19.<\/span>\r\n\r\n<span style=\"color: #000000;\">Nous tenons \u00e0 exprimer notre reconnaissance \u00e0 nos coll\u00e8gues enseignants pour leur engagement ind\u00e9fectible.Vous avez r\u00e9ussi \u00e0 transmettre vos connaissances malgr\u00e9 les conditions de travail qui \u00e9taient souvent difficiles. L\u2019implication de chacun d\u2019entre vous permettra, nous en sommes persuad\u00e9s, \u00e0 am\u00e9liorer davantage la qualit\u00e9 des enseignements que nous dispensons et redonner aux dipl\u00f4mes d\u00e9livr\u00e9s par notre Facult\u00e9 la place qui est la leur \u00e0 l\u2019\u00e9chelle nationale et pourquoi pas internationale.<\/span>\r\n\r\n<span style=\"color: #000000;\">Nos remerciements vont aussi \u00e0 nos \u00e9quipes de recherches qui ont travaill\u00e9 \u00e0 produire sans interruptions de nouvelles connaissances et \u00e0 faire aboutir des th\u00e8ses de doctorat et des Habilitations universitaires.<\/span>\r\n\r\n<span style=\"color: #000000;\">Nous tenons aussi \u00e0 remercier nos \u00e9tudiants pour leur pers\u00e9v\u00e9rance dans leurs \u00e9tudes et leur adh\u00e9sion \u00e0 la feuille de route que nous avons \u00e9tablie, malgr\u00e9 des conditions sanitaires des plus restrictives.<\/span>\r\n\r\n<span style=\"color: #000000;\">Notre gratitude va \u00e9galement aux administratifs, aux personnels de soutien et \u00e0 notre cellule d\u2019entretien pour le travail assidu qu\u2019ils ont fourni en faveur de nos \u00e9tudiants et de nos enseignants-chercheurs. La t\u00e2che n\u2019a pas \u00e9t\u00e9 facile car souvent r\u00e9alis\u00e9e dans conditions d\u00e9favorables. Le travail en \u00e9quipe, la rigueur et la num\u00e9risation permettront, dans un avenir proche, nous en sommes s\u00fbrs, d\u2019am\u00e9liorer la qualit\u00e9 du service public que nous d\u00e9livrons.<\/span>\r\n\r\n<span style=\"color: #000000;\">Nos f\u00e9licitations les plus sinc\u00e8res vont aux coll\u00e8gues enseignants qui ont \u00e9t\u00e9 promus Professeurs des Universit\u00e9s et Maitres de Conf\u00e9rences classe A. En dernier lieu, nous tenons \u00e0 f\u00e9liciter les doctorants qui ont soutenu leur th\u00e8se de doctorat.<\/span>\r\n<p style=\"text-align: right;\"><span style=\"color: #000000;\">L\u2019\u00e9quipe de direction de la Facult\u00e9<\/span><\/p>","_et_gb_content_width":"","footnotes":""},"categories":[7],"tags":[],"class_list":["post-2398","post","type-post","status-publish","format-standard","has-post-thumbnail","hentry","category-actualite"],"yoast_head":"<!-- This site is optimized with the Yoast SEO plugin v27.3 - https:\/\/yoast.com\/product\/yoast-seo-wordpress\/ -->\n<title>Remerciements - Facult\u00e9 du G\u00e9nie Electrique et d&#039;Informatique<\/title>\n<meta name=\"robots\" content=\"index, follow, max-snippet:-1, max-image-preview:large, max-video-preview:-1\" \/>\n<link rel=\"canonical\" href=\"https:\/\/www.ummto.dz\/fgei\/remerciements\/\" \/>\n<meta property=\"og:locale\" content=\"fr_FR\" \/>\n<meta property=\"og:type\" content=\"article\" \/>\n<meta property=\"og:title\" content=\"Remerciements - Facult\u00e9 du G\u00e9nie Electrique et d&#039;Informatique\" \/>\n<meta property=\"og:description\" content=\"C\u2019est une ann\u00e9e de travail particuli\u00e8rement difficile qui s\u2019ach\u00e8ve. Nous tenons, aujourd\u2019hui, \u00e0 remercier toute la communaut\u00e9 universitaire de la Facult\u00e9 de G\u00e9nie Electrique et d\u2019Informatique pour les efforts consentis et l\u2019engagement dont ils ont fait preuve. C\u2019est gr\u00e2ce \u00e0 vous tous que nous avons r\u00e9ussi \u00e0 assurer la continuit\u00e9 de l\u2019activit\u00e9 p\u00e9dagogique durant cette [&hellip;]\" \/>\n<meta property=\"og:url\" content=\"https:\/\/www.ummto.dz\/fgei\/remerciements\/\" \/>\n<meta property=\"og:site_name\" content=\"Facult\u00e9 du G\u00e9nie Electrique et d&#039;Informatique\" \/>\n<meta property=\"article:published_time\" content=\"2021-07-22T09:58:19+00:00\" \/>\n<meta property=\"article:modified_time\" content=\"2021-11-30T13:23:53+00:00\" \/>\n<meta property=\"og:image\" content=\"https:\/\/www.ummto.dz\/fgei\/wp-content\/uploads\/2021\/11\/Avis.webp\" \/>\n\t<meta property=\"og:image:width\" content=\"250\" \/>\n\t<meta property=\"og:image:height\" content=\"250\" \/>\n\t<meta property=\"og:image:type\" content=\"image\/webp\" \/>\n<meta name=\"author\" content=\"maidi nacima\" \/>\n<meta name=\"twitter:card\" content=\"summary_large_image\" \/>\n<meta name=\"twitter:label1\" content=\"\u00c9crit par\" \/>\n\t<meta name=\"twitter:data1\" content=\"maidi nacima\" \/>\n\t<meta name=\"twitter:label2\" content=\"Dur\u00e9e de lecture estim\u00e9e\" \/>\n\t<meta name=\"twitter:data2\" content=\"2 minutes\" \/>\n<script type=\"application\/ld+json\" class=\"yoast-schema-graph\">{\"@context\":\"https:\\\/\\\/schema.org\",\"@graph\":[{\"@type\":\"Article\",\"@id\":\"https:\\\/\\\/www.ummto.dz\\\/fgei\\\/remerciements\\\/#article\",\"isPartOf\":{\"@id\":\"https:\\\/\\\/www.ummto.dz\\\/fgei\\\/remerciements\\\/\"},\"author\":{\"name\":\"maidi nacima\",\"@id\":\"https:\\\/\\\/www.ummto.dz\\\/fgei\\\/#\\\/schema\\\/person\\\/f0a19398acbf302f06e4a25788979a7c\"},\"headline\":\"Remerciements\",\"datePublished\":\"2021-07-22T09:58:19+00:00\",\"dateModified\":\"2021-11-30T13:23:53+00:00\",\"mainEntityOfPage\":{\"@id\":\"https:\\\/\\\/www.ummto.dz\\\/fgei\\\/remerciements\\\/\"},\"wordCount\":466,\"image\":{\"@id\":\"https:\\\/\\\/www.ummto.dz\\\/fgei\\\/remerciements\\\/#primaryimage\"},\"thumbnailUrl\":\"https:\\\/\\\/www.ummto.dz\\\/fgei\\\/wp-content\\\/uploads\\\/2021\\\/11\\\/Avis.webp\",\"articleSection\":[\"Actualit\u00e9\"],\"inLanguage\":\"fr-FR\"},{\"@type\":\"WebPage\",\"@id\":\"https:\\\/\\\/www.ummto.dz\\\/fgei\\\/remerciements\\\/\",\"url\":\"https:\\\/\\\/www.ummto.dz\\\/fgei\\\/remerciements\\\/\",\"name\":\"Remerciements - Facult\u00e9 du G\u00e9nie Electrique et d&#039;Informatique\",\"isPartOf\":{\"@id\":\"https:\\\/\\\/www.ummto.dz\\\/fgei\\\/#website\"},\"primaryImageOfPage\":{\"@id\":\"https:\\\/\\\/www.ummto.dz\\\/fgei\\\/remerciements\\\/#primaryimage\"},\"image\":{\"@id\":\"https:\\\/\\\/www.ummto.dz\\\/fgei\\\/remerciements\\\/#primaryimage\"},\"thumbnailUrl\":\"https:\\\/\\\/www.ummto.dz\\\/fgei\\\/wp-content\\\/uploads\\\/2021\\\/11\\\/Avis.webp\",\"datePublished\":\"2021-07-22T09:58:19+00:00\",\"dateModified\":\"2021-11-30T13:23:53+00:00\",\"author\":{\"@id\":\"https:\\\/\\\/www.ummto.dz\\\/fgei\\\/#\\\/schema\\\/person\\\/f0a19398acbf302f06e4a25788979a7c\"},\"breadcrumb\":{\"@id\":\"https:\\\/\\\/www.ummto.dz\\\/fgei\\\/remerciements\\\/#breadcrumb\"},\"inLanguage\":\"fr-FR\",\"potentialAction\":[{\"@type\":\"ReadAction\",\"target\":[\"https:\\\/\\\/www.ummto.dz\\\/fgei\\\/remerciements\\\/\"]}]},{\"@type\":\"ImageObject\",\"inLanguage\":\"fr-FR\",\"@id\":\"https:\\\/\\\/www.ummto.dz\\\/fgei\\\/remerciements\\\/#primaryimage\",\"url\":\"https:\\\/\\\/www.ummto.dz\\\/fgei\\\/wp-content\\\/uploads\\\/2021\\\/11\\\/Avis.webp\",\"contentUrl\":\"https:\\\/\\\/www.ummto.dz\\\/fgei\\\/wp-content\\\/uploads\\\/2021\\\/11\\\/Avis.webp\",\"width\":250,\"height\":250,\"caption\":\"Avis\"},{\"@type\":\"BreadcrumbList\",\"@id\":\"https:\\\/\\\/www.ummto.dz\\\/fgei\\\/remerciements\\\/#breadcrumb\",\"itemListElement\":[{\"@type\":\"ListItem\",\"position\":1,\"name\":\"Accueil\",\"item\":\"https:\\\/\\\/www.ummto.dz\\\/fgei\\\/\"},{\"@type\":\"ListItem\",\"position\":2,\"name\":\"Remerciements\"}]},{\"@type\":\"WebSite\",\"@id\":\"https:\\\/\\\/www.ummto.dz\\\/fgei\\\/#website\",\"url\":\"https:\\\/\\\/www.ummto.dz\\\/fgei\\\/\",\"name\":\"Facult\u00e9 du G\u00e9nie Electrique et d&#039;Informatique\",\"description\":\"UMMTO\",\"potentialAction\":[{\"@type\":\"SearchAction\",\"target\":{\"@type\":\"EntryPoint\",\"urlTemplate\":\"https:\\\/\\\/www.ummto.dz\\\/fgei\\\/?s={search_term_string}\"},\"query-input\":{\"@type\":\"PropertyValueSpecification\",\"valueRequired\":true,\"valueName\":\"search_term_string\"}}],\"inLanguage\":\"fr-FR\"},{\"@type\":\"Person\",\"@id\":\"https:\\\/\\\/www.ummto.dz\\\/fgei\\\/#\\\/schema\\\/person\\\/f0a19398acbf302f06e4a25788979a7c\",\"name\":\"maidi nacima\",\"url\":\"https:\\\/\\\/www.ummto.dz\\\/fgei\\\/author\\\/maidi-nacima\\\/\"}]}<\/script>\n<!-- \/ Yoast SEO plugin. -->","yoast_head_json":{"title":"Remerciements - Facult\u00e9 du G\u00e9nie Electrique et d&#039;Informatique","robots":{"index":"index","follow":"follow","max-snippet":"max-snippet:-1","max-image-preview":"max-image-preview:large","max-video-preview":"max-video-preview:-1"},"canonical":"https:\/\/www.ummto.dz\/fgei\/remerciements\/","og_locale":"fr_FR","og_type":"article","og_title":"Remerciements - Facult\u00e9 du G\u00e9nie Electrique et d&#039;Informatique","og_description":"C\u2019est une ann\u00e9e de travail particuli\u00e8rement difficile qui s\u2019ach\u00e8ve. Nous tenons, aujourd\u2019hui, \u00e0 remercier toute la communaut\u00e9 universitaire de la Facult\u00e9 de G\u00e9nie Electrique et d\u2019Informatique pour les efforts consentis et l\u2019engagement dont ils ont fait preuve. C\u2019est gr\u00e2ce \u00e0 vous tous que nous avons r\u00e9ussi \u00e0 assurer la continuit\u00e9 de l\u2019activit\u00e9 p\u00e9dagogique durant cette [&hellip;]","og_url":"https:\/\/www.ummto.dz\/fgei\/remerciements\/","og_site_name":"Facult\u00e9 du G\u00e9nie Electrique et d&#039;Informatique","article_published_time":"2021-07-22T09:58:19+00:00","article_modified_time":"2021-11-30T13:23:53+00:00","og_image":[{"width":250,"height":250,"url":"https:\/\/www.ummto.dz\/fgei\/wp-content\/uploads\/2021\/11\/Avis.webp","type":"image\/webp"}],"author":"maidi nacima","twitter_card":"summary_large_image","twitter_misc":{"\u00c9crit par":"maidi nacima","Dur\u00e9e de lecture estim\u00e9e":"2 minutes"},"schema":{"@context":"https:\/\/schema.org","@graph":[{"@type":"Article","@id":"https:\/\/www.ummto.dz\/fgei\/remerciements\/#article","isPartOf":{"@id":"https:\/\/www.ummto.dz\/fgei\/remerciements\/"},"author":{"name":"maidi nacima","@id":"https:\/\/www.ummto.dz\/fgei\/#\/schema\/person\/f0a19398acbf302f06e4a25788979a7c"},"headline":"Remerciements","datePublished":"2021-07-22T09:58:19+00:00","dateModified":"2021-11-30T13:23:53+00:00","mainEntityOfPage":{"@id":"https:\/\/www.ummto.dz\/fgei\/remerciements\/"},"wordCount":466,"image":{"@id":"https:\/\/www.ummto.dz\/fgei\/remerciements\/#primaryimage"},"thumbnailUrl":"https:\/\/www.ummto.dz\/fgei\/wp-content\/uploads\/2021\/11\/Avis.webp","articleSection":["Actualit\u00e9"],"inLanguage":"fr-FR"},{"@type":"WebPage","@id":"https:\/\/www.ummto.dz\/fgei\/remerciements\/","url":"https:\/\/www.ummto.dz\/fgei\/remerciements\/","name":"Remerciements - Facult\u00e9 du G\u00e9nie Electrique et d&#039;Informatique","isPartOf":{"@id":"https:\/\/www.ummto.dz\/fgei\/#website"},"primaryImageOfPage":{"@id":"https:\/\/www.ummto.dz\/fgei\/remerciements\/#primaryimage"},"image":{"@id":"https:\/\/www.ummto.dz\/fgei\/remerciements\/#primaryimage"},"thumbnailUrl":"https:\/\/www.ummto.dz\/fgei\/wp-content\/uploads\/2021\/11\/Avis.webp","datePublished":"2021-07-22T09:58:19+00:00","dateModified":"2021-11-30T13:23:53+00:00","author":{"@id":"https:\/\/www.ummto.dz\/fgei\/#\/schema\/person\/f0a19398acbf302f06e4a25788979a7c"},"breadcrumb":{"@id":"https:\/\/www.ummto.dz\/fgei\/remerciements\/#breadcrumb"},"inLanguage":"fr-FR","potentialAction":[{"@type":"ReadAction","target":["https:\/\/www.ummto.dz\/fgei\/remerciements\/"]}]},{"@type":"ImageObject","inLanguage":"fr-FR","@id":"https:\/\/www.ummto.dz\/fgei\/remerciements\/#primaryimage","url":"https:\/\/www.ummto.dz\/fgei\/wp-content\/uploads\/2021\/11\/Avis.webp","contentUrl":"https:\/\/www.ummto.dz\/fgei\/wp-content\/uploads\/2021\/11\/Avis.webp","width":250,"height":250,"caption":"Avis"},{"@type":"BreadcrumbList","@id":"https:\/\/www.ummto.dz\/fgei\/remerciements\/#breadcrumb","itemListElement":[{"@type":"ListItem","position":1,"name":"Accueil","item":"https:\/\/www.ummto.dz\/fgei\/"},{"@type":"ListItem","position":2,"name":"Remerciements"}]},{"@type":"WebSite","@id":"https:\/\/www.ummto.dz\/fgei\/#website","url":"https:\/\/www.ummto.dz\/fgei\/","name":"Facult\u00e9 du G\u00e9nie Electrique et d&#039;Informatique","description":"UMMTO","potentialAction":[{"@type":"SearchAction","target":{"@type":"EntryPoint","urlTemplate":"https:\/\/www.ummto.dz\/fgei\/?s={search_term_string}"},"query-input":{"@type":"PropertyValueSpecification","valueRequired":true,"valueName":"search_term_string"}}],"inLanguage":"fr-FR"},{"@type":"Person","@id":"https:\/\/www.ummto.dz\/fgei\/#\/schema\/person\/f0a19398acbf302f06e4a25788979a7c","name":"maidi nacima","url":"https:\/\/www.ummto.dz\/fgei\/author\/maidi-nacima\/"}]}},"_links":{"self":[{"href":"https:\/\/www.ummto.dz\/fgei\/wp-json\/wp\/v2\/posts\/2398","targetHints":{"allow":["GET"]}}],"collection":[{"href":"https:\/\/www.ummto.dz\/fgei\/wp-json\/wp\/v2\/posts"}],"about":[{"href":"https:\/\/www.ummto.dz\/fgei\/wp-json\/wp\/v2\/types\/post"}],"author":[{"embeddable":true,"href":"https:\/\/www.ummto.dz\/fgei\/wp-json\/wp\/v2\/users\/1"}],"replies":[{"embeddable":true,"href":"https:\/\/www.ummto.dz\/fgei\/wp-json\/wp\/v2\/comments?post=2398"}],"version-history":[{"count":9,"href":"https:\/\/www.ummto.dz\/fgei\/wp-json\/wp\/v2\/posts\/2398\/revisions"}],"predecessor-version":[{"id":3845,"href":"https:\/\/www.ummto.dz\/fgei\/wp-json\/wp\/v2\/posts\/2398\/revisions\/3845"}],"wp:featuredmedia":[{"embeddable":true,"href":"https:\/\/www.ummto.dz\/fgei\/wp-json\/wp\/v2\/media\/3742"}],"wp:attachment":[{"href":"https:\/\/www.ummto.dz\/fgei\/wp-json\/wp\/v2\/media?parent=2398"}],"wp:term":[{"taxonomy":"category","embeddable":true,"href":"https:\/\/www.ummto.dz\/fgei\/wp-json\/wp\/v2\/categories?post=2398"},{"taxonomy":"post_tag","embeddable":true,"href":"https:\/\/www.ummto.dz\/fgei\/wp-json\/wp\/v2\/tags?post=2398"}],"curies":[{"name":"wp","href":"https:\/\/api.w.org\/{rel}","templated":true}]}}