{"id":630,"date":"2018-09-12T12:36:00","date_gmt":"2018-09-12T10:36:00","guid":{"rendered":"http:\/\/fgei.ummto.dz\/?p=630"},"modified":"2018-09-12T14:05:23","modified_gmt":"2018-09-12T12:05:23","slug":"prolongation-des-inscriptions-en-master-1-des-etudiants-retardataires-au-titre-de-lannee-universitaire-2018-2019","status":"publish","type":"post","link":"https:\/\/www.ummto.dz\/fgei\/prolongation-des-inscriptions-en-master-1-des-etudiants-retardataires-au-titre-de-lannee-universitaire-2018-2019\/","title":{"rendered":"Prolongation des Inscriptions en Master 1 des \u00e9tudiants retardataires au titre de l\u2019ann\u00e9e universitaire 2018\/2019"},"content":{"rendered":"<p><span style=\"font-size: medium;\"><b><span style=\"color: #000000;\"><span style=\"font-size: large;\"><span style=\"font-family: Times New Roman, serif;\"><img decoding=\"async\" class=\"size-thumbnail wp-image-652 alignright\" src=\"http:\/\/fgei.ummto.dz\/wp-content\/uploads\/2018\/09\/inform-320x320-150x150.jpg\" alt=\"\" width=\"150\" height=\"150\" srcset=\"https:\/\/www.ummto.dz\/fgei\/wp-content\/uploads\/2018\/09\/inform-320x320-150x150.jpg 150w, https:\/\/www.ummto.dz\/fgei\/wp-content\/uploads\/2018\/09\/inform-320x320-300x300.jpg 300w, https:\/\/www.ummto.dz\/fgei\/wp-content\/uploads\/2018\/09\/inform-320x320-160x160.jpg 160w, https:\/\/www.ummto.dz\/fgei\/wp-content\/uploads\/2018\/09\/inform-320x320.jpg 320w\" sizes=\"(max-width: 150px) 100vw, 150px\" \/><\/span><\/span><\/span><\/b><\/span><\/p>\n<p>&nbsp;<\/p>\n<p><span style=\"font-size: medium;\"><b><span style=\"color: #000000;\"><span style=\"font-size: large;\"><span style=\"font-family: Times New Roman, serif;\">Il est port\u00e9 \u00e0 la connaissance des \u00e9tudiants retardataires que la plateforme pour la premi\u00e8re inscription en Master 1 est ouverte du\u00a0<\/span><\/span><\/span><\/b><span style=\"color: #000000;\"><b><span style=\"color: #ff0000;\"><span style=\"font-size: large;\">07\u00a0au 15 septembre 2018.<\/span><\/span><\/b><\/span><\/span><\/p>\n","protected":false},"excerpt":{"rendered":"<p>&nbsp; Il est port\u00e9 \u00e0 la connaissance des \u00e9tudiants retardataires que la plateforme pour la premi\u00e8re inscription en Master 1 est ouverte du\u00a007\u00a0au 15 septembre 2018.<\/p>\n","protected":false},"author":1,"featured_media":652,"comment_status":"closed","ping_status":"closed","sticky":false,"template":"","format":"standard","meta":{"_et_pb_use_builder":"","_et_pb_old_content":"","_et_gb_content_width":"","footnotes":""},"categories":[7],"tags":[],"class_list":["post-630","post","type-post","status-publish","format-standard","has-post-thumbnail","hentry","category-actualite"],"yoast_head":"<!-- This site is optimized with the Yoast SEO plugin v27.3 - https:\/\/yoast.com\/product\/yoast-seo-wordpress\/ -->\n<title>Prolongation des Inscriptions en Master 1 des \u00e9tudiants retardataires au titre de l\u2019ann\u00e9e universitaire 2018\/2019 - Facult\u00e9 du G\u00e9nie Electrique et d&#039;Informatique<\/title>\n<meta name=\"robots\" content=\"index, follow, max-snippet:-1, max-image-preview:large, max-video-preview:-1\" \/>\n<link rel=\"canonical\" href=\"https:\/\/www.ummto.dz\/fgei\/prolongation-des-inscriptions-en-master-1-des-etudiants-retardataires-au-titre-de-lannee-universitaire-2018-2019\/\" \/>\n<meta property=\"og:locale\" content=\"fr_FR\" \/>\n<meta property=\"og:type\" content=\"article\" \/>\n<meta property=\"og:title\" content=\"Prolongation des Inscriptions en Master 1 des \u00e9tudiants retardataires au titre de l\u2019ann\u00e9e universitaire 2018\/2019 - Facult\u00e9 du G\u00e9nie Electrique et d&#039;Informatique\" \/>\n<meta property=\"og:description\" content=\"&nbsp; Il est port\u00e9 \u00e0 la connaissance des \u00e9tudiants retardataires que la plateforme pour la premi\u00e8re inscription en Master 1 est ouverte du\u00a007\u00a0au 15 septembre 2018.\" \/>\n<meta property=\"og:url\" content=\"https:\/\/www.ummto.dz\/fgei\/prolongation-des-inscriptions-en-master-1-des-etudiants-retardataires-au-titre-de-lannee-universitaire-2018-2019\/\" \/>\n<meta property=\"og:site_name\" content=\"Facult\u00e9 du G\u00e9nie Electrique et d&#039;Informatique\" \/>\n<meta property=\"article:published_time\" content=\"2018-09-12T10:36:00+00:00\" \/>\n<meta property=\"article:modified_time\" content=\"2018-09-12T12:05:23+00:00\" \/>\n<meta property=\"og:image\" content=\"https:\/\/www.ummto.dz\/fgei\/wp-content\/uploads\/2018\/09\/inform-320x320.jpg\" \/>\n\t<meta property=\"og:image:width\" content=\"320\" \/>\n\t<meta property=\"og:image:height\" content=\"320\" \/>\n\t<meta property=\"og:image:type\" content=\"image\/jpeg\" \/>\n<meta name=\"author\" content=\"maidi nacima\" \/>\n<meta name=\"twitter:card\" content=\"summary_large_image\" \/>\n<meta name=\"twitter:label1\" content=\"\u00c9crit par\" \/>\n\t<meta name=\"twitter:data1\" content=\"maidi nacima\" \/>\n<script type=\"application\/ld+json\" class=\"yoast-schema-graph\">{\"@context\":\"https:\\\/\\\/schema.org\",\"@graph\":[{\"@type\":\"Article\",\"@id\":\"https:\\\/\\\/www.ummto.dz\\\/fgei\\\/prolongation-des-inscriptions-en-master-1-des-etudiants-retardataires-au-titre-de-lannee-universitaire-2018-2019\\\/#article\",\"isPartOf\":{\"@id\":\"https:\\\/\\\/www.ummto.dz\\\/fgei\\\/prolongation-des-inscriptions-en-master-1-des-etudiants-retardataires-au-titre-de-lannee-universitaire-2018-2019\\\/\"},\"author\":{\"name\":\"maidi nacima\",\"@id\":\"https:\\\/\\\/www.ummto.dz\\\/fgei\\\/#\\\/schema\\\/person\\\/f0a19398acbf302f06e4a25788979a7c\"},\"headline\":\"Prolongation des Inscriptions en Master 1 des \u00e9tudiants retardataires au titre de l\u2019ann\u00e9e universitaire 2018\\\/2019\",\"datePublished\":\"2018-09-12T10:36:00+00:00\",\"dateModified\":\"2018-09-12T12:05:23+00:00\",\"mainEntityOfPage\":{\"@id\":\"https:\\\/\\\/www.ummto.dz\\\/fgei\\\/prolongation-des-inscriptions-en-master-1-des-etudiants-retardataires-au-titre-de-lannee-universitaire-2018-2019\\\/\"},\"wordCount\":39,\"image\":{\"@id\":\"https:\\\/\\\/www.ummto.dz\\\/fgei\\\/prolongation-des-inscriptions-en-master-1-des-etudiants-retardataires-au-titre-de-lannee-universitaire-2018-2019\\\/#primaryimage\"},\"thumbnailUrl\":\"https:\\\/\\\/www.ummto.dz\\\/fgei\\\/wp-content\\\/uploads\\\/2018\\\/09\\\/inform-320x320.jpg\",\"articleSection\":[\"Actualit\u00e9\"],\"inLanguage\":\"fr-FR\"},{\"@type\":\"WebPage\",\"@id\":\"https:\\\/\\\/www.ummto.dz\\\/fgei\\\/prolongation-des-inscriptions-en-master-1-des-etudiants-retardataires-au-titre-de-lannee-universitaire-2018-2019\\\/\",\"url\":\"https:\\\/\\\/www.ummto.dz\\\/fgei\\\/prolongation-des-inscriptions-en-master-1-des-etudiants-retardataires-au-titre-de-lannee-universitaire-2018-2019\\\/\",\"name\":\"Prolongation des Inscriptions en Master 1 des \u00e9tudiants retardataires au titre de l\u2019ann\u00e9e universitaire 2018\\\/2019 - Facult\u00e9 du G\u00e9nie Electrique et d&#039;Informatique\",\"isPartOf\":{\"@id\":\"https:\\\/\\\/www.ummto.dz\\\/fgei\\\/#website\"},\"primaryImageOfPage\":{\"@id\":\"https:\\\/\\\/www.ummto.dz\\\/fgei\\\/prolongation-des-inscriptions-en-master-1-des-etudiants-retardataires-au-titre-de-lannee-universitaire-2018-2019\\\/#primaryimage\"},\"image\":{\"@id\":\"https:\\\/\\\/www.ummto.dz\\\/fgei\\\/prolongation-des-inscriptions-en-master-1-des-etudiants-retardataires-au-titre-de-lannee-universitaire-2018-2019\\\/#primaryimage\"},\"thumbnailUrl\":\"https:\\\/\\\/www.ummto.dz\\\/fgei\\\/wp-content\\\/uploads\\\/2018\\\/09\\\/inform-320x320.jpg\",\"datePublished\":\"2018-09-12T10:36:00+00:00\",\"dateModified\":\"2018-09-12T12:05:23+00:00\",\"author\":{\"@id\":\"https:\\\/\\\/www.ummto.dz\\\/fgei\\\/#\\\/schema\\\/person\\\/f0a19398acbf302f06e4a25788979a7c\"},\"breadcrumb\":{\"@id\":\"https:\\\/\\\/www.ummto.dz\\\/fgei\\\/prolongation-des-inscriptions-en-master-1-des-etudiants-retardataires-au-titre-de-lannee-universitaire-2018-2019\\\/#breadcrumb\"},\"inLanguage\":\"fr-FR\",\"potentialAction\":[{\"@type\":\"ReadAction\",\"target\":[\"https:\\\/\\\/www.ummto.dz\\\/fgei\\\/prolongation-des-inscriptions-en-master-1-des-etudiants-retardataires-au-titre-de-lannee-universitaire-2018-2019\\\/\"]}]},{\"@type\":\"ImageObject\",\"inLanguage\":\"fr-FR\",\"@id\":\"https:\\\/\\\/www.ummto.dz\\\/fgei\\\/prolongation-des-inscriptions-en-master-1-des-etudiants-retardataires-au-titre-de-lannee-universitaire-2018-2019\\\/#primaryimage\",\"url\":\"https:\\\/\\\/www.ummto.dz\\\/fgei\\\/wp-content\\\/uploads\\\/2018\\\/09\\\/inform-320x320.jpg\",\"contentUrl\":\"https:\\\/\\\/www.ummto.dz\\\/fgei\\\/wp-content\\\/uploads\\\/2018\\\/09\\\/inform-320x320.jpg\",\"width\":320,\"height\":320},{\"@type\":\"BreadcrumbList\",\"@id\":\"https:\\\/\\\/www.ummto.dz\\\/fgei\\\/prolongation-des-inscriptions-en-master-1-des-etudiants-retardataires-au-titre-de-lannee-universitaire-2018-2019\\\/#breadcrumb\",\"itemListElement\":[{\"@type\":\"ListItem\",\"position\":1,\"name\":\"Accueil\",\"item\":\"https:\\\/\\\/www.ummto.dz\\\/fgei\\\/\"},{\"@type\":\"ListItem\",\"position\":2,\"name\":\"Prolongation des Inscriptions en Master 1 des \u00e9tudiants retardataires au titre de l\u2019ann\u00e9e universitaire 2018\\\/2019\"}]},{\"@type\":\"WebSite\",\"@id\":\"https:\\\/\\\/www.ummto.dz\\\/fgei\\\/#website\",\"url\":\"https:\\\/\\\/www.ummto.dz\\\/fgei\\\/\",\"name\":\"Facult\u00e9 du G\u00e9nie Electrique et d&#039;Informatique\",\"description\":\"UMMTO\",\"potentialAction\":[{\"@type\":\"SearchAction\",\"target\":{\"@type\":\"EntryPoint\",\"urlTemplate\":\"https:\\\/\\\/www.ummto.dz\\\/fgei\\\/?s={search_term_string}\"},\"query-input\":{\"@type\":\"PropertyValueSpecification\",\"valueRequired\":true,\"valueName\":\"search_term_string\"}}],\"inLanguage\":\"fr-FR\"},{\"@type\":\"Person\",\"@id\":\"https:\\\/\\\/www.ummto.dz\\\/fgei\\\/#\\\/schema\\\/person\\\/f0a19398acbf302f06e4a25788979a7c\",\"name\":\"maidi nacima\",\"url\":\"https:\\\/\\\/www.ummto.dz\\\/fgei\\\/author\\\/maidi-nacima\\\/\"}]}<\/script>\n<!-- \/ Yoast SEO plugin. -->","yoast_head_json":{"title":"Prolongation des Inscriptions en Master 1 des \u00e9tudiants retardataires au titre de l\u2019ann\u00e9e universitaire 2018\/2019 - Facult\u00e9 du G\u00e9nie Electrique et d&#039;Informatique","robots":{"index":"index","follow":"follow","max-snippet":"max-snippet:-1","max-image-preview":"max-image-preview:large","max-video-preview":"max-video-preview:-1"},"canonical":"https:\/\/www.ummto.dz\/fgei\/prolongation-des-inscriptions-en-master-1-des-etudiants-retardataires-au-titre-de-lannee-universitaire-2018-2019\/","og_locale":"fr_FR","og_type":"article","og_title":"Prolongation des Inscriptions en Master 1 des \u00e9tudiants retardataires au titre de l\u2019ann\u00e9e universitaire 2018\/2019 - Facult\u00e9 du G\u00e9nie Electrique et d&#039;Informatique","og_description":"&nbsp; Il est port\u00e9 \u00e0 la connaissance des \u00e9tudiants retardataires que la plateforme pour la premi\u00e8re inscription en Master 1 est ouverte du\u00a007\u00a0au 15 septembre 2018.","og_url":"https:\/\/www.ummto.dz\/fgei\/prolongation-des-inscriptions-en-master-1-des-etudiants-retardataires-au-titre-de-lannee-universitaire-2018-2019\/","og_site_name":"Facult\u00e9 du G\u00e9nie Electrique et d&#039;Informatique","article_published_time":"2018-09-12T10:36:00+00:00","article_modified_time":"2018-09-12T12:05:23+00:00","og_image":[{"width":320,"height":320,"url":"https:\/\/www.ummto.dz\/fgei\/wp-content\/uploads\/2018\/09\/inform-320x320.jpg","type":"image\/jpeg"}],"author":"maidi nacima","twitter_card":"summary_large_image","twitter_misc":{"\u00c9crit par":"maidi nacima"},"schema":{"@context":"https:\/\/schema.org","@graph":[{"@type":"Article","@id":"https:\/\/www.ummto.dz\/fgei\/prolongation-des-inscriptions-en-master-1-des-etudiants-retardataires-au-titre-de-lannee-universitaire-2018-2019\/#article","isPartOf":{"@id":"https:\/\/www.ummto.dz\/fgei\/prolongation-des-inscriptions-en-master-1-des-etudiants-retardataires-au-titre-de-lannee-universitaire-2018-2019\/"},"author":{"name":"maidi nacima","@id":"https:\/\/www.ummto.dz\/fgei\/#\/schema\/person\/f0a19398acbf302f06e4a25788979a7c"},"headline":"Prolongation des Inscriptions en Master 1 des \u00e9tudiants retardataires au titre de l\u2019ann\u00e9e universitaire 2018\/2019","datePublished":"2018-09-12T10:36:00+00:00","dateModified":"2018-09-12T12:05:23+00:00","mainEntityOfPage":{"@id":"https:\/\/www.ummto.dz\/fgei\/prolongation-des-inscriptions-en-master-1-des-etudiants-retardataires-au-titre-de-lannee-universitaire-2018-2019\/"},"wordCount":39,"image":{"@id":"https:\/\/www.ummto.dz\/fgei\/prolongation-des-inscriptions-en-master-1-des-etudiants-retardataires-au-titre-de-lannee-universitaire-2018-2019\/#primaryimage"},"thumbnailUrl":"https:\/\/www.ummto.dz\/fgei\/wp-content\/uploads\/2018\/09\/inform-320x320.jpg","articleSection":["Actualit\u00e9"],"inLanguage":"fr-FR"},{"@type":"WebPage","@id":"https:\/\/www.ummto.dz\/fgei\/prolongation-des-inscriptions-en-master-1-des-etudiants-retardataires-au-titre-de-lannee-universitaire-2018-2019\/","url":"https:\/\/www.ummto.dz\/fgei\/prolongation-des-inscriptions-en-master-1-des-etudiants-retardataires-au-titre-de-lannee-universitaire-2018-2019\/","name":"Prolongation des Inscriptions en Master 1 des \u00e9tudiants retardataires au titre de l\u2019ann\u00e9e universitaire 2018\/2019 - Facult\u00e9 du G\u00e9nie Electrique et d&#039;Informatique","isPartOf":{"@id":"https:\/\/www.ummto.dz\/fgei\/#website"},"primaryImageOfPage":{"@id":"https:\/\/www.ummto.dz\/fgei\/prolongation-des-inscriptions-en-master-1-des-etudiants-retardataires-au-titre-de-lannee-universitaire-2018-2019\/#primaryimage"},"image":{"@id":"https:\/\/www.ummto.dz\/fgei\/prolongation-des-inscriptions-en-master-1-des-etudiants-retardataires-au-titre-de-lannee-universitaire-2018-2019\/#primaryimage"},"thumbnailUrl":"https:\/\/www.ummto.dz\/fgei\/wp-content\/uploads\/2018\/09\/inform-320x320.jpg","datePublished":"2018-09-12T10:36:00+00:00","dateModified":"2018-09-12T12:05:23+00:00","author":{"@id":"https:\/\/www.ummto.dz\/fgei\/#\/schema\/person\/f0a19398acbf302f06e4a25788979a7c"},"breadcrumb":{"@id":"https:\/\/www.ummto.dz\/fgei\/prolongation-des-inscriptions-en-master-1-des-etudiants-retardataires-au-titre-de-lannee-universitaire-2018-2019\/#breadcrumb"},"inLanguage":"fr-FR","potentialAction":[{"@type":"ReadAction","target":["https:\/\/www.ummto.dz\/fgei\/prolongation-des-inscriptions-en-master-1-des-etudiants-retardataires-au-titre-de-lannee-universitaire-2018-2019\/"]}]},{"@type":"ImageObject","inLanguage":"fr-FR","@id":"https:\/\/www.ummto.dz\/fgei\/prolongation-des-inscriptions-en-master-1-des-etudiants-retardataires-au-titre-de-lannee-universitaire-2018-2019\/#primaryimage","url":"https:\/\/www.ummto.dz\/fgei\/wp-content\/uploads\/2018\/09\/inform-320x320.jpg","contentUrl":"https:\/\/www.ummto.dz\/fgei\/wp-content\/uploads\/2018\/09\/inform-320x320.jpg","width":320,"height":320},{"@type":"BreadcrumbList","@id":"https:\/\/www.ummto.dz\/fgei\/prolongation-des-inscriptions-en-master-1-des-etudiants-retardataires-au-titre-de-lannee-universitaire-2018-2019\/#breadcrumb","itemListElement":[{"@type":"ListItem","position":1,"name":"Accueil","item":"https:\/\/www.ummto.dz\/fgei\/"},{"@type":"ListItem","position":2,"name":"Prolongation des Inscriptions en Master 1 des \u00e9tudiants retardataires au titre de l\u2019ann\u00e9e universitaire 2018\/2019"}]},{"@type":"WebSite","@id":"https:\/\/www.ummto.dz\/fgei\/#website","url":"https:\/\/www.ummto.dz\/fgei\/","name":"Facult\u00e9 du G\u00e9nie Electrique et d&#039;Informatique","description":"UMMTO","potentialAction":[{"@type":"SearchAction","target":{"@type":"EntryPoint","urlTemplate":"https:\/\/www.ummto.dz\/fgei\/?s={search_term_string}"},"query-input":{"@type":"PropertyValueSpecification","valueRequired":true,"valueName":"search_term_string"}}],"inLanguage":"fr-FR"},{"@type":"Person","@id":"https:\/\/www.ummto.dz\/fgei\/#\/schema\/person\/f0a19398acbf302f06e4a25788979a7c","name":"maidi nacima","url":"https:\/\/www.ummto.dz\/fgei\/author\/maidi-nacima\/"}]}},"_links":{"self":[{"href":"https:\/\/www.ummto.dz\/fgei\/wp-json\/wp\/v2\/posts\/630","targetHints":{"allow":["GET"]}}],"collection":[{"href":"https:\/\/www.ummto.dz\/fgei\/wp-json\/wp\/v2\/posts"}],"about":[{"href":"https:\/\/www.ummto.dz\/fgei\/wp-json\/wp\/v2\/types\/post"}],"author":[{"embeddable":true,"href":"https:\/\/www.ummto.dz\/fgei\/wp-json\/wp\/v2\/users\/1"}],"replies":[{"embeddable":true,"href":"https:\/\/www.ummto.dz\/fgei\/wp-json\/wp\/v2\/comments?post=630"}],"version-history":[{"count":3,"href":"https:\/\/www.ummto.dz\/fgei\/wp-json\/wp\/v2\/posts\/630\/revisions"}],"predecessor-version":[{"id":659,"href":"https:\/\/www.ummto.dz\/fgei\/wp-json\/wp\/v2\/posts\/630\/revisions\/659"}],"wp:featuredmedia":[{"embeddable":true,"href":"https:\/\/www.ummto.dz\/fgei\/wp-json\/wp\/v2\/media\/652"}],"wp:attachment":[{"href":"https:\/\/www.ummto.dz\/fgei\/wp-json\/wp\/v2\/media?parent=630"}],"wp:term":[{"taxonomy":"category","embeddable":true,"href":"https:\/\/www.ummto.dz\/fgei\/wp-json\/wp\/v2\/categories?post=630"},{"taxonomy":"post_tag","embeddable":true,"href":"https:\/\/www.ummto.dz\/fgei\/wp-json\/wp\/v2\/tags?post=630"}],"curies":[{"name":"wp","href":"https:\/\/api.w.org\/{rel}","templated":true}]}}