{"id":6621,"date":"2023-10-04T21:46:46","date_gmt":"2023-10-04T20:46:46","guid":{"rendered":"https:\/\/www.ummto.dz\/fgei\/?p=6621"},"modified":"2023-10-04T22:52:37","modified_gmt":"2023-10-04T21:52:37","slug":"information-aux-etudiants-inscrits-en-l2","status":"publish","type":"post","link":"https:\/\/www.ummto.dz\/fgei\/information-aux-etudiants-inscrits-en-l2\/","title":{"rendered":"Information aux \u00e9tudiants inscrits en L2"},"content":{"rendered":"<p>[et_pb_section fb_built=\u00a0\u00bb1&Prime; _builder_version=\u00a0\u00bb4.22.2&Prime; _module_preset=\u00a0\u00bbdefault\u00a0\u00bb global_colors_info=\u00a0\u00bb{}\u00a0\u00bb][et_pb_row _builder_version=\u00a0\u00bb4.22.2&Prime; _module_preset=\u00a0\u00bbdefault\u00a0\u00bb global_colors_info=\u00a0\u00bb{}\u00a0\u00bb][et_pb_column type=\u00a0\u00bb4_4&Prime; _builder_version=\u00a0\u00bb4.22.2&Prime; _module_preset=\u00a0\u00bbdefault\u00a0\u00bb global_colors_info=\u00a0\u00bb{}\u00a0\u00bb][et_pb_text _builder_version=\u00a0\u00bb4.22.2&Prime; _module_preset=\u00a0\u00bbdefault\u00a0\u00bb transform_scale=\u00a0\u00bb106%|106%\u00a0\u00bb width=\u00a0\u00bb100%\u00a0\u00bb global_colors_info=\u00a0\u00bb{}\u00a0\u00bb]<\/p>\n<div style=\"margin: 0px;font-family: 'Segoe UI Historic','Segoe UI',Helvetica,Arial,sans-serif;font-size: 15px\">\n<div dir=\"auto\" style=\"font-family: inherit;text-align: justify\"><span style=\"color: #000000\">Les \u00e9tudiants inscrits en L2 sont inform\u00e9s que l\u2019emploi du temps des Travaux Dirig\u00e9s (TD) ainsi que la r\u00e9partition des \u00e9tudiants en groupes de TD sont d\u00e9sormais disponibles en suivant le lien ci-dessous :<\/span><\/div>\n<\/div>\n<div style=\"margin: 0.5em 0px 0px;font-family: 'Segoe UI Historic', 'Segoe UI', Helvetica, Arial, sans-serif;font-size: 15px;text-align: justify\">\n<div dir=\"auto\" style=\"font-family: inherit\"><span style=\"font-family: inherit\"><a href=\"https:\/\/drive.google.com\/drive\/folders\/1iGmDL53G9fWwlrq1wusPHqmkwDZVvsit?usp=sharing&amp;fbclid=IwAR2bqv7YZn8Je6kbggL-cDwYv1nmRfUxN9DyO1zLpfY12I4uL6JKG8q2D2Y\" rel=\"nofollow noopener noreferrer\" role=\"link\" style=\"margin: 0px;text-align: inherit;padding: 0px;background-color: transparent;font-family: inherit\" target=\"_blank\" data-saferedirecturl=\"https:\/\/www.google.com\/url?q=https:\/\/drive.google.com\/drive\/folders\/1iGmDL53G9fWwlrq1wusPHqmkwDZVvsit?usp%3Dsharing%26fbclid%3DIwAR2bqv7YZn8Je6kbggL-cDwYv1nmRfUxN9DyO1zLpfY12I4uL6JKG8q2D2Y&amp;source=gmail&amp;ust=1696537953209000&amp;usg=AOvVaw2pnoaSyOekdR6DY1z3UOMF\"><span style=\"color: #000080\">https:\/\/drive.google.com\/&#8230;\/1iGmDL53G9fWwlrq1wusPHqmkwDZ..<\/span><span style=\"color: #000080\">.<\/span><\/a><\/span><\/div>\n<\/div>\n<div style=\"margin: 0.5em 0px 0px;font-family: 'Segoe UI Historic', 'Segoe UI', Helvetica, Arial, sans-serif;font-size: 15px;text-align: justify\">\n<div dir=\"auto\" style=\"font-family: inherit\"><span style=\"color: #000000\">Veuillez noter ces informations :<\/span><\/div>\n<ul>\n<li dir=\"auto\" style=\"font-family: inherit\"><span style=\"color: #000000\">Pour <span style=\"font-family: inherit\"><a style=\"font-family: inherit;color: #000000\"><\/a><\/span>les Groupes G1, G2, G3 et G4 : les Travaux dirig\u00e9s auront lieu chaque mardi \u00e0 partir du mardi 10 octobre 2023.<\/span><\/li>\n<li dir=\"auto\" style=\"font-family: inherit\"><span style=\"color: #000000\">Pour les Groupes G5, G6, G7 et G8 : les Travaux dirig\u00e9s auront lieu chaque mercredi \u00e0 partir du mercredi 11 octobre 2023.<\/span><\/li>\n<\/ul>\n<\/div>\n<div style=\"margin: 0.5em 0px 0px;font-family: 'Segoe UI Historic', 'Segoe UI', Helvetica, Arial, sans-serif;font-size: 15px;text-align: justify\">\n<div dir=\"auto\" style=\"font-family: inherit\"><span style=\"color: #000000\">Nous tenons \u00e0 vous informer que le contr\u00f4le continu est g\u00e9n\u00e9ralis\u00e9 pour cette ann\u00e9e universitaire, en conformit\u00e9 avec la r\u00e9glementation en vigueur. Par cons\u00e9quent, la pr\u00e9sence aux Travaux Dirig\u00e9s (TD) et Travaux Pratiques (TP) est obligatoire pour tous les \u00e9tudiants inscrits en L2 \u00c9lectrotechnique. <\/span><\/div>\n<\/div>\n<div style=\"margin: 0.5em 0px 0px;font-family: 'Segoe UI Historic', 'Segoe UI', Helvetica, Arial, sans-serif;font-size: 15px;text-align: justify\">\n<div dir=\"auto\" style=\"font-family: inherit\"><span style=\"color: #000000\">Les \u00e9tudiants qui se sont acquitt\u00e9s de leurs frais d&rsquo;inscription en ligne dans les d\u00e9lais requis, mais dont les noms ne figurent pas sur les listes des Groupes de TD, doivent prendre contact avec les services du d\u00e9partement au plus tard le dimanche 8 octobre 2023 \u00e0 midi<\/span><\/div>\n<\/div>\n<div style=\"margin: 0.5em 0px 0px;font-family: 'Segoe UI Historic','Segoe UI',Helvetica,Arial,sans-serif;font-size: 15px\">\n<div dir=\"auto\" style=\"font-family: inherit;text-align: justify\"><span style=\"color: #ff0000\"><strong>Remarque :<\/strong><span style=\"color: #000000\"> L\u2019emploi du temps des travaux pratiques ainsi que la r\u00e9partition des \u00e9tudiants en sous groupes de Tps seront affich\u00e9s ult\u00e9rieurement. Les TP d\u00e9buteront le mardi 17 octobre 2023.<\/span><\/span><\/div>\n<\/div>\n<p>[\/et_pb_text][\/et_pb_column][\/et_pb_row][\/et_pb_section]<\/p>\n","protected":false},"excerpt":{"rendered":"<p>Les \u00e9tudiants inscrits en L2 sont inform\u00e9s que l\u2019emploi du temps des Travaux Dirig\u00e9s (TD) ainsi que la r\u00e9partition des \u00e9tudiants en groupes de TD sont d\u00e9sormais disponibles en suivant le lien ci-dessous : https:\/\/drive.google.com\/&#8230;\/1iGmDL53G9fWwlrq1wusPHqmkwDZ&#8230; Veuillez noter ces informations : Pour les Groupes G1, G2, G3 et G4 : les Travaux dirig\u00e9s auront lieu chaque [&hellip;]<\/p>\n","protected":false},"author":8,"featured_media":6469,"comment_status":"closed","ping_status":"closed","sticky":false,"template":"","format":"standard","meta":{"_et_pb_use_builder":"on","_et_pb_old_content":"","_et_gb_content_width":"","footnotes":""},"categories":[13],"tags":[],"class_list":["post-6621","post","type-post","status-publish","format-standard","has-post-thumbnail","hentry","category-new-dep-electrotechnique"],"yoast_head":"<!-- This site is optimized with the Yoast SEO plugin v27.3 - https:\/\/yoast.com\/product\/yoast-seo-wordpress\/ -->\n<title>Information aux \u00e9tudiants inscrits en L2 - Facult\u00e9 du G\u00e9nie Electrique et d&#039;Informatique<\/title>\n<meta name=\"robots\" content=\"index, follow, max-snippet:-1, max-image-preview:large, max-video-preview:-1\" \/>\n<link rel=\"canonical\" href=\"https:\/\/www.ummto.dz\/fgei\/information-aux-etudiants-inscrits-en-l2\/\" \/>\n<meta property=\"og:locale\" content=\"fr_FR\" \/>\n<meta property=\"og:type\" content=\"article\" \/>\n<meta property=\"og:title\" content=\"Information aux \u00e9tudiants inscrits en L2 - Facult\u00e9 du G\u00e9nie Electrique et d&#039;Informatique\" \/>\n<meta property=\"og:description\" content=\"Les \u00e9tudiants inscrits en L2 sont inform\u00e9s que l\u2019emploi du temps des Travaux Dirig\u00e9s (TD) ainsi que la r\u00e9partition des \u00e9tudiants en groupes de TD sont d\u00e9sormais disponibles en suivant le lien ci-dessous : https:\/\/drive.google.com\/...\/1iGmDL53G9fWwlrq1wusPHqmkwDZ... Veuillez noter ces informations : Pour les Groupes G1, G2, G3 et G4 : les Travaux dirig\u00e9s auront lieu chaque [&hellip;]\" \/>\n<meta property=\"og:url\" content=\"https:\/\/www.ummto.dz\/fgei\/information-aux-etudiants-inscrits-en-l2\/\" \/>\n<meta property=\"og:site_name\" content=\"Facult\u00e9 du G\u00e9nie Electrique et d&#039;Informatique\" \/>\n<meta property=\"article:published_time\" content=\"2023-10-04T20:46:46+00:00\" \/>\n<meta property=\"article:modified_time\" content=\"2023-10-04T21:52:37+00:00\" \/>\n<meta property=\"og:image\" content=\"https:\/\/www.ummto.dz\/fgei\/wp-content\/uploads\/2023\/09\/images-2.jpg\" \/>\n\t<meta property=\"og:image:width\" content=\"259\" \/>\n\t<meta property=\"og:image:height\" content=\"194\" \/>\n\t<meta property=\"og:image:type\" content=\"image\/jpeg\" \/>\n<meta name=\"author\" content=\"eivalc eivalc\" \/>\n<meta name=\"twitter:card\" content=\"summary_large_image\" \/>\n<meta name=\"twitter:label1\" content=\"\u00c9crit par\" \/>\n\t<meta name=\"twitter:data1\" content=\"eivalc eivalc\" \/>\n<script type=\"application\/ld+json\" class=\"yoast-schema-graph\">{\"@context\":\"https:\\\/\\\/schema.org\",\"@graph\":[{\"@type\":\"Article\",\"@id\":\"https:\\\/\\\/www.ummto.dz\\\/fgei\\\/information-aux-etudiants-inscrits-en-l2\\\/#article\",\"isPartOf\":{\"@id\":\"https:\\\/\\\/www.ummto.dz\\\/fgei\\\/information-aux-etudiants-inscrits-en-l2\\\/\"},\"author\":{\"name\":\"eivalc eivalc\",\"@id\":\"https:\\\/\\\/www.ummto.dz\\\/fgei\\\/#\\\/schema\\\/person\\\/55d2af4c5bcd4e930baba1ecfc47f46e\"},\"headline\":\"Information aux \u00e9tudiants inscrits en L2\",\"datePublished\":\"2023-10-04T20:46:46+00:00\",\"dateModified\":\"2023-10-04T21:52:37+00:00\",\"mainEntityOfPage\":{\"@id\":\"https:\\\/\\\/www.ummto.dz\\\/fgei\\\/information-aux-etudiants-inscrits-en-l2\\\/\"},\"wordCount\":290,\"image\":{\"@id\":\"https:\\\/\\\/www.ummto.dz\\\/fgei\\\/information-aux-etudiants-inscrits-en-l2\\\/#primaryimage\"},\"thumbnailUrl\":\"https:\\\/\\\/www.ummto.dz\\\/fgei\\\/wp-content\\\/uploads\\\/2023\\\/09\\\/images-2.jpg\",\"articleSection\":[\"Electrotechnique\"],\"inLanguage\":\"fr-FR\"},{\"@type\":\"WebPage\",\"@id\":\"https:\\\/\\\/www.ummto.dz\\\/fgei\\\/information-aux-etudiants-inscrits-en-l2\\\/\",\"url\":\"https:\\\/\\\/www.ummto.dz\\\/fgei\\\/information-aux-etudiants-inscrits-en-l2\\\/\",\"name\":\"Information aux \u00e9tudiants inscrits en L2 - Facult\u00e9 du G\u00e9nie Electrique et d&#039;Informatique\",\"isPartOf\":{\"@id\":\"https:\\\/\\\/www.ummto.dz\\\/fgei\\\/#website\"},\"primaryImageOfPage\":{\"@id\":\"https:\\\/\\\/www.ummto.dz\\\/fgei\\\/information-aux-etudiants-inscrits-en-l2\\\/#primaryimage\"},\"image\":{\"@id\":\"https:\\\/\\\/www.ummto.dz\\\/fgei\\\/information-aux-etudiants-inscrits-en-l2\\\/#primaryimage\"},\"thumbnailUrl\":\"https:\\\/\\\/www.ummto.dz\\\/fgei\\\/wp-content\\\/uploads\\\/2023\\\/09\\\/images-2.jpg\",\"datePublished\":\"2023-10-04T20:46:46+00:00\",\"dateModified\":\"2023-10-04T21:52:37+00:00\",\"author\":{\"@id\":\"https:\\\/\\\/www.ummto.dz\\\/fgei\\\/#\\\/schema\\\/person\\\/55d2af4c5bcd4e930baba1ecfc47f46e\"},\"breadcrumb\":{\"@id\":\"https:\\\/\\\/www.ummto.dz\\\/fgei\\\/information-aux-etudiants-inscrits-en-l2\\\/#breadcrumb\"},\"inLanguage\":\"fr-FR\",\"potentialAction\":[{\"@type\":\"ReadAction\",\"target\":[\"https:\\\/\\\/www.ummto.dz\\\/fgei\\\/information-aux-etudiants-inscrits-en-l2\\\/\"]}]},{\"@type\":\"ImageObject\",\"inLanguage\":\"fr-FR\",\"@id\":\"https:\\\/\\\/www.ummto.dz\\\/fgei\\\/information-aux-etudiants-inscrits-en-l2\\\/#primaryimage\",\"url\":\"https:\\\/\\\/www.ummto.dz\\\/fgei\\\/wp-content\\\/uploads\\\/2023\\\/09\\\/images-2.jpg\",\"contentUrl\":\"https:\\\/\\\/www.ummto.dz\\\/fgei\\\/wp-content\\\/uploads\\\/2023\\\/09\\\/images-2.jpg\",\"width\":259,\"height\":194},{\"@type\":\"BreadcrumbList\",\"@id\":\"https:\\\/\\\/www.ummto.dz\\\/fgei\\\/information-aux-etudiants-inscrits-en-l2\\\/#breadcrumb\",\"itemListElement\":[{\"@type\":\"ListItem\",\"position\":1,\"name\":\"Accueil\",\"item\":\"https:\\\/\\\/www.ummto.dz\\\/fgei\\\/\"},{\"@type\":\"ListItem\",\"position\":2,\"name\":\"Information aux \u00e9tudiants inscrits en L2\"}]},{\"@type\":\"WebSite\",\"@id\":\"https:\\\/\\\/www.ummto.dz\\\/fgei\\\/#website\",\"url\":\"https:\\\/\\\/www.ummto.dz\\\/fgei\\\/\",\"name\":\"Facult\u00e9 du G\u00e9nie Electrique et d&#039;Informatique\",\"description\":\"UMMTO\",\"potentialAction\":[{\"@type\":\"SearchAction\",\"target\":{\"@type\":\"EntryPoint\",\"urlTemplate\":\"https:\\\/\\\/www.ummto.dz\\\/fgei\\\/?s={search_term_string}\"},\"query-input\":{\"@type\":\"PropertyValueSpecification\",\"valueRequired\":true,\"valueName\":\"search_term_string\"}}],\"inLanguage\":\"fr-FR\"},{\"@type\":\"Person\",\"@id\":\"https:\\\/\\\/www.ummto.dz\\\/fgei\\\/#\\\/schema\\\/person\\\/55d2af4c5bcd4e930baba1ecfc47f46e\",\"name\":\"eivalc eivalc\",\"url\":\"https:\\\/\\\/www.ummto.dz\\\/fgei\\\/author\\\/eivalc2\\\/\"}]}<\/script>\n<!-- \/ Yoast SEO plugin. -->","yoast_head_json":{"title":"Information aux \u00e9tudiants inscrits en L2 - Facult\u00e9 du G\u00e9nie Electrique et d&#039;Informatique","robots":{"index":"index","follow":"follow","max-snippet":"max-snippet:-1","max-image-preview":"max-image-preview:large","max-video-preview":"max-video-preview:-1"},"canonical":"https:\/\/www.ummto.dz\/fgei\/information-aux-etudiants-inscrits-en-l2\/","og_locale":"fr_FR","og_type":"article","og_title":"Information aux \u00e9tudiants inscrits en L2 - Facult\u00e9 du G\u00e9nie Electrique et d&#039;Informatique","og_description":"Les \u00e9tudiants inscrits en L2 sont inform\u00e9s que l\u2019emploi du temps des Travaux Dirig\u00e9s (TD) ainsi que la r\u00e9partition des \u00e9tudiants en groupes de TD sont d\u00e9sormais disponibles en suivant le lien ci-dessous : https:\/\/drive.google.com\/...\/1iGmDL53G9fWwlrq1wusPHqmkwDZ... Veuillez noter ces informations : Pour les Groupes G1, G2, G3 et G4 : les Travaux dirig\u00e9s auront lieu chaque [&hellip;]","og_url":"https:\/\/www.ummto.dz\/fgei\/information-aux-etudiants-inscrits-en-l2\/","og_site_name":"Facult\u00e9 du G\u00e9nie Electrique et d&#039;Informatique","article_published_time":"2023-10-04T20:46:46+00:00","article_modified_time":"2023-10-04T21:52:37+00:00","og_image":[{"width":259,"height":194,"url":"https:\/\/www.ummto.dz\/fgei\/wp-content\/uploads\/2023\/09\/images-2.jpg","type":"image\/jpeg"}],"author":"eivalc eivalc","twitter_card":"summary_large_image","twitter_misc":{"\u00c9crit par":"eivalc eivalc"},"schema":{"@context":"https:\/\/schema.org","@graph":[{"@type":"Article","@id":"https:\/\/www.ummto.dz\/fgei\/information-aux-etudiants-inscrits-en-l2\/#article","isPartOf":{"@id":"https:\/\/www.ummto.dz\/fgei\/information-aux-etudiants-inscrits-en-l2\/"},"author":{"name":"eivalc eivalc","@id":"https:\/\/www.ummto.dz\/fgei\/#\/schema\/person\/55d2af4c5bcd4e930baba1ecfc47f46e"},"headline":"Information aux \u00e9tudiants inscrits en L2","datePublished":"2023-10-04T20:46:46+00:00","dateModified":"2023-10-04T21:52:37+00:00","mainEntityOfPage":{"@id":"https:\/\/www.ummto.dz\/fgei\/information-aux-etudiants-inscrits-en-l2\/"},"wordCount":290,"image":{"@id":"https:\/\/www.ummto.dz\/fgei\/information-aux-etudiants-inscrits-en-l2\/#primaryimage"},"thumbnailUrl":"https:\/\/www.ummto.dz\/fgei\/wp-content\/uploads\/2023\/09\/images-2.jpg","articleSection":["Electrotechnique"],"inLanguage":"fr-FR"},{"@type":"WebPage","@id":"https:\/\/www.ummto.dz\/fgei\/information-aux-etudiants-inscrits-en-l2\/","url":"https:\/\/www.ummto.dz\/fgei\/information-aux-etudiants-inscrits-en-l2\/","name":"Information aux \u00e9tudiants inscrits en L2 - Facult\u00e9 du G\u00e9nie Electrique et d&#039;Informatique","isPartOf":{"@id":"https:\/\/www.ummto.dz\/fgei\/#website"},"primaryImageOfPage":{"@id":"https:\/\/www.ummto.dz\/fgei\/information-aux-etudiants-inscrits-en-l2\/#primaryimage"},"image":{"@id":"https:\/\/www.ummto.dz\/fgei\/information-aux-etudiants-inscrits-en-l2\/#primaryimage"},"thumbnailUrl":"https:\/\/www.ummto.dz\/fgei\/wp-content\/uploads\/2023\/09\/images-2.jpg","datePublished":"2023-10-04T20:46:46+00:00","dateModified":"2023-10-04T21:52:37+00:00","author":{"@id":"https:\/\/www.ummto.dz\/fgei\/#\/schema\/person\/55d2af4c5bcd4e930baba1ecfc47f46e"},"breadcrumb":{"@id":"https:\/\/www.ummto.dz\/fgei\/information-aux-etudiants-inscrits-en-l2\/#breadcrumb"},"inLanguage":"fr-FR","potentialAction":[{"@type":"ReadAction","target":["https:\/\/www.ummto.dz\/fgei\/information-aux-etudiants-inscrits-en-l2\/"]}]},{"@type":"ImageObject","inLanguage":"fr-FR","@id":"https:\/\/www.ummto.dz\/fgei\/information-aux-etudiants-inscrits-en-l2\/#primaryimage","url":"https:\/\/www.ummto.dz\/fgei\/wp-content\/uploads\/2023\/09\/images-2.jpg","contentUrl":"https:\/\/www.ummto.dz\/fgei\/wp-content\/uploads\/2023\/09\/images-2.jpg","width":259,"height":194},{"@type":"BreadcrumbList","@id":"https:\/\/www.ummto.dz\/fgei\/information-aux-etudiants-inscrits-en-l2\/#breadcrumb","itemListElement":[{"@type":"ListItem","position":1,"name":"Accueil","item":"https:\/\/www.ummto.dz\/fgei\/"},{"@type":"ListItem","position":2,"name":"Information aux \u00e9tudiants inscrits en L2"}]},{"@type":"WebSite","@id":"https:\/\/www.ummto.dz\/fgei\/#website","url":"https:\/\/www.ummto.dz\/fgei\/","name":"Facult\u00e9 du G\u00e9nie Electrique et d&#039;Informatique","description":"UMMTO","potentialAction":[{"@type":"SearchAction","target":{"@type":"EntryPoint","urlTemplate":"https:\/\/www.ummto.dz\/fgei\/?s={search_term_string}"},"query-input":{"@type":"PropertyValueSpecification","valueRequired":true,"valueName":"search_term_string"}}],"inLanguage":"fr-FR"},{"@type":"Person","@id":"https:\/\/www.ummto.dz\/fgei\/#\/schema\/person\/55d2af4c5bcd4e930baba1ecfc47f46e","name":"eivalc eivalc","url":"https:\/\/www.ummto.dz\/fgei\/author\/eivalc2\/"}]}},"_links":{"self":[{"href":"https:\/\/www.ummto.dz\/fgei\/wp-json\/wp\/v2\/posts\/6621","targetHints":{"allow":["GET"]}}],"collection":[{"href":"https:\/\/www.ummto.dz\/fgei\/wp-json\/wp\/v2\/posts"}],"about":[{"href":"https:\/\/www.ummto.dz\/fgei\/wp-json\/wp\/v2\/types\/post"}],"author":[{"embeddable":true,"href":"https:\/\/www.ummto.dz\/fgei\/wp-json\/wp\/v2\/users\/8"}],"replies":[{"embeddable":true,"href":"https:\/\/www.ummto.dz\/fgei\/wp-json\/wp\/v2\/comments?post=6621"}],"version-history":[{"count":4,"href":"https:\/\/www.ummto.dz\/fgei\/wp-json\/wp\/v2\/posts\/6621\/revisions"}],"predecessor-version":[{"id":6626,"href":"https:\/\/www.ummto.dz\/fgei\/wp-json\/wp\/v2\/posts\/6621\/revisions\/6626"}],"wp:featuredmedia":[{"embeddable":true,"href":"https:\/\/www.ummto.dz\/fgei\/wp-json\/wp\/v2\/media\/6469"}],"wp:attachment":[{"href":"https:\/\/www.ummto.dz\/fgei\/wp-json\/wp\/v2\/media?parent=6621"}],"wp:term":[{"taxonomy":"category","embeddable":true,"href":"https:\/\/www.ummto.dz\/fgei\/wp-json\/wp\/v2\/categories?post=6621"},{"taxonomy":"post_tag","embeddable":true,"href":"https:\/\/www.ummto.dz\/fgei\/wp-json\/wp\/v2\/tags?post=6621"}],"curies":[{"name":"wp","href":"https:\/\/api.w.org\/{rel}","templated":true}]}}