{"id":6760,"date":"2023-10-09T22:16:04","date_gmt":"2023-10-09T21:16:04","guid":{"rendered":"https:\/\/www.ummto.dz\/fgei\/?p=6760"},"modified":"2023-10-09T22:17:40","modified_gmt":"2023-10-09T21:17:40","slug":"information-importante-aux-etudiants-inscrits-en-l2-electrotechnique","status":"publish","type":"post","link":"https:\/\/www.ummto.dz\/fgei\/information-importante-aux-etudiants-inscrits-en-l2-electrotechnique\/","title":{"rendered":"Information importante aux \u00e9tudiants inscrits en L2-Electrotechnique"},"content":{"rendered":"<p>[et_pb_section fb_built=\u00a0\u00bb1&Prime; theme_builder_area=\u00a0\u00bbpost_content\u00a0\u00bb _builder_version=\u00a0\u00bb4.22.2&Prime; _module_preset=\u00a0\u00bbdefault\u00a0\u00bb][et_pb_row _builder_version=\u00a0\u00bb4.22.2&Prime; _module_preset=\u00a0\u00bbdefault\u00a0\u00bb theme_builder_area=\u00a0\u00bbpost_content\u00a0\u00bb][et_pb_column _builder_version=\u00a0\u00bb4.22.2&Prime; _module_preset=\u00a0\u00bbdefault\u00a0\u00bb type=\u00a0\u00bb4_4&Prime; theme_builder_area=\u00a0\u00bbpost_content\u00a0\u00bb][et_pb_text _builder_version=\u00a0\u00bb4.22.2&Prime; _module_preset=\u00a0\u00bbdefault\u00a0\u00bb theme_builder_area=\u00a0\u00bbpost_content\u00a0\u00bb hover_enabled=\u00a0\u00bb0&Prime; sticky_enabled=\u00a0\u00bb0&Prime;]<\/p>\n<div style=\"margin: 0.5em 0px 0px;font-family: UI Helvetica, Arial, sans-serif;font-size: 15px\" class=\"yiv9870999411gmail-x11i5rnm yiv9870999411gmail-xat24cr yiv9870999411gmail-x1mh8g0r yiv9870999411gmail-x1vvkbs yiv9870999411gmail-xtlvy1s yiv9870999411gmail-x126k92a\">\n<div style=\"font-family: inherit;text-align: justify\"><span style=\"color: #000000\">Les \u00e9tudiants sont inform\u00e9s que la liste mise \u00e0 jour des \u00e9tudiants, incluant les nouveaux transf\u00e9r\u00e9s, ainsi que le planning des Travaux Dirig\u00e9s (TD) est t\u00e9l\u00e9chargeable via le lien suivant :<\/span><\/div>\n<\/div>\n<div style=\"margin: 0.5em 0px 0px;font-family: UI Helvetica, Arial, sans-serif;font-size: 15px;text-align: justify\" class=\"yiv9870999411gmail-x11i5rnm yiv9870999411gmail-xat24cr yiv9870999411gmail-x1mh8g0r yiv9870999411gmail-x1vvkbs yiv9870999411gmail-xtlvy1s yiv9870999411gmail-x126k92a\">\n<div style=\"font-family: inherit\"><span style=\"font-family: inherit;color: #000000\"><a rel=\"nofollow noopener noreferrer\" target=\"_blank\" href=\"https:\/\/drive.google.com\/drive\/folders\/1szDIeFHgAHTkgdvQ4uC99YAFkyuz7jHz?usp=sharing&amp;fbclid=IwAR2rZ-WIz-S7FNw-d8mSZItV1M9iWuk12ucHfnrx5uAwva5JGegZhK9n-Kk\" style=\"margin: 0px;text-align: inherit;padding: 0px;background-color: transparent;font-family: inherit;color: #000000\" class=\"yiv9870999411gmail-x1i10hfl yiv9870999411gmail-xjbqb8w yiv9870999411gmail-x6umtig yiv9870999411gmail-x1b1mbwd yiv9870999411gmail-xaqea5y yiv9870999411gmail-xav7gou yiv9870999411gmail-x9f619 yiv9870999411gmail-x1ypdohk yiv9870999411gmail-xt0psk2 yiv9870999411gmail-xe8uvvx yiv9870999411gmail-xdj266r yiv9870999411gmail-x11i5rnm yiv9870999411gmail-xat24cr yiv9870999411gmail-x1mh8g0r yiv9870999411gmail-xexx8yu yiv9870999411gmail-x4uap5 yiv9870999411gmail-x18d9i69 yiv9870999411gmail-xkhd6sd yiv9870999411gmail-x16tdsg8 yiv9870999411gmail-x1hl2dhg yiv9870999411gmail-xggy1nq yiv9870999411gmail-x1a2a7pz yiv9870999411gmail-xt0b8zv yiv9870999411gmail-x1fey0fg\"><span style=\"color: #000080\">https:\/\/drive.google.com\/&#8230;\/1szDIeFHgAHTkgdvQ4uC99YAFkyu&#8230;<\/span><\/a><\/span><\/div>\n<\/div>\n<div style=\"margin: 0.5em 0px 0px;font-family: UI Helvetica, Arial, sans-serif;font-size: 15px;text-align: justify\" class=\"yiv9870999411gmail-x11i5rnm yiv9870999411gmail-xat24cr yiv9870999411gmail-x1mh8g0r yiv9870999411gmail-x1vvkbs yiv9870999411gmail-xtlvy1s yiv9870999411gmail-x126k92a\">\n<div style=\"font-family: inherit\"><span style=\"color: #000000\"><span style=\"font-family: inherit\"><a rel=\"nofollow noopener noreferrer\" style=\"font-family: inherit;color: #000000\"><\/a><\/span>Veuillez noter ces informations :<\/span><\/div>\n<div style=\"font-family: inherit\"><span style=\"color: #000000\">\u2022 Pour les Groupes G1, G2, G3 et G4 : les Travaux Dirig\u00e9s auront lieu chaque mardi \u00e0 partir du 10 octobre 2023.<\/span><\/div>\n<div style=\"font-family: inherit\"><span style=\"color: #000000\">\u2022 Pour les Groupes G5, G6, G7 et G8 : les Travaux Dirig\u00e9s auront lieu chaque mercredi \u00e0 partir du 11 octobre 2023.<\/span><\/div>\n<\/div>\n<div style=\"margin: 0.5em 0px 0px;font-family: UI Helvetica, Arial, sans-serif;font-size: 15px;text-align: justify\" class=\"yiv9870999411gmail-x11i5rnm yiv9870999411gmail-xat24cr yiv9870999411gmail-x1mh8g0r yiv9870999411gmail-x1vvkbs yiv9870999411gmail-xtlvy1s yiv9870999411gmail-x126k92a\">\n<div style=\"font-family: inherit\"><span style=\"color: #000000\">Nous tenons \u00e0 vous informer que le contr\u00f4le continu est g\u00e9n\u00e9ralis\u00e9 pour cette ann\u00e9e universitaire, en conformit\u00e9 avec la r\u00e9glementation en vigueur. Par cons\u00e9quent, la pr\u00e9sence aux Travaux Dirig\u00e9s (TD) et Travaux Pratiques (TP) est obligatoire pour tous les \u00e9tudiants inscrits en L2 \u00c9lectrotechnique.<\/span><\/div>\n<\/div>\n<div style=\"margin: 0.5em 0px 0px;font-family: UI Helvetica, Arial, sans-serif;font-size: 15px\" class=\"yiv9870999411gmail-x11i5rnm yiv9870999411gmail-xat24cr yiv9870999411gmail-x1mh8g0r yiv9870999411gmail-x1vvkbs yiv9870999411gmail-xtlvy1s yiv9870999411gmail-x126k92a\">\n<div style=\"font-family: inherit;text-align: justify\"><span style=\"color: #000000\"><strong><span style=\"text-decoration: underline\"><span style=\"color: #ff0000;text-decoration: underline\">Remarque :<\/span> <\/span><\/strong>En raison du nombre important d\u2019\u00e9tudiants transf\u00e9r\u00e9s vers le d\u00e9partement, les plannings de TP d\u00e9j\u00e0 affich\u00e9s ne sont pas valides. De nouveaux plannings, ainsi que la r\u00e9partition des \u00e9tudiants en sous-groupes de TP, seront affich\u00e9s ce jeudi. Nous vous rappelons que les TP d\u00e9buteront le mardi 17 et mercredi 18 octobre. Les \u00e9tudiants peuvent r\u00e9cup\u00e9rer les polycopi\u00e9s des TP le mardi 10 et mercredi 11 octobre 2023.<\/span><\/div>\n<\/div>\n<p>[\/et_pb_text][\/et_pb_column][\/et_pb_row][\/et_pb_section]<\/p>\n","protected":false},"excerpt":{"rendered":"<p>Les \u00e9tudiants sont inform\u00e9s que la liste mise \u00e0 jour des \u00e9tudiants, incluant les nouveaux transf\u00e9r\u00e9s, ainsi que le planning des Travaux Dirig\u00e9s (TD) est t\u00e9l\u00e9chargeable via le lien suivant : https:\/\/drive.google.com\/&#8230;\/1szDIeFHgAHTkgdvQ4uC99YAFkyu&#8230; Veuillez noter ces informations : \u2022 Pour les Groupes G1, G2, G3 et G4 : les Travaux Dirig\u00e9s auront lieu chaque mardi \u00e0 [&hellip;]<\/p>\n","protected":false},"author":8,"featured_media":6761,"comment_status":"closed","ping_status":"closed","sticky":false,"template":"","format":"standard","meta":{"_et_pb_use_builder":"on","_et_pb_old_content":"","_et_gb_content_width":"","footnotes":""},"categories":[13],"tags":[],"class_list":["post-6760","post","type-post","status-publish","format-standard","has-post-thumbnail","hentry","category-new-dep-electrotechnique"],"yoast_head":"<!-- This site is optimized with the Yoast SEO plugin v27.3 - https:\/\/yoast.com\/product\/yoast-seo-wordpress\/ -->\n<title>Information importante aux \u00e9tudiants inscrits en L2-Electrotechnique - Facult\u00e9 du G\u00e9nie Electrique et d&#039;Informatique<\/title>\n<meta name=\"robots\" content=\"index, follow, max-snippet:-1, max-image-preview:large, max-video-preview:-1\" \/>\n<link rel=\"canonical\" href=\"https:\/\/www.ummto.dz\/fgei\/information-importante-aux-etudiants-inscrits-en-l2-electrotechnique\/\" \/>\n<meta property=\"og:locale\" content=\"fr_FR\" \/>\n<meta property=\"og:type\" content=\"article\" \/>\n<meta property=\"og:title\" content=\"Information importante aux \u00e9tudiants inscrits en L2-Electrotechnique - Facult\u00e9 du G\u00e9nie Electrique et d&#039;Informatique\" \/>\n<meta property=\"og:description\" content=\"Les \u00e9tudiants sont inform\u00e9s que la liste mise \u00e0 jour des \u00e9tudiants, incluant les nouveaux transf\u00e9r\u00e9s, ainsi que le planning des Travaux Dirig\u00e9s (TD) est t\u00e9l\u00e9chargeable via le lien suivant : https:\/\/drive.google.com\/...\/1szDIeFHgAHTkgdvQ4uC99YAFkyu... Veuillez noter ces informations : \u2022 Pour les Groupes G1, G2, G3 et G4 : les Travaux Dirig\u00e9s auront lieu chaque mardi \u00e0 [&hellip;]\" \/>\n<meta property=\"og:url\" content=\"https:\/\/www.ummto.dz\/fgei\/information-importante-aux-etudiants-inscrits-en-l2-electrotechnique\/\" \/>\n<meta property=\"og:site_name\" content=\"Facult\u00e9 du G\u00e9nie Electrique et d&#039;Informatique\" \/>\n<meta property=\"article:published_time\" content=\"2023-10-09T21:16:04+00:00\" \/>\n<meta property=\"article:modified_time\" content=\"2023-10-09T21:17:40+00:00\" \/>\n<meta property=\"og:image\" content=\"https:\/\/www.ummto.dz\/fgei\/wp-content\/uploads\/2023\/10\/information.jpg\" \/>\n\t<meta property=\"og:image:width\" content=\"474\" \/>\n\t<meta property=\"og:image:height\" content=\"270\" \/>\n\t<meta property=\"og:image:type\" content=\"image\/jpeg\" \/>\n<meta name=\"author\" content=\"eivalc eivalc\" \/>\n<meta name=\"twitter:card\" content=\"summary_large_image\" \/>\n<meta name=\"twitter:label1\" content=\"\u00c9crit par\" \/>\n\t<meta name=\"twitter:data1\" content=\"eivalc eivalc\" \/>\n<script type=\"application\/ld+json\" class=\"yoast-schema-graph\">{\"@context\":\"https:\\\/\\\/schema.org\",\"@graph\":[{\"@type\":\"Article\",\"@id\":\"https:\\\/\\\/www.ummto.dz\\\/fgei\\\/information-importante-aux-etudiants-inscrits-en-l2-electrotechnique\\\/#article\",\"isPartOf\":{\"@id\":\"https:\\\/\\\/www.ummto.dz\\\/fgei\\\/information-importante-aux-etudiants-inscrits-en-l2-electrotechnique\\\/\"},\"author\":{\"name\":\"eivalc eivalc\",\"@id\":\"https:\\\/\\\/www.ummto.dz\\\/fgei\\\/#\\\/schema\\\/person\\\/55d2af4c5bcd4e930baba1ecfc47f46e\"},\"headline\":\"Information importante aux \u00e9tudiants inscrits en L2-Electrotechnique\",\"datePublished\":\"2023-10-09T21:16:04+00:00\",\"dateModified\":\"2023-10-09T21:17:40+00:00\",\"mainEntityOfPage\":{\"@id\":\"https:\\\/\\\/www.ummto.dz\\\/fgei\\\/information-importante-aux-etudiants-inscrits-en-l2-electrotechnique\\\/\"},\"wordCount\":289,\"image\":{\"@id\":\"https:\\\/\\\/www.ummto.dz\\\/fgei\\\/information-importante-aux-etudiants-inscrits-en-l2-electrotechnique\\\/#primaryimage\"},\"thumbnailUrl\":\"https:\\\/\\\/www.ummto.dz\\\/fgei\\\/wp-content\\\/uploads\\\/2023\\\/10\\\/information.jpg\",\"articleSection\":[\"Electrotechnique\"],\"inLanguage\":\"fr-FR\"},{\"@type\":\"WebPage\",\"@id\":\"https:\\\/\\\/www.ummto.dz\\\/fgei\\\/information-importante-aux-etudiants-inscrits-en-l2-electrotechnique\\\/\",\"url\":\"https:\\\/\\\/www.ummto.dz\\\/fgei\\\/information-importante-aux-etudiants-inscrits-en-l2-electrotechnique\\\/\",\"name\":\"Information importante aux \u00e9tudiants inscrits en L2-Electrotechnique - Facult\u00e9 du G\u00e9nie Electrique et d&#039;Informatique\",\"isPartOf\":{\"@id\":\"https:\\\/\\\/www.ummto.dz\\\/fgei\\\/#website\"},\"primaryImageOfPage\":{\"@id\":\"https:\\\/\\\/www.ummto.dz\\\/fgei\\\/information-importante-aux-etudiants-inscrits-en-l2-electrotechnique\\\/#primaryimage\"},\"image\":{\"@id\":\"https:\\\/\\\/www.ummto.dz\\\/fgei\\\/information-importante-aux-etudiants-inscrits-en-l2-electrotechnique\\\/#primaryimage\"},\"thumbnailUrl\":\"https:\\\/\\\/www.ummto.dz\\\/fgei\\\/wp-content\\\/uploads\\\/2023\\\/10\\\/information.jpg\",\"datePublished\":\"2023-10-09T21:16:04+00:00\",\"dateModified\":\"2023-10-09T21:17:40+00:00\",\"author\":{\"@id\":\"https:\\\/\\\/www.ummto.dz\\\/fgei\\\/#\\\/schema\\\/person\\\/55d2af4c5bcd4e930baba1ecfc47f46e\"},\"breadcrumb\":{\"@id\":\"https:\\\/\\\/www.ummto.dz\\\/fgei\\\/information-importante-aux-etudiants-inscrits-en-l2-electrotechnique\\\/#breadcrumb\"},\"inLanguage\":\"fr-FR\",\"potentialAction\":[{\"@type\":\"ReadAction\",\"target\":[\"https:\\\/\\\/www.ummto.dz\\\/fgei\\\/information-importante-aux-etudiants-inscrits-en-l2-electrotechnique\\\/\"]}]},{\"@type\":\"ImageObject\",\"inLanguage\":\"fr-FR\",\"@id\":\"https:\\\/\\\/www.ummto.dz\\\/fgei\\\/information-importante-aux-etudiants-inscrits-en-l2-electrotechnique\\\/#primaryimage\",\"url\":\"https:\\\/\\\/www.ummto.dz\\\/fgei\\\/wp-content\\\/uploads\\\/2023\\\/10\\\/information.jpg\",\"contentUrl\":\"https:\\\/\\\/www.ummto.dz\\\/fgei\\\/wp-content\\\/uploads\\\/2023\\\/10\\\/information.jpg\",\"width\":474,\"height\":270},{\"@type\":\"BreadcrumbList\",\"@id\":\"https:\\\/\\\/www.ummto.dz\\\/fgei\\\/information-importante-aux-etudiants-inscrits-en-l2-electrotechnique\\\/#breadcrumb\",\"itemListElement\":[{\"@type\":\"ListItem\",\"position\":1,\"name\":\"Accueil\",\"item\":\"https:\\\/\\\/www.ummto.dz\\\/fgei\\\/\"},{\"@type\":\"ListItem\",\"position\":2,\"name\":\"Information importante aux \u00e9tudiants inscrits en L2-Electrotechnique\"}]},{\"@type\":\"WebSite\",\"@id\":\"https:\\\/\\\/www.ummto.dz\\\/fgei\\\/#website\",\"url\":\"https:\\\/\\\/www.ummto.dz\\\/fgei\\\/\",\"name\":\"Facult\u00e9 du G\u00e9nie Electrique et d&#039;Informatique\",\"description\":\"UMMTO\",\"potentialAction\":[{\"@type\":\"SearchAction\",\"target\":{\"@type\":\"EntryPoint\",\"urlTemplate\":\"https:\\\/\\\/www.ummto.dz\\\/fgei\\\/?s={search_term_string}\"},\"query-input\":{\"@type\":\"PropertyValueSpecification\",\"valueRequired\":true,\"valueName\":\"search_term_string\"}}],\"inLanguage\":\"fr-FR\"},{\"@type\":\"Person\",\"@id\":\"https:\\\/\\\/www.ummto.dz\\\/fgei\\\/#\\\/schema\\\/person\\\/55d2af4c5bcd4e930baba1ecfc47f46e\",\"name\":\"eivalc eivalc\",\"url\":\"https:\\\/\\\/www.ummto.dz\\\/fgei\\\/author\\\/eivalc2\\\/\"}]}<\/script>\n<!-- \/ Yoast SEO plugin. -->","yoast_head_json":{"title":"Information importante aux \u00e9tudiants inscrits en L2-Electrotechnique - Facult\u00e9 du G\u00e9nie Electrique et d&#039;Informatique","robots":{"index":"index","follow":"follow","max-snippet":"max-snippet:-1","max-image-preview":"max-image-preview:large","max-video-preview":"max-video-preview:-1"},"canonical":"https:\/\/www.ummto.dz\/fgei\/information-importante-aux-etudiants-inscrits-en-l2-electrotechnique\/","og_locale":"fr_FR","og_type":"article","og_title":"Information importante aux \u00e9tudiants inscrits en L2-Electrotechnique - Facult\u00e9 du G\u00e9nie Electrique et d&#039;Informatique","og_description":"Les \u00e9tudiants sont inform\u00e9s que la liste mise \u00e0 jour des \u00e9tudiants, incluant les nouveaux transf\u00e9r\u00e9s, ainsi que le planning des Travaux Dirig\u00e9s (TD) est t\u00e9l\u00e9chargeable via le lien suivant : https:\/\/drive.google.com\/...\/1szDIeFHgAHTkgdvQ4uC99YAFkyu... Veuillez noter ces informations : \u2022 Pour les Groupes G1, G2, G3 et G4 : les Travaux Dirig\u00e9s auront lieu chaque mardi \u00e0 [&hellip;]","og_url":"https:\/\/www.ummto.dz\/fgei\/information-importante-aux-etudiants-inscrits-en-l2-electrotechnique\/","og_site_name":"Facult\u00e9 du G\u00e9nie Electrique et d&#039;Informatique","article_published_time":"2023-10-09T21:16:04+00:00","article_modified_time":"2023-10-09T21:17:40+00:00","og_image":[{"width":474,"height":270,"url":"https:\/\/www.ummto.dz\/fgei\/wp-content\/uploads\/2023\/10\/information.jpg","type":"image\/jpeg"}],"author":"eivalc eivalc","twitter_card":"summary_large_image","twitter_misc":{"\u00c9crit par":"eivalc eivalc"},"schema":{"@context":"https:\/\/schema.org","@graph":[{"@type":"Article","@id":"https:\/\/www.ummto.dz\/fgei\/information-importante-aux-etudiants-inscrits-en-l2-electrotechnique\/#article","isPartOf":{"@id":"https:\/\/www.ummto.dz\/fgei\/information-importante-aux-etudiants-inscrits-en-l2-electrotechnique\/"},"author":{"name":"eivalc eivalc","@id":"https:\/\/www.ummto.dz\/fgei\/#\/schema\/person\/55d2af4c5bcd4e930baba1ecfc47f46e"},"headline":"Information importante aux \u00e9tudiants inscrits en L2-Electrotechnique","datePublished":"2023-10-09T21:16:04+00:00","dateModified":"2023-10-09T21:17:40+00:00","mainEntityOfPage":{"@id":"https:\/\/www.ummto.dz\/fgei\/information-importante-aux-etudiants-inscrits-en-l2-electrotechnique\/"},"wordCount":289,"image":{"@id":"https:\/\/www.ummto.dz\/fgei\/information-importante-aux-etudiants-inscrits-en-l2-electrotechnique\/#primaryimage"},"thumbnailUrl":"https:\/\/www.ummto.dz\/fgei\/wp-content\/uploads\/2023\/10\/information.jpg","articleSection":["Electrotechnique"],"inLanguage":"fr-FR"},{"@type":"WebPage","@id":"https:\/\/www.ummto.dz\/fgei\/information-importante-aux-etudiants-inscrits-en-l2-electrotechnique\/","url":"https:\/\/www.ummto.dz\/fgei\/information-importante-aux-etudiants-inscrits-en-l2-electrotechnique\/","name":"Information importante aux \u00e9tudiants inscrits en L2-Electrotechnique - Facult\u00e9 du G\u00e9nie Electrique et d&#039;Informatique","isPartOf":{"@id":"https:\/\/www.ummto.dz\/fgei\/#website"},"primaryImageOfPage":{"@id":"https:\/\/www.ummto.dz\/fgei\/information-importante-aux-etudiants-inscrits-en-l2-electrotechnique\/#primaryimage"},"image":{"@id":"https:\/\/www.ummto.dz\/fgei\/information-importante-aux-etudiants-inscrits-en-l2-electrotechnique\/#primaryimage"},"thumbnailUrl":"https:\/\/www.ummto.dz\/fgei\/wp-content\/uploads\/2023\/10\/information.jpg","datePublished":"2023-10-09T21:16:04+00:00","dateModified":"2023-10-09T21:17:40+00:00","author":{"@id":"https:\/\/www.ummto.dz\/fgei\/#\/schema\/person\/55d2af4c5bcd4e930baba1ecfc47f46e"},"breadcrumb":{"@id":"https:\/\/www.ummto.dz\/fgei\/information-importante-aux-etudiants-inscrits-en-l2-electrotechnique\/#breadcrumb"},"inLanguage":"fr-FR","potentialAction":[{"@type":"ReadAction","target":["https:\/\/www.ummto.dz\/fgei\/information-importante-aux-etudiants-inscrits-en-l2-electrotechnique\/"]}]},{"@type":"ImageObject","inLanguage":"fr-FR","@id":"https:\/\/www.ummto.dz\/fgei\/information-importante-aux-etudiants-inscrits-en-l2-electrotechnique\/#primaryimage","url":"https:\/\/www.ummto.dz\/fgei\/wp-content\/uploads\/2023\/10\/information.jpg","contentUrl":"https:\/\/www.ummto.dz\/fgei\/wp-content\/uploads\/2023\/10\/information.jpg","width":474,"height":270},{"@type":"BreadcrumbList","@id":"https:\/\/www.ummto.dz\/fgei\/information-importante-aux-etudiants-inscrits-en-l2-electrotechnique\/#breadcrumb","itemListElement":[{"@type":"ListItem","position":1,"name":"Accueil","item":"https:\/\/www.ummto.dz\/fgei\/"},{"@type":"ListItem","position":2,"name":"Information importante aux \u00e9tudiants inscrits en L2-Electrotechnique"}]},{"@type":"WebSite","@id":"https:\/\/www.ummto.dz\/fgei\/#website","url":"https:\/\/www.ummto.dz\/fgei\/","name":"Facult\u00e9 du G\u00e9nie Electrique et d&#039;Informatique","description":"UMMTO","potentialAction":[{"@type":"SearchAction","target":{"@type":"EntryPoint","urlTemplate":"https:\/\/www.ummto.dz\/fgei\/?s={search_term_string}"},"query-input":{"@type":"PropertyValueSpecification","valueRequired":true,"valueName":"search_term_string"}}],"inLanguage":"fr-FR"},{"@type":"Person","@id":"https:\/\/www.ummto.dz\/fgei\/#\/schema\/person\/55d2af4c5bcd4e930baba1ecfc47f46e","name":"eivalc eivalc","url":"https:\/\/www.ummto.dz\/fgei\/author\/eivalc2\/"}]}},"_links":{"self":[{"href":"https:\/\/www.ummto.dz\/fgei\/wp-json\/wp\/v2\/posts\/6760","targetHints":{"allow":["GET"]}}],"collection":[{"href":"https:\/\/www.ummto.dz\/fgei\/wp-json\/wp\/v2\/posts"}],"about":[{"href":"https:\/\/www.ummto.dz\/fgei\/wp-json\/wp\/v2\/types\/post"}],"author":[{"embeddable":true,"href":"https:\/\/www.ummto.dz\/fgei\/wp-json\/wp\/v2\/users\/8"}],"replies":[{"embeddable":true,"href":"https:\/\/www.ummto.dz\/fgei\/wp-json\/wp\/v2\/comments?post=6760"}],"version-history":[{"count":2,"href":"https:\/\/www.ummto.dz\/fgei\/wp-json\/wp\/v2\/posts\/6760\/revisions"}],"predecessor-version":[{"id":6763,"href":"https:\/\/www.ummto.dz\/fgei\/wp-json\/wp\/v2\/posts\/6760\/revisions\/6763"}],"wp:featuredmedia":[{"embeddable":true,"href":"https:\/\/www.ummto.dz\/fgei\/wp-json\/wp\/v2\/media\/6761"}],"wp:attachment":[{"href":"https:\/\/www.ummto.dz\/fgei\/wp-json\/wp\/v2\/media?parent=6760"}],"wp:term":[{"taxonomy":"category","embeddable":true,"href":"https:\/\/www.ummto.dz\/fgei\/wp-json\/wp\/v2\/categories?post=6760"},{"taxonomy":"post_tag","embeddable":true,"href":"https:\/\/www.ummto.dz\/fgei\/wp-json\/wp\/v2\/tags?post=6760"}],"curies":[{"name":"wp","href":"https:\/\/api.w.org\/{rel}","templated":true}]}}