{"id":7733,"date":"2025-01-02T15:07:20","date_gmt":"2025-01-02T14:07:20","guid":{"rendered":"https:\/\/www.ummto.dz\/fgei\/?p=7733"},"modified":"2025-01-04T15:09:59","modified_gmt":"2025-01-04T14:09:59","slug":"resume-de-larrete-1023-du-25-juillet-2023-modifiant-et-completant-larrete-171-du-9-fevrier-2023-portant-organisation-de-la-pedagogie","status":"publish","type":"post","link":"https:\/\/www.ummto.dz\/fgei\/resume-de-larrete-1023-du-25-juillet-2023-modifiant-et-completant-larrete-171-du-9-fevrier-2023-portant-organisation-de-la-pedagogie\/","title":{"rendered":"R\u00e9sum\u00e9 de l\u2019arr\u00eat\u00e9 1023 du 25 juillet 2023 modifiant et compl\u00e9tant l\u2019arr\u00eat\u00e9 171 du 9 f\u00e9vrier 2023 Portant organisation de la p\u00e9dagogie"},"content":{"rendered":"<p>[et_pb_section fb_built=\u00a0\u00bb1&Prime; _builder_version=\u00a0\u00bb4.24.0&Prime; _module_preset=\u00a0\u00bbdefault\u00a0\u00bb global_colors_info=\u00a0\u00bb{}\u00a0\u00bb][et_pb_row _builder_version=\u00a0\u00bb4.24.0&Prime; _module_preset=\u00a0\u00bbdefault\u00a0\u00bb global_colors_info=\u00a0\u00bb{}\u00a0\u00bb][et_pb_column type=\u00a0\u00bb4_4&Prime; _builder_version=\u00a0\u00bb4.24.0&Prime; _module_preset=\u00a0\u00bbdefault\u00a0\u00bb global_colors_info=\u00a0\u00bb{}\u00a0\u00bb][et_pb_text _builder_version=\u00a0\u00bb4.27.4&Prime; _module_preset=\u00a0\u00bbdefault\u00a0\u00bb hover_enabled=\u00a0\u00bb0&Prime; global_colors_info=\u00a0\u00bb{}\u00a0\u00bb sticky_enabled=\u00a0\u00bb0&Prime;]<\/p>\n<p style=\"text-align: justify\"><span style=\"color: #000000\"><strong>L\u2019ann\u00e9e universitaire 2024\/2025 est r\u00e9gi par l\u2019arr\u00eat\u00e9 1023 du 25 juillet 2023 modifiant et compl\u00e9tant l\u2019arr\u00eat\u00e9 171 du 9 f\u00e9vrier 2023 portant organisation de la p\u00e9dagogie.Les points essentiels de cet arr\u00eat\u00e9 sont r\u00e9sum\u00e9s comme suit :<\/strong><\/span><\/p>\n<p style=\"text-align: justify\"><span style=\"color: #008000\"><strong>\u00a0<\/strong><strong><u>Suspension de la formation<\/u><\/strong><\/span><\/p>\n<p style=\"text-align: justify\"><span style=\"color: #000000\">La demande justifi\u00e9e de la suspension de la formation (Cong\u00e9 acad\u00e9mique) doit \u00eatre d\u00e9pos\u00e9e aupr\u00e8s du service scolarit\u00e9, apr\u00e8s avis du chef de d\u00e9partement, avant le premier examen du semestre.<\/span><\/p>\n<p style=\"text-align: justify\"><span style=\"color: #008000\"><strong><u>Progression dans la formation Licence et Master<\/u><\/strong><\/span><\/p>\n<ul style=\"text-align: justify\">\n<li><strong><span style=\"color: #ff0000\">Pour les \u00e9tudiants r\u00e9p\u00e9titifs, les notes inf\u00e9rieures \u00e0 (&lt; 10\/20) des mati\u00e8res appartenant \u00e0 des unit\u00e9s non acquises d\u2019un semestre non acquis sont remisent \u00e0 (00\/20) y compris les travaux pratiques (Contr\u00f4le continu).<\/span><\/strong><\/li>\n<li><strong><span style=\"color: #ff0000\"><span style=\"text-decoration: underline\">L&rsquo;\u00e9tudiant (soit nouveau inscrit, r\u00e9p\u00e9titif ou admis avec dette) <\/span><u>n\u2019est pas autoris\u00e9 \u00e0 passer les examens des mati\u00e8res non acquises appartenant \u00e0 l&rsquo;unit\u00e9 acquise par compensation<\/u>.<\/span><\/strong><\/li>\n<li><span style=\"color: #000000\">L\u2019unit\u00e9 d\u2019enseignement est acquise par compensation des notes des mati\u00e8res qui la constituent.<\/span><\/li>\n<li><span style=\"color: #000000\">Le semestre d\u2019enseignement est acquis par compensation des notes des unit\u00e9s qui le constituent.<\/span><\/li>\n<li><strong><span style=\"color: #ff0000\">L&rsquo;\u00e9tudiant n&rsquo;est pas autoris\u00e9 \u00e0 passer les examens des rattrapages dans le semestre acquis par les examens finaux (session 1).<\/span><\/strong><\/li>\n<li><strong><span style=\"color: #ff0000\">L\u2019\u00e9tudiant admis en premi\u00e8re session n&rsquo;est pas autoris\u00e9 \u00e0 passer les examens de rattrapage.<\/span><\/strong><\/li>\n<li><span style=\"color: #000000\">Le passage de la 2<sup>\u00e8me<\/sup> ann\u00e9e \u00e0 la 3<sup>\u00e8me<\/sup> ann\u00e9e Licence est de droit si l\u2019\u00e9tudiant a acquis (90 cr\u00e9dits) et plus. La compensation et autoris\u00e9e.<\/span><\/li>\n<li><span style=\"color: #000000\">Le passage de la 1<sup>\u00e8re<\/sup> ann\u00e9e \u00e0 la 2<sup>\u00e8me<\/sup> ann\u00e9e Master est autoris\u00e9 si l\u2019\u00e9tudiant a acquis (45 cr\u00e9dits et plus) <strong>avec<\/strong> <strong>compensation.<\/strong><\/span><\/li>\n<li><span style=\"color: #000000\">L\u2019acquisition de la 2<sup>\u00e8me<\/sup> ann\u00e9e Master <strong>se fait sans compensation<\/strong>.<\/span><\/li>\n<li><span style=\"color: #000000\">Si l\u2019\u00e9tudiant n\u2019a pas acquis 120 cr\u00e9dits durant les trois ann\u00e9es de Master, il est alors exclu.<\/span><\/li>\n<\/ul>\n<p style=\"text-align: justify\"><strong><span style=\"color: #008000\"><u>Progression dans la formation Ing\u00e9nieur<\/u><\/span><\/strong><\/p>\n<ul style=\"text-align: justify\">\n<li><span style=\"color: #000000\"><strong>Une note \u00e9liminatoire de 05\/20 est impos\u00e9e dans toutes les mati\u00e8res.<\/strong><\/span><\/li>\n<li><span style=\"color: #000000\"><strong>\u00a0<\/strong>Le passage de la 1<sup>\u00e8re<\/sup> ann\u00e9e \u00e0 la 2<sup>\u00e8me<\/sup> ann\u00e9e ing\u00e9nieur est autoris\u00e9 si l\u2019\u00e9tudiant a obtenu une moyenne g\u00e9n\u00e9rale sup\u00e9rieure ou \u00e9gale \u00e0 <strong>10\/20 <\/strong>avec compensation et <strong>sans note \u00e9liminatoire<\/strong>.<\/span><\/li>\n<li><span style=\"color: #000000\">L\u2019\u00e9tudiant est autoris\u00e9 \u00e0 passer l\u2019examen de rattrapage s\u2019il a une moyenne g\u00e9n\u00e9rale inf\u00e9rieure \u00e0 <strong>10\/20\u00a0 <\/strong><\/span><strong><span style=\"color: #ff0000\">ou\u00a0 <\/span><\/strong><span style=\"color: #000000\"><strong>une note \u00e9liminatoire.<\/strong><\/span><span style=\"color: #000000\"><\/span><\/li>\n<\/ul>\n<p style=\"text-align: justify\"><strong><span style=\"color: #000080\">Pour toute autre pr\u00e9cision, veuillez consulter les arr\u00eat\u00e9s <span style=\"color: #800000\"><a href=\"https:\/\/www.ummto.dz\/fgei\/wp-content\/uploads\/2024\/02\/1023.pdf\" target=\"_blank\" rel=\"noopener\" style=\"color: #800000\"><span style=\"text-decoration: underline\">1023<\/span> <\/a><\/span>et <span style=\"color: #800000\"><a href=\"https:\/\/www.ummto.dz\/fgei\/wp-content\/uploads\/2024\/02\/arrete-171-Ar.pdf\" target=\"_blank\" rel=\"noopener\" style=\"color: #800000\">171<\/a><\/span>.<\/span><\/strong><\/p>\n<p style=\"text-align: justify\"><span style=\"color: #000000\"><strong>La Responsable de progres de la FGEI<\/strong><\/span><\/p>\n<p>[\/et_pb_text][\/et_pb_column][\/et_pb_row][\/et_pb_section]<\/p>\n","protected":false},"excerpt":{"rendered":"<p>L\u2019ann\u00e9e universitaire 2024\/2025 est r\u00e9gi par l\u2019arr\u00eat\u00e9 1023 du 25 juillet 2023 modifiant et compl\u00e9tant l\u2019arr\u00eat\u00e9 171 du 9 f\u00e9vrier 2023 portant organisation de la p\u00e9dagogie.Les points essentiels de cet arr\u00eat\u00e9 sont r\u00e9sum\u00e9s comme suit : \u00a0Suspension de la formation La demande justifi\u00e9e de la suspension de la formation (Cong\u00e9 acad\u00e9mique) doit \u00eatre d\u00e9pos\u00e9e aupr\u00e8s [&hellip;]<\/p>\n","protected":false},"author":8,"featured_media":7734,"comment_status":"closed","ping_status":"closed","sticky":false,"template":"","format":"standard","meta":{"_et_pb_use_builder":"on","_et_pb_old_content":"","_et_gb_content_width":"","footnotes":""},"categories":[15],"tags":[],"class_list":["post-7733","post","type-post","status-publish","format-standard","has-post-thumbnail","hentry","category-new-dep-informatique"],"yoast_head":"<!-- This site is optimized with the Yoast SEO plugin v27.3 - https:\/\/yoast.com\/product\/yoast-seo-wordpress\/ -->\n<title>R\u00e9sum\u00e9 de l\u2019arr\u00eat\u00e9 1023 du 25 juillet 2023 modifiant et compl\u00e9tant l\u2019arr\u00eat\u00e9 171 du 9 f\u00e9vrier 2023 Portant organisation de la p\u00e9dagogie - Facult\u00e9 du G\u00e9nie Electrique et d&#039;Informatique<\/title>\n<meta name=\"robots\" content=\"index, follow, max-snippet:-1, max-image-preview:large, max-video-preview:-1\" \/>\n<link rel=\"canonical\" href=\"https:\/\/www.ummto.dz\/fgei\/resume-de-larrete-1023-du-25-juillet-2023-modifiant-et-completant-larrete-171-du-9-fevrier-2023-portant-organisation-de-la-pedagogie\/\" \/>\n<meta property=\"og:locale\" content=\"fr_FR\" \/>\n<meta property=\"og:type\" content=\"article\" \/>\n<meta property=\"og:title\" content=\"R\u00e9sum\u00e9 de l\u2019arr\u00eat\u00e9 1023 du 25 juillet 2023 modifiant et compl\u00e9tant l\u2019arr\u00eat\u00e9 171 du 9 f\u00e9vrier 2023 Portant organisation de la p\u00e9dagogie - Facult\u00e9 du G\u00e9nie Electrique et d&#039;Informatique\" \/>\n<meta property=\"og:description\" content=\"L\u2019ann\u00e9e universitaire 2024\/2025 est r\u00e9gi par l\u2019arr\u00eat\u00e9 1023 du 25 juillet 2023 modifiant et compl\u00e9tant l\u2019arr\u00eat\u00e9 171 du 9 f\u00e9vrier 2023 portant organisation de la p\u00e9dagogie.Les points essentiels de cet arr\u00eat\u00e9 sont r\u00e9sum\u00e9s comme suit : \u00a0Suspension de la formation La demande justifi\u00e9e de la suspension de la formation (Cong\u00e9 acad\u00e9mique) doit \u00eatre d\u00e9pos\u00e9e aupr\u00e8s [&hellip;]\" \/>\n<meta property=\"og:url\" content=\"https:\/\/www.ummto.dz\/fgei\/resume-de-larrete-1023-du-25-juillet-2023-modifiant-et-completant-larrete-171-du-9-fevrier-2023-portant-organisation-de-la-pedagogie\/\" \/>\n<meta property=\"og:site_name\" content=\"Facult\u00e9 du G\u00e9nie Electrique et d&#039;Informatique\" \/>\n<meta property=\"article:published_time\" content=\"2025-01-02T14:07:20+00:00\" \/>\n<meta property=\"article:modified_time\" content=\"2025-01-04T14:09:59+00:00\" \/>\n<meta property=\"og:image\" content=\"https:\/\/www.ummto.dz\/fgei\/wp-content\/uploads\/2024\/02\/bloggif_65e0e09437e2f.gif\" \/>\n\t<meta property=\"og:image:width\" content=\"377\" \/>\n\t<meta property=\"og:image:height\" content=\"134\" \/>\n\t<meta property=\"og:image:type\" content=\"image\/gif\" \/>\n<meta name=\"author\" content=\"eivalc eivalc\" \/>\n<meta name=\"twitter:card\" content=\"summary_large_image\" \/>\n<meta name=\"twitter:label1\" content=\"\u00c9crit par\" \/>\n\t<meta name=\"twitter:data1\" content=\"eivalc eivalc\" \/>\n\t<meta name=\"twitter:label2\" content=\"Dur\u00e9e de lecture estim\u00e9e\" \/>\n\t<meta name=\"twitter:data2\" content=\"2 minutes\" \/>\n<script type=\"application\/ld+json\" class=\"yoast-schema-graph\">{\"@context\":\"https:\\\/\\\/schema.org\",\"@graph\":[{\"@type\":\"Article\",\"@id\":\"https:\\\/\\\/www.ummto.dz\\\/fgei\\\/resume-de-larrete-1023-du-25-juillet-2023-modifiant-et-completant-larrete-171-du-9-fevrier-2023-portant-organisation-de-la-pedagogie\\\/#article\",\"isPartOf\":{\"@id\":\"https:\\\/\\\/www.ummto.dz\\\/fgei\\\/resume-de-larrete-1023-du-25-juillet-2023-modifiant-et-completant-larrete-171-du-9-fevrier-2023-portant-organisation-de-la-pedagogie\\\/\"},\"author\":{\"name\":\"eivalc eivalc\",\"@id\":\"https:\\\/\\\/www.ummto.dz\\\/fgei\\\/#\\\/schema\\\/person\\\/55d2af4c5bcd4e930baba1ecfc47f46e\"},\"headline\":\"R\u00e9sum\u00e9 de l\u2019arr\u00eat\u00e9 1023 du 25 juillet 2023 modifiant et compl\u00e9tant l\u2019arr\u00eat\u00e9 171 du 9 f\u00e9vrier 2023 Portant organisation de la p\u00e9dagogie\",\"datePublished\":\"2025-01-02T14:07:20+00:00\",\"dateModified\":\"2025-01-04T14:09:59+00:00\",\"mainEntityOfPage\":{\"@id\":\"https:\\\/\\\/www.ummto.dz\\\/fgei\\\/resume-de-larrete-1023-du-25-juillet-2023-modifiant-et-completant-larrete-171-du-9-fevrier-2023-portant-organisation-de-la-pedagogie\\\/\"},\"wordCount\":491,\"image\":{\"@id\":\"https:\\\/\\\/www.ummto.dz\\\/fgei\\\/resume-de-larrete-1023-du-25-juillet-2023-modifiant-et-completant-larrete-171-du-9-fevrier-2023-portant-organisation-de-la-pedagogie\\\/#primaryimage\"},\"thumbnailUrl\":\"https:\\\/\\\/www.ummto.dz\\\/fgei\\\/wp-content\\\/uploads\\\/2024\\\/02\\\/bloggif_65e0e09437e2f.gif\",\"articleSection\":[\"Informatique\"],\"inLanguage\":\"fr-FR\"},{\"@type\":\"WebPage\",\"@id\":\"https:\\\/\\\/www.ummto.dz\\\/fgei\\\/resume-de-larrete-1023-du-25-juillet-2023-modifiant-et-completant-larrete-171-du-9-fevrier-2023-portant-organisation-de-la-pedagogie\\\/\",\"url\":\"https:\\\/\\\/www.ummto.dz\\\/fgei\\\/resume-de-larrete-1023-du-25-juillet-2023-modifiant-et-completant-larrete-171-du-9-fevrier-2023-portant-organisation-de-la-pedagogie\\\/\",\"name\":\"R\u00e9sum\u00e9 de l\u2019arr\u00eat\u00e9 1023 du 25 juillet 2023 modifiant et compl\u00e9tant l\u2019arr\u00eat\u00e9 171 du 9 f\u00e9vrier 2023 Portant organisation de la p\u00e9dagogie - Facult\u00e9 du G\u00e9nie Electrique et d&#039;Informatique\",\"isPartOf\":{\"@id\":\"https:\\\/\\\/www.ummto.dz\\\/fgei\\\/#website\"},\"primaryImageOfPage\":{\"@id\":\"https:\\\/\\\/www.ummto.dz\\\/fgei\\\/resume-de-larrete-1023-du-25-juillet-2023-modifiant-et-completant-larrete-171-du-9-fevrier-2023-portant-organisation-de-la-pedagogie\\\/#primaryimage\"},\"image\":{\"@id\":\"https:\\\/\\\/www.ummto.dz\\\/fgei\\\/resume-de-larrete-1023-du-25-juillet-2023-modifiant-et-completant-larrete-171-du-9-fevrier-2023-portant-organisation-de-la-pedagogie\\\/#primaryimage\"},\"thumbnailUrl\":\"https:\\\/\\\/www.ummto.dz\\\/fgei\\\/wp-content\\\/uploads\\\/2024\\\/02\\\/bloggif_65e0e09437e2f.gif\",\"datePublished\":\"2025-01-02T14:07:20+00:00\",\"dateModified\":\"2025-01-04T14:09:59+00:00\",\"author\":{\"@id\":\"https:\\\/\\\/www.ummto.dz\\\/fgei\\\/#\\\/schema\\\/person\\\/55d2af4c5bcd4e930baba1ecfc47f46e\"},\"breadcrumb\":{\"@id\":\"https:\\\/\\\/www.ummto.dz\\\/fgei\\\/resume-de-larrete-1023-du-25-juillet-2023-modifiant-et-completant-larrete-171-du-9-fevrier-2023-portant-organisation-de-la-pedagogie\\\/#breadcrumb\"},\"inLanguage\":\"fr-FR\",\"potentialAction\":[{\"@type\":\"ReadAction\",\"target\":[\"https:\\\/\\\/www.ummto.dz\\\/fgei\\\/resume-de-larrete-1023-du-25-juillet-2023-modifiant-et-completant-larrete-171-du-9-fevrier-2023-portant-organisation-de-la-pedagogie\\\/\"]}]},{\"@type\":\"ImageObject\",\"inLanguage\":\"fr-FR\",\"@id\":\"https:\\\/\\\/www.ummto.dz\\\/fgei\\\/resume-de-larrete-1023-du-25-juillet-2023-modifiant-et-completant-larrete-171-du-9-fevrier-2023-portant-organisation-de-la-pedagogie\\\/#primaryimage\",\"url\":\"https:\\\/\\\/www.ummto.dz\\\/fgei\\\/wp-content\\\/uploads\\\/2024\\\/02\\\/bloggif_65e0e09437e2f.gif\",\"contentUrl\":\"https:\\\/\\\/www.ummto.dz\\\/fgei\\\/wp-content\\\/uploads\\\/2024\\\/02\\\/bloggif_65e0e09437e2f.gif\",\"width\":377,\"height\":134},{\"@type\":\"BreadcrumbList\",\"@id\":\"https:\\\/\\\/www.ummto.dz\\\/fgei\\\/resume-de-larrete-1023-du-25-juillet-2023-modifiant-et-completant-larrete-171-du-9-fevrier-2023-portant-organisation-de-la-pedagogie\\\/#breadcrumb\",\"itemListElement\":[{\"@type\":\"ListItem\",\"position\":1,\"name\":\"Accueil\",\"item\":\"https:\\\/\\\/www.ummto.dz\\\/fgei\\\/\"},{\"@type\":\"ListItem\",\"position\":2,\"name\":\"R\u00e9sum\u00e9 de l\u2019arr\u00eat\u00e9 1023 du 25 juillet 2023 modifiant et compl\u00e9tant l\u2019arr\u00eat\u00e9 171 du 9 f\u00e9vrier 2023 Portant organisation de la p\u00e9dagogie\"}]},{\"@type\":\"WebSite\",\"@id\":\"https:\\\/\\\/www.ummto.dz\\\/fgei\\\/#website\",\"url\":\"https:\\\/\\\/www.ummto.dz\\\/fgei\\\/\",\"name\":\"Facult\u00e9 du G\u00e9nie Electrique et d&#039;Informatique\",\"description\":\"UMMTO\",\"potentialAction\":[{\"@type\":\"SearchAction\",\"target\":{\"@type\":\"EntryPoint\",\"urlTemplate\":\"https:\\\/\\\/www.ummto.dz\\\/fgei\\\/?s={search_term_string}\"},\"query-input\":{\"@type\":\"PropertyValueSpecification\",\"valueRequired\":true,\"valueName\":\"search_term_string\"}}],\"inLanguage\":\"fr-FR\"},{\"@type\":\"Person\",\"@id\":\"https:\\\/\\\/www.ummto.dz\\\/fgei\\\/#\\\/schema\\\/person\\\/55d2af4c5bcd4e930baba1ecfc47f46e\",\"name\":\"eivalc eivalc\",\"url\":\"https:\\\/\\\/www.ummto.dz\\\/fgei\\\/author\\\/eivalc2\\\/\"}]}<\/script>\n<!-- \/ Yoast SEO plugin. -->","yoast_head_json":{"title":"R\u00e9sum\u00e9 de l\u2019arr\u00eat\u00e9 1023 du 25 juillet 2023 modifiant et compl\u00e9tant l\u2019arr\u00eat\u00e9 171 du 9 f\u00e9vrier 2023 Portant organisation de la p\u00e9dagogie - Facult\u00e9 du G\u00e9nie Electrique et d&#039;Informatique","robots":{"index":"index","follow":"follow","max-snippet":"max-snippet:-1","max-image-preview":"max-image-preview:large","max-video-preview":"max-video-preview:-1"},"canonical":"https:\/\/www.ummto.dz\/fgei\/resume-de-larrete-1023-du-25-juillet-2023-modifiant-et-completant-larrete-171-du-9-fevrier-2023-portant-organisation-de-la-pedagogie\/","og_locale":"fr_FR","og_type":"article","og_title":"R\u00e9sum\u00e9 de l\u2019arr\u00eat\u00e9 1023 du 25 juillet 2023 modifiant et compl\u00e9tant l\u2019arr\u00eat\u00e9 171 du 9 f\u00e9vrier 2023 Portant organisation de la p\u00e9dagogie - Facult\u00e9 du G\u00e9nie Electrique et d&#039;Informatique","og_description":"L\u2019ann\u00e9e universitaire 2024\/2025 est r\u00e9gi par l\u2019arr\u00eat\u00e9 1023 du 25 juillet 2023 modifiant et compl\u00e9tant l\u2019arr\u00eat\u00e9 171 du 9 f\u00e9vrier 2023 portant organisation de la p\u00e9dagogie.Les points essentiels de cet arr\u00eat\u00e9 sont r\u00e9sum\u00e9s comme suit : \u00a0Suspension de la formation La demande justifi\u00e9e de la suspension de la formation (Cong\u00e9 acad\u00e9mique) doit \u00eatre d\u00e9pos\u00e9e aupr\u00e8s [&hellip;]","og_url":"https:\/\/www.ummto.dz\/fgei\/resume-de-larrete-1023-du-25-juillet-2023-modifiant-et-completant-larrete-171-du-9-fevrier-2023-portant-organisation-de-la-pedagogie\/","og_site_name":"Facult\u00e9 du G\u00e9nie Electrique et d&#039;Informatique","article_published_time":"2025-01-02T14:07:20+00:00","article_modified_time":"2025-01-04T14:09:59+00:00","og_image":[{"width":377,"height":134,"url":"https:\/\/www.ummto.dz\/fgei\/wp-content\/uploads\/2024\/02\/bloggif_65e0e09437e2f.gif","type":"image\/gif"}],"author":"eivalc eivalc","twitter_card":"summary_large_image","twitter_misc":{"\u00c9crit par":"eivalc eivalc","Dur\u00e9e de lecture estim\u00e9e":"2 minutes"},"schema":{"@context":"https:\/\/schema.org","@graph":[{"@type":"Article","@id":"https:\/\/www.ummto.dz\/fgei\/resume-de-larrete-1023-du-25-juillet-2023-modifiant-et-completant-larrete-171-du-9-fevrier-2023-portant-organisation-de-la-pedagogie\/#article","isPartOf":{"@id":"https:\/\/www.ummto.dz\/fgei\/resume-de-larrete-1023-du-25-juillet-2023-modifiant-et-completant-larrete-171-du-9-fevrier-2023-portant-organisation-de-la-pedagogie\/"},"author":{"name":"eivalc eivalc","@id":"https:\/\/www.ummto.dz\/fgei\/#\/schema\/person\/55d2af4c5bcd4e930baba1ecfc47f46e"},"headline":"R\u00e9sum\u00e9 de l\u2019arr\u00eat\u00e9 1023 du 25 juillet 2023 modifiant et compl\u00e9tant l\u2019arr\u00eat\u00e9 171 du 9 f\u00e9vrier 2023 Portant organisation de la p\u00e9dagogie","datePublished":"2025-01-02T14:07:20+00:00","dateModified":"2025-01-04T14:09:59+00:00","mainEntityOfPage":{"@id":"https:\/\/www.ummto.dz\/fgei\/resume-de-larrete-1023-du-25-juillet-2023-modifiant-et-completant-larrete-171-du-9-fevrier-2023-portant-organisation-de-la-pedagogie\/"},"wordCount":491,"image":{"@id":"https:\/\/www.ummto.dz\/fgei\/resume-de-larrete-1023-du-25-juillet-2023-modifiant-et-completant-larrete-171-du-9-fevrier-2023-portant-organisation-de-la-pedagogie\/#primaryimage"},"thumbnailUrl":"https:\/\/www.ummto.dz\/fgei\/wp-content\/uploads\/2024\/02\/bloggif_65e0e09437e2f.gif","articleSection":["Informatique"],"inLanguage":"fr-FR"},{"@type":"WebPage","@id":"https:\/\/www.ummto.dz\/fgei\/resume-de-larrete-1023-du-25-juillet-2023-modifiant-et-completant-larrete-171-du-9-fevrier-2023-portant-organisation-de-la-pedagogie\/","url":"https:\/\/www.ummto.dz\/fgei\/resume-de-larrete-1023-du-25-juillet-2023-modifiant-et-completant-larrete-171-du-9-fevrier-2023-portant-organisation-de-la-pedagogie\/","name":"R\u00e9sum\u00e9 de l\u2019arr\u00eat\u00e9 1023 du 25 juillet 2023 modifiant et compl\u00e9tant l\u2019arr\u00eat\u00e9 171 du 9 f\u00e9vrier 2023 Portant organisation de la p\u00e9dagogie - Facult\u00e9 du G\u00e9nie Electrique et d&#039;Informatique","isPartOf":{"@id":"https:\/\/www.ummto.dz\/fgei\/#website"},"primaryImageOfPage":{"@id":"https:\/\/www.ummto.dz\/fgei\/resume-de-larrete-1023-du-25-juillet-2023-modifiant-et-completant-larrete-171-du-9-fevrier-2023-portant-organisation-de-la-pedagogie\/#primaryimage"},"image":{"@id":"https:\/\/www.ummto.dz\/fgei\/resume-de-larrete-1023-du-25-juillet-2023-modifiant-et-completant-larrete-171-du-9-fevrier-2023-portant-organisation-de-la-pedagogie\/#primaryimage"},"thumbnailUrl":"https:\/\/www.ummto.dz\/fgei\/wp-content\/uploads\/2024\/02\/bloggif_65e0e09437e2f.gif","datePublished":"2025-01-02T14:07:20+00:00","dateModified":"2025-01-04T14:09:59+00:00","author":{"@id":"https:\/\/www.ummto.dz\/fgei\/#\/schema\/person\/55d2af4c5bcd4e930baba1ecfc47f46e"},"breadcrumb":{"@id":"https:\/\/www.ummto.dz\/fgei\/resume-de-larrete-1023-du-25-juillet-2023-modifiant-et-completant-larrete-171-du-9-fevrier-2023-portant-organisation-de-la-pedagogie\/#breadcrumb"},"inLanguage":"fr-FR","potentialAction":[{"@type":"ReadAction","target":["https:\/\/www.ummto.dz\/fgei\/resume-de-larrete-1023-du-25-juillet-2023-modifiant-et-completant-larrete-171-du-9-fevrier-2023-portant-organisation-de-la-pedagogie\/"]}]},{"@type":"ImageObject","inLanguage":"fr-FR","@id":"https:\/\/www.ummto.dz\/fgei\/resume-de-larrete-1023-du-25-juillet-2023-modifiant-et-completant-larrete-171-du-9-fevrier-2023-portant-organisation-de-la-pedagogie\/#primaryimage","url":"https:\/\/www.ummto.dz\/fgei\/wp-content\/uploads\/2024\/02\/bloggif_65e0e09437e2f.gif","contentUrl":"https:\/\/www.ummto.dz\/fgei\/wp-content\/uploads\/2024\/02\/bloggif_65e0e09437e2f.gif","width":377,"height":134},{"@type":"BreadcrumbList","@id":"https:\/\/www.ummto.dz\/fgei\/resume-de-larrete-1023-du-25-juillet-2023-modifiant-et-completant-larrete-171-du-9-fevrier-2023-portant-organisation-de-la-pedagogie\/#breadcrumb","itemListElement":[{"@type":"ListItem","position":1,"name":"Accueil","item":"https:\/\/www.ummto.dz\/fgei\/"},{"@type":"ListItem","position":2,"name":"R\u00e9sum\u00e9 de l\u2019arr\u00eat\u00e9 1023 du 25 juillet 2023 modifiant et compl\u00e9tant l\u2019arr\u00eat\u00e9 171 du 9 f\u00e9vrier 2023 Portant organisation de la p\u00e9dagogie"}]},{"@type":"WebSite","@id":"https:\/\/www.ummto.dz\/fgei\/#website","url":"https:\/\/www.ummto.dz\/fgei\/","name":"Facult\u00e9 du G\u00e9nie Electrique et d&#039;Informatique","description":"UMMTO","potentialAction":[{"@type":"SearchAction","target":{"@type":"EntryPoint","urlTemplate":"https:\/\/www.ummto.dz\/fgei\/?s={search_term_string}"},"query-input":{"@type":"PropertyValueSpecification","valueRequired":true,"valueName":"search_term_string"}}],"inLanguage":"fr-FR"},{"@type":"Person","@id":"https:\/\/www.ummto.dz\/fgei\/#\/schema\/person\/55d2af4c5bcd4e930baba1ecfc47f46e","name":"eivalc eivalc","url":"https:\/\/www.ummto.dz\/fgei\/author\/eivalc2\/"}]}},"_links":{"self":[{"href":"https:\/\/www.ummto.dz\/fgei\/wp-json\/wp\/v2\/posts\/7733","targetHints":{"allow":["GET"]}}],"collection":[{"href":"https:\/\/www.ummto.dz\/fgei\/wp-json\/wp\/v2\/posts"}],"about":[{"href":"https:\/\/www.ummto.dz\/fgei\/wp-json\/wp\/v2\/types\/post"}],"author":[{"embeddable":true,"href":"https:\/\/www.ummto.dz\/fgei\/wp-json\/wp\/v2\/users\/8"}],"replies":[{"embeddable":true,"href":"https:\/\/www.ummto.dz\/fgei\/wp-json\/wp\/v2\/comments?post=7733"}],"version-history":[{"count":11,"href":"https:\/\/www.ummto.dz\/fgei\/wp-json\/wp\/v2\/posts\/7733\/revisions"}],"predecessor-version":[{"id":8502,"href":"https:\/\/www.ummto.dz\/fgei\/wp-json\/wp\/v2\/posts\/7733\/revisions\/8502"}],"wp:featuredmedia":[{"embeddable":true,"href":"https:\/\/www.ummto.dz\/fgei\/wp-json\/wp\/v2\/media\/7734"}],"wp:attachment":[{"href":"https:\/\/www.ummto.dz\/fgei\/wp-json\/wp\/v2\/media?parent=7733"}],"wp:term":[{"taxonomy":"category","embeddable":true,"href":"https:\/\/www.ummto.dz\/fgei\/wp-json\/wp\/v2\/categories?post=7733"},{"taxonomy":"post_tag","embeddable":true,"href":"https:\/\/www.ummto.dz\/fgei\/wp-json\/wp\/v2\/tags?post=7733"}],"curies":[{"name":"wp","href":"https:\/\/api.w.org\/{rel}","templated":true}]}}