{"id":7860,"date":"2024-04-28T10:22:49","date_gmt":"2024-04-28T09:22:49","guid":{"rendered":"https:\/\/www.ummto.dz\/fgei\/?p=7860"},"modified":"2024-04-28T10:23:46","modified_gmt":"2024-04-28T09:23:46","slug":"journee-de-formation-sous-le-theme-propriete-intellectuelle-et-objectifs-de-developpement-durable-construire-notre-avenir-commun-grace-a-linnovation-et-a-la-creativi","status":"publish","type":"post","link":"https:\/\/www.ummto.dz\/fgei\/journee-de-formation-sous-le-theme-propriete-intellectuelle-et-objectifs-de-developpement-durable-construire-notre-avenir-commun-grace-a-linnovation-et-a-la-creativi\/","title":{"rendered":"Journ\u00e9e de formation sous le th\u00e8me\u00a0: \u00ab\u00a0Propri\u00e9t\u00e9 Intellectuelle et Objectifs de D\u00e9veloppement Durable\u00a0: Construire notre Avenir Commun Gr\u00e2ce \u00e0 l\u2019Innovation et \u00e0 la Cr\u00e9ativit\u00e9\u00a0\u00bb"},"content":{"rendered":"<p>[et_pb_section fb_built=\u00a0\u00bb1&Prime; theme_builder_area=\u00a0\u00bbpost_content\u00a0\u00bb _builder_version=\u00a0\u00bb4.24.0&Prime; _module_preset=\u00a0\u00bbdefault\u00a0\u00bb][et_pb_row _builder_version=\u00a0\u00bb4.24.0&Prime; _module_preset=\u00a0\u00bbdefault\u00a0\u00bb theme_builder_area=\u00a0\u00bbpost_content\u00a0\u00bb][et_pb_column _builder_version=\u00a0\u00bb4.24.0&Prime; _module_preset=\u00a0\u00bbdefault\u00a0\u00bb type=\u00a0\u00bb4_4&Prime; theme_builder_area=\u00a0\u00bbpost_content\u00a0\u00bb][et_pb_text _builder_version=\u00a0\u00bb4.24.0&Prime; _module_preset=\u00a0\u00bbdefault\u00a0\u00bb theme_builder_area=\u00a0\u00bbpost_content\u00a0\u00bb hover_enabled=\u00a0\u00bb0&Prime; sticky_enabled=\u00a0\u00bb0&Prime;]<\/p>\n<p><a href=\"https:\/\/www.ummto.dz\/fgei\/wp-content\/uploads\/2024\/04\/439146648_122138435456145112_7138447879635889178_n.jpg\"><img decoding=\"async\" src=\"https:\/\/www.ummto.dz\/fgei\/wp-content\/uploads\/2024\/04\/439146648_122138435456145112_7138447879635889178_n.jpg\" width=\"509\" height=\"720\" alt=\"\" class=\"wp-image-7862 aligncenter size-full\" srcset=\"https:\/\/www.ummto.dz\/fgei\/wp-content\/uploads\/2024\/04\/439146648_122138435456145112_7138447879635889178_n.jpg 509w, https:\/\/www.ummto.dz\/fgei\/wp-content\/uploads\/2024\/04\/439146648_122138435456145112_7138447879635889178_n-480x679.jpg 480w\" sizes=\"(min-width: 0px) and (max-width: 480px) 480px, (min-width: 481px) 509px, 100vw\" \/><\/a><\/p>\n<p>[\/et_pb_text][\/et_pb_column][\/et_pb_row][\/et_pb_section]<\/p>\n","protected":false},"excerpt":{"rendered":"","protected":false},"author":8,"featured_media":7577,"comment_status":"closed","ping_status":"closed","sticky":false,"template":"","format":"standard","meta":{"_et_pb_use_builder":"on","_et_pb_old_content":"","_et_gb_content_width":"","footnotes":""},"categories":[7],"tags":[],"class_list":["post-7860","post","type-post","status-publish","format-standard","has-post-thumbnail","hentry","category-actualite"],"yoast_head":"<!-- This site is optimized with the Yoast SEO plugin v27.3 - https:\/\/yoast.com\/product\/yoast-seo-wordpress\/ -->\n<title>Journ\u00e9e de formation sous le th\u00e8me\u00a0: \u00ab\u00a0Propri\u00e9t\u00e9 Intellectuelle et Objectifs de D\u00e9veloppement Durable\u00a0: Construire notre Avenir Commun Gr\u00e2ce \u00e0 l\u2019Innovation et \u00e0 la Cr\u00e9ativit\u00e9\u00a0\u00bb - Facult\u00e9 du G\u00e9nie Electrique et d&#039;Informatique<\/title>\n<meta name=\"robots\" content=\"index, follow, max-snippet:-1, max-image-preview:large, max-video-preview:-1\" \/>\n<link rel=\"canonical\" href=\"https:\/\/www.ummto.dz\/fgei\/journee-de-formation-sous-le-theme-propriete-intellectuelle-et-objectifs-de-developpement-durable-construire-notre-avenir-commun-grace-a-linnovation-et-a-la-creativi\/\" \/>\n<meta property=\"og:locale\" content=\"fr_FR\" \/>\n<meta property=\"og:type\" content=\"article\" \/>\n<meta property=\"og:title\" content=\"Journ\u00e9e de formation sous le th\u00e8me\u00a0: \u00ab\u00a0Propri\u00e9t\u00e9 Intellectuelle et Objectifs de D\u00e9veloppement Durable\u00a0: Construire notre Avenir Commun Gr\u00e2ce \u00e0 l\u2019Innovation et \u00e0 la Cr\u00e9ativit\u00e9\u00a0\u00bb - Facult\u00e9 du G\u00e9nie Electrique et d&#039;Informatique\" \/>\n<meta property=\"og:url\" content=\"https:\/\/www.ummto.dz\/fgei\/journee-de-formation-sous-le-theme-propriete-intellectuelle-et-objectifs-de-developpement-durable-construire-notre-avenir-commun-grace-a-linnovation-et-a-la-creativi\/\" \/>\n<meta property=\"og:site_name\" content=\"Facult\u00e9 du G\u00e9nie Electrique et d&#039;Informatique\" \/>\n<meta property=\"article:published_time\" content=\"2024-04-28T09:22:49+00:00\" \/>\n<meta property=\"article:modified_time\" content=\"2024-04-28T09:23:46+00:00\" \/>\n<meta property=\"og:image\" content=\"https:\/\/www.ummto.dz\/fgei\/wp-content\/uploads\/2024\/01\/bloggif_65a2fc8451b59.gif\" \/>\n\t<meta property=\"og:image:width\" content=\"250\" \/>\n\t<meta property=\"og:image:height\" content=\"200\" \/>\n\t<meta property=\"og:image:type\" content=\"image\/gif\" \/>\n<meta name=\"author\" content=\"eivalc eivalc\" \/>\n<meta name=\"twitter:card\" content=\"summary_large_image\" \/>\n<meta name=\"twitter:label1\" content=\"\u00c9crit par\" \/>\n\t<meta name=\"twitter:data1\" content=\"eivalc eivalc\" \/>\n<script type=\"application\/ld+json\" class=\"yoast-schema-graph\">{\"@context\":\"https:\\\/\\\/schema.org\",\"@graph\":[{\"@type\":\"Article\",\"@id\":\"https:\\\/\\\/www.ummto.dz\\\/fgei\\\/journee-de-formation-sous-le-theme-propriete-intellectuelle-et-objectifs-de-developpement-durable-construire-notre-avenir-commun-grace-a-linnovation-et-a-la-creativi\\\/#article\",\"isPartOf\":{\"@id\":\"https:\\\/\\\/www.ummto.dz\\\/fgei\\\/journee-de-formation-sous-le-theme-propriete-intellectuelle-et-objectifs-de-developpement-durable-construire-notre-avenir-commun-grace-a-linnovation-et-a-la-creativi\\\/\"},\"author\":{\"name\":\"eivalc eivalc\",\"@id\":\"https:\\\/\\\/www.ummto.dz\\\/fgei\\\/#\\\/schema\\\/person\\\/55d2af4c5bcd4e930baba1ecfc47f46e\"},\"headline\":\"Journ\u00e9e de formation sous le th\u00e8me\u00a0: \u00ab\u00a0Propri\u00e9t\u00e9 Intellectuelle et Objectifs de D\u00e9veloppement Durable\u00a0: Construire notre Avenir Commun Gr\u00e2ce \u00e0 l\u2019Innovation et \u00e0 la Cr\u00e9ativit\u00e9\u00a0\u00bb\",\"datePublished\":\"2024-04-28T09:22:49+00:00\",\"dateModified\":\"2024-04-28T09:23:46+00:00\",\"mainEntityOfPage\":{\"@id\":\"https:\\\/\\\/www.ummto.dz\\\/fgei\\\/journee-de-formation-sous-le-theme-propriete-intellectuelle-et-objectifs-de-developpement-durable-construire-notre-avenir-commun-grace-a-linnovation-et-a-la-creativi\\\/\"},\"wordCount\":100,\"image\":{\"@id\":\"https:\\\/\\\/www.ummto.dz\\\/fgei\\\/journee-de-formation-sous-le-theme-propriete-intellectuelle-et-objectifs-de-developpement-durable-construire-notre-avenir-commun-grace-a-linnovation-et-a-la-creativi\\\/#primaryimage\"},\"thumbnailUrl\":\"https:\\\/\\\/www.ummto.dz\\\/fgei\\\/wp-content\\\/uploads\\\/2024\\\/01\\\/bloggif_65a2fc8451b59.gif\",\"articleSection\":[\"Actualit\u00e9\"],\"inLanguage\":\"fr-FR\"},{\"@type\":\"WebPage\",\"@id\":\"https:\\\/\\\/www.ummto.dz\\\/fgei\\\/journee-de-formation-sous-le-theme-propriete-intellectuelle-et-objectifs-de-developpement-durable-construire-notre-avenir-commun-grace-a-linnovation-et-a-la-creativi\\\/\",\"url\":\"https:\\\/\\\/www.ummto.dz\\\/fgei\\\/journee-de-formation-sous-le-theme-propriete-intellectuelle-et-objectifs-de-developpement-durable-construire-notre-avenir-commun-grace-a-linnovation-et-a-la-creativi\\\/\",\"name\":\"Journ\u00e9e de formation sous le th\u00e8me\u00a0: \u00ab\u00a0Propri\u00e9t\u00e9 Intellectuelle et Objectifs de D\u00e9veloppement Durable\u00a0: Construire notre Avenir Commun Gr\u00e2ce \u00e0 l\u2019Innovation et \u00e0 la Cr\u00e9ativit\u00e9\u00a0\u00bb - Facult\u00e9 du G\u00e9nie Electrique et d&#039;Informatique\",\"isPartOf\":{\"@id\":\"https:\\\/\\\/www.ummto.dz\\\/fgei\\\/#website\"},\"primaryImageOfPage\":{\"@id\":\"https:\\\/\\\/www.ummto.dz\\\/fgei\\\/journee-de-formation-sous-le-theme-propriete-intellectuelle-et-objectifs-de-developpement-durable-construire-notre-avenir-commun-grace-a-linnovation-et-a-la-creativi\\\/#primaryimage\"},\"image\":{\"@id\":\"https:\\\/\\\/www.ummto.dz\\\/fgei\\\/journee-de-formation-sous-le-theme-propriete-intellectuelle-et-objectifs-de-developpement-durable-construire-notre-avenir-commun-grace-a-linnovation-et-a-la-creativi\\\/#primaryimage\"},\"thumbnailUrl\":\"https:\\\/\\\/www.ummto.dz\\\/fgei\\\/wp-content\\\/uploads\\\/2024\\\/01\\\/bloggif_65a2fc8451b59.gif\",\"datePublished\":\"2024-04-28T09:22:49+00:00\",\"dateModified\":\"2024-04-28T09:23:46+00:00\",\"author\":{\"@id\":\"https:\\\/\\\/www.ummto.dz\\\/fgei\\\/#\\\/schema\\\/person\\\/55d2af4c5bcd4e930baba1ecfc47f46e\"},\"breadcrumb\":{\"@id\":\"https:\\\/\\\/www.ummto.dz\\\/fgei\\\/journee-de-formation-sous-le-theme-propriete-intellectuelle-et-objectifs-de-developpement-durable-construire-notre-avenir-commun-grace-a-linnovation-et-a-la-creativi\\\/#breadcrumb\"},\"inLanguage\":\"fr-FR\",\"potentialAction\":[{\"@type\":\"ReadAction\",\"target\":[\"https:\\\/\\\/www.ummto.dz\\\/fgei\\\/journee-de-formation-sous-le-theme-propriete-intellectuelle-et-objectifs-de-developpement-durable-construire-notre-avenir-commun-grace-a-linnovation-et-a-la-creativi\\\/\"]}]},{\"@type\":\"ImageObject\",\"inLanguage\":\"fr-FR\",\"@id\":\"https:\\\/\\\/www.ummto.dz\\\/fgei\\\/journee-de-formation-sous-le-theme-propriete-intellectuelle-et-objectifs-de-developpement-durable-construire-notre-avenir-commun-grace-a-linnovation-et-a-la-creativi\\\/#primaryimage\",\"url\":\"https:\\\/\\\/www.ummto.dz\\\/fgei\\\/wp-content\\\/uploads\\\/2024\\\/01\\\/bloggif_65a2fc8451b59.gif\",\"contentUrl\":\"https:\\\/\\\/www.ummto.dz\\\/fgei\\\/wp-content\\\/uploads\\\/2024\\\/01\\\/bloggif_65a2fc8451b59.gif\",\"width\":250,\"height\":200},{\"@type\":\"BreadcrumbList\",\"@id\":\"https:\\\/\\\/www.ummto.dz\\\/fgei\\\/journee-de-formation-sous-le-theme-propriete-intellectuelle-et-objectifs-de-developpement-durable-construire-notre-avenir-commun-grace-a-linnovation-et-a-la-creativi\\\/#breadcrumb\",\"itemListElement\":[{\"@type\":\"ListItem\",\"position\":1,\"name\":\"Accueil\",\"item\":\"https:\\\/\\\/www.ummto.dz\\\/fgei\\\/\"},{\"@type\":\"ListItem\",\"position\":2,\"name\":\"Journ\u00e9e de formation sous le th\u00e8me\u00a0: \u00ab\u00a0Propri\u00e9t\u00e9 Intellectuelle et Objectifs de D\u00e9veloppement Durable\u00a0: Construire notre Avenir Commun Gr\u00e2ce \u00e0 l\u2019Innovation et \u00e0 la Cr\u00e9ativit\u00e9\u00a0\u00bb\"}]},{\"@type\":\"WebSite\",\"@id\":\"https:\\\/\\\/www.ummto.dz\\\/fgei\\\/#website\",\"url\":\"https:\\\/\\\/www.ummto.dz\\\/fgei\\\/\",\"name\":\"Facult\u00e9 du G\u00e9nie Electrique et d&#039;Informatique\",\"description\":\"UMMTO\",\"potentialAction\":[{\"@type\":\"SearchAction\",\"target\":{\"@type\":\"EntryPoint\",\"urlTemplate\":\"https:\\\/\\\/www.ummto.dz\\\/fgei\\\/?s={search_term_string}\"},\"query-input\":{\"@type\":\"PropertyValueSpecification\",\"valueRequired\":true,\"valueName\":\"search_term_string\"}}],\"inLanguage\":\"fr-FR\"},{\"@type\":\"Person\",\"@id\":\"https:\\\/\\\/www.ummto.dz\\\/fgei\\\/#\\\/schema\\\/person\\\/55d2af4c5bcd4e930baba1ecfc47f46e\",\"name\":\"eivalc eivalc\",\"url\":\"https:\\\/\\\/www.ummto.dz\\\/fgei\\\/author\\\/eivalc2\\\/\"}]}<\/script>\n<!-- \/ Yoast SEO plugin. -->","yoast_head_json":{"title":"Journ\u00e9e de formation sous le th\u00e8me\u00a0: \u00ab\u00a0Propri\u00e9t\u00e9 Intellectuelle et Objectifs de D\u00e9veloppement Durable\u00a0: Construire notre Avenir Commun Gr\u00e2ce \u00e0 l\u2019Innovation et \u00e0 la Cr\u00e9ativit\u00e9\u00a0\u00bb - Facult\u00e9 du G\u00e9nie Electrique et d&#039;Informatique","robots":{"index":"index","follow":"follow","max-snippet":"max-snippet:-1","max-image-preview":"max-image-preview:large","max-video-preview":"max-video-preview:-1"},"canonical":"https:\/\/www.ummto.dz\/fgei\/journee-de-formation-sous-le-theme-propriete-intellectuelle-et-objectifs-de-developpement-durable-construire-notre-avenir-commun-grace-a-linnovation-et-a-la-creativi\/","og_locale":"fr_FR","og_type":"article","og_title":"Journ\u00e9e de formation sous le th\u00e8me\u00a0: \u00ab\u00a0Propri\u00e9t\u00e9 Intellectuelle et Objectifs de D\u00e9veloppement Durable\u00a0: Construire notre Avenir Commun Gr\u00e2ce \u00e0 l\u2019Innovation et \u00e0 la Cr\u00e9ativit\u00e9\u00a0\u00bb - Facult\u00e9 du G\u00e9nie Electrique et d&#039;Informatique","og_url":"https:\/\/www.ummto.dz\/fgei\/journee-de-formation-sous-le-theme-propriete-intellectuelle-et-objectifs-de-developpement-durable-construire-notre-avenir-commun-grace-a-linnovation-et-a-la-creativi\/","og_site_name":"Facult\u00e9 du G\u00e9nie Electrique et d&#039;Informatique","article_published_time":"2024-04-28T09:22:49+00:00","article_modified_time":"2024-04-28T09:23:46+00:00","og_image":[{"width":250,"height":200,"url":"https:\/\/www.ummto.dz\/fgei\/wp-content\/uploads\/2024\/01\/bloggif_65a2fc8451b59.gif","type":"image\/gif"}],"author":"eivalc eivalc","twitter_card":"summary_large_image","twitter_misc":{"\u00c9crit par":"eivalc eivalc"},"schema":{"@context":"https:\/\/schema.org","@graph":[{"@type":"Article","@id":"https:\/\/www.ummto.dz\/fgei\/journee-de-formation-sous-le-theme-propriete-intellectuelle-et-objectifs-de-developpement-durable-construire-notre-avenir-commun-grace-a-linnovation-et-a-la-creativi\/#article","isPartOf":{"@id":"https:\/\/www.ummto.dz\/fgei\/journee-de-formation-sous-le-theme-propriete-intellectuelle-et-objectifs-de-developpement-durable-construire-notre-avenir-commun-grace-a-linnovation-et-a-la-creativi\/"},"author":{"name":"eivalc eivalc","@id":"https:\/\/www.ummto.dz\/fgei\/#\/schema\/person\/55d2af4c5bcd4e930baba1ecfc47f46e"},"headline":"Journ\u00e9e de formation sous le th\u00e8me\u00a0: \u00ab\u00a0Propri\u00e9t\u00e9 Intellectuelle et Objectifs de D\u00e9veloppement Durable\u00a0: Construire notre Avenir Commun Gr\u00e2ce \u00e0 l\u2019Innovation et \u00e0 la Cr\u00e9ativit\u00e9\u00a0\u00bb","datePublished":"2024-04-28T09:22:49+00:00","dateModified":"2024-04-28T09:23:46+00:00","mainEntityOfPage":{"@id":"https:\/\/www.ummto.dz\/fgei\/journee-de-formation-sous-le-theme-propriete-intellectuelle-et-objectifs-de-developpement-durable-construire-notre-avenir-commun-grace-a-linnovation-et-a-la-creativi\/"},"wordCount":100,"image":{"@id":"https:\/\/www.ummto.dz\/fgei\/journee-de-formation-sous-le-theme-propriete-intellectuelle-et-objectifs-de-developpement-durable-construire-notre-avenir-commun-grace-a-linnovation-et-a-la-creativi\/#primaryimage"},"thumbnailUrl":"https:\/\/www.ummto.dz\/fgei\/wp-content\/uploads\/2024\/01\/bloggif_65a2fc8451b59.gif","articleSection":["Actualit\u00e9"],"inLanguage":"fr-FR"},{"@type":"WebPage","@id":"https:\/\/www.ummto.dz\/fgei\/journee-de-formation-sous-le-theme-propriete-intellectuelle-et-objectifs-de-developpement-durable-construire-notre-avenir-commun-grace-a-linnovation-et-a-la-creativi\/","url":"https:\/\/www.ummto.dz\/fgei\/journee-de-formation-sous-le-theme-propriete-intellectuelle-et-objectifs-de-developpement-durable-construire-notre-avenir-commun-grace-a-linnovation-et-a-la-creativi\/","name":"Journ\u00e9e de formation sous le th\u00e8me\u00a0: \u00ab\u00a0Propri\u00e9t\u00e9 Intellectuelle et Objectifs de D\u00e9veloppement Durable\u00a0: Construire notre Avenir Commun Gr\u00e2ce \u00e0 l\u2019Innovation et \u00e0 la Cr\u00e9ativit\u00e9\u00a0\u00bb - Facult\u00e9 du G\u00e9nie Electrique et d&#039;Informatique","isPartOf":{"@id":"https:\/\/www.ummto.dz\/fgei\/#website"},"primaryImageOfPage":{"@id":"https:\/\/www.ummto.dz\/fgei\/journee-de-formation-sous-le-theme-propriete-intellectuelle-et-objectifs-de-developpement-durable-construire-notre-avenir-commun-grace-a-linnovation-et-a-la-creativi\/#primaryimage"},"image":{"@id":"https:\/\/www.ummto.dz\/fgei\/journee-de-formation-sous-le-theme-propriete-intellectuelle-et-objectifs-de-developpement-durable-construire-notre-avenir-commun-grace-a-linnovation-et-a-la-creativi\/#primaryimage"},"thumbnailUrl":"https:\/\/www.ummto.dz\/fgei\/wp-content\/uploads\/2024\/01\/bloggif_65a2fc8451b59.gif","datePublished":"2024-04-28T09:22:49+00:00","dateModified":"2024-04-28T09:23:46+00:00","author":{"@id":"https:\/\/www.ummto.dz\/fgei\/#\/schema\/person\/55d2af4c5bcd4e930baba1ecfc47f46e"},"breadcrumb":{"@id":"https:\/\/www.ummto.dz\/fgei\/journee-de-formation-sous-le-theme-propriete-intellectuelle-et-objectifs-de-developpement-durable-construire-notre-avenir-commun-grace-a-linnovation-et-a-la-creativi\/#breadcrumb"},"inLanguage":"fr-FR","potentialAction":[{"@type":"ReadAction","target":["https:\/\/www.ummto.dz\/fgei\/journee-de-formation-sous-le-theme-propriete-intellectuelle-et-objectifs-de-developpement-durable-construire-notre-avenir-commun-grace-a-linnovation-et-a-la-creativi\/"]}]},{"@type":"ImageObject","inLanguage":"fr-FR","@id":"https:\/\/www.ummto.dz\/fgei\/journee-de-formation-sous-le-theme-propriete-intellectuelle-et-objectifs-de-developpement-durable-construire-notre-avenir-commun-grace-a-linnovation-et-a-la-creativi\/#primaryimage","url":"https:\/\/www.ummto.dz\/fgei\/wp-content\/uploads\/2024\/01\/bloggif_65a2fc8451b59.gif","contentUrl":"https:\/\/www.ummto.dz\/fgei\/wp-content\/uploads\/2024\/01\/bloggif_65a2fc8451b59.gif","width":250,"height":200},{"@type":"BreadcrumbList","@id":"https:\/\/www.ummto.dz\/fgei\/journee-de-formation-sous-le-theme-propriete-intellectuelle-et-objectifs-de-developpement-durable-construire-notre-avenir-commun-grace-a-linnovation-et-a-la-creativi\/#breadcrumb","itemListElement":[{"@type":"ListItem","position":1,"name":"Accueil","item":"https:\/\/www.ummto.dz\/fgei\/"},{"@type":"ListItem","position":2,"name":"Journ\u00e9e de formation sous le th\u00e8me\u00a0: \u00ab\u00a0Propri\u00e9t\u00e9 Intellectuelle et Objectifs de D\u00e9veloppement Durable\u00a0: Construire notre Avenir Commun Gr\u00e2ce \u00e0 l\u2019Innovation et \u00e0 la Cr\u00e9ativit\u00e9\u00a0\u00bb"}]},{"@type":"WebSite","@id":"https:\/\/www.ummto.dz\/fgei\/#website","url":"https:\/\/www.ummto.dz\/fgei\/","name":"Facult\u00e9 du G\u00e9nie Electrique et d&#039;Informatique","description":"UMMTO","potentialAction":[{"@type":"SearchAction","target":{"@type":"EntryPoint","urlTemplate":"https:\/\/www.ummto.dz\/fgei\/?s={search_term_string}"},"query-input":{"@type":"PropertyValueSpecification","valueRequired":true,"valueName":"search_term_string"}}],"inLanguage":"fr-FR"},{"@type":"Person","@id":"https:\/\/www.ummto.dz\/fgei\/#\/schema\/person\/55d2af4c5bcd4e930baba1ecfc47f46e","name":"eivalc eivalc","url":"https:\/\/www.ummto.dz\/fgei\/author\/eivalc2\/"}]}},"_links":{"self":[{"href":"https:\/\/www.ummto.dz\/fgei\/wp-json\/wp\/v2\/posts\/7860","targetHints":{"allow":["GET"]}}],"collection":[{"href":"https:\/\/www.ummto.dz\/fgei\/wp-json\/wp\/v2\/posts"}],"about":[{"href":"https:\/\/www.ummto.dz\/fgei\/wp-json\/wp\/v2\/types\/post"}],"author":[{"embeddable":true,"href":"https:\/\/www.ummto.dz\/fgei\/wp-json\/wp\/v2\/users\/8"}],"replies":[{"embeddable":true,"href":"https:\/\/www.ummto.dz\/fgei\/wp-json\/wp\/v2\/comments?post=7860"}],"version-history":[{"count":2,"href":"https:\/\/www.ummto.dz\/fgei\/wp-json\/wp\/v2\/posts\/7860\/revisions"}],"predecessor-version":[{"id":7864,"href":"https:\/\/www.ummto.dz\/fgei\/wp-json\/wp\/v2\/posts\/7860\/revisions\/7864"}],"wp:featuredmedia":[{"embeddable":true,"href":"https:\/\/www.ummto.dz\/fgei\/wp-json\/wp\/v2\/media\/7577"}],"wp:attachment":[{"href":"https:\/\/www.ummto.dz\/fgei\/wp-json\/wp\/v2\/media?parent=7860"}],"wp:term":[{"taxonomy":"category","embeddable":true,"href":"https:\/\/www.ummto.dz\/fgei\/wp-json\/wp\/v2\/categories?post=7860"},{"taxonomy":"post_tag","embeddable":true,"href":"https:\/\/www.ummto.dz\/fgei\/wp-json\/wp\/v2\/tags?post=7860"}],"curies":[{"name":"wp","href":"https:\/\/api.w.org\/{rel}","templated":true}]}}