{"id":886,"date":"2018-10-24T13:11:28","date_gmt":"2018-10-24T11:11:28","guid":{"rendered":"http:\/\/fgei.ummto.dz\/?p=886"},"modified":"2018-10-24T15:40:01","modified_gmt":"2018-10-24T13:40:01","slug":"inscription-des-l3-automatique","status":"publish","type":"post","link":"https:\/\/www.ummto.dz\/fgei\/inscription-des-l3-automatique\/","title":{"rendered":"Inscription des L3 Automatique"},"content":{"rendered":"<p><span style=\"color: #000000;\"><img decoding=\"async\" class=\"size-thumbnail wp-image-896 alignright\" src=\"http:\/\/fgei.ummto.dz\/wp-content\/uploads\/2018\/10\/ob-9e11e9-inscription-150x150.png\" alt=\"\" width=\"150\" height=\"150\" srcset=\"https:\/\/www.ummto.dz\/fgei\/wp-content\/uploads\/2018\/10\/ob-9e11e9-inscription-150x150.png 150w, https:\/\/www.ummto.dz\/fgei\/wp-content\/uploads\/2018\/10\/ob-9e11e9-inscription-160x160.png 160w, https:\/\/www.ummto.dz\/fgei\/wp-content\/uploads\/2018\/10\/ob-9e11e9-inscription-45x45.png 45w\" sizes=\"(max-width: 150px) 100vw, 150px\" \/>Les inscriptions des <strong><span style=\"text-decoration: underline; color: #0000ff;\">L3 Automatique<\/span><\/strong> pour l\u2019ann\u00e9e Universitaire 2018\/2019 se feront <strong><span style=\"color: #993300;\">\u00e0 la salle de la Caf\u00e9t\u00e9ria<\/span> <span style=\"color: #993300;\">le Jeudi 25,<\/span> <span style=\"color: #993300;\">Dimanche 28<\/span> <\/strong>et le<strong><span style=\"color: #993300;\"> Lundi 29<\/span> <span style=\"color: #993300;\">septembre<\/span> <span style=\"color: #993300;\">\u00e0 partir de 9h<\/span>.<\/strong><\/span><\/p>\n<p><strong><span style=\"color: #ff0000;\">La pr\u00e9sence de l\u2019\u00e9tudiant est obligatoire. Aucune procuration ne sera prise en consid\u00e9ration.<\/span><\/strong><\/p>\n<p><span style=\"color: #000000;\">Se munir de la carte d\u2019\u00e9tudiant et du mandat poste.<\/span><\/p>\n","protected":false},"excerpt":{"rendered":"<p>Les inscriptions des L3 Automatique pour l\u2019ann\u00e9e Universitaire 2018\/2019 se feront \u00e0 la salle de la Caf\u00e9t\u00e9ria le Jeudi 25, Dimanche 28 et le Lundi 29 septembre \u00e0 partir de 9h. La pr\u00e9sence de l\u2019\u00e9tudiant est obligatoire. Aucune procuration ne sera prise en consid\u00e9ration. Se munir de la carte d\u2019\u00e9tudiant et du mandat poste.<\/p>\n","protected":false},"author":1,"featured_media":896,"comment_status":"closed","ping_status":"closed","sticky":false,"template":"","format":"standard","meta":{"_et_pb_use_builder":"","_et_pb_old_content":"","_et_gb_content_width":"","footnotes":""},"categories":[7],"tags":[],"class_list":["post-886","post","type-post","status-publish","format-standard","has-post-thumbnail","hentry","category-actualite"],"yoast_head":"<!-- This site is optimized with the Yoast SEO plugin v27.3 - https:\/\/yoast.com\/product\/yoast-seo-wordpress\/ -->\n<title>Inscription des L3 Automatique - Facult\u00e9 du G\u00e9nie Electrique et d&#039;Informatique<\/title>\n<meta name=\"robots\" content=\"index, follow, max-snippet:-1, max-image-preview:large, max-video-preview:-1\" \/>\n<link rel=\"canonical\" href=\"https:\/\/www.ummto.dz\/fgei\/inscription-des-l3-automatique\/\" \/>\n<meta property=\"og:locale\" content=\"fr_FR\" \/>\n<meta property=\"og:type\" content=\"article\" \/>\n<meta property=\"og:title\" content=\"Inscription des L3 Automatique - Facult\u00e9 du G\u00e9nie Electrique et d&#039;Informatique\" \/>\n<meta property=\"og:description\" content=\"Les inscriptions des L3 Automatique pour l\u2019ann\u00e9e Universitaire 2018\/2019 se feront \u00e0 la salle de la Caf\u00e9t\u00e9ria le Jeudi 25, Dimanche 28 et le Lundi 29 septembre \u00e0 partir de 9h. La pr\u00e9sence de l\u2019\u00e9tudiant est obligatoire. Aucune procuration ne sera prise en consid\u00e9ration. Se munir de la carte d\u2019\u00e9tudiant et du mandat poste.\" \/>\n<meta property=\"og:url\" content=\"https:\/\/www.ummto.dz\/fgei\/inscription-des-l3-automatique\/\" \/>\n<meta property=\"og:site_name\" content=\"Facult\u00e9 du G\u00e9nie Electrique et d&#039;Informatique\" \/>\n<meta property=\"article:published_time\" content=\"2018-10-24T11:11:28+00:00\" \/>\n<meta property=\"article:modified_time\" content=\"2018-10-24T13:40:01+00:00\" \/>\n<meta property=\"og:image\" content=\"https:\/\/www.ummto.dz\/fgei\/wp-content\/uploads\/2018\/10\/ob-9e11e9-inscription.png\" \/>\n\t<meta property=\"og:image:width\" content=\"223\" \/>\n\t<meta property=\"og:image:height\" content=\"199\" \/>\n\t<meta property=\"og:image:type\" content=\"image\/png\" \/>\n<meta name=\"author\" content=\"maidi nacima\" \/>\n<meta name=\"twitter:card\" content=\"summary_large_image\" \/>\n<meta name=\"twitter:label1\" content=\"\u00c9crit par\" \/>\n\t<meta name=\"twitter:data1\" content=\"maidi nacima\" \/>\n<script type=\"application\/ld+json\" class=\"yoast-schema-graph\">{\"@context\":\"https:\\\/\\\/schema.org\",\"@graph\":[{\"@type\":\"Article\",\"@id\":\"https:\\\/\\\/www.ummto.dz\\\/fgei\\\/inscription-des-l3-automatique\\\/#article\",\"isPartOf\":{\"@id\":\"https:\\\/\\\/www.ummto.dz\\\/fgei\\\/inscription-des-l3-automatique\\\/\"},\"author\":{\"name\":\"maidi nacima\",\"@id\":\"https:\\\/\\\/www.ummto.dz\\\/fgei\\\/#\\\/schema\\\/person\\\/f0a19398acbf302f06e4a25788979a7c\"},\"headline\":\"Inscription des L3 Automatique\",\"datePublished\":\"2018-10-24T11:11:28+00:00\",\"dateModified\":\"2018-10-24T13:40:01+00:00\",\"mainEntityOfPage\":{\"@id\":\"https:\\\/\\\/www.ummto.dz\\\/fgei\\\/inscription-des-l3-automatique\\\/\"},\"wordCount\":60,\"image\":{\"@id\":\"https:\\\/\\\/www.ummto.dz\\\/fgei\\\/inscription-des-l3-automatique\\\/#primaryimage\"},\"thumbnailUrl\":\"https:\\\/\\\/www.ummto.dz\\\/fgei\\\/wp-content\\\/uploads\\\/2018\\\/10\\\/ob-9e11e9-inscription.png\",\"articleSection\":[\"Actualit\u00e9\"],\"inLanguage\":\"fr-FR\"},{\"@type\":\"WebPage\",\"@id\":\"https:\\\/\\\/www.ummto.dz\\\/fgei\\\/inscription-des-l3-automatique\\\/\",\"url\":\"https:\\\/\\\/www.ummto.dz\\\/fgei\\\/inscription-des-l3-automatique\\\/\",\"name\":\"Inscription des L3 Automatique - Facult\u00e9 du G\u00e9nie Electrique et d&#039;Informatique\",\"isPartOf\":{\"@id\":\"https:\\\/\\\/www.ummto.dz\\\/fgei\\\/#website\"},\"primaryImageOfPage\":{\"@id\":\"https:\\\/\\\/www.ummto.dz\\\/fgei\\\/inscription-des-l3-automatique\\\/#primaryimage\"},\"image\":{\"@id\":\"https:\\\/\\\/www.ummto.dz\\\/fgei\\\/inscription-des-l3-automatique\\\/#primaryimage\"},\"thumbnailUrl\":\"https:\\\/\\\/www.ummto.dz\\\/fgei\\\/wp-content\\\/uploads\\\/2018\\\/10\\\/ob-9e11e9-inscription.png\",\"datePublished\":\"2018-10-24T11:11:28+00:00\",\"dateModified\":\"2018-10-24T13:40:01+00:00\",\"author\":{\"@id\":\"https:\\\/\\\/www.ummto.dz\\\/fgei\\\/#\\\/schema\\\/person\\\/f0a19398acbf302f06e4a25788979a7c\"},\"breadcrumb\":{\"@id\":\"https:\\\/\\\/www.ummto.dz\\\/fgei\\\/inscription-des-l3-automatique\\\/#breadcrumb\"},\"inLanguage\":\"fr-FR\",\"potentialAction\":[{\"@type\":\"ReadAction\",\"target\":[\"https:\\\/\\\/www.ummto.dz\\\/fgei\\\/inscription-des-l3-automatique\\\/\"]}]},{\"@type\":\"ImageObject\",\"inLanguage\":\"fr-FR\",\"@id\":\"https:\\\/\\\/www.ummto.dz\\\/fgei\\\/inscription-des-l3-automatique\\\/#primaryimage\",\"url\":\"https:\\\/\\\/www.ummto.dz\\\/fgei\\\/wp-content\\\/uploads\\\/2018\\\/10\\\/ob-9e11e9-inscription.png\",\"contentUrl\":\"https:\\\/\\\/www.ummto.dz\\\/fgei\\\/wp-content\\\/uploads\\\/2018\\\/10\\\/ob-9e11e9-inscription.png\",\"width\":223,\"height\":199},{\"@type\":\"BreadcrumbList\",\"@id\":\"https:\\\/\\\/www.ummto.dz\\\/fgei\\\/inscription-des-l3-automatique\\\/#breadcrumb\",\"itemListElement\":[{\"@type\":\"ListItem\",\"position\":1,\"name\":\"Accueil\",\"item\":\"https:\\\/\\\/www.ummto.dz\\\/fgei\\\/\"},{\"@type\":\"ListItem\",\"position\":2,\"name\":\"Inscription des L3 Automatique\"}]},{\"@type\":\"WebSite\",\"@id\":\"https:\\\/\\\/www.ummto.dz\\\/fgei\\\/#website\",\"url\":\"https:\\\/\\\/www.ummto.dz\\\/fgei\\\/\",\"name\":\"Facult\u00e9 du G\u00e9nie Electrique et d&#039;Informatique\",\"description\":\"UMMTO\",\"potentialAction\":[{\"@type\":\"SearchAction\",\"target\":{\"@type\":\"EntryPoint\",\"urlTemplate\":\"https:\\\/\\\/www.ummto.dz\\\/fgei\\\/?s={search_term_string}\"},\"query-input\":{\"@type\":\"PropertyValueSpecification\",\"valueRequired\":true,\"valueName\":\"search_term_string\"}}],\"inLanguage\":\"fr-FR\"},{\"@type\":\"Person\",\"@id\":\"https:\\\/\\\/www.ummto.dz\\\/fgei\\\/#\\\/schema\\\/person\\\/f0a19398acbf302f06e4a25788979a7c\",\"name\":\"maidi nacima\",\"url\":\"https:\\\/\\\/www.ummto.dz\\\/fgei\\\/author\\\/maidi-nacima\\\/\"}]}<\/script>\n<!-- \/ Yoast SEO plugin. -->","yoast_head_json":{"title":"Inscription des L3 Automatique - Facult\u00e9 du G\u00e9nie Electrique et d&#039;Informatique","robots":{"index":"index","follow":"follow","max-snippet":"max-snippet:-1","max-image-preview":"max-image-preview:large","max-video-preview":"max-video-preview:-1"},"canonical":"https:\/\/www.ummto.dz\/fgei\/inscription-des-l3-automatique\/","og_locale":"fr_FR","og_type":"article","og_title":"Inscription des L3 Automatique - Facult\u00e9 du G\u00e9nie Electrique et d&#039;Informatique","og_description":"Les inscriptions des L3 Automatique pour l\u2019ann\u00e9e Universitaire 2018\/2019 se feront \u00e0 la salle de la Caf\u00e9t\u00e9ria le Jeudi 25, Dimanche 28 et le Lundi 29 septembre \u00e0 partir de 9h. La pr\u00e9sence de l\u2019\u00e9tudiant est obligatoire. Aucune procuration ne sera prise en consid\u00e9ration. Se munir de la carte d\u2019\u00e9tudiant et du mandat poste.","og_url":"https:\/\/www.ummto.dz\/fgei\/inscription-des-l3-automatique\/","og_site_name":"Facult\u00e9 du G\u00e9nie Electrique et d&#039;Informatique","article_published_time":"2018-10-24T11:11:28+00:00","article_modified_time":"2018-10-24T13:40:01+00:00","og_image":[{"width":223,"height":199,"url":"https:\/\/www.ummto.dz\/fgei\/wp-content\/uploads\/2018\/10\/ob-9e11e9-inscription.png","type":"image\/png"}],"author":"maidi nacima","twitter_card":"summary_large_image","twitter_misc":{"\u00c9crit par":"maidi nacima"},"schema":{"@context":"https:\/\/schema.org","@graph":[{"@type":"Article","@id":"https:\/\/www.ummto.dz\/fgei\/inscription-des-l3-automatique\/#article","isPartOf":{"@id":"https:\/\/www.ummto.dz\/fgei\/inscription-des-l3-automatique\/"},"author":{"name":"maidi nacima","@id":"https:\/\/www.ummto.dz\/fgei\/#\/schema\/person\/f0a19398acbf302f06e4a25788979a7c"},"headline":"Inscription des L3 Automatique","datePublished":"2018-10-24T11:11:28+00:00","dateModified":"2018-10-24T13:40:01+00:00","mainEntityOfPage":{"@id":"https:\/\/www.ummto.dz\/fgei\/inscription-des-l3-automatique\/"},"wordCount":60,"image":{"@id":"https:\/\/www.ummto.dz\/fgei\/inscription-des-l3-automatique\/#primaryimage"},"thumbnailUrl":"https:\/\/www.ummto.dz\/fgei\/wp-content\/uploads\/2018\/10\/ob-9e11e9-inscription.png","articleSection":["Actualit\u00e9"],"inLanguage":"fr-FR"},{"@type":"WebPage","@id":"https:\/\/www.ummto.dz\/fgei\/inscription-des-l3-automatique\/","url":"https:\/\/www.ummto.dz\/fgei\/inscription-des-l3-automatique\/","name":"Inscription des L3 Automatique - Facult\u00e9 du G\u00e9nie Electrique et d&#039;Informatique","isPartOf":{"@id":"https:\/\/www.ummto.dz\/fgei\/#website"},"primaryImageOfPage":{"@id":"https:\/\/www.ummto.dz\/fgei\/inscription-des-l3-automatique\/#primaryimage"},"image":{"@id":"https:\/\/www.ummto.dz\/fgei\/inscription-des-l3-automatique\/#primaryimage"},"thumbnailUrl":"https:\/\/www.ummto.dz\/fgei\/wp-content\/uploads\/2018\/10\/ob-9e11e9-inscription.png","datePublished":"2018-10-24T11:11:28+00:00","dateModified":"2018-10-24T13:40:01+00:00","author":{"@id":"https:\/\/www.ummto.dz\/fgei\/#\/schema\/person\/f0a19398acbf302f06e4a25788979a7c"},"breadcrumb":{"@id":"https:\/\/www.ummto.dz\/fgei\/inscription-des-l3-automatique\/#breadcrumb"},"inLanguage":"fr-FR","potentialAction":[{"@type":"ReadAction","target":["https:\/\/www.ummto.dz\/fgei\/inscription-des-l3-automatique\/"]}]},{"@type":"ImageObject","inLanguage":"fr-FR","@id":"https:\/\/www.ummto.dz\/fgei\/inscription-des-l3-automatique\/#primaryimage","url":"https:\/\/www.ummto.dz\/fgei\/wp-content\/uploads\/2018\/10\/ob-9e11e9-inscription.png","contentUrl":"https:\/\/www.ummto.dz\/fgei\/wp-content\/uploads\/2018\/10\/ob-9e11e9-inscription.png","width":223,"height":199},{"@type":"BreadcrumbList","@id":"https:\/\/www.ummto.dz\/fgei\/inscription-des-l3-automatique\/#breadcrumb","itemListElement":[{"@type":"ListItem","position":1,"name":"Accueil","item":"https:\/\/www.ummto.dz\/fgei\/"},{"@type":"ListItem","position":2,"name":"Inscription des L3 Automatique"}]},{"@type":"WebSite","@id":"https:\/\/www.ummto.dz\/fgei\/#website","url":"https:\/\/www.ummto.dz\/fgei\/","name":"Facult\u00e9 du G\u00e9nie Electrique et d&#039;Informatique","description":"UMMTO","potentialAction":[{"@type":"SearchAction","target":{"@type":"EntryPoint","urlTemplate":"https:\/\/www.ummto.dz\/fgei\/?s={search_term_string}"},"query-input":{"@type":"PropertyValueSpecification","valueRequired":true,"valueName":"search_term_string"}}],"inLanguage":"fr-FR"},{"@type":"Person","@id":"https:\/\/www.ummto.dz\/fgei\/#\/schema\/person\/f0a19398acbf302f06e4a25788979a7c","name":"maidi nacima","url":"https:\/\/www.ummto.dz\/fgei\/author\/maidi-nacima\/"}]}},"_links":{"self":[{"href":"https:\/\/www.ummto.dz\/fgei\/wp-json\/wp\/v2\/posts\/886","targetHints":{"allow":["GET"]}}],"collection":[{"href":"https:\/\/www.ummto.dz\/fgei\/wp-json\/wp\/v2\/posts"}],"about":[{"href":"https:\/\/www.ummto.dz\/fgei\/wp-json\/wp\/v2\/types\/post"}],"author":[{"embeddable":true,"href":"https:\/\/www.ummto.dz\/fgei\/wp-json\/wp\/v2\/users\/1"}],"replies":[{"embeddable":true,"href":"https:\/\/www.ummto.dz\/fgei\/wp-json\/wp\/v2\/comments?post=886"}],"version-history":[{"count":2,"href":"https:\/\/www.ummto.dz\/fgei\/wp-json\/wp\/v2\/posts\/886\/revisions"}],"predecessor-version":[{"id":905,"href":"https:\/\/www.ummto.dz\/fgei\/wp-json\/wp\/v2\/posts\/886\/revisions\/905"}],"wp:featuredmedia":[{"embeddable":true,"href":"https:\/\/www.ummto.dz\/fgei\/wp-json\/wp\/v2\/media\/896"}],"wp:attachment":[{"href":"https:\/\/www.ummto.dz\/fgei\/wp-json\/wp\/v2\/media?parent=886"}],"wp:term":[{"taxonomy":"category","embeddable":true,"href":"https:\/\/www.ummto.dz\/fgei\/wp-json\/wp\/v2\/categories?post=886"},{"taxonomy":"post_tag","embeddable":true,"href":"https:\/\/www.ummto.dz\/fgei\/wp-json\/wp\/v2\/tags?post=886"}],"curies":[{"name":"wp","href":"https:\/\/api.w.org\/{rel}","templated":true}]}}