{"id":916,"date":"2018-10-30T09:00:06","date_gmt":"2018-10-30T08:00:06","guid":{"rendered":"http:\/\/fgei.ummto.dz\/?p=916"},"modified":"2018-10-30T09:49:35","modified_gmt":"2018-10-30T08:49:35","slug":"inscription-des-l3-repetitifs-electrotechnique","status":"publish","type":"post","link":"https:\/\/www.ummto.dz\/fgei\/inscription-des-l3-repetitifs-electrotechnique\/","title":{"rendered":"Inscription des L3 r\u00e9p\u00e9titifs et Master 1 r\u00e9p\u00e9titifs Electrotechnique"},"content":{"rendered":"<ul>\n<li><span style=\"color: #000000;\"><img decoding=\"async\" class=\"size-thumbnail wp-image-920 alignright\" src=\"http:\/\/fgei.ummto.dz\/wp-content\/uploads\/2018\/10\/2-1-150x90.png\" alt=\"\" width=\"150\" height=\"90\" \/>Les inscriptions des <\/span><span style=\"color: #000080;\"><strong>L3<\/strong><\/span> <strong><span style=\"color: #000080;\">r\u00e9p\u00e9titifs Electrotechnique<\/span><\/strong><span style=\"color: #000000;\"> pour l\u2019ann\u00e9e Universitaire 2018\/2019 se feront<strong><span style=\"color: #800000;\"> \u00e0 la salle de la Caf\u00e9t\u00e9ria le <\/span><\/strong><\/span><strong><span style=\"color: #800000;\">Mercredi 31 Octobre, le Dimanche 4 Novembre et le Lundi 5 Novembre<\/span><span style=\"color: #000000;\"><span style=\"color: #800000;\"> \u00e0 partir de 9h<\/span>.<\/span><\/strong><\/li>\n<li><span style=\"color: #000000;\">Les inscriptions des <span style=\"color: #000080;\"><strong>Masters 1 Electrotechnique<\/strong> <\/span>pour l\u2019ann\u00e9e Universitaire 2018\/2019 se feront \u00e0 la scolarit\u00e9 d\u2019\u00e9lectrotechnique du vice D\u00e9canat le <span style=\"color: #800000;\"><strong>Mercredi 31 Octobre, le Dimanche 4 Novembre et le Lundi 5 Novembre<\/strong> <strong>\u00e0 partir de 9h. <\/strong><\/span><\/span><\/li>\n<\/ul>\n<p><strong><span style=\"color: #ff0000;\">La pr\u00e9sence de l\u2019\u00e9tudiant est obligatoire. Aucune procuration ne sera prise en consid\u00e9ration.<\/span><\/strong><\/p>\n<p><span style=\"color: #008000;\"><strong>Se munir de la carte d\u2019\u00e9tudiant et du mandat poste.<\/strong><\/span><\/p>\n","protected":false},"excerpt":{"rendered":"<p>Les inscriptions des L3 r\u00e9p\u00e9titifs Electrotechnique pour l\u2019ann\u00e9e Universitaire 2018\/2019 se feront \u00e0 la salle de la Caf\u00e9t\u00e9ria le Mercredi 31 Octobre, le Dimanche 4 Novembre et le Lundi 5 Novembre \u00e0 partir de 9h. Les inscriptions des Masters 1 Electrotechnique pour l\u2019ann\u00e9e Universitaire 2018\/2019 se feront \u00e0 la scolarit\u00e9 d\u2019\u00e9lectrotechnique du vice D\u00e9canat le [&hellip;]<\/p>\n","protected":false},"author":1,"featured_media":920,"comment_status":"closed","ping_status":"closed","sticky":false,"template":"","format":"standard","meta":{"_et_pb_use_builder":"","_et_pb_old_content":"","_et_gb_content_width":"","footnotes":""},"categories":[7],"tags":[],"class_list":["post-916","post","type-post","status-publish","format-standard","has-post-thumbnail","hentry","category-actualite"],"yoast_head":"<!-- This site is optimized with the Yoast SEO plugin v27.3 - https:\/\/yoast.com\/product\/yoast-seo-wordpress\/ -->\n<title>Inscription des L3 r\u00e9p\u00e9titifs et Master 1 r\u00e9p\u00e9titifs Electrotechnique - Facult\u00e9 du G\u00e9nie Electrique et d&#039;Informatique<\/title>\n<meta name=\"robots\" content=\"index, follow, max-snippet:-1, max-image-preview:large, max-video-preview:-1\" \/>\n<link rel=\"canonical\" href=\"https:\/\/www.ummto.dz\/fgei\/inscription-des-l3-repetitifs-electrotechnique\/\" \/>\n<meta property=\"og:locale\" content=\"fr_FR\" \/>\n<meta property=\"og:type\" content=\"article\" \/>\n<meta property=\"og:title\" content=\"Inscription des L3 r\u00e9p\u00e9titifs et Master 1 r\u00e9p\u00e9titifs Electrotechnique - Facult\u00e9 du G\u00e9nie Electrique et d&#039;Informatique\" \/>\n<meta property=\"og:description\" content=\"Les inscriptions des L3 r\u00e9p\u00e9titifs Electrotechnique pour l\u2019ann\u00e9e Universitaire 2018\/2019 se feront \u00e0 la salle de la Caf\u00e9t\u00e9ria le Mercredi 31 Octobre, le Dimanche 4 Novembre et le Lundi 5 Novembre \u00e0 partir de 9h. Les inscriptions des Masters 1 Electrotechnique pour l\u2019ann\u00e9e Universitaire 2018\/2019 se feront \u00e0 la scolarit\u00e9 d\u2019\u00e9lectrotechnique du vice D\u00e9canat le [&hellip;]\" \/>\n<meta property=\"og:url\" content=\"https:\/\/www.ummto.dz\/fgei\/inscription-des-l3-repetitifs-electrotechnique\/\" \/>\n<meta property=\"og:site_name\" content=\"Facult\u00e9 du G\u00e9nie Electrique et d&#039;Informatique\" \/>\n<meta property=\"article:published_time\" content=\"2018-10-30T08:00:06+00:00\" \/>\n<meta property=\"article:modified_time\" content=\"2018-10-30T08:49:35+00:00\" \/>\n<meta property=\"og:image\" content=\"https:\/\/www.ummto.dz\/fgei\/wp-content\/uploads\/2018\/10\/2-1.png\" \/>\n\t<meta property=\"og:image:width\" content=\"180\" \/>\n\t<meta property=\"og:image:height\" content=\"90\" \/>\n\t<meta property=\"og:image:type\" content=\"image\/png\" \/>\n<meta name=\"author\" content=\"maidi nacima\" \/>\n<meta name=\"twitter:card\" content=\"summary_large_image\" \/>\n<meta name=\"twitter:label1\" content=\"\u00c9crit par\" \/>\n\t<meta name=\"twitter:data1\" content=\"maidi nacima\" \/>\n<script type=\"application\/ld+json\" class=\"yoast-schema-graph\">{\"@context\":\"https:\\\/\\\/schema.org\",\"@graph\":[{\"@type\":\"Article\",\"@id\":\"https:\\\/\\\/www.ummto.dz\\\/fgei\\\/inscription-des-l3-repetitifs-electrotechnique\\\/#article\",\"isPartOf\":{\"@id\":\"https:\\\/\\\/www.ummto.dz\\\/fgei\\\/inscription-des-l3-repetitifs-electrotechnique\\\/\"},\"author\":{\"name\":\"maidi nacima\",\"@id\":\"https:\\\/\\\/www.ummto.dz\\\/fgei\\\/#\\\/schema\\\/person\\\/f0a19398acbf302f06e4a25788979a7c\"},\"headline\":\"Inscription des L3 r\u00e9p\u00e9titifs et Master 1 r\u00e9p\u00e9titifs Electrotechnique\",\"datePublished\":\"2018-10-30T08:00:06+00:00\",\"dateModified\":\"2018-10-30T08:49:35+00:00\",\"mainEntityOfPage\":{\"@id\":\"https:\\\/\\\/www.ummto.dz\\\/fgei\\\/inscription-des-l3-repetitifs-electrotechnique\\\/\"},\"wordCount\":107,\"image\":{\"@id\":\"https:\\\/\\\/www.ummto.dz\\\/fgei\\\/inscription-des-l3-repetitifs-electrotechnique\\\/#primaryimage\"},\"thumbnailUrl\":\"https:\\\/\\\/www.ummto.dz\\\/fgei\\\/wp-content\\\/uploads\\\/2018\\\/10\\\/2-1.png\",\"articleSection\":[\"Actualit\u00e9\"],\"inLanguage\":\"fr-FR\"},{\"@type\":\"WebPage\",\"@id\":\"https:\\\/\\\/www.ummto.dz\\\/fgei\\\/inscription-des-l3-repetitifs-electrotechnique\\\/\",\"url\":\"https:\\\/\\\/www.ummto.dz\\\/fgei\\\/inscription-des-l3-repetitifs-electrotechnique\\\/\",\"name\":\"Inscription des L3 r\u00e9p\u00e9titifs et Master 1 r\u00e9p\u00e9titifs Electrotechnique - Facult\u00e9 du G\u00e9nie Electrique et d&#039;Informatique\",\"isPartOf\":{\"@id\":\"https:\\\/\\\/www.ummto.dz\\\/fgei\\\/#website\"},\"primaryImageOfPage\":{\"@id\":\"https:\\\/\\\/www.ummto.dz\\\/fgei\\\/inscription-des-l3-repetitifs-electrotechnique\\\/#primaryimage\"},\"image\":{\"@id\":\"https:\\\/\\\/www.ummto.dz\\\/fgei\\\/inscription-des-l3-repetitifs-electrotechnique\\\/#primaryimage\"},\"thumbnailUrl\":\"https:\\\/\\\/www.ummto.dz\\\/fgei\\\/wp-content\\\/uploads\\\/2018\\\/10\\\/2-1.png\",\"datePublished\":\"2018-10-30T08:00:06+00:00\",\"dateModified\":\"2018-10-30T08:49:35+00:00\",\"author\":{\"@id\":\"https:\\\/\\\/www.ummto.dz\\\/fgei\\\/#\\\/schema\\\/person\\\/f0a19398acbf302f06e4a25788979a7c\"},\"breadcrumb\":{\"@id\":\"https:\\\/\\\/www.ummto.dz\\\/fgei\\\/inscription-des-l3-repetitifs-electrotechnique\\\/#breadcrumb\"},\"inLanguage\":\"fr-FR\",\"potentialAction\":[{\"@type\":\"ReadAction\",\"target\":[\"https:\\\/\\\/www.ummto.dz\\\/fgei\\\/inscription-des-l3-repetitifs-electrotechnique\\\/\"]}]},{\"@type\":\"ImageObject\",\"inLanguage\":\"fr-FR\",\"@id\":\"https:\\\/\\\/www.ummto.dz\\\/fgei\\\/inscription-des-l3-repetitifs-electrotechnique\\\/#primaryimage\",\"url\":\"https:\\\/\\\/www.ummto.dz\\\/fgei\\\/wp-content\\\/uploads\\\/2018\\\/10\\\/2-1.png\",\"contentUrl\":\"https:\\\/\\\/www.ummto.dz\\\/fgei\\\/wp-content\\\/uploads\\\/2018\\\/10\\\/2-1.png\",\"width\":180,\"height\":90},{\"@type\":\"BreadcrumbList\",\"@id\":\"https:\\\/\\\/www.ummto.dz\\\/fgei\\\/inscription-des-l3-repetitifs-electrotechnique\\\/#breadcrumb\",\"itemListElement\":[{\"@type\":\"ListItem\",\"position\":1,\"name\":\"Accueil\",\"item\":\"https:\\\/\\\/www.ummto.dz\\\/fgei\\\/\"},{\"@type\":\"ListItem\",\"position\":2,\"name\":\"Inscription des L3 r\u00e9p\u00e9titifs et Master 1 r\u00e9p\u00e9titifs Electrotechnique\"}]},{\"@type\":\"WebSite\",\"@id\":\"https:\\\/\\\/www.ummto.dz\\\/fgei\\\/#website\",\"url\":\"https:\\\/\\\/www.ummto.dz\\\/fgei\\\/\",\"name\":\"Facult\u00e9 du G\u00e9nie Electrique et d&#039;Informatique\",\"description\":\"UMMTO\",\"potentialAction\":[{\"@type\":\"SearchAction\",\"target\":{\"@type\":\"EntryPoint\",\"urlTemplate\":\"https:\\\/\\\/www.ummto.dz\\\/fgei\\\/?s={search_term_string}\"},\"query-input\":{\"@type\":\"PropertyValueSpecification\",\"valueRequired\":true,\"valueName\":\"search_term_string\"}}],\"inLanguage\":\"fr-FR\"},{\"@type\":\"Person\",\"@id\":\"https:\\\/\\\/www.ummto.dz\\\/fgei\\\/#\\\/schema\\\/person\\\/f0a19398acbf302f06e4a25788979a7c\",\"name\":\"maidi nacima\",\"url\":\"https:\\\/\\\/www.ummto.dz\\\/fgei\\\/author\\\/maidi-nacima\\\/\"}]}<\/script>\n<!-- \/ Yoast SEO plugin. -->","yoast_head_json":{"title":"Inscription des L3 r\u00e9p\u00e9titifs et Master 1 r\u00e9p\u00e9titifs Electrotechnique - Facult\u00e9 du G\u00e9nie Electrique et d&#039;Informatique","robots":{"index":"index","follow":"follow","max-snippet":"max-snippet:-1","max-image-preview":"max-image-preview:large","max-video-preview":"max-video-preview:-1"},"canonical":"https:\/\/www.ummto.dz\/fgei\/inscription-des-l3-repetitifs-electrotechnique\/","og_locale":"fr_FR","og_type":"article","og_title":"Inscription des L3 r\u00e9p\u00e9titifs et Master 1 r\u00e9p\u00e9titifs Electrotechnique - Facult\u00e9 du G\u00e9nie Electrique et d&#039;Informatique","og_description":"Les inscriptions des L3 r\u00e9p\u00e9titifs Electrotechnique pour l\u2019ann\u00e9e Universitaire 2018\/2019 se feront \u00e0 la salle de la Caf\u00e9t\u00e9ria le Mercredi 31 Octobre, le Dimanche 4 Novembre et le Lundi 5 Novembre \u00e0 partir de 9h. Les inscriptions des Masters 1 Electrotechnique pour l\u2019ann\u00e9e Universitaire 2018\/2019 se feront \u00e0 la scolarit\u00e9 d\u2019\u00e9lectrotechnique du vice D\u00e9canat le [&hellip;]","og_url":"https:\/\/www.ummto.dz\/fgei\/inscription-des-l3-repetitifs-electrotechnique\/","og_site_name":"Facult\u00e9 du G\u00e9nie Electrique et d&#039;Informatique","article_published_time":"2018-10-30T08:00:06+00:00","article_modified_time":"2018-10-30T08:49:35+00:00","og_image":[{"width":180,"height":90,"url":"https:\/\/www.ummto.dz\/fgei\/wp-content\/uploads\/2018\/10\/2-1.png","type":"image\/png"}],"author":"maidi nacima","twitter_card":"summary_large_image","twitter_misc":{"\u00c9crit par":"maidi nacima"},"schema":{"@context":"https:\/\/schema.org","@graph":[{"@type":"Article","@id":"https:\/\/www.ummto.dz\/fgei\/inscription-des-l3-repetitifs-electrotechnique\/#article","isPartOf":{"@id":"https:\/\/www.ummto.dz\/fgei\/inscription-des-l3-repetitifs-electrotechnique\/"},"author":{"name":"maidi nacima","@id":"https:\/\/www.ummto.dz\/fgei\/#\/schema\/person\/f0a19398acbf302f06e4a25788979a7c"},"headline":"Inscription des L3 r\u00e9p\u00e9titifs et Master 1 r\u00e9p\u00e9titifs Electrotechnique","datePublished":"2018-10-30T08:00:06+00:00","dateModified":"2018-10-30T08:49:35+00:00","mainEntityOfPage":{"@id":"https:\/\/www.ummto.dz\/fgei\/inscription-des-l3-repetitifs-electrotechnique\/"},"wordCount":107,"image":{"@id":"https:\/\/www.ummto.dz\/fgei\/inscription-des-l3-repetitifs-electrotechnique\/#primaryimage"},"thumbnailUrl":"https:\/\/www.ummto.dz\/fgei\/wp-content\/uploads\/2018\/10\/2-1.png","articleSection":["Actualit\u00e9"],"inLanguage":"fr-FR"},{"@type":"WebPage","@id":"https:\/\/www.ummto.dz\/fgei\/inscription-des-l3-repetitifs-electrotechnique\/","url":"https:\/\/www.ummto.dz\/fgei\/inscription-des-l3-repetitifs-electrotechnique\/","name":"Inscription des L3 r\u00e9p\u00e9titifs et Master 1 r\u00e9p\u00e9titifs Electrotechnique - Facult\u00e9 du G\u00e9nie Electrique et d&#039;Informatique","isPartOf":{"@id":"https:\/\/www.ummto.dz\/fgei\/#website"},"primaryImageOfPage":{"@id":"https:\/\/www.ummto.dz\/fgei\/inscription-des-l3-repetitifs-electrotechnique\/#primaryimage"},"image":{"@id":"https:\/\/www.ummto.dz\/fgei\/inscription-des-l3-repetitifs-electrotechnique\/#primaryimage"},"thumbnailUrl":"https:\/\/www.ummto.dz\/fgei\/wp-content\/uploads\/2018\/10\/2-1.png","datePublished":"2018-10-30T08:00:06+00:00","dateModified":"2018-10-30T08:49:35+00:00","author":{"@id":"https:\/\/www.ummto.dz\/fgei\/#\/schema\/person\/f0a19398acbf302f06e4a25788979a7c"},"breadcrumb":{"@id":"https:\/\/www.ummto.dz\/fgei\/inscription-des-l3-repetitifs-electrotechnique\/#breadcrumb"},"inLanguage":"fr-FR","potentialAction":[{"@type":"ReadAction","target":["https:\/\/www.ummto.dz\/fgei\/inscription-des-l3-repetitifs-electrotechnique\/"]}]},{"@type":"ImageObject","inLanguage":"fr-FR","@id":"https:\/\/www.ummto.dz\/fgei\/inscription-des-l3-repetitifs-electrotechnique\/#primaryimage","url":"https:\/\/www.ummto.dz\/fgei\/wp-content\/uploads\/2018\/10\/2-1.png","contentUrl":"https:\/\/www.ummto.dz\/fgei\/wp-content\/uploads\/2018\/10\/2-1.png","width":180,"height":90},{"@type":"BreadcrumbList","@id":"https:\/\/www.ummto.dz\/fgei\/inscription-des-l3-repetitifs-electrotechnique\/#breadcrumb","itemListElement":[{"@type":"ListItem","position":1,"name":"Accueil","item":"https:\/\/www.ummto.dz\/fgei\/"},{"@type":"ListItem","position":2,"name":"Inscription des L3 r\u00e9p\u00e9titifs et Master 1 r\u00e9p\u00e9titifs Electrotechnique"}]},{"@type":"WebSite","@id":"https:\/\/www.ummto.dz\/fgei\/#website","url":"https:\/\/www.ummto.dz\/fgei\/","name":"Facult\u00e9 du G\u00e9nie Electrique et d&#039;Informatique","description":"UMMTO","potentialAction":[{"@type":"SearchAction","target":{"@type":"EntryPoint","urlTemplate":"https:\/\/www.ummto.dz\/fgei\/?s={search_term_string}"},"query-input":{"@type":"PropertyValueSpecification","valueRequired":true,"valueName":"search_term_string"}}],"inLanguage":"fr-FR"},{"@type":"Person","@id":"https:\/\/www.ummto.dz\/fgei\/#\/schema\/person\/f0a19398acbf302f06e4a25788979a7c","name":"maidi nacima","url":"https:\/\/www.ummto.dz\/fgei\/author\/maidi-nacima\/"}]}},"_links":{"self":[{"href":"https:\/\/www.ummto.dz\/fgei\/wp-json\/wp\/v2\/posts\/916","targetHints":{"allow":["GET"]}}],"collection":[{"href":"https:\/\/www.ummto.dz\/fgei\/wp-json\/wp\/v2\/posts"}],"about":[{"href":"https:\/\/www.ummto.dz\/fgei\/wp-json\/wp\/v2\/types\/post"}],"author":[{"embeddable":true,"href":"https:\/\/www.ummto.dz\/fgei\/wp-json\/wp\/v2\/users\/1"}],"replies":[{"embeddable":true,"href":"https:\/\/www.ummto.dz\/fgei\/wp-json\/wp\/v2\/comments?post=916"}],"version-history":[{"count":5,"href":"https:\/\/www.ummto.dz\/fgei\/wp-json\/wp\/v2\/posts\/916\/revisions"}],"predecessor-version":[{"id":926,"href":"https:\/\/www.ummto.dz\/fgei\/wp-json\/wp\/v2\/posts\/916\/revisions\/926"}],"wp:featuredmedia":[{"embeddable":true,"href":"https:\/\/www.ummto.dz\/fgei\/wp-json\/wp\/v2\/media\/920"}],"wp:attachment":[{"href":"https:\/\/www.ummto.dz\/fgei\/wp-json\/wp\/v2\/media?parent=916"}],"wp:term":[{"taxonomy":"category","embeddable":true,"href":"https:\/\/www.ummto.dz\/fgei\/wp-json\/wp\/v2\/categories?post=916"},{"taxonomy":"post_tag","embeddable":true,"href":"https:\/\/www.ummto.dz\/fgei\/wp-json\/wp\/v2\/tags?post=916"}],"curies":[{"name":"wp","href":"https:\/\/api.w.org\/{rel}","templated":true}]}}