{"id":958,"date":"2018-11-05T14:51:20","date_gmt":"2018-11-05T13:51:20","guid":{"rendered":"http:\/\/fgei.ummto.dz\/?p=958"},"modified":"2018-11-05T14:52:39","modified_gmt":"2018-11-05T13:52:39","slug":"avis-aux-etudiants-de-master-2-electrotechnique-promotion-2018-2019","status":"publish","type":"post","link":"https:\/\/www.ummto.dz\/fgei\/avis-aux-etudiants-de-master-2-electrotechnique-promotion-2018-2019\/","title":{"rendered":"Avis aux \u00e9tudiants de Master 2 Electrotechnique  promotion 2018\/2019"},"content":{"rendered":"<p><span style=\"color: #000000;\"><img decoding=\"async\" class=\"size-thumbnail wp-image-896 alignright\" src=\"http:\/\/fgei.ummto.dz\/wp-content\/uploads\/2018\/10\/ob-9e11e9-inscription-150x150.png\" alt=\"\" width=\"150\" height=\"150\" srcset=\"https:\/\/www.ummto.dz\/fgei\/wp-content\/uploads\/2018\/10\/ob-9e11e9-inscription-150x150.png 150w, https:\/\/www.ummto.dz\/fgei\/wp-content\/uploads\/2018\/10\/ob-9e11e9-inscription-160x160.png 160w, https:\/\/www.ummto.dz\/fgei\/wp-content\/uploads\/2018\/10\/ob-9e11e9-inscription-45x45.png 45w\" sizes=\"(max-width: 150px) 100vw, 150px\" \/>Il est port\u00e9 \u00e0 la connaissance des \u00e9tudiants de \u00a0Master 2 Electrotechnique\u00a0(toutes sp\u00e9cialit\u00e9s confondues) que les inscriptions auront lieu<span style=\"color: #800000;\">\u00a0<strong>le 7, le 8 et le 11 novembre 2018\u00a0au niveau de la salle de la caf\u00e9t\u00e9ria.<\/strong><\/span><\/span><\/p>\n<p><strong><span style=\"color: #ff0000;\">La pr\u00e9sence de l\u2019\u00e9tudiant est obligatoire. Aucune procuration ne sera prise en consid\u00e9ration.<\/span><\/strong><\/p>\n<p><span style=\"color: #008000;\"><strong style=\"font-style: inherit;\">Se munir de la carte d\u2019\u00e9tudiant et du mandat poste.<\/strong><\/span><\/p>\n","protected":false},"excerpt":{"rendered":"<p>Il est port\u00e9 \u00e0 la connaissance des \u00e9tudiants de \u00a0Master 2 Electrotechnique\u00a0(toutes sp\u00e9cialit\u00e9s confondues) que les inscriptions auront lieu\u00a0le 7, le 8 et le 11 novembre 2018\u00a0au niveau de la salle de la caf\u00e9t\u00e9ria. La pr\u00e9sence de l\u2019\u00e9tudiant est obligatoire. Aucune procuration ne sera prise en consid\u00e9ration. Se munir de la carte d\u2019\u00e9tudiant et du [&hellip;]<\/p>\n","protected":false},"author":1,"featured_media":896,"comment_status":"closed","ping_status":"closed","sticky":false,"template":"","format":"standard","meta":{"_et_pb_use_builder":"","_et_pb_old_content":"","_et_gb_content_width":"","footnotes":""},"categories":[7],"tags":[],"class_list":["post-958","post","type-post","status-publish","format-standard","has-post-thumbnail","hentry","category-actualite"],"yoast_head":"<!-- This site is optimized with the Yoast SEO plugin v27.3 - https:\/\/yoast.com\/product\/yoast-seo-wordpress\/ -->\n<title>Avis aux \u00e9tudiants de Master 2 Electrotechnique promotion 2018\/2019 - Facult\u00e9 du G\u00e9nie Electrique et d&#039;Informatique<\/title>\n<meta name=\"robots\" content=\"index, follow, max-snippet:-1, max-image-preview:large, max-video-preview:-1\" \/>\n<link rel=\"canonical\" href=\"https:\/\/www.ummto.dz\/fgei\/avis-aux-etudiants-de-master-2-electrotechnique-promotion-2018-2019\/\" \/>\n<meta property=\"og:locale\" content=\"fr_FR\" \/>\n<meta property=\"og:type\" content=\"article\" \/>\n<meta property=\"og:title\" content=\"Avis aux \u00e9tudiants de Master 2 Electrotechnique promotion 2018\/2019 - Facult\u00e9 du G\u00e9nie Electrique et d&#039;Informatique\" \/>\n<meta property=\"og:description\" content=\"Il est port\u00e9 \u00e0 la connaissance des \u00e9tudiants de \u00a0Master 2 Electrotechnique\u00a0(toutes sp\u00e9cialit\u00e9s confondues) que les inscriptions auront lieu\u00a0le 7, le 8 et le 11 novembre 2018\u00a0au niveau de la salle de la caf\u00e9t\u00e9ria. La pr\u00e9sence de l\u2019\u00e9tudiant est obligatoire. Aucune procuration ne sera prise en consid\u00e9ration. Se munir de la carte d\u2019\u00e9tudiant et du [&hellip;]\" \/>\n<meta property=\"og:url\" content=\"https:\/\/www.ummto.dz\/fgei\/avis-aux-etudiants-de-master-2-electrotechnique-promotion-2018-2019\/\" \/>\n<meta property=\"og:site_name\" content=\"Facult\u00e9 du G\u00e9nie Electrique et d&#039;Informatique\" \/>\n<meta property=\"article:published_time\" content=\"2018-11-05T13:51:20+00:00\" \/>\n<meta property=\"article:modified_time\" content=\"2018-11-05T13:52:39+00:00\" \/>\n<meta property=\"og:image\" content=\"https:\/\/www.ummto.dz\/fgei\/wp-content\/uploads\/2018\/10\/ob-9e11e9-inscription.png\" \/>\n\t<meta property=\"og:image:width\" content=\"223\" \/>\n\t<meta property=\"og:image:height\" content=\"199\" \/>\n\t<meta property=\"og:image:type\" content=\"image\/png\" \/>\n<meta name=\"author\" content=\"maidi nacima\" \/>\n<meta name=\"twitter:card\" content=\"summary_large_image\" \/>\n<meta name=\"twitter:label1\" content=\"\u00c9crit par\" \/>\n\t<meta name=\"twitter:data1\" content=\"maidi nacima\" \/>\n<script type=\"application\/ld+json\" class=\"yoast-schema-graph\">{\"@context\":\"https:\\\/\\\/schema.org\",\"@graph\":[{\"@type\":\"Article\",\"@id\":\"https:\\\/\\\/www.ummto.dz\\\/fgei\\\/avis-aux-etudiants-de-master-2-electrotechnique-promotion-2018-2019\\\/#article\",\"isPartOf\":{\"@id\":\"https:\\\/\\\/www.ummto.dz\\\/fgei\\\/avis-aux-etudiants-de-master-2-electrotechnique-promotion-2018-2019\\\/\"},\"author\":{\"name\":\"maidi nacima\",\"@id\":\"https:\\\/\\\/www.ummto.dz\\\/fgei\\\/#\\\/schema\\\/person\\\/f0a19398acbf302f06e4a25788979a7c\"},\"headline\":\"Avis aux \u00e9tudiants de Master 2 Electrotechnique promotion 2018\\\/2019\",\"datePublished\":\"2018-11-05T13:51:20+00:00\",\"dateModified\":\"2018-11-05T13:52:39+00:00\",\"mainEntityOfPage\":{\"@id\":\"https:\\\/\\\/www.ummto.dz\\\/fgei\\\/avis-aux-etudiants-de-master-2-electrotechnique-promotion-2018-2019\\\/\"},\"wordCount\":69,\"image\":{\"@id\":\"https:\\\/\\\/www.ummto.dz\\\/fgei\\\/avis-aux-etudiants-de-master-2-electrotechnique-promotion-2018-2019\\\/#primaryimage\"},\"thumbnailUrl\":\"https:\\\/\\\/www.ummto.dz\\\/fgei\\\/wp-content\\\/uploads\\\/2018\\\/10\\\/ob-9e11e9-inscription.png\",\"articleSection\":[\"Actualit\u00e9\"],\"inLanguage\":\"fr-FR\"},{\"@type\":\"WebPage\",\"@id\":\"https:\\\/\\\/www.ummto.dz\\\/fgei\\\/avis-aux-etudiants-de-master-2-electrotechnique-promotion-2018-2019\\\/\",\"url\":\"https:\\\/\\\/www.ummto.dz\\\/fgei\\\/avis-aux-etudiants-de-master-2-electrotechnique-promotion-2018-2019\\\/\",\"name\":\"Avis aux \u00e9tudiants de Master 2 Electrotechnique promotion 2018\\\/2019 - Facult\u00e9 du G\u00e9nie Electrique et d&#039;Informatique\",\"isPartOf\":{\"@id\":\"https:\\\/\\\/www.ummto.dz\\\/fgei\\\/#website\"},\"primaryImageOfPage\":{\"@id\":\"https:\\\/\\\/www.ummto.dz\\\/fgei\\\/avis-aux-etudiants-de-master-2-electrotechnique-promotion-2018-2019\\\/#primaryimage\"},\"image\":{\"@id\":\"https:\\\/\\\/www.ummto.dz\\\/fgei\\\/avis-aux-etudiants-de-master-2-electrotechnique-promotion-2018-2019\\\/#primaryimage\"},\"thumbnailUrl\":\"https:\\\/\\\/www.ummto.dz\\\/fgei\\\/wp-content\\\/uploads\\\/2018\\\/10\\\/ob-9e11e9-inscription.png\",\"datePublished\":\"2018-11-05T13:51:20+00:00\",\"dateModified\":\"2018-11-05T13:52:39+00:00\",\"author\":{\"@id\":\"https:\\\/\\\/www.ummto.dz\\\/fgei\\\/#\\\/schema\\\/person\\\/f0a19398acbf302f06e4a25788979a7c\"},\"breadcrumb\":{\"@id\":\"https:\\\/\\\/www.ummto.dz\\\/fgei\\\/avis-aux-etudiants-de-master-2-electrotechnique-promotion-2018-2019\\\/#breadcrumb\"},\"inLanguage\":\"fr-FR\",\"potentialAction\":[{\"@type\":\"ReadAction\",\"target\":[\"https:\\\/\\\/www.ummto.dz\\\/fgei\\\/avis-aux-etudiants-de-master-2-electrotechnique-promotion-2018-2019\\\/\"]}]},{\"@type\":\"ImageObject\",\"inLanguage\":\"fr-FR\",\"@id\":\"https:\\\/\\\/www.ummto.dz\\\/fgei\\\/avis-aux-etudiants-de-master-2-electrotechnique-promotion-2018-2019\\\/#primaryimage\",\"url\":\"https:\\\/\\\/www.ummto.dz\\\/fgei\\\/wp-content\\\/uploads\\\/2018\\\/10\\\/ob-9e11e9-inscription.png\",\"contentUrl\":\"https:\\\/\\\/www.ummto.dz\\\/fgei\\\/wp-content\\\/uploads\\\/2018\\\/10\\\/ob-9e11e9-inscription.png\",\"width\":223,\"height\":199},{\"@type\":\"BreadcrumbList\",\"@id\":\"https:\\\/\\\/www.ummto.dz\\\/fgei\\\/avis-aux-etudiants-de-master-2-electrotechnique-promotion-2018-2019\\\/#breadcrumb\",\"itemListElement\":[{\"@type\":\"ListItem\",\"position\":1,\"name\":\"Accueil\",\"item\":\"https:\\\/\\\/www.ummto.dz\\\/fgei\\\/\"},{\"@type\":\"ListItem\",\"position\":2,\"name\":\"Avis aux \u00e9tudiants de Master 2 Electrotechnique promotion 2018\\\/2019\"}]},{\"@type\":\"WebSite\",\"@id\":\"https:\\\/\\\/www.ummto.dz\\\/fgei\\\/#website\",\"url\":\"https:\\\/\\\/www.ummto.dz\\\/fgei\\\/\",\"name\":\"Facult\u00e9 du G\u00e9nie Electrique et d&#039;Informatique\",\"description\":\"UMMTO\",\"potentialAction\":[{\"@type\":\"SearchAction\",\"target\":{\"@type\":\"EntryPoint\",\"urlTemplate\":\"https:\\\/\\\/www.ummto.dz\\\/fgei\\\/?s={search_term_string}\"},\"query-input\":{\"@type\":\"PropertyValueSpecification\",\"valueRequired\":true,\"valueName\":\"search_term_string\"}}],\"inLanguage\":\"fr-FR\"},{\"@type\":\"Person\",\"@id\":\"https:\\\/\\\/www.ummto.dz\\\/fgei\\\/#\\\/schema\\\/person\\\/f0a19398acbf302f06e4a25788979a7c\",\"name\":\"maidi nacima\",\"url\":\"https:\\\/\\\/www.ummto.dz\\\/fgei\\\/author\\\/maidi-nacima\\\/\"}]}<\/script>\n<!-- \/ Yoast SEO plugin. -->","yoast_head_json":{"title":"Avis aux \u00e9tudiants de Master 2 Electrotechnique promotion 2018\/2019 - Facult\u00e9 du G\u00e9nie Electrique et d&#039;Informatique","robots":{"index":"index","follow":"follow","max-snippet":"max-snippet:-1","max-image-preview":"max-image-preview:large","max-video-preview":"max-video-preview:-1"},"canonical":"https:\/\/www.ummto.dz\/fgei\/avis-aux-etudiants-de-master-2-electrotechnique-promotion-2018-2019\/","og_locale":"fr_FR","og_type":"article","og_title":"Avis aux \u00e9tudiants de Master 2 Electrotechnique promotion 2018\/2019 - Facult\u00e9 du G\u00e9nie Electrique et d&#039;Informatique","og_description":"Il est port\u00e9 \u00e0 la connaissance des \u00e9tudiants de \u00a0Master 2 Electrotechnique\u00a0(toutes sp\u00e9cialit\u00e9s confondues) que les inscriptions auront lieu\u00a0le 7, le 8 et le 11 novembre 2018\u00a0au niveau de la salle de la caf\u00e9t\u00e9ria. La pr\u00e9sence de l\u2019\u00e9tudiant est obligatoire. Aucune procuration ne sera prise en consid\u00e9ration. Se munir de la carte d\u2019\u00e9tudiant et du [&hellip;]","og_url":"https:\/\/www.ummto.dz\/fgei\/avis-aux-etudiants-de-master-2-electrotechnique-promotion-2018-2019\/","og_site_name":"Facult\u00e9 du G\u00e9nie Electrique et d&#039;Informatique","article_published_time":"2018-11-05T13:51:20+00:00","article_modified_time":"2018-11-05T13:52:39+00:00","og_image":[{"width":223,"height":199,"url":"https:\/\/www.ummto.dz\/fgei\/wp-content\/uploads\/2018\/10\/ob-9e11e9-inscription.png","type":"image\/png"}],"author":"maidi nacima","twitter_card":"summary_large_image","twitter_misc":{"\u00c9crit par":"maidi nacima"},"schema":{"@context":"https:\/\/schema.org","@graph":[{"@type":"Article","@id":"https:\/\/www.ummto.dz\/fgei\/avis-aux-etudiants-de-master-2-electrotechnique-promotion-2018-2019\/#article","isPartOf":{"@id":"https:\/\/www.ummto.dz\/fgei\/avis-aux-etudiants-de-master-2-electrotechnique-promotion-2018-2019\/"},"author":{"name":"maidi nacima","@id":"https:\/\/www.ummto.dz\/fgei\/#\/schema\/person\/f0a19398acbf302f06e4a25788979a7c"},"headline":"Avis aux \u00e9tudiants de Master 2 Electrotechnique promotion 2018\/2019","datePublished":"2018-11-05T13:51:20+00:00","dateModified":"2018-11-05T13:52:39+00:00","mainEntityOfPage":{"@id":"https:\/\/www.ummto.dz\/fgei\/avis-aux-etudiants-de-master-2-electrotechnique-promotion-2018-2019\/"},"wordCount":69,"image":{"@id":"https:\/\/www.ummto.dz\/fgei\/avis-aux-etudiants-de-master-2-electrotechnique-promotion-2018-2019\/#primaryimage"},"thumbnailUrl":"https:\/\/www.ummto.dz\/fgei\/wp-content\/uploads\/2018\/10\/ob-9e11e9-inscription.png","articleSection":["Actualit\u00e9"],"inLanguage":"fr-FR"},{"@type":"WebPage","@id":"https:\/\/www.ummto.dz\/fgei\/avis-aux-etudiants-de-master-2-electrotechnique-promotion-2018-2019\/","url":"https:\/\/www.ummto.dz\/fgei\/avis-aux-etudiants-de-master-2-electrotechnique-promotion-2018-2019\/","name":"Avis aux \u00e9tudiants de Master 2 Electrotechnique promotion 2018\/2019 - Facult\u00e9 du G\u00e9nie Electrique et d&#039;Informatique","isPartOf":{"@id":"https:\/\/www.ummto.dz\/fgei\/#website"},"primaryImageOfPage":{"@id":"https:\/\/www.ummto.dz\/fgei\/avis-aux-etudiants-de-master-2-electrotechnique-promotion-2018-2019\/#primaryimage"},"image":{"@id":"https:\/\/www.ummto.dz\/fgei\/avis-aux-etudiants-de-master-2-electrotechnique-promotion-2018-2019\/#primaryimage"},"thumbnailUrl":"https:\/\/www.ummto.dz\/fgei\/wp-content\/uploads\/2018\/10\/ob-9e11e9-inscription.png","datePublished":"2018-11-05T13:51:20+00:00","dateModified":"2018-11-05T13:52:39+00:00","author":{"@id":"https:\/\/www.ummto.dz\/fgei\/#\/schema\/person\/f0a19398acbf302f06e4a25788979a7c"},"breadcrumb":{"@id":"https:\/\/www.ummto.dz\/fgei\/avis-aux-etudiants-de-master-2-electrotechnique-promotion-2018-2019\/#breadcrumb"},"inLanguage":"fr-FR","potentialAction":[{"@type":"ReadAction","target":["https:\/\/www.ummto.dz\/fgei\/avis-aux-etudiants-de-master-2-electrotechnique-promotion-2018-2019\/"]}]},{"@type":"ImageObject","inLanguage":"fr-FR","@id":"https:\/\/www.ummto.dz\/fgei\/avis-aux-etudiants-de-master-2-electrotechnique-promotion-2018-2019\/#primaryimage","url":"https:\/\/www.ummto.dz\/fgei\/wp-content\/uploads\/2018\/10\/ob-9e11e9-inscription.png","contentUrl":"https:\/\/www.ummto.dz\/fgei\/wp-content\/uploads\/2018\/10\/ob-9e11e9-inscription.png","width":223,"height":199},{"@type":"BreadcrumbList","@id":"https:\/\/www.ummto.dz\/fgei\/avis-aux-etudiants-de-master-2-electrotechnique-promotion-2018-2019\/#breadcrumb","itemListElement":[{"@type":"ListItem","position":1,"name":"Accueil","item":"https:\/\/www.ummto.dz\/fgei\/"},{"@type":"ListItem","position":2,"name":"Avis aux \u00e9tudiants de Master 2 Electrotechnique promotion 2018\/2019"}]},{"@type":"WebSite","@id":"https:\/\/www.ummto.dz\/fgei\/#website","url":"https:\/\/www.ummto.dz\/fgei\/","name":"Facult\u00e9 du G\u00e9nie Electrique et d&#039;Informatique","description":"UMMTO","potentialAction":[{"@type":"SearchAction","target":{"@type":"EntryPoint","urlTemplate":"https:\/\/www.ummto.dz\/fgei\/?s={search_term_string}"},"query-input":{"@type":"PropertyValueSpecification","valueRequired":true,"valueName":"search_term_string"}}],"inLanguage":"fr-FR"},{"@type":"Person","@id":"https:\/\/www.ummto.dz\/fgei\/#\/schema\/person\/f0a19398acbf302f06e4a25788979a7c","name":"maidi nacima","url":"https:\/\/www.ummto.dz\/fgei\/author\/maidi-nacima\/"}]}},"_links":{"self":[{"href":"https:\/\/www.ummto.dz\/fgei\/wp-json\/wp\/v2\/posts\/958","targetHints":{"allow":["GET"]}}],"collection":[{"href":"https:\/\/www.ummto.dz\/fgei\/wp-json\/wp\/v2\/posts"}],"about":[{"href":"https:\/\/www.ummto.dz\/fgei\/wp-json\/wp\/v2\/types\/post"}],"author":[{"embeddable":true,"href":"https:\/\/www.ummto.dz\/fgei\/wp-json\/wp\/v2\/users\/1"}],"replies":[{"embeddable":true,"href":"https:\/\/www.ummto.dz\/fgei\/wp-json\/wp\/v2\/comments?post=958"}],"version-history":[{"count":3,"href":"https:\/\/www.ummto.dz\/fgei\/wp-json\/wp\/v2\/posts\/958\/revisions"}],"predecessor-version":[{"id":961,"href":"https:\/\/www.ummto.dz\/fgei\/wp-json\/wp\/v2\/posts\/958\/revisions\/961"}],"wp:featuredmedia":[{"embeddable":true,"href":"https:\/\/www.ummto.dz\/fgei\/wp-json\/wp\/v2\/media\/896"}],"wp:attachment":[{"href":"https:\/\/www.ummto.dz\/fgei\/wp-json\/wp\/v2\/media?parent=958"}],"wp:term":[{"taxonomy":"category","embeddable":true,"href":"https:\/\/www.ummto.dz\/fgei\/wp-json\/wp\/v2\/categories?post=958"},{"taxonomy":"post_tag","embeddable":true,"href":"https:\/\/www.ummto.dz\/fgei\/wp-json\/wp\/v2\/tags?post=958"}],"curies":[{"name":"wp","href":"https:\/\/api.w.org\/{rel}","templated":true}]}}