{"id":4206,"date":"2022-07-04T10:43:11","date_gmt":"2022-07-04T08:43:11","guid":{"rendered":"https:\/\/www.ummto.dz\/fll\/?p=4206"},"modified":"2022-07-04T10:47:00","modified_gmt":"2022-07-04T08:47:00","slug":"avis-de-soutenance","status":"publish","type":"post","link":"https:\/\/www.ummto.dz\/fll\/avis-de-soutenance\/","title":{"rendered":"Avis de Condol\u00e9ances"},"content":{"rendered":"\n[et_pb_section fb_built=\u00a0\u00bb1&Prime; theme_builder_area=\u00a0\u00bbpost_content\u00a0\u00bb _builder_version=\u00a0\u00bb4.17.4&Prime; _module_preset=\u00a0\u00bbdefault\u00a0\u00bb][et_pb_row _builder_version=\u00a0\u00bb4.17.4&Prime; _module_preset=\u00a0\u00bbdefault\u00a0\u00bb theme_builder_area=\u00a0\u00bbpost_content\u00a0\u00bb][et_pb_column _builder_version=\u00a0\u00bb4.17.4&Prime; _module_preset=\u00a0\u00bbdefault\u00a0\u00bb type=\u00a0\u00bb4_4&Prime; theme_builder_area=\u00a0\u00bbpost_content\u00a0\u00bb][et_pb_text _builder_version=\u00a0\u00bb4.17.4&Prime; _module_preset=\u00a0\u00bbdefault\u00a0\u00bb theme_builder_area=\u00a0\u00bbpost_content\u00a0\u00bb hover_enabled=\u00a0\u00bb0&Prime; sticky_enabled=\u00a0\u00bb0&Prime;]<div class=\"et_pb_row et_pb_row_0\">\n<div class=\"et_pb_column et_pb_column_4_4 et_pb_column_0  et_pb_css_mix_blend_mode_passthrough et-last-child\">\n<div class=\"et_pb_module et_pb_text et_pb_text_0  et_pb_text_align_left et_pb_bg_layout_dark\">\n<div class=\"et_pb_text_inner\">\n<p style=\"text-align: justify\"><span style=\"color: #000000\">Tr\u00e9s afflig\u00e9s par la disparition du <strong>P\u00e8re de Madame BELHADJ Zahia<\/strong>, Fonctionnaire ATS de la Facult\u00e9 des Lettres et des Langues, les personnels ATS et Enseignants tiennent \u00e0 pr\u00e9senter \u00e0 cette derniere, ainsi qu\u2019\u00e0 toute sa famille, leurs condol\u00e9ances les plus attrist\u00e9es et les assurent, en cette p\u00e9nible circonstance, de leur profonde sympathie.<\/span><\/p>\n<p><span style=\"color: #000000\">Puisse Dieu le cl\u00e9ment accorder au d\u00e9funt sa mis\u00e9ricorde et l\u2019accueillir en son vaste paradis.<\/span><\/p>\n<\/div>\n<\/div>\n<\/div>\n<\/div>[\/et_pb_text][\/et_pb_column][\/et_pb_row][\/et_pb_section]\n","protected":false},"excerpt":{"rendered":"<p>Tr\u00e9s afflig\u00e9s par la disparition du P\u00e8re de Madame BELHADJ Zahia, Fonctionnaire ATS de la Facult\u00e9 des Lettres et des Langues, les personnels ATS et Enseignants tiennent \u00e0 pr\u00e9senter \u00e0 cette derniere, ainsi qu\u2019\u00e0 toute sa famille, leurs condol\u00e9ances les plus attrist\u00e9es et les assurent, en cette p\u00e9nible circonstance, de leur profonde sympathie. Puisse Dieu [&hellip;]<\/p>\n","protected":false},"author":3,"featured_media":3662,"comment_status":"closed","ping_status":"closed","sticky":false,"template":"","format":"standard","meta":{"_et_pb_use_builder":"on","_et_pb_old_content":"","_et_gb_content_width":"","footnotes":""},"categories":[7],"tags":[],"class_list":["post-4206","post","type-post","status-publish","format-standard","has-post-thumbnail","hentry","category-actualite"],"yoast_head":"<!-- This site is optimized with the Yoast SEO plugin v27.3 - https:\/\/yoast.com\/product\/yoast-seo-wordpress\/ -->\n<title>Avis de Condol\u00e9ances - Facult\u00e9 des Lettres et des Langues<\/title>\n<meta name=\"robots\" content=\"index, follow, max-snippet:-1, max-image-preview:large, max-video-preview:-1\" \/>\n<link rel=\"canonical\" href=\"https:\/\/www.ummto.dz\/fll\/avis-de-soutenance\/\" \/>\n<meta property=\"og:locale\" content=\"fr_FR\" \/>\n<meta property=\"og:type\" content=\"article\" \/>\n<meta property=\"og:title\" content=\"Avis de Condol\u00e9ances - Facult\u00e9 des Lettres et des Langues\" \/>\n<meta property=\"og:description\" content=\"Tr\u00e9s afflig\u00e9s par la disparition du P\u00e8re de Madame BELHADJ Zahia, Fonctionnaire ATS de la Facult\u00e9 des Lettres et des Langues, les personnels ATS et Enseignants tiennent \u00e0 pr\u00e9senter \u00e0 cette derniere, ainsi qu\u2019\u00e0 toute sa famille, leurs condol\u00e9ances les plus attrist\u00e9es et les assurent, en cette p\u00e9nible circonstance, de leur profonde sympathie. Puisse Dieu [&hellip;]\" \/>\n<meta property=\"og:url\" content=\"https:\/\/www.ummto.dz\/fll\/avis-de-soutenance\/\" \/>\n<meta property=\"og:site_name\" content=\"Facult\u00e9 des Lettres et des Langues\" \/>\n<meta property=\"article:published_time\" content=\"2022-07-04T08:43:11+00:00\" \/>\n<meta property=\"article:modified_time\" content=\"2022-07-04T08:47:00+00:00\" \/>\n<meta property=\"og:image\" content=\"https:\/\/www.ummto.dz\/fll\/wp-content\/uploads\/2022\/02\/Condoleances-1-1.webp\" \/>\n\t<meta property=\"og:image:width\" content=\"250\" \/>\n\t<meta property=\"og:image:height\" content=\"250\" \/>\n\t<meta property=\"og:image:type\" content=\"image\/webp\" \/>\n<meta name=\"author\" content=\"FLL\" \/>\n<meta name=\"twitter:card\" content=\"summary_large_image\" \/>\n<meta name=\"twitter:label1\" content=\"\u00c9crit par\" \/>\n\t<meta name=\"twitter:data1\" content=\"FLL\" \/>\n\t<meta name=\"twitter:label2\" content=\"Dur\u00e9e de lecture estim\u00e9e\" \/>\n\t<meta name=\"twitter:data2\" content=\"1 minute\" \/>\n<script type=\"application\/ld+json\" class=\"yoast-schema-graph\">{\"@context\":\"https:\\\/\\\/schema.org\",\"@graph\":[{\"@type\":\"Article\",\"@id\":\"https:\\\/\\\/www.ummto.dz\\\/fll\\\/avis-de-soutenance\\\/#article\",\"isPartOf\":{\"@id\":\"https:\\\/\\\/www.ummto.dz\\\/fll\\\/avis-de-soutenance\\\/\"},\"author\":{\"name\":\"FLL\",\"@id\":\"https:\\\/\\\/www.ummto.dz\\\/fll\\\/#\\\/schema\\\/person\\\/d03e7460fb5662f3475fff66fa1c5dc8\"},\"headline\":\"Avis de Condol\u00e9ances\",\"datePublished\":\"2022-07-04T08:43:11+00:00\",\"dateModified\":\"2022-07-04T08:47:00+00:00\",\"mainEntityOfPage\":{\"@id\":\"https:\\\/\\\/www.ummto.dz\\\/fll\\\/avis-de-soutenance\\\/\"},\"wordCount\":152,\"image\":{\"@id\":\"https:\\\/\\\/www.ummto.dz\\\/fll\\\/avis-de-soutenance\\\/#primaryimage\"},\"thumbnailUrl\":\"https:\\\/\\\/www.ummto.dz\\\/fll\\\/wp-content\\\/uploads\\\/2022\\\/02\\\/Condoleances-1-1.webp\",\"articleSection\":[\"Actualit\u00e9\"],\"inLanguage\":\"fr-FR\"},{\"@type\":\"WebPage\",\"@id\":\"https:\\\/\\\/www.ummto.dz\\\/fll\\\/avis-de-soutenance\\\/\",\"url\":\"https:\\\/\\\/www.ummto.dz\\\/fll\\\/avis-de-soutenance\\\/\",\"name\":\"Avis de Condol\u00e9ances - Facult\u00e9 des Lettres et des Langues\",\"isPartOf\":{\"@id\":\"https:\\\/\\\/www.ummto.dz\\\/fll\\\/#website\"},\"primaryImageOfPage\":{\"@id\":\"https:\\\/\\\/www.ummto.dz\\\/fll\\\/avis-de-soutenance\\\/#primaryimage\"},\"image\":{\"@id\":\"https:\\\/\\\/www.ummto.dz\\\/fll\\\/avis-de-soutenance\\\/#primaryimage\"},\"thumbnailUrl\":\"https:\\\/\\\/www.ummto.dz\\\/fll\\\/wp-content\\\/uploads\\\/2022\\\/02\\\/Condoleances-1-1.webp\",\"datePublished\":\"2022-07-04T08:43:11+00:00\",\"dateModified\":\"2022-07-04T08:47:00+00:00\",\"author\":{\"@id\":\"https:\\\/\\\/www.ummto.dz\\\/fll\\\/#\\\/schema\\\/person\\\/d03e7460fb5662f3475fff66fa1c5dc8\"},\"breadcrumb\":{\"@id\":\"https:\\\/\\\/www.ummto.dz\\\/fll\\\/avis-de-soutenance\\\/#breadcrumb\"},\"inLanguage\":\"fr-FR\",\"potentialAction\":[{\"@type\":\"ReadAction\",\"target\":[\"https:\\\/\\\/www.ummto.dz\\\/fll\\\/avis-de-soutenance\\\/\"]}]},{\"@type\":\"ImageObject\",\"inLanguage\":\"fr-FR\",\"@id\":\"https:\\\/\\\/www.ummto.dz\\\/fll\\\/avis-de-soutenance\\\/#primaryimage\",\"url\":\"https:\\\/\\\/www.ummto.dz\\\/fll\\\/wp-content\\\/uploads\\\/2022\\\/02\\\/Condoleances-1-1.webp\",\"contentUrl\":\"https:\\\/\\\/www.ummto.dz\\\/fll\\\/wp-content\\\/uploads\\\/2022\\\/02\\\/Condoleances-1-1.webp\",\"width\":250,\"height\":250,\"caption\":\"Condoleances-1\"},{\"@type\":\"BreadcrumbList\",\"@id\":\"https:\\\/\\\/www.ummto.dz\\\/fll\\\/avis-de-soutenance\\\/#breadcrumb\",\"itemListElement\":[{\"@type\":\"ListItem\",\"position\":1,\"name\":\"Accueil\",\"item\":\"https:\\\/\\\/www.ummto.dz\\\/fll\\\/\"},{\"@type\":\"ListItem\",\"position\":2,\"name\":\"Avis de Condol\u00e9ances\"}]},{\"@type\":\"WebSite\",\"@id\":\"https:\\\/\\\/www.ummto.dz\\\/fll\\\/#website\",\"url\":\"https:\\\/\\\/www.ummto.dz\\\/fll\\\/\",\"name\":\"Facult\u00e9 des Lettres et des Langues\",\"description\":\"Facult\u00e9 des Lettres et des Langues\",\"potentialAction\":[{\"@type\":\"SearchAction\",\"target\":{\"@type\":\"EntryPoint\",\"urlTemplate\":\"https:\\\/\\\/www.ummto.dz\\\/fll\\\/?s={search_term_string}\"},\"query-input\":{\"@type\":\"PropertyValueSpecification\",\"valueRequired\":true,\"valueName\":\"search_term_string\"}}],\"inLanguage\":\"fr-FR\"},{\"@type\":\"Person\",\"@id\":\"https:\\\/\\\/www.ummto.dz\\\/fll\\\/#\\\/schema\\\/person\\\/d03e7460fb5662f3475fff66fa1c5dc8\",\"name\":\"FLL\",\"url\":\"https:\\\/\\\/www.ummto.dz\\\/fll\\\/author\\\/fll\\\/\"}]}<\/script>\n<!-- \/ Yoast SEO plugin. -->","yoast_head_json":{"title":"Avis de Condol\u00e9ances - Facult\u00e9 des Lettres et des Langues","robots":{"index":"index","follow":"follow","max-snippet":"max-snippet:-1","max-image-preview":"max-image-preview:large","max-video-preview":"max-video-preview:-1"},"canonical":"https:\/\/www.ummto.dz\/fll\/avis-de-soutenance\/","og_locale":"fr_FR","og_type":"article","og_title":"Avis de Condol\u00e9ances - Facult\u00e9 des Lettres et des Langues","og_description":"Tr\u00e9s afflig\u00e9s par la disparition du P\u00e8re de Madame BELHADJ Zahia, Fonctionnaire ATS de la Facult\u00e9 des Lettres et des Langues, les personnels ATS et Enseignants tiennent \u00e0 pr\u00e9senter \u00e0 cette derniere, ainsi qu\u2019\u00e0 toute sa famille, leurs condol\u00e9ances les plus attrist\u00e9es et les assurent, en cette p\u00e9nible circonstance, de leur profonde sympathie. Puisse Dieu [&hellip;]","og_url":"https:\/\/www.ummto.dz\/fll\/avis-de-soutenance\/","og_site_name":"Facult\u00e9 des Lettres et des Langues","article_published_time":"2022-07-04T08:43:11+00:00","article_modified_time":"2022-07-04T08:47:00+00:00","og_image":[{"width":250,"height":250,"url":"https:\/\/www.ummto.dz\/fll\/wp-content\/uploads\/2022\/02\/Condoleances-1-1.webp","type":"image\/webp"}],"author":"FLL","twitter_card":"summary_large_image","twitter_misc":{"\u00c9crit par":"FLL","Dur\u00e9e de lecture estim\u00e9e":"1 minute"},"schema":{"@context":"https:\/\/schema.org","@graph":[{"@type":"Article","@id":"https:\/\/www.ummto.dz\/fll\/avis-de-soutenance\/#article","isPartOf":{"@id":"https:\/\/www.ummto.dz\/fll\/avis-de-soutenance\/"},"author":{"name":"FLL","@id":"https:\/\/www.ummto.dz\/fll\/#\/schema\/person\/d03e7460fb5662f3475fff66fa1c5dc8"},"headline":"Avis de Condol\u00e9ances","datePublished":"2022-07-04T08:43:11+00:00","dateModified":"2022-07-04T08:47:00+00:00","mainEntityOfPage":{"@id":"https:\/\/www.ummto.dz\/fll\/avis-de-soutenance\/"},"wordCount":152,"image":{"@id":"https:\/\/www.ummto.dz\/fll\/avis-de-soutenance\/#primaryimage"},"thumbnailUrl":"https:\/\/www.ummto.dz\/fll\/wp-content\/uploads\/2022\/02\/Condoleances-1-1.webp","articleSection":["Actualit\u00e9"],"inLanguage":"fr-FR"},{"@type":"WebPage","@id":"https:\/\/www.ummto.dz\/fll\/avis-de-soutenance\/","url":"https:\/\/www.ummto.dz\/fll\/avis-de-soutenance\/","name":"Avis de Condol\u00e9ances - Facult\u00e9 des Lettres et des Langues","isPartOf":{"@id":"https:\/\/www.ummto.dz\/fll\/#website"},"primaryImageOfPage":{"@id":"https:\/\/www.ummto.dz\/fll\/avis-de-soutenance\/#primaryimage"},"image":{"@id":"https:\/\/www.ummto.dz\/fll\/avis-de-soutenance\/#primaryimage"},"thumbnailUrl":"https:\/\/www.ummto.dz\/fll\/wp-content\/uploads\/2022\/02\/Condoleances-1-1.webp","datePublished":"2022-07-04T08:43:11+00:00","dateModified":"2022-07-04T08:47:00+00:00","author":{"@id":"https:\/\/www.ummto.dz\/fll\/#\/schema\/person\/d03e7460fb5662f3475fff66fa1c5dc8"},"breadcrumb":{"@id":"https:\/\/www.ummto.dz\/fll\/avis-de-soutenance\/#breadcrumb"},"inLanguage":"fr-FR","potentialAction":[{"@type":"ReadAction","target":["https:\/\/www.ummto.dz\/fll\/avis-de-soutenance\/"]}]},{"@type":"ImageObject","inLanguage":"fr-FR","@id":"https:\/\/www.ummto.dz\/fll\/avis-de-soutenance\/#primaryimage","url":"https:\/\/www.ummto.dz\/fll\/wp-content\/uploads\/2022\/02\/Condoleances-1-1.webp","contentUrl":"https:\/\/www.ummto.dz\/fll\/wp-content\/uploads\/2022\/02\/Condoleances-1-1.webp","width":250,"height":250,"caption":"Condoleances-1"},{"@type":"BreadcrumbList","@id":"https:\/\/www.ummto.dz\/fll\/avis-de-soutenance\/#breadcrumb","itemListElement":[{"@type":"ListItem","position":1,"name":"Accueil","item":"https:\/\/www.ummto.dz\/fll\/"},{"@type":"ListItem","position":2,"name":"Avis de Condol\u00e9ances"}]},{"@type":"WebSite","@id":"https:\/\/www.ummto.dz\/fll\/#website","url":"https:\/\/www.ummto.dz\/fll\/","name":"Facult\u00e9 des Lettres et des Langues","description":"Facult\u00e9 des Lettres et des Langues","potentialAction":[{"@type":"SearchAction","target":{"@type":"EntryPoint","urlTemplate":"https:\/\/www.ummto.dz\/fll\/?s={search_term_string}"},"query-input":{"@type":"PropertyValueSpecification","valueRequired":true,"valueName":"search_term_string"}}],"inLanguage":"fr-FR"},{"@type":"Person","@id":"https:\/\/www.ummto.dz\/fll\/#\/schema\/person\/d03e7460fb5662f3475fff66fa1c5dc8","name":"FLL","url":"https:\/\/www.ummto.dz\/fll\/author\/fll\/"}]}},"_links":{"self":[{"href":"https:\/\/www.ummto.dz\/fll\/wp-json\/wp\/v2\/posts\/4206","targetHints":{"allow":["GET"]}}],"collection":[{"href":"https:\/\/www.ummto.dz\/fll\/wp-json\/wp\/v2\/posts"}],"about":[{"href":"https:\/\/www.ummto.dz\/fll\/wp-json\/wp\/v2\/types\/post"}],"author":[{"embeddable":true,"href":"https:\/\/www.ummto.dz\/fll\/wp-json\/wp\/v2\/users\/3"}],"replies":[{"embeddable":true,"href":"https:\/\/www.ummto.dz\/fll\/wp-json\/wp\/v2\/comments?post=4206"}],"version-history":[{"count":3,"href":"https:\/\/www.ummto.dz\/fll\/wp-json\/wp\/v2\/posts\/4206\/revisions"}],"predecessor-version":[{"id":4210,"href":"https:\/\/www.ummto.dz\/fll\/wp-json\/wp\/v2\/posts\/4206\/revisions\/4210"}],"wp:featuredmedia":[{"embeddable":true,"href":"https:\/\/www.ummto.dz\/fll\/wp-json\/wp\/v2\/media\/3662"}],"wp:attachment":[{"href":"https:\/\/www.ummto.dz\/fll\/wp-json\/wp\/v2\/media?parent=4206"}],"wp:term":[{"taxonomy":"category","embeddable":true,"href":"https:\/\/www.ummto.dz\/fll\/wp-json\/wp\/v2\/categories?post=4206"},{"taxonomy":"post_tag","embeddable":true,"href":"https:\/\/www.ummto.dz\/fll\/wp-json\/wp\/v2\/tags?post=4206"}],"curies":[{"name":"wp","href":"https:\/\/api.w.org\/{rel}","templated":true}]}}