{"id":4431,"date":"2022-12-19T14:09:27","date_gmt":"2022-12-19T13:09:27","guid":{"rendered":"https:\/\/www.ummto.dz\/fll\/?p=4431"},"modified":"2023-03-23T09:17:04","modified_gmt":"2023-03-23T08:17:04","slug":"condoleances-3","status":"publish","type":"post","link":"https:\/\/www.ummto.dz\/fll\/condoleances-3\/","title":{"rendered":"Condol\u00e9ances"},"content":{"rendered":"<p>[et_pb_section fb_built=\u00a0\u00bb1&Prime; _builder_version=\u00a0\u00bb4.19.4&Prime; _module_preset=\u00a0\u00bbdefault\u00a0\u00bb global_colors_info=\u00a0\u00bb{}\u00a0\u00bb][et_pb_row _builder_version=\u00a0\u00bb4.19.4&Prime; _module_preset=\u00a0\u00bbdefault\u00a0\u00bb global_colors_info=\u00a0\u00bb{}\u00a0\u00bb][et_pb_column type=\u00a0\u00bb4_4&Prime; _builder_version=\u00a0\u00bb4.19.4&Prime; _module_preset=\u00a0\u00bbdefault\u00a0\u00bb global_colors_info=\u00a0\u00bb{}\u00a0\u00bb][et_pb_text _builder_version=\u00a0\u00bb4.19.4&Prime; _module_preset=\u00a0\u00bbdefault\u00a0\u00bb hover_enabled=\u00a0\u00bb0&Prime; global_colors_info=\u00a0\u00bb{}\u00a0\u00bb sticky_enabled=\u00a0\u00bb0&Prime;]<\/p>\n<p>\u00a0\u00a0\u00a0\u00a0\u00a0 Avec un coeur soumis \u00e0 la volont\u00e9 de Dieu que nous avons re\u00e7u la triste nouvelle du d\u00e9c\u00e8s de la <strong>grand m\u00e8re<\/strong> de notre coll\u00e8gue Mme <strong>MAMOUNI Samia<\/strong>, cheffe de service des moyens et de la maintenance de la facult\u00e9 survenu en date <strong>19\/12\/2022<\/strong><\/p>\n<p>\u00a0\u00a0\u00a0\u00a0\u00a0 Le doyen de la facult\u00e9 des lettres et des langues l&rsquo;assure en son nom et au nom de toute la communaut\u00e9 de la facult\u00e9 de notre soutien le plus solide.<\/p>\n<p>[\/et_pb_text][\/et_pb_column][\/et_pb_row][\/et_pb_section]<\/p>\n","protected":false},"excerpt":{"rendered":"<p>\u00a0\u00a0\u00a0\u00a0\u00a0 Avec un coeur soumis \u00e0 la volont\u00e9 de Dieu que nous avons re\u00e7u la triste nouvelle du d\u00e9c\u00e8s de la grand m\u00e8re de notre coll\u00e8gue Mme MAMOUNI Samia, cheffe de service des moyens et de la maintenance de la facult\u00e9 survenu en date 19\/12\/2022 \u00a0\u00a0\u00a0\u00a0\u00a0 Le doyen de la facult\u00e9 des lettres et des [&hellip;]<\/p>\n","protected":false},"author":3,"featured_media":3660,"comment_status":"closed","ping_status":"closed","sticky":false,"template":"","format":"standard","meta":{"_et_pb_use_builder":"on","_et_pb_old_content":"","_et_gb_content_width":"","footnotes":""},"categories":[7],"tags":[],"class_list":["post-4431","post","type-post","status-publish","format-standard","has-post-thumbnail","hentry","category-actualite"],"yoast_head":"<!-- This site is optimized with the Yoast SEO plugin v27.3 - https:\/\/yoast.com\/product\/yoast-seo-wordpress\/ -->\n<title>Condol\u00e9ances - Facult\u00e9 des Lettres et des Langues<\/title>\n<meta name=\"description\" content=\"Condol\u00e9ances Grand m\u00e8re madame Mamouni, facult\u00e9 des lettres et des langues\" \/>\n<meta name=\"robots\" content=\"index, follow, max-snippet:-1, max-image-preview:large, max-video-preview:-1\" \/>\n<link rel=\"canonical\" href=\"https:\/\/www.ummto.dz\/fll\/condoleances-3\/\" \/>\n<meta property=\"og:locale\" content=\"fr_FR\" \/>\n<meta property=\"og:type\" content=\"article\" \/>\n<meta property=\"og:title\" content=\"Condol\u00e9ances - Facult\u00e9 des Lettres et des Langues\" \/>\n<meta property=\"og:description\" content=\"Condol\u00e9ances Grand m\u00e8re madame Mamouni, facult\u00e9 des lettres et des langues\" \/>\n<meta property=\"og:url\" content=\"https:\/\/www.ummto.dz\/fll\/condoleances-3\/\" \/>\n<meta property=\"og:site_name\" content=\"Facult\u00e9 des Lettres et des Langues\" \/>\n<meta property=\"article:published_time\" content=\"2022-12-19T13:09:27+00:00\" \/>\n<meta property=\"article:modified_time\" content=\"2023-03-23T08:17:04+00:00\" \/>\n<meta property=\"og:image\" content=\"https:\/\/www.ummto.dz\/fll\/wp-content\/uploads\/2022\/02\/Condoleances-1.webp\" \/>\n\t<meta property=\"og:image:width\" content=\"250\" \/>\n\t<meta property=\"og:image:height\" content=\"250\" \/>\n\t<meta property=\"og:image:type\" content=\"image\/webp\" \/>\n<meta name=\"author\" content=\"FLL\" \/>\n<meta name=\"twitter:card\" content=\"summary_large_image\" \/>\n<meta name=\"twitter:label1\" content=\"\u00c9crit par\" \/>\n\t<meta name=\"twitter:data1\" content=\"FLL\" \/>\n<script type=\"application\/ld+json\" class=\"yoast-schema-graph\">{\"@context\":\"https:\\\/\\\/schema.org\",\"@graph\":[{\"@type\":\"Article\",\"@id\":\"https:\\\/\\\/www.ummto.dz\\\/fll\\\/condoleances-3\\\/#article\",\"isPartOf\":{\"@id\":\"https:\\\/\\\/www.ummto.dz\\\/fll\\\/condoleances-3\\\/\"},\"author\":{\"name\":\"FLL\",\"@id\":\"https:\\\/\\\/www.ummto.dz\\\/fll\\\/#\\\/schema\\\/person\\\/d03e7460fb5662f3475fff66fa1c5dc8\"},\"headline\":\"Condol\u00e9ances\",\"datePublished\":\"2022-12-19T13:09:27+00:00\",\"dateModified\":\"2023-03-23T08:17:04+00:00\",\"mainEntityOfPage\":{\"@id\":\"https:\\\/\\\/www.ummto.dz\\\/fll\\\/condoleances-3\\\/\"},\"wordCount\":143,\"image\":{\"@id\":\"https:\\\/\\\/www.ummto.dz\\\/fll\\\/condoleances-3\\\/#primaryimage\"},\"thumbnailUrl\":\"https:\\\/\\\/www.ummto.dz\\\/fll\\\/wp-content\\\/uploads\\\/2022\\\/02\\\/Condoleances-1.webp\",\"articleSection\":[\"Actualit\u00e9\"],\"inLanguage\":\"fr-FR\"},{\"@type\":\"WebPage\",\"@id\":\"https:\\\/\\\/www.ummto.dz\\\/fll\\\/condoleances-3\\\/\",\"url\":\"https:\\\/\\\/www.ummto.dz\\\/fll\\\/condoleances-3\\\/\",\"name\":\"Condol\u00e9ances - Facult\u00e9 des Lettres et des Langues\",\"isPartOf\":{\"@id\":\"https:\\\/\\\/www.ummto.dz\\\/fll\\\/#website\"},\"primaryImageOfPage\":{\"@id\":\"https:\\\/\\\/www.ummto.dz\\\/fll\\\/condoleances-3\\\/#primaryimage\"},\"image\":{\"@id\":\"https:\\\/\\\/www.ummto.dz\\\/fll\\\/condoleances-3\\\/#primaryimage\"},\"thumbnailUrl\":\"https:\\\/\\\/www.ummto.dz\\\/fll\\\/wp-content\\\/uploads\\\/2022\\\/02\\\/Condoleances-1.webp\",\"datePublished\":\"2022-12-19T13:09:27+00:00\",\"dateModified\":\"2023-03-23T08:17:04+00:00\",\"author\":{\"@id\":\"https:\\\/\\\/www.ummto.dz\\\/fll\\\/#\\\/schema\\\/person\\\/d03e7460fb5662f3475fff66fa1c5dc8\"},\"description\":\"Condol\u00e9ances Grand m\u00e8re madame Mamouni, facult\u00e9 des lettres et des langues\",\"breadcrumb\":{\"@id\":\"https:\\\/\\\/www.ummto.dz\\\/fll\\\/condoleances-3\\\/#breadcrumb\"},\"inLanguage\":\"fr-FR\",\"potentialAction\":[{\"@type\":\"ReadAction\",\"target\":[\"https:\\\/\\\/www.ummto.dz\\\/fll\\\/condoleances-3\\\/\"]}]},{\"@type\":\"ImageObject\",\"inLanguage\":\"fr-FR\",\"@id\":\"https:\\\/\\\/www.ummto.dz\\\/fll\\\/condoleances-3\\\/#primaryimage\",\"url\":\"https:\\\/\\\/www.ummto.dz\\\/fll\\\/wp-content\\\/uploads\\\/2022\\\/02\\\/Condoleances-1.webp\",\"contentUrl\":\"https:\\\/\\\/www.ummto.dz\\\/fll\\\/wp-content\\\/uploads\\\/2022\\\/02\\\/Condoleances-1.webp\",\"width\":250,\"height\":250,\"caption\":\"Condoleances-1\"},{\"@type\":\"BreadcrumbList\",\"@id\":\"https:\\\/\\\/www.ummto.dz\\\/fll\\\/condoleances-3\\\/#breadcrumb\",\"itemListElement\":[{\"@type\":\"ListItem\",\"position\":1,\"name\":\"Accueil\",\"item\":\"https:\\\/\\\/www.ummto.dz\\\/fll\\\/\"},{\"@type\":\"ListItem\",\"position\":2,\"name\":\"Condol\u00e9ances\"}]},{\"@type\":\"WebSite\",\"@id\":\"https:\\\/\\\/www.ummto.dz\\\/fll\\\/#website\",\"url\":\"https:\\\/\\\/www.ummto.dz\\\/fll\\\/\",\"name\":\"Facult\u00e9 des Lettres et des Langues\",\"description\":\"Facult\u00e9 des Lettres et des Langues\",\"potentialAction\":[{\"@type\":\"SearchAction\",\"target\":{\"@type\":\"EntryPoint\",\"urlTemplate\":\"https:\\\/\\\/www.ummto.dz\\\/fll\\\/?s={search_term_string}\"},\"query-input\":{\"@type\":\"PropertyValueSpecification\",\"valueRequired\":true,\"valueName\":\"search_term_string\"}}],\"inLanguage\":\"fr-FR\"},{\"@type\":\"Person\",\"@id\":\"https:\\\/\\\/www.ummto.dz\\\/fll\\\/#\\\/schema\\\/person\\\/d03e7460fb5662f3475fff66fa1c5dc8\",\"name\":\"FLL\",\"url\":\"https:\\\/\\\/www.ummto.dz\\\/fll\\\/author\\\/fll\\\/\"}]}<\/script>\n<!-- \/ Yoast SEO plugin. -->","yoast_head_json":{"title":"Condol\u00e9ances - Facult\u00e9 des Lettres et des Langues","description":"Condol\u00e9ances Grand m\u00e8re madame Mamouni, facult\u00e9 des lettres et des langues","robots":{"index":"index","follow":"follow","max-snippet":"max-snippet:-1","max-image-preview":"max-image-preview:large","max-video-preview":"max-video-preview:-1"},"canonical":"https:\/\/www.ummto.dz\/fll\/condoleances-3\/","og_locale":"fr_FR","og_type":"article","og_title":"Condol\u00e9ances - Facult\u00e9 des Lettres et des Langues","og_description":"Condol\u00e9ances Grand m\u00e8re madame Mamouni, facult\u00e9 des lettres et des langues","og_url":"https:\/\/www.ummto.dz\/fll\/condoleances-3\/","og_site_name":"Facult\u00e9 des Lettres et des Langues","article_published_time":"2022-12-19T13:09:27+00:00","article_modified_time":"2023-03-23T08:17:04+00:00","og_image":[{"width":250,"height":250,"url":"https:\/\/www.ummto.dz\/fll\/wp-content\/uploads\/2022\/02\/Condoleances-1.webp","type":"image\/webp"}],"author":"FLL","twitter_card":"summary_large_image","twitter_misc":{"\u00c9crit par":"FLL"},"schema":{"@context":"https:\/\/schema.org","@graph":[{"@type":"Article","@id":"https:\/\/www.ummto.dz\/fll\/condoleances-3\/#article","isPartOf":{"@id":"https:\/\/www.ummto.dz\/fll\/condoleances-3\/"},"author":{"name":"FLL","@id":"https:\/\/www.ummto.dz\/fll\/#\/schema\/person\/d03e7460fb5662f3475fff66fa1c5dc8"},"headline":"Condol\u00e9ances","datePublished":"2022-12-19T13:09:27+00:00","dateModified":"2023-03-23T08:17:04+00:00","mainEntityOfPage":{"@id":"https:\/\/www.ummto.dz\/fll\/condoleances-3\/"},"wordCount":143,"image":{"@id":"https:\/\/www.ummto.dz\/fll\/condoleances-3\/#primaryimage"},"thumbnailUrl":"https:\/\/www.ummto.dz\/fll\/wp-content\/uploads\/2022\/02\/Condoleances-1.webp","articleSection":["Actualit\u00e9"],"inLanguage":"fr-FR"},{"@type":"WebPage","@id":"https:\/\/www.ummto.dz\/fll\/condoleances-3\/","url":"https:\/\/www.ummto.dz\/fll\/condoleances-3\/","name":"Condol\u00e9ances - Facult\u00e9 des Lettres et des Langues","isPartOf":{"@id":"https:\/\/www.ummto.dz\/fll\/#website"},"primaryImageOfPage":{"@id":"https:\/\/www.ummto.dz\/fll\/condoleances-3\/#primaryimage"},"image":{"@id":"https:\/\/www.ummto.dz\/fll\/condoleances-3\/#primaryimage"},"thumbnailUrl":"https:\/\/www.ummto.dz\/fll\/wp-content\/uploads\/2022\/02\/Condoleances-1.webp","datePublished":"2022-12-19T13:09:27+00:00","dateModified":"2023-03-23T08:17:04+00:00","author":{"@id":"https:\/\/www.ummto.dz\/fll\/#\/schema\/person\/d03e7460fb5662f3475fff66fa1c5dc8"},"description":"Condol\u00e9ances Grand m\u00e8re madame Mamouni, facult\u00e9 des lettres et des langues","breadcrumb":{"@id":"https:\/\/www.ummto.dz\/fll\/condoleances-3\/#breadcrumb"},"inLanguage":"fr-FR","potentialAction":[{"@type":"ReadAction","target":["https:\/\/www.ummto.dz\/fll\/condoleances-3\/"]}]},{"@type":"ImageObject","inLanguage":"fr-FR","@id":"https:\/\/www.ummto.dz\/fll\/condoleances-3\/#primaryimage","url":"https:\/\/www.ummto.dz\/fll\/wp-content\/uploads\/2022\/02\/Condoleances-1.webp","contentUrl":"https:\/\/www.ummto.dz\/fll\/wp-content\/uploads\/2022\/02\/Condoleances-1.webp","width":250,"height":250,"caption":"Condoleances-1"},{"@type":"BreadcrumbList","@id":"https:\/\/www.ummto.dz\/fll\/condoleances-3\/#breadcrumb","itemListElement":[{"@type":"ListItem","position":1,"name":"Accueil","item":"https:\/\/www.ummto.dz\/fll\/"},{"@type":"ListItem","position":2,"name":"Condol\u00e9ances"}]},{"@type":"WebSite","@id":"https:\/\/www.ummto.dz\/fll\/#website","url":"https:\/\/www.ummto.dz\/fll\/","name":"Facult\u00e9 des Lettres et des Langues","description":"Facult\u00e9 des Lettres et des Langues","potentialAction":[{"@type":"SearchAction","target":{"@type":"EntryPoint","urlTemplate":"https:\/\/www.ummto.dz\/fll\/?s={search_term_string}"},"query-input":{"@type":"PropertyValueSpecification","valueRequired":true,"valueName":"search_term_string"}}],"inLanguage":"fr-FR"},{"@type":"Person","@id":"https:\/\/www.ummto.dz\/fll\/#\/schema\/person\/d03e7460fb5662f3475fff66fa1c5dc8","name":"FLL","url":"https:\/\/www.ummto.dz\/fll\/author\/fll\/"}]}},"_links":{"self":[{"href":"https:\/\/www.ummto.dz\/fll\/wp-json\/wp\/v2\/posts\/4431","targetHints":{"allow":["GET"]}}],"collection":[{"href":"https:\/\/www.ummto.dz\/fll\/wp-json\/wp\/v2\/posts"}],"about":[{"href":"https:\/\/www.ummto.dz\/fll\/wp-json\/wp\/v2\/types\/post"}],"author":[{"embeddable":true,"href":"https:\/\/www.ummto.dz\/fll\/wp-json\/wp\/v2\/users\/3"}],"replies":[{"embeddable":true,"href":"https:\/\/www.ummto.dz\/fll\/wp-json\/wp\/v2\/comments?post=4431"}],"version-history":[{"count":3,"href":"https:\/\/www.ummto.dz\/fll\/wp-json\/wp\/v2\/posts\/4431\/revisions"}],"predecessor-version":[{"id":4642,"href":"https:\/\/www.ummto.dz\/fll\/wp-json\/wp\/v2\/posts\/4431\/revisions\/4642"}],"wp:featuredmedia":[{"embeddable":true,"href":"https:\/\/www.ummto.dz\/fll\/wp-json\/wp\/v2\/media\/3660"}],"wp:attachment":[{"href":"https:\/\/www.ummto.dz\/fll\/wp-json\/wp\/v2\/media?parent=4431"}],"wp:term":[{"taxonomy":"category","embeddable":true,"href":"https:\/\/www.ummto.dz\/fll\/wp-json\/wp\/v2\/categories?post=4431"},{"taxonomy":"post_tag","embeddable":true,"href":"https:\/\/www.ummto.dz\/fll\/wp-json\/wp\/v2\/tags?post=4431"}],"curies":[{"name":"wp","href":"https:\/\/api.w.org\/{rel}","templated":true}]}}