{"id":4437,"date":"2023-01-01T12:16:00","date_gmt":"2023-01-01T11:16:00","guid":{"rendered":"https:\/\/www.ummto.dz\/fll\/?p=4437"},"modified":"2023-01-02T12:56:47","modified_gmt":"2023-01-02T11:56:47","slug":"nouvel-an-2023-voeux-de-monsieur-le-doyen","status":"publish","type":"post","link":"https:\/\/www.ummto.dz\/fll\/nouvel-an-2023-voeux-de-monsieur-le-doyen\/","title":{"rendered":"Nouvel an 2023: V\u0153ux de Monsieur le Doyen"},"content":{"rendered":"\n[et_pb_section fb_built=\u00a0\u00bb1&Prime; theme_builder_area=\u00a0\u00bbpost_content\u00a0\u00bb _builder_version=\u00a0\u00bb4.19.4&Prime; _module_preset=\u00a0\u00bbdefault\u00a0\u00bb][et_pb_row _builder_version=\u00a0\u00bb4.19.4&Prime; _module_preset=\u00a0\u00bbdefault\u00a0\u00bb theme_builder_area=\u00a0\u00bbpost_content\u00a0\u00bb][et_pb_column _builder_version=\u00a0\u00bb4.19.4&Prime; _module_preset=\u00a0\u00bbdefault\u00a0\u00bb type=\u00a0\u00bb4_4&Prime; theme_builder_area=\u00a0\u00bbpost_content\u00a0\u00bb][et_pb_text _builder_version=\u00a0\u00bb4.19.4&Prime; _module_preset=\u00a0\u00bbdefault\u00a0\u00bb theme_builder_area=\u00a0\u00bbpost_content\u00a0\u00bb text_font=\u00a0\u00bbTimes New Roman||||||||\u00a0\u00bb text_font_size=\u00a0\u00bb17px\u00a0\u00bb text_letter_spacing=\u00a0\u00bb1px\u00a0\u00bb text_line_height=\u00a0\u00bb1em\u00a0\u00bb text_text_color=\u00a0\u00bb#000000&Prime; hover_enabled=\u00a0\u00bb0&Prime; sticky_enabled=\u00a0\u00bb0&Prime;]<p style=\"text-align: justify\">Madame\/Monsieur,\u00a0<\/p>\n<p style=\"text-align: justify\"><strong>E<\/strong>n cette nouvelle\u00a0ann\u00e9e <strong>2023,<\/strong> recevez tous mes v\u0153ux de bonheur, de r\u00e9ussite et de sant\u00e9. Que cette ann\u00e9e <strong>2023<\/strong>\u00a0 vous apporte joie et abondance.\u00a0<\/p>\n<p style=\"text-align: justify\"><strong>D<\/strong>e la r\u00e9ussite encore et toujours pour toute la Facult\u00e9 des Lettres et Langues et toute l\u2019Universit\u00e9 Mouloud MAMMERI de Tizi-Ouzou.<\/p>\n<p style=\"text-align: justify\">\n<p style=\"text-align: justify\"><strong>HEUREUSE ET JOYEUSE ANN\u00c9E\u00a02023<\/strong><\/p>\n<p style=\"text-align: justify\">\n<p style=\"text-align: justify\"><strong>Dr. KHELIFA Arezki<\/strong><\/p>\n<p style=\"text-align: justify\"><strong>Doyen<\/strong>\u00a0de la\u00a0<strong>F<\/strong>acult\u00e9 des\u00a0<strong>L<\/strong>ettres et\u00a0<strong>L<\/strong>angues<\/p>\n<p style=\"text-align: justify\"><strong>U<\/strong>niversit\u00e9\u00a0<strong>M<\/strong>ouloud\u00a0<strong>M<\/strong>AMMERI de\u00a0<strong>T<\/strong>izi-<strong>O<\/strong>uzou<\/p>\n<p style=\"text-align: justify\">[\/et_pb_text][\/et_pb_column][\/et_pb_row][\/et_pb_section]\n","protected":false},"excerpt":{"rendered":"<p>Madame\/Monsieur,\u00a0 En cette nouvelle\u00a0ann\u00e9e 2023, recevez tous mes v\u0153ux de bonheur, de r\u00e9ussite et de sant\u00e9. Que cette ann\u00e9e 2023\u00a0 vous apporte joie et abondance.\u00a0 De la r\u00e9ussite encore et toujours pour toute la Facult\u00e9 des Lettres et Langues et toute l\u2019Universit\u00e9 Mouloud MAMMERI de Tizi-Ouzou. HEUREUSE ET JOYEUSE ANN\u00c9E\u00a02023 Dr. KHELIFA Arezki Doyen\u00a0de la\u00a0Facult\u00e9 [&hellip;]<\/p>\n","protected":false},"author":3,"featured_media":4438,"comment_status":"closed","ping_status":"closed","sticky":false,"template":"","format":"standard","meta":{"_et_pb_use_builder":"on","_et_pb_old_content":"","_et_gb_content_width":"","footnotes":""},"categories":[7],"tags":[],"class_list":["post-4437","post","type-post","status-publish","format-standard","has-post-thumbnail","hentry","category-actualite"],"yoast_head":"<!-- This site is optimized with the Yoast SEO plugin v27.3 - https:\/\/yoast.com\/product\/yoast-seo-wordpress\/ -->\n<title>Nouvel an 2023: V\u0153ux de Monsieur le Doyen - Facult\u00e9 des Lettres et des Langues<\/title>\n<meta name=\"description\" content=\"Nouvel an 2023: V\u0153ux de Monsieur le Doyen de la facult\u00e9 des lettres et des langues de l&#039;universit\u00e9 Mouloud Mammeri\" \/>\n<meta name=\"robots\" content=\"index, follow, max-snippet:-1, max-image-preview:large, max-video-preview:-1\" \/>\n<link rel=\"canonical\" href=\"https:\/\/www.ummto.dz\/fll\/nouvel-an-2023-voeux-de-monsieur-le-doyen\/\" \/>\n<meta property=\"og:locale\" content=\"fr_FR\" \/>\n<meta property=\"og:type\" content=\"article\" \/>\n<meta property=\"og:title\" content=\"Nouvel an 2023: V\u0153ux de Monsieur le Doyen - Facult\u00e9 des Lettres et des Langues\" \/>\n<meta property=\"og:description\" content=\"Nouvel an 2023: V\u0153ux de Monsieur le Doyen de la facult\u00e9 des lettres et des langues de l&#039;universit\u00e9 Mouloud Mammeri\" \/>\n<meta property=\"og:url\" content=\"https:\/\/www.ummto.dz\/fll\/nouvel-an-2023-voeux-de-monsieur-le-doyen\/\" \/>\n<meta property=\"og:site_name\" content=\"Facult\u00e9 des Lettres et des Langues\" \/>\n<meta property=\"article:published_time\" content=\"2023-01-01T11:16:00+00:00\" \/>\n<meta property=\"article:modified_time\" content=\"2023-01-02T11:56:47+00:00\" \/>\n<meta property=\"og:image\" content=\"https:\/\/www.ummto.dz\/fll\/wp-content\/uploads\/2023\/01\/bonne-annee-23-e1672660590470.jpg\" \/>\n\t<meta property=\"og:image:width\" content=\"360\" \/>\n\t<meta property=\"og:image:height\" content=\"360\" \/>\n\t<meta property=\"og:image:type\" content=\"image\/jpeg\" \/>\n<meta name=\"author\" content=\"FLL\" \/>\n<meta name=\"twitter:card\" content=\"summary_large_image\" \/>\n<meta name=\"twitter:label1\" content=\"\u00c9crit par\" \/>\n\t<meta name=\"twitter:data1\" content=\"FLL\" \/>\n\t<meta name=\"twitter:label2\" content=\"Dur\u00e9e de lecture estim\u00e9e\" \/>\n\t<meta name=\"twitter:data2\" content=\"1 minute\" \/>\n<script type=\"application\/ld+json\" class=\"yoast-schema-graph\">{\"@context\":\"https:\\\/\\\/schema.org\",\"@graph\":[{\"@type\":\"Article\",\"@id\":\"https:\\\/\\\/www.ummto.dz\\\/fll\\\/nouvel-an-2023-voeux-de-monsieur-le-doyen\\\/#article\",\"isPartOf\":{\"@id\":\"https:\\\/\\\/www.ummto.dz\\\/fll\\\/nouvel-an-2023-voeux-de-monsieur-le-doyen\\\/\"},\"author\":{\"name\":\"FLL\",\"@id\":\"https:\\\/\\\/www.ummto.dz\\\/fll\\\/#\\\/schema\\\/person\\\/d03e7460fb5662f3475fff66fa1c5dc8\"},\"headline\":\"Nouvel an 2023: V\u0153ux de Monsieur le Doyen\",\"datePublished\":\"2023-01-01T11:16:00+00:00\",\"dateModified\":\"2023-01-02T11:56:47+00:00\",\"mainEntityOfPage\":{\"@id\":\"https:\\\/\\\/www.ummto.dz\\\/fll\\\/nouvel-an-2023-voeux-de-monsieur-le-doyen\\\/\"},\"wordCount\":172,\"image\":{\"@id\":\"https:\\\/\\\/www.ummto.dz\\\/fll\\\/nouvel-an-2023-voeux-de-monsieur-le-doyen\\\/#primaryimage\"},\"thumbnailUrl\":\"https:\\\/\\\/www.ummto.dz\\\/fll\\\/wp-content\\\/uploads\\\/2023\\\/01\\\/bonne-annee-23-e1672660590470.jpg\",\"articleSection\":[\"Actualit\u00e9\"],\"inLanguage\":\"fr-FR\"},{\"@type\":\"WebPage\",\"@id\":\"https:\\\/\\\/www.ummto.dz\\\/fll\\\/nouvel-an-2023-voeux-de-monsieur-le-doyen\\\/\",\"url\":\"https:\\\/\\\/www.ummto.dz\\\/fll\\\/nouvel-an-2023-voeux-de-monsieur-le-doyen\\\/\",\"name\":\"Nouvel an 2023: V\u0153ux de Monsieur le Doyen - Facult\u00e9 des Lettres et des Langues\",\"isPartOf\":{\"@id\":\"https:\\\/\\\/www.ummto.dz\\\/fll\\\/#website\"},\"primaryImageOfPage\":{\"@id\":\"https:\\\/\\\/www.ummto.dz\\\/fll\\\/nouvel-an-2023-voeux-de-monsieur-le-doyen\\\/#primaryimage\"},\"image\":{\"@id\":\"https:\\\/\\\/www.ummto.dz\\\/fll\\\/nouvel-an-2023-voeux-de-monsieur-le-doyen\\\/#primaryimage\"},\"thumbnailUrl\":\"https:\\\/\\\/www.ummto.dz\\\/fll\\\/wp-content\\\/uploads\\\/2023\\\/01\\\/bonne-annee-23-e1672660590470.jpg\",\"datePublished\":\"2023-01-01T11:16:00+00:00\",\"dateModified\":\"2023-01-02T11:56:47+00:00\",\"author\":{\"@id\":\"https:\\\/\\\/www.ummto.dz\\\/fll\\\/#\\\/schema\\\/person\\\/d03e7460fb5662f3475fff66fa1c5dc8\"},\"description\":\"Nouvel an 2023: V\u0153ux de Monsieur le Doyen de la facult\u00e9 des lettres et des langues de l'universit\u00e9 Mouloud Mammeri\",\"breadcrumb\":{\"@id\":\"https:\\\/\\\/www.ummto.dz\\\/fll\\\/nouvel-an-2023-voeux-de-monsieur-le-doyen\\\/#breadcrumb\"},\"inLanguage\":\"fr-FR\",\"potentialAction\":[{\"@type\":\"ReadAction\",\"target\":[\"https:\\\/\\\/www.ummto.dz\\\/fll\\\/nouvel-an-2023-voeux-de-monsieur-le-doyen\\\/\"]}]},{\"@type\":\"ImageObject\",\"inLanguage\":\"fr-FR\",\"@id\":\"https:\\\/\\\/www.ummto.dz\\\/fll\\\/nouvel-an-2023-voeux-de-monsieur-le-doyen\\\/#primaryimage\",\"url\":\"https:\\\/\\\/www.ummto.dz\\\/fll\\\/wp-content\\\/uploads\\\/2023\\\/01\\\/bonne-annee-23-e1672660590470.jpg\",\"contentUrl\":\"https:\\\/\\\/www.ummto.dz\\\/fll\\\/wp-content\\\/uploads\\\/2023\\\/01\\\/bonne-annee-23-e1672660590470.jpg\",\"width\":360,\"height\":360,\"caption\":\"bonne ann\u00e9e 23\"},{\"@type\":\"BreadcrumbList\",\"@id\":\"https:\\\/\\\/www.ummto.dz\\\/fll\\\/nouvel-an-2023-voeux-de-monsieur-le-doyen\\\/#breadcrumb\",\"itemListElement\":[{\"@type\":\"ListItem\",\"position\":1,\"name\":\"Accueil\",\"item\":\"https:\\\/\\\/www.ummto.dz\\\/fll\\\/\"},{\"@type\":\"ListItem\",\"position\":2,\"name\":\"Nouvel an 2023: V\u0153ux de Monsieur le Doyen\"}]},{\"@type\":\"WebSite\",\"@id\":\"https:\\\/\\\/www.ummto.dz\\\/fll\\\/#website\",\"url\":\"https:\\\/\\\/www.ummto.dz\\\/fll\\\/\",\"name\":\"Facult\u00e9 des Lettres et des Langues\",\"description\":\"Facult\u00e9 des Lettres et des Langues\",\"potentialAction\":[{\"@type\":\"SearchAction\",\"target\":{\"@type\":\"EntryPoint\",\"urlTemplate\":\"https:\\\/\\\/www.ummto.dz\\\/fll\\\/?s={search_term_string}\"},\"query-input\":{\"@type\":\"PropertyValueSpecification\",\"valueRequired\":true,\"valueName\":\"search_term_string\"}}],\"inLanguage\":\"fr-FR\"},{\"@type\":\"Person\",\"@id\":\"https:\\\/\\\/www.ummto.dz\\\/fll\\\/#\\\/schema\\\/person\\\/d03e7460fb5662f3475fff66fa1c5dc8\",\"name\":\"FLL\",\"url\":\"https:\\\/\\\/www.ummto.dz\\\/fll\\\/author\\\/fll\\\/\"}]}<\/script>\n<!-- \/ Yoast SEO plugin. -->","yoast_head_json":{"title":"Nouvel an 2023: V\u0153ux de Monsieur le Doyen - Facult\u00e9 des Lettres et des Langues","description":"Nouvel an 2023: V\u0153ux de Monsieur le Doyen de la facult\u00e9 des lettres et des langues de l'universit\u00e9 Mouloud Mammeri","robots":{"index":"index","follow":"follow","max-snippet":"max-snippet:-1","max-image-preview":"max-image-preview:large","max-video-preview":"max-video-preview:-1"},"canonical":"https:\/\/www.ummto.dz\/fll\/nouvel-an-2023-voeux-de-monsieur-le-doyen\/","og_locale":"fr_FR","og_type":"article","og_title":"Nouvel an 2023: V\u0153ux de Monsieur le Doyen - Facult\u00e9 des Lettres et des Langues","og_description":"Nouvel an 2023: V\u0153ux de Monsieur le Doyen de la facult\u00e9 des lettres et des langues de l'universit\u00e9 Mouloud Mammeri","og_url":"https:\/\/www.ummto.dz\/fll\/nouvel-an-2023-voeux-de-monsieur-le-doyen\/","og_site_name":"Facult\u00e9 des Lettres et des Langues","article_published_time":"2023-01-01T11:16:00+00:00","article_modified_time":"2023-01-02T11:56:47+00:00","og_image":[{"width":360,"height":360,"url":"https:\/\/www.ummto.dz\/fll\/wp-content\/uploads\/2023\/01\/bonne-annee-23-e1672660590470.jpg","type":"image\/jpeg"}],"author":"FLL","twitter_card":"summary_large_image","twitter_misc":{"\u00c9crit par":"FLL","Dur\u00e9e de lecture estim\u00e9e":"1 minute"},"schema":{"@context":"https:\/\/schema.org","@graph":[{"@type":"Article","@id":"https:\/\/www.ummto.dz\/fll\/nouvel-an-2023-voeux-de-monsieur-le-doyen\/#article","isPartOf":{"@id":"https:\/\/www.ummto.dz\/fll\/nouvel-an-2023-voeux-de-monsieur-le-doyen\/"},"author":{"name":"FLL","@id":"https:\/\/www.ummto.dz\/fll\/#\/schema\/person\/d03e7460fb5662f3475fff66fa1c5dc8"},"headline":"Nouvel an 2023: V\u0153ux de Monsieur le Doyen","datePublished":"2023-01-01T11:16:00+00:00","dateModified":"2023-01-02T11:56:47+00:00","mainEntityOfPage":{"@id":"https:\/\/www.ummto.dz\/fll\/nouvel-an-2023-voeux-de-monsieur-le-doyen\/"},"wordCount":172,"image":{"@id":"https:\/\/www.ummto.dz\/fll\/nouvel-an-2023-voeux-de-monsieur-le-doyen\/#primaryimage"},"thumbnailUrl":"https:\/\/www.ummto.dz\/fll\/wp-content\/uploads\/2023\/01\/bonne-annee-23-e1672660590470.jpg","articleSection":["Actualit\u00e9"],"inLanguage":"fr-FR"},{"@type":"WebPage","@id":"https:\/\/www.ummto.dz\/fll\/nouvel-an-2023-voeux-de-monsieur-le-doyen\/","url":"https:\/\/www.ummto.dz\/fll\/nouvel-an-2023-voeux-de-monsieur-le-doyen\/","name":"Nouvel an 2023: V\u0153ux de Monsieur le Doyen - Facult\u00e9 des Lettres et des Langues","isPartOf":{"@id":"https:\/\/www.ummto.dz\/fll\/#website"},"primaryImageOfPage":{"@id":"https:\/\/www.ummto.dz\/fll\/nouvel-an-2023-voeux-de-monsieur-le-doyen\/#primaryimage"},"image":{"@id":"https:\/\/www.ummto.dz\/fll\/nouvel-an-2023-voeux-de-monsieur-le-doyen\/#primaryimage"},"thumbnailUrl":"https:\/\/www.ummto.dz\/fll\/wp-content\/uploads\/2023\/01\/bonne-annee-23-e1672660590470.jpg","datePublished":"2023-01-01T11:16:00+00:00","dateModified":"2023-01-02T11:56:47+00:00","author":{"@id":"https:\/\/www.ummto.dz\/fll\/#\/schema\/person\/d03e7460fb5662f3475fff66fa1c5dc8"},"description":"Nouvel an 2023: V\u0153ux de Monsieur le Doyen de la facult\u00e9 des lettres et des langues de l'universit\u00e9 Mouloud Mammeri","breadcrumb":{"@id":"https:\/\/www.ummto.dz\/fll\/nouvel-an-2023-voeux-de-monsieur-le-doyen\/#breadcrumb"},"inLanguage":"fr-FR","potentialAction":[{"@type":"ReadAction","target":["https:\/\/www.ummto.dz\/fll\/nouvel-an-2023-voeux-de-monsieur-le-doyen\/"]}]},{"@type":"ImageObject","inLanguage":"fr-FR","@id":"https:\/\/www.ummto.dz\/fll\/nouvel-an-2023-voeux-de-monsieur-le-doyen\/#primaryimage","url":"https:\/\/www.ummto.dz\/fll\/wp-content\/uploads\/2023\/01\/bonne-annee-23-e1672660590470.jpg","contentUrl":"https:\/\/www.ummto.dz\/fll\/wp-content\/uploads\/2023\/01\/bonne-annee-23-e1672660590470.jpg","width":360,"height":360,"caption":"bonne ann\u00e9e 23"},{"@type":"BreadcrumbList","@id":"https:\/\/www.ummto.dz\/fll\/nouvel-an-2023-voeux-de-monsieur-le-doyen\/#breadcrumb","itemListElement":[{"@type":"ListItem","position":1,"name":"Accueil","item":"https:\/\/www.ummto.dz\/fll\/"},{"@type":"ListItem","position":2,"name":"Nouvel an 2023: V\u0153ux de Monsieur le Doyen"}]},{"@type":"WebSite","@id":"https:\/\/www.ummto.dz\/fll\/#website","url":"https:\/\/www.ummto.dz\/fll\/","name":"Facult\u00e9 des Lettres et des Langues","description":"Facult\u00e9 des Lettres et des Langues","potentialAction":[{"@type":"SearchAction","target":{"@type":"EntryPoint","urlTemplate":"https:\/\/www.ummto.dz\/fll\/?s={search_term_string}"},"query-input":{"@type":"PropertyValueSpecification","valueRequired":true,"valueName":"search_term_string"}}],"inLanguage":"fr-FR"},{"@type":"Person","@id":"https:\/\/www.ummto.dz\/fll\/#\/schema\/person\/d03e7460fb5662f3475fff66fa1c5dc8","name":"FLL","url":"https:\/\/www.ummto.dz\/fll\/author\/fll\/"}]}},"_links":{"self":[{"href":"https:\/\/www.ummto.dz\/fll\/wp-json\/wp\/v2\/posts\/4437","targetHints":{"allow":["GET"]}}],"collection":[{"href":"https:\/\/www.ummto.dz\/fll\/wp-json\/wp\/v2\/posts"}],"about":[{"href":"https:\/\/www.ummto.dz\/fll\/wp-json\/wp\/v2\/types\/post"}],"author":[{"embeddable":true,"href":"https:\/\/www.ummto.dz\/fll\/wp-json\/wp\/v2\/users\/3"}],"replies":[{"embeddable":true,"href":"https:\/\/www.ummto.dz\/fll\/wp-json\/wp\/v2\/comments?post=4437"}],"version-history":[{"count":3,"href":"https:\/\/www.ummto.dz\/fll\/wp-json\/wp\/v2\/posts\/4437\/revisions"}],"predecessor-version":[{"id":4442,"href":"https:\/\/www.ummto.dz\/fll\/wp-json\/wp\/v2\/posts\/4437\/revisions\/4442"}],"wp:featuredmedia":[{"embeddable":true,"href":"https:\/\/www.ummto.dz\/fll\/wp-json\/wp\/v2\/media\/4438"}],"wp:attachment":[{"href":"https:\/\/www.ummto.dz\/fll\/wp-json\/wp\/v2\/media?parent=4437"}],"wp:term":[{"taxonomy":"category","embeddable":true,"href":"https:\/\/www.ummto.dz\/fll\/wp-json\/wp\/v2\/categories?post=4437"},{"taxonomy":"post_tag","embeddable":true,"href":"https:\/\/www.ummto.dz\/fll\/wp-json\/wp\/v2\/tags?post=4437"}],"curies":[{"name":"wp","href":"https:\/\/api.w.org\/{rel}","templated":true}]}}