{"id":4588,"date":"2023-03-09T16:08:38","date_gmt":"2023-03-09T15:08:38","guid":{"rendered":"https:\/\/www.ummto.dz\/fll\/?p=4588"},"modified":"2023-03-12T11:26:44","modified_gmt":"2023-03-12T10:26:44","slug":"jounee-de-la-femme-fll-ceremonie","status":"publish","type":"post","link":"https:\/\/www.ummto.dz\/fll\/jounee-de-la-femme-fll-ceremonie\/","title":{"rendered":"Retour en images sur la c\u00e9r\u00e9monie de c\u00e9l\u00e9bration de la journ\u00e9e de la femme organis\u00e9e par la facult\u00e9 des lettres et des langues"},"content":{"rendered":"<p>[et_pb_section fb_built=\u00a0\u00bb1&Prime; _builder_version=\u00a0\u00bb4.20.2&Prime; _module_preset=\u00a0\u00bbdefault\u00a0\u00bb global_colors_info=\u00a0\u00bb{}\u00a0\u00bb][et_pb_row _builder_version=\u00a0\u00bb4.20.2&Prime; _module_preset=\u00a0\u00bbdefault\u00a0\u00bb global_colors_info=\u00a0\u00bb{}\u00a0\u00bb][et_pb_column type=\u00a0\u00bb4_4&Prime; _builder_version=\u00a0\u00bb4.20.2&Prime; _module_preset=\u00a0\u00bbdefault\u00a0\u00bb global_colors_info=\u00a0\u00bb{}\u00a0\u00bb][et_pb_image src=\u00a0\u00bbhttps:\/\/www.ummto.dz\/fll\/wp-content\/uploads\/2023\/03\/IMG_20230309_113111-scaled.jpg\u00a0\u00bb title_text=\u00a0\u00bbIMG_20230309_113111&Prime; _builder_version=\u00a0\u00bb4.20.2&Prime; _module_preset=\u00a0\u00bbdefault\u00a0\u00bb global_colors_info=\u00a0\u00bb{}\u00a0\u00bb][\/et_pb_image][et_pb_image src=\u00a0\u00bbhttps:\/\/www.ummto.dz\/fll\/wp-content\/uploads\/2023\/03\/2.jpg\u00a0\u00bb title_text=\u00a0\u00bb2&Prime; _builder_version=\u00a0\u00bb4.20.2&Prime; _module_preset=\u00a0\u00bbdefault\u00a0\u00bb global_colors_info=\u00a0\u00bb{}\u00a0\u00bb][\/et_pb_image][et_pb_image src=\u00a0\u00bbhttps:\/\/www.ummto.dz\/fll\/wp-content\/uploads\/2023\/03\/3-scaled.jpg\u00a0\u00bb title_text=\u00a0\u00bb3&Prime; _builder_version=\u00a0\u00bb4.20.2&Prime; _module_preset=\u00a0\u00bbdefault\u00a0\u00bb global_colors_info=\u00a0\u00bb{}\u00a0\u00bb][\/et_pb_image][et_pb_image src=\u00a0\u00bbhttps:\/\/www.ummto.dz\/fll\/wp-content\/uploads\/2023\/03\/4.jpg\u00a0\u00bb title_text=\u00a0\u00bb4&Prime; _builder_version=\u00a0\u00bb4.20.2&Prime; _module_preset=\u00a0\u00bbdefault\u00a0\u00bb global_colors_info=\u00a0\u00bb{}\u00a0\u00bb][\/et_pb_image][et_pb_image src=\u00a0\u00bbhttps:\/\/www.ummto.dz\/fll\/wp-content\/uploads\/2023\/03\/5-scaled.jpg\u00a0\u00bb title_text=\u00a0\u00bb5&Prime; _builder_version=\u00a0\u00bb4.20.2&Prime; _module_preset=\u00a0\u00bbdefault\u00a0\u00bb global_colors_info=\u00a0\u00bb{}\u00a0\u00bb][\/et_pb_image][et_pb_image src=\u00a0\u00bbhttps:\/\/www.ummto.dz\/fll\/wp-content\/uploads\/2023\/03\/6.jpg\u00a0\u00bb title_text=\u00a0\u00bb6&Prime; _builder_version=\u00a0\u00bb4.20.2&Prime; _module_preset=\u00a0\u00bbdefault\u00a0\u00bb global_colors_info=\u00a0\u00bb{}\u00a0\u00bb][\/et_pb_image][et_pb_image src=\u00a0\u00bbhttps:\/\/www.ummto.dz\/fll\/wp-content\/uploads\/2023\/03\/7-scaled.jpg\u00a0\u00bb title_text=\u00a0\u00bb7&Prime; _builder_version=\u00a0\u00bb4.20.2&Prime; _module_preset=\u00a0\u00bbdefault\u00a0\u00bb global_colors_info=\u00a0\u00bb{}\u00a0\u00bb][\/et_pb_image][et_pb_image src=\u00a0\u00bbhttps:\/\/www.ummto.dz\/fll\/wp-content\/uploads\/2023\/03\/8-scaled.jpg\u00a0\u00bb title_text=\u00a0\u00bb8&Prime; _builder_version=\u00a0\u00bb4.20.2&Prime; _module_preset=\u00a0\u00bbdefault\u00a0\u00bb global_colors_info=\u00a0\u00bb{}\u00a0\u00bb][\/et_pb_image][et_pb_image src=\u00a0\u00bbhttps:\/\/www.ummto.dz\/fll\/wp-content\/uploads\/2023\/03\/9-scaled.jpg\u00a0\u00bb title_text=\u00a0\u00bb9&Prime; _builder_version=\u00a0\u00bb4.20.2&Prime; _module_preset=\u00a0\u00bbdefault\u00a0\u00bb global_colors_info=\u00a0\u00bb{}\u00a0\u00bb][\/et_pb_image][et_pb_image src=\u00a0\u00bbhttps:\/\/www.ummto.dz\/fll\/wp-content\/uploads\/2023\/03\/10-scaled.jpg\u00a0\u00bb title_text=\u00a0\u00bb10&Prime; _builder_version=\u00a0\u00bb4.20.2&Prime; _module_preset=\u00a0\u00bbdefault\u00a0\u00bb global_colors_info=\u00a0\u00bb{}\u00a0\u00bb][\/et_pb_image][et_pb_image src=\u00a0\u00bbhttps:\/\/www.ummto.dz\/fll\/wp-content\/uploads\/2023\/03\/11-scaled.jpg\u00a0\u00bb title_text=\u00a0\u00bb11&Prime; _builder_version=\u00a0\u00bb4.20.2&Prime; _module_preset=\u00a0\u00bbdefault\u00a0\u00bb global_colors_info=\u00a0\u00bb{}\u00a0\u00bb][\/et_pb_image][et_pb_image src=\u00a0\u00bbhttps:\/\/www.ummto.dz\/fll\/wp-content\/uploads\/2023\/03\/12-scaled.jpg\u00a0\u00bb title_text=\u00a0\u00bb12&Prime; _builder_version=\u00a0\u00bb4.20.2&Prime; _module_preset=\u00a0\u00bbdefault\u00a0\u00bb global_colors_info=\u00a0\u00bb{}\u00a0\u00bb][\/et_pb_image][et_pb_image src=\u00a0\u00bbhttps:\/\/www.ummto.dz\/fll\/wp-content\/uploads\/2023\/03\/13-scaled.jpg\u00a0\u00bb title_text=\u00a0\u00bb13&Prime; _builder_version=\u00a0\u00bb4.20.2&Prime; _module_preset=\u00a0\u00bbdefault\u00a0\u00bb global_colors_info=\u00a0\u00bb{}\u00a0\u00bb][\/et_pb_image][et_pb_image src=\u00a0\u00bbhttps:\/\/www.ummto.dz\/fll\/wp-content\/uploads\/2023\/03\/14-scaled.jpg\u00a0\u00bb title_text=\u00a0\u00bb14&Prime; _builder_version=\u00a0\u00bb4.20.2&Prime; _module_preset=\u00a0\u00bbdefault\u00a0\u00bb global_colors_info=\u00a0\u00bb{}\u00a0\u00bb][\/et_pb_image][et_pb_image src=\u00a0\u00bbhttps:\/\/www.ummto.dz\/fll\/wp-content\/uploads\/2023\/03\/15-scaled.jpg\u00a0\u00bb title_text=\u00a0\u00bb15&Prime; _builder_version=\u00a0\u00bb4.20.2&Prime; _module_preset=\u00a0\u00bbdefault\u00a0\u00bb global_colors_info=\u00a0\u00bb{}\u00a0\u00bb][\/et_pb_image][et_pb_image src=\u00a0\u00bbhttps:\/\/www.ummto.dz\/fll\/wp-content\/uploads\/2023\/03\/16-scaled.jpg\u00a0\u00bb title_text=\u00a0\u00bb16&Prime; _builder_version=\u00a0\u00bb4.20.2&Prime; _module_preset=\u00a0\u00bbdefault\u00a0\u00bb global_colors_info=\u00a0\u00bb{}\u00a0\u00bb][\/et_pb_image][et_pb_image src=\u00a0\u00bbhttps:\/\/www.ummto.dz\/fll\/wp-content\/uploads\/2023\/03\/17-scaled.jpg\u00a0\u00bb title_text=\u00a0\u00bb17&Prime; _builder_version=\u00a0\u00bb4.20.2&Prime; _module_preset=\u00a0\u00bbdefault\u00a0\u00bb global_colors_info=\u00a0\u00bb{}\u00a0\u00bb][\/et_pb_image][et_pb_image src=\u00a0\u00bbhttps:\/\/www.ummto.dz\/fll\/wp-content\/uploads\/2023\/03\/18-scaled.jpg\u00a0\u00bb title_text=\u00a0\u00bb18&Prime; _builder_version=\u00a0\u00bb4.20.2&Prime; _module_preset=\u00a0\u00bbdefault\u00a0\u00bb global_colors_info=\u00a0\u00bb{}\u00a0\u00bb][\/et_pb_image][et_pb_image src=\u00a0\u00bbhttps:\/\/www.ummto.dz\/fll\/wp-content\/uploads\/2023\/03\/19-scaled.jpg\u00a0\u00bb title_text=\u00a0\u00bb19&Prime; _builder_version=\u00a0\u00bb4.20.2&Prime; _module_preset=\u00a0\u00bbdefault\u00a0\u00bb global_colors_info=\u00a0\u00bb{}\u00a0\u00bb][\/et_pb_image][et_pb_image src=\u00a0\u00bbhttps:\/\/www.ummto.dz\/fll\/wp-content\/uploads\/2023\/03\/20-scaled.jpg\u00a0\u00bb title_text=\u00a0\u00bb20&Prime; _builder_version=\u00a0\u00bb4.20.2&Prime; _module_preset=\u00a0\u00bbdefault\u00a0\u00bb global_colors_info=\u00a0\u00bb{}\u00a0\u00bb][\/et_pb_image][et_pb_image src=\u00a0\u00bbhttps:\/\/www.ummto.dz\/fll\/wp-content\/uploads\/2023\/03\/21-scaled.jpg\u00a0\u00bb title_text=\u00a0\u00bb21&Prime; _builder_version=\u00a0\u00bb4.20.2&Prime; _module_preset=\u00a0\u00bbdefault\u00a0\u00bb global_colors_info=\u00a0\u00bb{}\u00a0\u00bb][\/et_pb_image][et_pb_image src=\u00a0\u00bbhttps:\/\/www.ummto.dz\/fll\/wp-content\/uploads\/2023\/03\/22-scaled.jpg\u00a0\u00bb title_text=\u00a0\u00bb22&Prime; _builder_version=\u00a0\u00bb4.20.2&Prime; _module_preset=\u00a0\u00bbdefault\u00a0\u00bb global_colors_info=\u00a0\u00bb{}\u00a0\u00bb][\/et_pb_image][et_pb_image src=\u00a0\u00bbhttps:\/\/www.ummto.dz\/fll\/wp-content\/uploads\/2023\/03\/23-scaled.jpg\u00a0\u00bb title_text=\u00a0\u00bb23&Prime; _builder_version=\u00a0\u00bb4.20.2&Prime; _module_preset=\u00a0\u00bbdefault\u00a0\u00bb global_colors_info=\u00a0\u00bb{}\u00a0\u00bb][\/et_pb_image][et_pb_image src=\u00a0\u00bbhttps:\/\/www.ummto.dz\/fll\/wp-content\/uploads\/2023\/03\/24-1-scaled.jpg\u00a0\u00bb title_text=\u00a0\u00bb24&Prime; _builder_version=\u00a0\u00bb4.20.2&Prime; _module_preset=\u00a0\u00bbdefault\u00a0\u00bb hover_enabled=\u00a0\u00bb0&Prime; global_colors_info=\u00a0\u00bb{}\u00a0\u00bb alt=\u00a0\u00bb24&Prime; sticky_enabled=\u00a0\u00bb0&Prime;][\/et_pb_image][et_pb_image src=\u00a0\u00bbhttps:\/\/www.ummto.dz\/fll\/wp-content\/uploads\/2023\/03\/25-scaled.jpg\u00a0\u00bb title_text=\u00a0\u00bb25&Prime; _builder_version=\u00a0\u00bb4.20.2&Prime; _module_preset=\u00a0\u00bbdefault\u00a0\u00bb global_colors_info=\u00a0\u00bb{}\u00a0\u00bb][\/et_pb_image][et_pb_image src=\u00a0\u00bbhttps:\/\/www.ummto.dz\/fll\/wp-content\/uploads\/2023\/03\/26-scaled.jpg\u00a0\u00bb title_text=\u00a0\u00bb26&Prime; _builder_version=\u00a0\u00bb4.20.2&Prime; _module_preset=\u00a0\u00bbdefault\u00a0\u00bb global_colors_info=\u00a0\u00bb{}\u00a0\u00bb][\/et_pb_image][et_pb_image src=\u00a0\u00bbhttps:\/\/www.ummto.dz\/fll\/wp-content\/uploads\/2023\/03\/27-scaled.jpg\u00a0\u00bb title_text=\u00a0\u00bb27&Prime; _builder_version=\u00a0\u00bb4.20.2&Prime; _module_preset=\u00a0\u00bbdefault\u00a0\u00bb global_colors_info=\u00a0\u00bb{}\u00a0\u00bb][\/et_pb_image][et_pb_image src=\u00a0\u00bbhttps:\/\/www.ummto.dz\/fll\/wp-content\/uploads\/2023\/03\/29-scaled.jpg\u00a0\u00bb title_text=\u00a0\u00bb29&Prime; _builder_version=\u00a0\u00bb4.20.2&Prime; _module_preset=\u00a0\u00bbdefault\u00a0\u00bb global_colors_info=\u00a0\u00bb{}\u00a0\u00bb][\/et_pb_image][et_pb_image src=\u00a0\u00bbhttps:\/\/www.ummto.dz\/fll\/wp-content\/uploads\/2023\/03\/31.jpg\u00a0\u00bb title_text=\u00a0\u00bb31&Prime; _builder_version=\u00a0\u00bb4.20.2&Prime; _module_preset=\u00a0\u00bbdefault\u00a0\u00bb global_colors_info=\u00a0\u00bb{}\u00a0\u00bb][\/et_pb_image][et_pb_image src=\u00a0\u00bbhttps:\/\/www.ummto.dz\/fll\/wp-content\/uploads\/2023\/03\/30.jpg\u00a0\u00bb title_text=\u00a0\u00bb30&Prime; _builder_version=\u00a0\u00bb4.20.2&Prime; _module_preset=\u00a0\u00bbdefault\u00a0\u00bb global_colors_info=\u00a0\u00bb{}\u00a0\u00bb][\/et_pb_image][et_pb_image src=\u00a0\u00bbhttps:\/\/www.ummto.dz\/fll\/wp-content\/uploads\/2023\/03\/32-scaled.jpg\u00a0\u00bb title_text=\u00a0\u00bb32&Prime; _builder_version=\u00a0\u00bb4.20.2&Prime; _module_preset=\u00a0\u00bbdefault\u00a0\u00bb global_colors_info=\u00a0\u00bb{}\u00a0\u00bb][\/et_pb_image][\/et_pb_column][\/et_pb_row][\/et_pb_section]<\/p>\n","protected":false},"excerpt":{"rendered":"","protected":false},"author":3,"featured_media":2960,"comment_status":"closed","ping_status":"closed","sticky":false,"template":"","format":"standard","meta":{"_et_pb_use_builder":"on","_et_pb_old_content":"","_et_gb_content_width":"","footnotes":""},"categories":[7],"tags":[],"class_list":["post-4588","post","type-post","status-publish","format-standard","has-post-thumbnail","hentry","category-actualite"],"yoast_head":"<!-- This site is optimized with the Yoast SEO plugin v27.3 - https:\/\/yoast.com\/product\/yoast-seo-wordpress\/ -->\n<title>Retour en images sur la c\u00e9r\u00e9monie de c\u00e9l\u00e9bration de la journ\u00e9e de la femme organis\u00e9e par la facult\u00e9 des lettres et des langues - Facult\u00e9 des Lettres et des Langues<\/title>\n<meta name=\"description\" content=\"Retour en images sur la c\u00e9r\u00e9monie de la c\u00e9l\u00e9bration de la journ\u00e9e de la femme organis\u00e9e par la facult\u00e9 des lettres et des langues\" \/>\n<meta name=\"robots\" content=\"index, follow, max-snippet:-1, max-image-preview:large, max-video-preview:-1\" \/>\n<link rel=\"canonical\" href=\"https:\/\/www.ummto.dz\/fll\/jounee-de-la-femme-fll-ceremonie\/\" \/>\n<meta property=\"og:locale\" content=\"fr_FR\" \/>\n<meta property=\"og:type\" content=\"article\" \/>\n<meta property=\"og:title\" content=\"Retour en images sur la c\u00e9r\u00e9monie de c\u00e9l\u00e9bration de la journ\u00e9e de la femme organis\u00e9e par la facult\u00e9 des lettres et des langues - Facult\u00e9 des Lettres et des Langues\" \/>\n<meta property=\"og:description\" content=\"Retour en images sur la c\u00e9r\u00e9monie de la c\u00e9l\u00e9bration de la journ\u00e9e de la femme organis\u00e9e par la facult\u00e9 des lettres et des langues\" \/>\n<meta property=\"og:url\" content=\"https:\/\/www.ummto.dz\/fll\/jounee-de-la-femme-fll-ceremonie\/\" \/>\n<meta property=\"og:site_name\" content=\"Facult\u00e9 des Lettres et des Langues\" \/>\n<meta property=\"article:published_time\" content=\"2023-03-09T15:08:38+00:00\" \/>\n<meta property=\"article:modified_time\" content=\"2023-03-12T10:26:44+00:00\" \/>\n<meta property=\"og:image\" content=\"https:\/\/www.ummto.dz\/fll\/wp-content\/uploads\/2021\/11\/film.webp\" \/>\n\t<meta property=\"og:image:width\" content=\"250\" \/>\n\t<meta property=\"og:image:height\" content=\"250\" \/>\n\t<meta property=\"og:image:type\" content=\"image\/webp\" \/>\n<meta name=\"author\" content=\"FLL\" \/>\n<meta name=\"twitter:card\" content=\"summary_large_image\" \/>\n<meta name=\"twitter:label1\" content=\"\u00c9crit par\" \/>\n\t<meta name=\"twitter:data1\" content=\"FLL\" \/>\n\t<meta name=\"twitter:label2\" content=\"Dur\u00e9e de lecture estim\u00e9e\" \/>\n\t<meta name=\"twitter:data2\" content=\"2 minutes\" \/>\n<script type=\"application\/ld+json\" class=\"yoast-schema-graph\">{\"@context\":\"https:\\\/\\\/schema.org\",\"@graph\":[{\"@type\":\"Article\",\"@id\":\"https:\\\/\\\/www.ummto.dz\\\/fll\\\/jounee-de-la-femme-fll-ceremonie\\\/#article\",\"isPartOf\":{\"@id\":\"https:\\\/\\\/www.ummto.dz\\\/fll\\\/jounee-de-la-femme-fll-ceremonie\\\/\"},\"author\":{\"name\":\"FLL\",\"@id\":\"https:\\\/\\\/www.ummto.dz\\\/fll\\\/#\\\/schema\\\/person\\\/d03e7460fb5662f3475fff66fa1c5dc8\"},\"headline\":\"Retour en images sur la c\u00e9r\u00e9monie de c\u00e9l\u00e9bration de la journ\u00e9e de la femme organis\u00e9e par la facult\u00e9 des lettres et des langues\",\"datePublished\":\"2023-03-09T15:08:38+00:00\",\"dateModified\":\"2023-03-12T10:26:44+00:00\",\"mainEntityOfPage\":{\"@id\":\"https:\\\/\\\/www.ummto.dz\\\/fll\\\/jounee-de-la-femme-fll-ceremonie\\\/\"},\"wordCount\":883,\"image\":{\"@id\":\"https:\\\/\\\/www.ummto.dz\\\/fll\\\/jounee-de-la-femme-fll-ceremonie\\\/#primaryimage\"},\"thumbnailUrl\":\"https:\\\/\\\/www.ummto.dz\\\/fll\\\/wp-content\\\/uploads\\\/2021\\\/11\\\/film.webp\",\"articleSection\":[\"Actualit\u00e9\"],\"inLanguage\":\"fr-FR\"},{\"@type\":\"WebPage\",\"@id\":\"https:\\\/\\\/www.ummto.dz\\\/fll\\\/jounee-de-la-femme-fll-ceremonie\\\/\",\"url\":\"https:\\\/\\\/www.ummto.dz\\\/fll\\\/jounee-de-la-femme-fll-ceremonie\\\/\",\"name\":\"Retour en images sur la c\u00e9r\u00e9monie de c\u00e9l\u00e9bration de la journ\u00e9e de la femme organis\u00e9e par la facult\u00e9 des lettres et des langues - Facult\u00e9 des Lettres et des Langues\",\"isPartOf\":{\"@id\":\"https:\\\/\\\/www.ummto.dz\\\/fll\\\/#website\"},\"primaryImageOfPage\":{\"@id\":\"https:\\\/\\\/www.ummto.dz\\\/fll\\\/jounee-de-la-femme-fll-ceremonie\\\/#primaryimage\"},\"image\":{\"@id\":\"https:\\\/\\\/www.ummto.dz\\\/fll\\\/jounee-de-la-femme-fll-ceremonie\\\/#primaryimage\"},\"thumbnailUrl\":\"https:\\\/\\\/www.ummto.dz\\\/fll\\\/wp-content\\\/uploads\\\/2021\\\/11\\\/film.webp\",\"datePublished\":\"2023-03-09T15:08:38+00:00\",\"dateModified\":\"2023-03-12T10:26:44+00:00\",\"author\":{\"@id\":\"https:\\\/\\\/www.ummto.dz\\\/fll\\\/#\\\/schema\\\/person\\\/d03e7460fb5662f3475fff66fa1c5dc8\"},\"description\":\"Retour en images sur la c\u00e9r\u00e9monie de la c\u00e9l\u00e9bration de la journ\u00e9e de la femme organis\u00e9e par la facult\u00e9 des lettres et des langues\",\"breadcrumb\":{\"@id\":\"https:\\\/\\\/www.ummto.dz\\\/fll\\\/jounee-de-la-femme-fll-ceremonie\\\/#breadcrumb\"},\"inLanguage\":\"fr-FR\",\"potentialAction\":[{\"@type\":\"ReadAction\",\"target\":[\"https:\\\/\\\/www.ummto.dz\\\/fll\\\/jounee-de-la-femme-fll-ceremonie\\\/\"]}]},{\"@type\":\"ImageObject\",\"inLanguage\":\"fr-FR\",\"@id\":\"https:\\\/\\\/www.ummto.dz\\\/fll\\\/jounee-de-la-femme-fll-ceremonie\\\/#primaryimage\",\"url\":\"https:\\\/\\\/www.ummto.dz\\\/fll\\\/wp-content\\\/uploads\\\/2021\\\/11\\\/film.webp\",\"contentUrl\":\"https:\\\/\\\/www.ummto.dz\\\/fll\\\/wp-content\\\/uploads\\\/2021\\\/11\\\/film.webp\",\"width\":250,\"height\":250,\"caption\":\"film\"},{\"@type\":\"BreadcrumbList\",\"@id\":\"https:\\\/\\\/www.ummto.dz\\\/fll\\\/jounee-de-la-femme-fll-ceremonie\\\/#breadcrumb\",\"itemListElement\":[{\"@type\":\"ListItem\",\"position\":1,\"name\":\"Accueil\",\"item\":\"https:\\\/\\\/www.ummto.dz\\\/fll\\\/\"},{\"@type\":\"ListItem\",\"position\":2,\"name\":\"Retour en images sur la c\u00e9r\u00e9monie de c\u00e9l\u00e9bration de la journ\u00e9e de la femme organis\u00e9e par la facult\u00e9 des lettres et des langues\"}]},{\"@type\":\"WebSite\",\"@id\":\"https:\\\/\\\/www.ummto.dz\\\/fll\\\/#website\",\"url\":\"https:\\\/\\\/www.ummto.dz\\\/fll\\\/\",\"name\":\"Facult\u00e9 des Lettres et des Langues\",\"description\":\"Facult\u00e9 des Lettres et des Langues\",\"potentialAction\":[{\"@type\":\"SearchAction\",\"target\":{\"@type\":\"EntryPoint\",\"urlTemplate\":\"https:\\\/\\\/www.ummto.dz\\\/fll\\\/?s={search_term_string}\"},\"query-input\":{\"@type\":\"PropertyValueSpecification\",\"valueRequired\":true,\"valueName\":\"search_term_string\"}}],\"inLanguage\":\"fr-FR\"},{\"@type\":\"Person\",\"@id\":\"https:\\\/\\\/www.ummto.dz\\\/fll\\\/#\\\/schema\\\/person\\\/d03e7460fb5662f3475fff66fa1c5dc8\",\"name\":\"FLL\",\"url\":\"https:\\\/\\\/www.ummto.dz\\\/fll\\\/author\\\/fll\\\/\"}]}<\/script>\n<!-- \/ Yoast SEO plugin. -->","yoast_head_json":{"title":"Retour en images sur la c\u00e9r\u00e9monie de c\u00e9l\u00e9bration de la journ\u00e9e de la femme organis\u00e9e par la facult\u00e9 des lettres et des langues - Facult\u00e9 des Lettres et des Langues","description":"Retour en images sur la c\u00e9r\u00e9monie de la c\u00e9l\u00e9bration de la journ\u00e9e de la femme organis\u00e9e par la facult\u00e9 des lettres et des langues","robots":{"index":"index","follow":"follow","max-snippet":"max-snippet:-1","max-image-preview":"max-image-preview:large","max-video-preview":"max-video-preview:-1"},"canonical":"https:\/\/www.ummto.dz\/fll\/jounee-de-la-femme-fll-ceremonie\/","og_locale":"fr_FR","og_type":"article","og_title":"Retour en images sur la c\u00e9r\u00e9monie de c\u00e9l\u00e9bration de la journ\u00e9e de la femme organis\u00e9e par la facult\u00e9 des lettres et des langues - Facult\u00e9 des Lettres et des Langues","og_description":"Retour en images sur la c\u00e9r\u00e9monie de la c\u00e9l\u00e9bration de la journ\u00e9e de la femme organis\u00e9e par la facult\u00e9 des lettres et des langues","og_url":"https:\/\/www.ummto.dz\/fll\/jounee-de-la-femme-fll-ceremonie\/","og_site_name":"Facult\u00e9 des Lettres et des Langues","article_published_time":"2023-03-09T15:08:38+00:00","article_modified_time":"2023-03-12T10:26:44+00:00","og_image":[{"width":250,"height":250,"url":"https:\/\/www.ummto.dz\/fll\/wp-content\/uploads\/2021\/11\/film.webp","type":"image\/webp"}],"author":"FLL","twitter_card":"summary_large_image","twitter_misc":{"\u00c9crit par":"FLL","Dur\u00e9e de lecture estim\u00e9e":"2 minutes"},"schema":{"@context":"https:\/\/schema.org","@graph":[{"@type":"Article","@id":"https:\/\/www.ummto.dz\/fll\/jounee-de-la-femme-fll-ceremonie\/#article","isPartOf":{"@id":"https:\/\/www.ummto.dz\/fll\/jounee-de-la-femme-fll-ceremonie\/"},"author":{"name":"FLL","@id":"https:\/\/www.ummto.dz\/fll\/#\/schema\/person\/d03e7460fb5662f3475fff66fa1c5dc8"},"headline":"Retour en images sur la c\u00e9r\u00e9monie de c\u00e9l\u00e9bration de la journ\u00e9e de la femme organis\u00e9e par la facult\u00e9 des lettres et des langues","datePublished":"2023-03-09T15:08:38+00:00","dateModified":"2023-03-12T10:26:44+00:00","mainEntityOfPage":{"@id":"https:\/\/www.ummto.dz\/fll\/jounee-de-la-femme-fll-ceremonie\/"},"wordCount":883,"image":{"@id":"https:\/\/www.ummto.dz\/fll\/jounee-de-la-femme-fll-ceremonie\/#primaryimage"},"thumbnailUrl":"https:\/\/www.ummto.dz\/fll\/wp-content\/uploads\/2021\/11\/film.webp","articleSection":["Actualit\u00e9"],"inLanguage":"fr-FR"},{"@type":"WebPage","@id":"https:\/\/www.ummto.dz\/fll\/jounee-de-la-femme-fll-ceremonie\/","url":"https:\/\/www.ummto.dz\/fll\/jounee-de-la-femme-fll-ceremonie\/","name":"Retour en images sur la c\u00e9r\u00e9monie de c\u00e9l\u00e9bration de la journ\u00e9e de la femme organis\u00e9e par la facult\u00e9 des lettres et des langues - Facult\u00e9 des Lettres et des Langues","isPartOf":{"@id":"https:\/\/www.ummto.dz\/fll\/#website"},"primaryImageOfPage":{"@id":"https:\/\/www.ummto.dz\/fll\/jounee-de-la-femme-fll-ceremonie\/#primaryimage"},"image":{"@id":"https:\/\/www.ummto.dz\/fll\/jounee-de-la-femme-fll-ceremonie\/#primaryimage"},"thumbnailUrl":"https:\/\/www.ummto.dz\/fll\/wp-content\/uploads\/2021\/11\/film.webp","datePublished":"2023-03-09T15:08:38+00:00","dateModified":"2023-03-12T10:26:44+00:00","author":{"@id":"https:\/\/www.ummto.dz\/fll\/#\/schema\/person\/d03e7460fb5662f3475fff66fa1c5dc8"},"description":"Retour en images sur la c\u00e9r\u00e9monie de la c\u00e9l\u00e9bration de la journ\u00e9e de la femme organis\u00e9e par la facult\u00e9 des lettres et des langues","breadcrumb":{"@id":"https:\/\/www.ummto.dz\/fll\/jounee-de-la-femme-fll-ceremonie\/#breadcrumb"},"inLanguage":"fr-FR","potentialAction":[{"@type":"ReadAction","target":["https:\/\/www.ummto.dz\/fll\/jounee-de-la-femme-fll-ceremonie\/"]}]},{"@type":"ImageObject","inLanguage":"fr-FR","@id":"https:\/\/www.ummto.dz\/fll\/jounee-de-la-femme-fll-ceremonie\/#primaryimage","url":"https:\/\/www.ummto.dz\/fll\/wp-content\/uploads\/2021\/11\/film.webp","contentUrl":"https:\/\/www.ummto.dz\/fll\/wp-content\/uploads\/2021\/11\/film.webp","width":250,"height":250,"caption":"film"},{"@type":"BreadcrumbList","@id":"https:\/\/www.ummto.dz\/fll\/jounee-de-la-femme-fll-ceremonie\/#breadcrumb","itemListElement":[{"@type":"ListItem","position":1,"name":"Accueil","item":"https:\/\/www.ummto.dz\/fll\/"},{"@type":"ListItem","position":2,"name":"Retour en images sur la c\u00e9r\u00e9monie de c\u00e9l\u00e9bration de la journ\u00e9e de la femme organis\u00e9e par la facult\u00e9 des lettres et des langues"}]},{"@type":"WebSite","@id":"https:\/\/www.ummto.dz\/fll\/#website","url":"https:\/\/www.ummto.dz\/fll\/","name":"Facult\u00e9 des Lettres et des Langues","description":"Facult\u00e9 des Lettres et des Langues","potentialAction":[{"@type":"SearchAction","target":{"@type":"EntryPoint","urlTemplate":"https:\/\/www.ummto.dz\/fll\/?s={search_term_string}"},"query-input":{"@type":"PropertyValueSpecification","valueRequired":true,"valueName":"search_term_string"}}],"inLanguage":"fr-FR"},{"@type":"Person","@id":"https:\/\/www.ummto.dz\/fll\/#\/schema\/person\/d03e7460fb5662f3475fff66fa1c5dc8","name":"FLL","url":"https:\/\/www.ummto.dz\/fll\/author\/fll\/"}]}},"_links":{"self":[{"href":"https:\/\/www.ummto.dz\/fll\/wp-json\/wp\/v2\/posts\/4588","targetHints":{"allow":["GET"]}}],"collection":[{"href":"https:\/\/www.ummto.dz\/fll\/wp-json\/wp\/v2\/posts"}],"about":[{"href":"https:\/\/www.ummto.dz\/fll\/wp-json\/wp\/v2\/types\/post"}],"author":[{"embeddable":true,"href":"https:\/\/www.ummto.dz\/fll\/wp-json\/wp\/v2\/users\/3"}],"replies":[{"embeddable":true,"href":"https:\/\/www.ummto.dz\/fll\/wp-json\/wp\/v2\/comments?post=4588"}],"version-history":[{"count":4,"href":"https:\/\/www.ummto.dz\/fll\/wp-json\/wp\/v2\/posts\/4588\/revisions"}],"predecessor-version":[{"id":4627,"href":"https:\/\/www.ummto.dz\/fll\/wp-json\/wp\/v2\/posts\/4588\/revisions\/4627"}],"wp:featuredmedia":[{"embeddable":true,"href":"https:\/\/www.ummto.dz\/fll\/wp-json\/wp\/v2\/media\/2960"}],"wp:attachment":[{"href":"https:\/\/www.ummto.dz\/fll\/wp-json\/wp\/v2\/media?parent=4588"}],"wp:term":[{"taxonomy":"category","embeddable":true,"href":"https:\/\/www.ummto.dz\/fll\/wp-json\/wp\/v2\/categories?post=4588"},{"taxonomy":"post_tag","embeddable":true,"href":"https:\/\/www.ummto.dz\/fll\/wp-json\/wp\/v2\/tags?post=4588"}],"curies":[{"name":"wp","href":"https:\/\/api.w.org\/{rel}","templated":true}]}}