{"id":4669,"date":"2023-04-04T14:19:46","date_gmt":"2023-04-04T12:19:46","guid":{"rendered":"https:\/\/www.ummto.dz\/fll\/?p=4669"},"modified":"2023-04-09T14:35:56","modified_gmt":"2023-04-09T12:35:56","slug":"programme-de-mobilite-de-courte-duree-a-letranger","status":"publish","type":"post","link":"https:\/\/www.ummto.dz\/fll\/programme-de-mobilite-de-courte-duree-a-letranger\/","title":{"rendered":"Programme de Mobilit\u00e9 de courte dur\u00e9e \u00e0 l&rsquo;\u00e9tranger"},"content":{"rendered":"<p>[et_pb_section fb_built=\u00a0\u00bb1&Prime; theme_builder_area=\u00a0\u00bbpost_content\u00a0\u00bb _builder_version=\u00a0\u00bb4.20.4&Prime; _module_preset=\u00a0\u00bbdefault\u00a0\u00bb][et_pb_row _builder_version=\u00a0\u00bb4.20.4&Prime; _module_preset=\u00a0\u00bbdefault\u00a0\u00bb theme_builder_area=\u00a0\u00bbpost_content\u00a0\u00bb][et_pb_column _builder_version=\u00a0\u00bb4.20.4&Prime; _module_preset=\u00a0\u00bbdefault\u00a0\u00bb type=\u00a0\u00bb4_4&Prime; theme_builder_area=\u00a0\u00bbpost_content\u00a0\u00bb][et_pb_text _builder_version=\u00a0\u00bb4.20.4&Prime; _module_preset=\u00a0\u00bbdefault\u00a0\u00bb theme_builder_area=\u00a0\u00bbpost_content\u00a0\u00bb text_font=\u00a0\u00bbTimes New Roman||||||||\u00a0\u00bb hover_enabled=\u00a0\u00bb0&Prime; sticky_enabled=\u00a0\u00bb0&Prime;]<\/p>\n<div style=\"color: #222222;font-family: Arial, Helvetica, sans-serif;font-size: small;font-style: normal;font-weight: 400;letter-spacing: normal;text-align: start;text-indent: 0px;text-transform: none;background-color: #ffffff\">L&rsquo;ensemble de nos enseignants permanents, doctorants non salari\u00e9s et administrateurs sont inform\u00e9s que\u00a0 dans le cadre du programme de mobilit\u00e9 de courte dur\u00e9e \u00e0 l&rsquo;\u00e9tranger, le d\u00e9p\u00f4t de candidature (demande, dossier \u00e0 fournir) se fait en ligne \u00e0 travers la plateforme: Mobilit\u00e9s de courte dur\u00e9e \u00e0 l&rsquo;\u00e9tranger de l&rsquo;UMMTO, via le lien <a href=\"https:\/\/www.ummto.dz\/mobilite\/\">https:\/\/www.ummto.dz\/mobilite\/<\/a><\/div>\n<div style=\"color: #222222;font-family: Arial, Helvetica, sans-serif;font-size: small;font-style: normal;font-weight: 400;letter-spacing: normal;text-align: start;text-indent: 0px;text-transform: none;background-color: #ffffff\"><\/div>\n<p><em><span style=\"text-decoration: underline\"><strong>NB<\/strong><\/span><\/em><strong>: *<\/strong> Le<span>\u00a0<\/span><b>d\u00e9lai de rigueur<\/b><span>\u00a0<\/span>est le<span>\u00a0<\/span><b>13 avril 2023.<\/b><\/p>\n<div style=\"color: #222222;font-family: Arial, Helvetica, sans-serif;font-size: small;font-style: normal;font-weight: 400;letter-spacing: normal;text-align: start;text-indent: 0px;text-transform: none;background-color: #ffffff\">\n<p>\u00a0 \u00a0 \u00a0\u00a0 * <strong>Les postulants doivent d\u00e9poser une version papier au niveau de leur d\u00e9partements<br \/><\/strong><\/p>\n<div><\/div>\n<\/div>\n<p>[\/et_pb_text][\/et_pb_column][\/et_pb_row][\/et_pb_section]<\/p>\n","protected":false},"excerpt":{"rendered":"<p>L&rsquo;ensemble de nos enseignants permanents, doctorants non salari\u00e9s et administrateurs sont inform\u00e9s que\u00a0 dans le cadre du programme de mobilit\u00e9 de courte dur\u00e9e \u00e0 l&rsquo;\u00e9tranger, le d\u00e9p\u00f4t de candidature (demande, dossier \u00e0 fournir) se fait en ligne \u00e0 travers la plateforme: Mobilit\u00e9s de courte dur\u00e9e \u00e0 l&rsquo;\u00e9tranger de l&rsquo;UMMTO, via le lien https:\/\/www.ummto.dz\/mobilite\/ NB: * [&hellip;]<\/p>\n","protected":false},"author":3,"featured_media":2961,"comment_status":"closed","ping_status":"closed","sticky":false,"template":"","format":"standard","meta":{"_et_pb_use_builder":"on","_et_pb_old_content":"","_et_gb_content_width":"","footnotes":""},"categories":[7],"tags":[],"class_list":["post-4669","post","type-post","status-publish","format-standard","has-post-thumbnail","hentry","category-actualite"],"yoast_head":"<!-- This site is optimized with the Yoast SEO plugin v27.3 - https:\/\/yoast.com\/product\/yoast-seo-wordpress\/ -->\n<title>Programme de Mobilit\u00e9 de courte dur\u00e9e \u00e0 l&#039;\u00e9tranger - Facult\u00e9 des Lettres et des Langues<\/title>\n<meta name=\"description\" content=\"Programme de Mobilit\u00e9 de courte dur\u00e9e \u00e0 l&#039;\u00e9tranger\" \/>\n<meta name=\"robots\" content=\"index, follow, max-snippet:-1, max-image-preview:large, max-video-preview:-1\" \/>\n<link rel=\"canonical\" href=\"https:\/\/www.ummto.dz\/fll\/programme-de-mobilite-de-courte-duree-a-letranger\/\" \/>\n<meta property=\"og:locale\" content=\"fr_FR\" \/>\n<meta property=\"og:type\" content=\"article\" \/>\n<meta property=\"og:title\" content=\"Programme de Mobilit\u00e9 de courte dur\u00e9e \u00e0 l&#039;\u00e9tranger - Facult\u00e9 des Lettres et des Langues\" \/>\n<meta property=\"og:description\" content=\"Programme de Mobilit\u00e9 de courte dur\u00e9e \u00e0 l&#039;\u00e9tranger\" \/>\n<meta property=\"og:url\" content=\"https:\/\/www.ummto.dz\/fll\/programme-de-mobilite-de-courte-duree-a-letranger\/\" \/>\n<meta property=\"og:site_name\" content=\"Facult\u00e9 des Lettres et des Langues\" \/>\n<meta property=\"article:published_time\" content=\"2023-04-04T12:19:46+00:00\" \/>\n<meta property=\"article:modified_time\" content=\"2023-04-09T12:35:56+00:00\" \/>\n<meta property=\"og:image\" content=\"https:\/\/www.ummto.dz\/fll\/wp-content\/uploads\/2021\/11\/Important.webp\" \/>\n\t<meta property=\"og:image:width\" content=\"250\" \/>\n\t<meta property=\"og:image:height\" content=\"250\" \/>\n\t<meta property=\"og:image:type\" content=\"image\/webp\" \/>\n<meta name=\"author\" content=\"FLL\" \/>\n<meta name=\"twitter:card\" content=\"summary_large_image\" \/>\n<meta name=\"twitter:label1\" content=\"\u00c9crit par\" \/>\n\t<meta name=\"twitter:data1\" content=\"FLL\" \/>\n<script type=\"application\/ld+json\" class=\"yoast-schema-graph\">{\"@context\":\"https:\\\/\\\/schema.org\",\"@graph\":[{\"@type\":\"Article\",\"@id\":\"https:\\\/\\\/www.ummto.dz\\\/fll\\\/programme-de-mobilite-de-courte-duree-a-letranger\\\/#article\",\"isPartOf\":{\"@id\":\"https:\\\/\\\/www.ummto.dz\\\/fll\\\/programme-de-mobilite-de-courte-duree-a-letranger\\\/\"},\"author\":{\"name\":\"FLL\",\"@id\":\"https:\\\/\\\/www.ummto.dz\\\/fll\\\/#\\\/schema\\\/person\\\/d03e7460fb5662f3475fff66fa1c5dc8\"},\"headline\":\"Programme de Mobilit\u00e9 de courte dur\u00e9e \u00e0 l&rsquo;\u00e9tranger\",\"datePublished\":\"2023-04-04T12:19:46+00:00\",\"dateModified\":\"2023-04-09T12:35:56+00:00\",\"mainEntityOfPage\":{\"@id\":\"https:\\\/\\\/www.ummto.dz\\\/fll\\\/programme-de-mobilite-de-courte-duree-a-letranger\\\/\"},\"wordCount\":172,\"image\":{\"@id\":\"https:\\\/\\\/www.ummto.dz\\\/fll\\\/programme-de-mobilite-de-courte-duree-a-letranger\\\/#primaryimage\"},\"thumbnailUrl\":\"https:\\\/\\\/www.ummto.dz\\\/fll\\\/wp-content\\\/uploads\\\/2021\\\/11\\\/Important.webp\",\"articleSection\":[\"Actualit\u00e9\"],\"inLanguage\":\"fr-FR\"},{\"@type\":\"WebPage\",\"@id\":\"https:\\\/\\\/www.ummto.dz\\\/fll\\\/programme-de-mobilite-de-courte-duree-a-letranger\\\/\",\"url\":\"https:\\\/\\\/www.ummto.dz\\\/fll\\\/programme-de-mobilite-de-courte-duree-a-letranger\\\/\",\"name\":\"Programme de Mobilit\u00e9 de courte dur\u00e9e \u00e0 l'\u00e9tranger - Facult\u00e9 des Lettres et des Langues\",\"isPartOf\":{\"@id\":\"https:\\\/\\\/www.ummto.dz\\\/fll\\\/#website\"},\"primaryImageOfPage\":{\"@id\":\"https:\\\/\\\/www.ummto.dz\\\/fll\\\/programme-de-mobilite-de-courte-duree-a-letranger\\\/#primaryimage\"},\"image\":{\"@id\":\"https:\\\/\\\/www.ummto.dz\\\/fll\\\/programme-de-mobilite-de-courte-duree-a-letranger\\\/#primaryimage\"},\"thumbnailUrl\":\"https:\\\/\\\/www.ummto.dz\\\/fll\\\/wp-content\\\/uploads\\\/2021\\\/11\\\/Important.webp\",\"datePublished\":\"2023-04-04T12:19:46+00:00\",\"dateModified\":\"2023-04-09T12:35:56+00:00\",\"author\":{\"@id\":\"https:\\\/\\\/www.ummto.dz\\\/fll\\\/#\\\/schema\\\/person\\\/d03e7460fb5662f3475fff66fa1c5dc8\"},\"description\":\"Programme de Mobilit\u00e9 de courte dur\u00e9e \u00e0 l'\u00e9tranger\",\"breadcrumb\":{\"@id\":\"https:\\\/\\\/www.ummto.dz\\\/fll\\\/programme-de-mobilite-de-courte-duree-a-letranger\\\/#breadcrumb\"},\"inLanguage\":\"fr-FR\",\"potentialAction\":[{\"@type\":\"ReadAction\",\"target\":[\"https:\\\/\\\/www.ummto.dz\\\/fll\\\/programme-de-mobilite-de-courte-duree-a-letranger\\\/\"]}]},{\"@type\":\"ImageObject\",\"inLanguage\":\"fr-FR\",\"@id\":\"https:\\\/\\\/www.ummto.dz\\\/fll\\\/programme-de-mobilite-de-courte-duree-a-letranger\\\/#primaryimage\",\"url\":\"https:\\\/\\\/www.ummto.dz\\\/fll\\\/wp-content\\\/uploads\\\/2021\\\/11\\\/Important.webp\",\"contentUrl\":\"https:\\\/\\\/www.ummto.dz\\\/fll\\\/wp-content\\\/uploads\\\/2021\\\/11\\\/Important.webp\",\"width\":250,\"height\":250,\"caption\":\"Important\"},{\"@type\":\"BreadcrumbList\",\"@id\":\"https:\\\/\\\/www.ummto.dz\\\/fll\\\/programme-de-mobilite-de-courte-duree-a-letranger\\\/#breadcrumb\",\"itemListElement\":[{\"@type\":\"ListItem\",\"position\":1,\"name\":\"Accueil\",\"item\":\"https:\\\/\\\/www.ummto.dz\\\/fll\\\/\"},{\"@type\":\"ListItem\",\"position\":2,\"name\":\"Programme de Mobilit\u00e9 de courte dur\u00e9e \u00e0 l&rsquo;\u00e9tranger\"}]},{\"@type\":\"WebSite\",\"@id\":\"https:\\\/\\\/www.ummto.dz\\\/fll\\\/#website\",\"url\":\"https:\\\/\\\/www.ummto.dz\\\/fll\\\/\",\"name\":\"Facult\u00e9 des Lettres et des Langues\",\"description\":\"Facult\u00e9 des Lettres et des Langues\",\"potentialAction\":[{\"@type\":\"SearchAction\",\"target\":{\"@type\":\"EntryPoint\",\"urlTemplate\":\"https:\\\/\\\/www.ummto.dz\\\/fll\\\/?s={search_term_string}\"},\"query-input\":{\"@type\":\"PropertyValueSpecification\",\"valueRequired\":true,\"valueName\":\"search_term_string\"}}],\"inLanguage\":\"fr-FR\"},{\"@type\":\"Person\",\"@id\":\"https:\\\/\\\/www.ummto.dz\\\/fll\\\/#\\\/schema\\\/person\\\/d03e7460fb5662f3475fff66fa1c5dc8\",\"name\":\"FLL\",\"url\":\"https:\\\/\\\/www.ummto.dz\\\/fll\\\/author\\\/fll\\\/\"}]}<\/script>\n<!-- \/ Yoast SEO plugin. -->","yoast_head_json":{"title":"Programme de Mobilit\u00e9 de courte dur\u00e9e \u00e0 l'\u00e9tranger - Facult\u00e9 des Lettres et des Langues","description":"Programme de Mobilit\u00e9 de courte dur\u00e9e \u00e0 l'\u00e9tranger","robots":{"index":"index","follow":"follow","max-snippet":"max-snippet:-1","max-image-preview":"max-image-preview:large","max-video-preview":"max-video-preview:-1"},"canonical":"https:\/\/www.ummto.dz\/fll\/programme-de-mobilite-de-courte-duree-a-letranger\/","og_locale":"fr_FR","og_type":"article","og_title":"Programme de Mobilit\u00e9 de courte dur\u00e9e \u00e0 l'\u00e9tranger - Facult\u00e9 des Lettres et des Langues","og_description":"Programme de Mobilit\u00e9 de courte dur\u00e9e \u00e0 l'\u00e9tranger","og_url":"https:\/\/www.ummto.dz\/fll\/programme-de-mobilite-de-courte-duree-a-letranger\/","og_site_name":"Facult\u00e9 des Lettres et des Langues","article_published_time":"2023-04-04T12:19:46+00:00","article_modified_time":"2023-04-09T12:35:56+00:00","og_image":[{"width":250,"height":250,"url":"https:\/\/www.ummto.dz\/fll\/wp-content\/uploads\/2021\/11\/Important.webp","type":"image\/webp"}],"author":"FLL","twitter_card":"summary_large_image","twitter_misc":{"\u00c9crit par":"FLL"},"schema":{"@context":"https:\/\/schema.org","@graph":[{"@type":"Article","@id":"https:\/\/www.ummto.dz\/fll\/programme-de-mobilite-de-courte-duree-a-letranger\/#article","isPartOf":{"@id":"https:\/\/www.ummto.dz\/fll\/programme-de-mobilite-de-courte-duree-a-letranger\/"},"author":{"name":"FLL","@id":"https:\/\/www.ummto.dz\/fll\/#\/schema\/person\/d03e7460fb5662f3475fff66fa1c5dc8"},"headline":"Programme de Mobilit\u00e9 de courte dur\u00e9e \u00e0 l&rsquo;\u00e9tranger","datePublished":"2023-04-04T12:19:46+00:00","dateModified":"2023-04-09T12:35:56+00:00","mainEntityOfPage":{"@id":"https:\/\/www.ummto.dz\/fll\/programme-de-mobilite-de-courte-duree-a-letranger\/"},"wordCount":172,"image":{"@id":"https:\/\/www.ummto.dz\/fll\/programme-de-mobilite-de-courte-duree-a-letranger\/#primaryimage"},"thumbnailUrl":"https:\/\/www.ummto.dz\/fll\/wp-content\/uploads\/2021\/11\/Important.webp","articleSection":["Actualit\u00e9"],"inLanguage":"fr-FR"},{"@type":"WebPage","@id":"https:\/\/www.ummto.dz\/fll\/programme-de-mobilite-de-courte-duree-a-letranger\/","url":"https:\/\/www.ummto.dz\/fll\/programme-de-mobilite-de-courte-duree-a-letranger\/","name":"Programme de Mobilit\u00e9 de courte dur\u00e9e \u00e0 l'\u00e9tranger - Facult\u00e9 des Lettres et des Langues","isPartOf":{"@id":"https:\/\/www.ummto.dz\/fll\/#website"},"primaryImageOfPage":{"@id":"https:\/\/www.ummto.dz\/fll\/programme-de-mobilite-de-courte-duree-a-letranger\/#primaryimage"},"image":{"@id":"https:\/\/www.ummto.dz\/fll\/programme-de-mobilite-de-courte-duree-a-letranger\/#primaryimage"},"thumbnailUrl":"https:\/\/www.ummto.dz\/fll\/wp-content\/uploads\/2021\/11\/Important.webp","datePublished":"2023-04-04T12:19:46+00:00","dateModified":"2023-04-09T12:35:56+00:00","author":{"@id":"https:\/\/www.ummto.dz\/fll\/#\/schema\/person\/d03e7460fb5662f3475fff66fa1c5dc8"},"description":"Programme de Mobilit\u00e9 de courte dur\u00e9e \u00e0 l'\u00e9tranger","breadcrumb":{"@id":"https:\/\/www.ummto.dz\/fll\/programme-de-mobilite-de-courte-duree-a-letranger\/#breadcrumb"},"inLanguage":"fr-FR","potentialAction":[{"@type":"ReadAction","target":["https:\/\/www.ummto.dz\/fll\/programme-de-mobilite-de-courte-duree-a-letranger\/"]}]},{"@type":"ImageObject","inLanguage":"fr-FR","@id":"https:\/\/www.ummto.dz\/fll\/programme-de-mobilite-de-courte-duree-a-letranger\/#primaryimage","url":"https:\/\/www.ummto.dz\/fll\/wp-content\/uploads\/2021\/11\/Important.webp","contentUrl":"https:\/\/www.ummto.dz\/fll\/wp-content\/uploads\/2021\/11\/Important.webp","width":250,"height":250,"caption":"Important"},{"@type":"BreadcrumbList","@id":"https:\/\/www.ummto.dz\/fll\/programme-de-mobilite-de-courte-duree-a-letranger\/#breadcrumb","itemListElement":[{"@type":"ListItem","position":1,"name":"Accueil","item":"https:\/\/www.ummto.dz\/fll\/"},{"@type":"ListItem","position":2,"name":"Programme de Mobilit\u00e9 de courte dur\u00e9e \u00e0 l&rsquo;\u00e9tranger"}]},{"@type":"WebSite","@id":"https:\/\/www.ummto.dz\/fll\/#website","url":"https:\/\/www.ummto.dz\/fll\/","name":"Facult\u00e9 des Lettres et des Langues","description":"Facult\u00e9 des Lettres et des Langues","potentialAction":[{"@type":"SearchAction","target":{"@type":"EntryPoint","urlTemplate":"https:\/\/www.ummto.dz\/fll\/?s={search_term_string}"},"query-input":{"@type":"PropertyValueSpecification","valueRequired":true,"valueName":"search_term_string"}}],"inLanguage":"fr-FR"},{"@type":"Person","@id":"https:\/\/www.ummto.dz\/fll\/#\/schema\/person\/d03e7460fb5662f3475fff66fa1c5dc8","name":"FLL","url":"https:\/\/www.ummto.dz\/fll\/author\/fll\/"}]}},"_links":{"self":[{"href":"https:\/\/www.ummto.dz\/fll\/wp-json\/wp\/v2\/posts\/4669","targetHints":{"allow":["GET"]}}],"collection":[{"href":"https:\/\/www.ummto.dz\/fll\/wp-json\/wp\/v2\/posts"}],"about":[{"href":"https:\/\/www.ummto.dz\/fll\/wp-json\/wp\/v2\/types\/post"}],"author":[{"embeddable":true,"href":"https:\/\/www.ummto.dz\/fll\/wp-json\/wp\/v2\/users\/3"}],"replies":[{"embeddable":true,"href":"https:\/\/www.ummto.dz\/fll\/wp-json\/wp\/v2\/comments?post=4669"}],"version-history":[{"count":3,"href":"https:\/\/www.ummto.dz\/fll\/wp-json\/wp\/v2\/posts\/4669\/revisions"}],"predecessor-version":[{"id":4674,"href":"https:\/\/www.ummto.dz\/fll\/wp-json\/wp\/v2\/posts\/4669\/revisions\/4674"}],"wp:featuredmedia":[{"embeddable":true,"href":"https:\/\/www.ummto.dz\/fll\/wp-json\/wp\/v2\/media\/2961"}],"wp:attachment":[{"href":"https:\/\/www.ummto.dz\/fll\/wp-json\/wp\/v2\/media?parent=4669"}],"wp:term":[{"taxonomy":"category","embeddable":true,"href":"https:\/\/www.ummto.dz\/fll\/wp-json\/wp\/v2\/categories?post=4669"},{"taxonomy":"post_tag","embeddable":true,"href":"https:\/\/www.ummto.dz\/fll\/wp-json\/wp\/v2\/tags?post=4669"}],"curies":[{"name":"wp","href":"https:\/\/api.w.org\/{rel}","templated":true}]}}