{"id":4749,"date":"2023-06-11T16:00:32","date_gmt":"2023-06-11T14:00:32","guid":{"rendered":"https:\/\/www.ummto.dz\/fll\/?p=4749"},"modified":"2023-06-11T16:02:08","modified_gmt":"2023-06-11T14:02:08","slug":"proces-verbal-de-la-reunion-du-conseil-scientifique-de-la-faculte-des-lettres-et-des-langues-en-date-du-05-juin-2023","status":"publish","type":"post","link":"https:\/\/www.ummto.dz\/fll\/proces-verbal-de-la-reunion-du-conseil-scientifique-de-la-faculte-des-lettres-et-des-langues-en-date-du-05-juin-2023\/","title":{"rendered":"Proc\u00e8s-verbal de la R\u00e9union du C S F des Lettres et des Langues En date du 05 juin 2023"},"content":{"rendered":"\n[et_pb_section fb_built=\u00a0\u00bb1&Prime; theme_builder_area=\u00a0\u00bbpost_content\u00a0\u00bb _builder_version=\u00a0\u00bb4.21.0&Prime; _module_preset=\u00a0\u00bbdefault\u00a0\u00bb][et_pb_row _builder_version=\u00a0\u00bb4.21.0&Prime; _module_preset=\u00a0\u00bbdefault\u00a0\u00bb theme_builder_area=\u00a0\u00bbpost_content\u00a0\u00bb][et_pb_column _builder_version=\u00a0\u00bb4.21.0&Prime; _module_preset=\u00a0\u00bbdefault\u00a0\u00bb type=\u00a0\u00bb4_4&Prime; theme_builder_area=\u00a0\u00bbpost_content\u00a0\u00bb][et_pb_text _builder_version=\u00a0\u00bb4.21.0&Prime; _module_preset=\u00a0\u00bbdefault\u00a0\u00bb theme_builder_area=\u00a0\u00bbpost_content\u00a0\u00bb hover_enabled=\u00a0\u00bb0&Prime; sticky_enabled=\u00a0\u00bb0&Prime;]<p>L\u2019an deux-mille vingt-trois (2023) et le cinq du mois de juin <strong>(05\/06\/2023) <\/strong>\u00e0 neuf heures trente (09h30) s\u2019est tenue la r\u00e9union du Conseil Scientifique de la Facult\u00e9 des Lettres et des Langues, sous la pr\u00e9sidence du Dr. GARITI Mohamed.<\/p>\n<p><strong>\u00a0<\/strong><\/p>\n<p><strong><u>Ordre du jour<\/u><\/strong><strong>: <\/strong>\u00a0<\/p>\n<ol>\n<li>Dossiers de soutenances [Doctorat-Magist\u00e8re];<\/li>\n<li>Validations de polycopi\u00e9s et cours en ligne;\u00a0<\/li>\n<li>Int\u00e9gration des nouveaux doctorants dans les projets P.R.F.U\u00a0;<\/li>\n<li>Dossiers des laboratoires<\/li>\n<li>Divers.<\/li>\n<\/ol>\n<p>Pour plus de d\u00e9tails t\u00e9l\u00e9charger <a href=\"https:\/\/www.ummto.dz\/fll\/wp-content\/uploads\/2023\/06\/PV-CSF-05-Juin-2023.pdf\" rel=\"attachment wp-att-4752\">PV CSF 05 Juin 2023<\/a> <\/p>[\/et_pb_text][\/et_pb_column][\/et_pb_row][\/et_pb_section]\n","protected":false},"excerpt":{"rendered":"<p>L\u2019an deux-mille vingt-trois (2023) et le cinq du mois de juin (05\/06\/2023) \u00e0 neuf heures trente (09h30) s\u2019est tenue la r\u00e9union du Conseil Scientifique de la Facult\u00e9 des Lettres et des Langues, sous la pr\u00e9sidence du Dr. GARITI Mohamed. \u00a0 Ordre du jour: \u00a0 Dossiers de soutenances [Doctorat-Magist\u00e8re]; Validations de polycopi\u00e9s et cours en ligne;\u00a0 [&hellip;]<\/p>\n","protected":false},"author":3,"featured_media":2969,"comment_status":"closed","ping_status":"closed","sticky":false,"template":"","format":"standard","meta":{"_et_pb_use_builder":"on","_et_pb_old_content":"","_et_gb_content_width":"","footnotes":""},"categories":[7],"tags":[],"class_list":["post-4749","post","type-post","status-publish","format-standard","has-post-thumbnail","hentry","category-actualite"],"yoast_head":"<!-- This site is optimized with the Yoast SEO plugin v27.3 - https:\/\/yoast.com\/product\/yoast-seo-wordpress\/ -->\n<title>Proc\u00e8s-verbal de la R\u00e9union du C S F des Lettres et des Langues En date du 05 juin 2023 - Facult\u00e9 des Lettres et des Langues<\/title>\n<meta name=\"description\" content=\"Proc\u00e8s-verbal de la R\u00e9union du Conseil Scientifique de la Facult\u00e9 des Lettres et des Langues En date du 05 juin 2023\" \/>\n<meta name=\"robots\" content=\"index, follow, max-snippet:-1, max-image-preview:large, max-video-preview:-1\" \/>\n<link rel=\"canonical\" href=\"https:\/\/www.ummto.dz\/fll\/proces-verbal-de-la-reunion-du-conseil-scientifique-de-la-faculte-des-lettres-et-des-langues-en-date-du-05-juin-2023\/\" \/>\n<meta property=\"og:locale\" content=\"fr_FR\" \/>\n<meta property=\"og:type\" content=\"article\" \/>\n<meta property=\"og:title\" content=\"Proc\u00e8s-verbal de la R\u00e9union du C S F des Lettres et des Langues En date du 05 juin 2023 - Facult\u00e9 des Lettres et des Langues\" \/>\n<meta property=\"og:description\" content=\"Proc\u00e8s-verbal de la R\u00e9union du Conseil Scientifique de la Facult\u00e9 des Lettres et des Langues En date du 05 juin 2023\" \/>\n<meta property=\"og:url\" content=\"https:\/\/www.ummto.dz\/fll\/proces-verbal-de-la-reunion-du-conseil-scientifique-de-la-faculte-des-lettres-et-des-langues-en-date-du-05-juin-2023\/\" \/>\n<meta property=\"og:site_name\" content=\"Facult\u00e9 des Lettres et des Langues\" \/>\n<meta property=\"article:published_time\" content=\"2023-06-11T14:00:32+00:00\" \/>\n<meta property=\"article:modified_time\" content=\"2023-06-11T14:02:08+00:00\" \/>\n<meta property=\"og:image\" content=\"https:\/\/www.ummto.dz\/fll\/wp-content\/uploads\/2021\/11\/Soutenance.webp\" \/>\n\t<meta property=\"og:image:width\" content=\"250\" \/>\n\t<meta property=\"og:image:height\" content=\"250\" \/>\n\t<meta property=\"og:image:type\" content=\"image\/webp\" \/>\n<meta name=\"author\" content=\"FLL\" \/>\n<meta name=\"twitter:card\" content=\"summary_large_image\" \/>\n<meta name=\"twitter:label1\" content=\"\u00c9crit par\" \/>\n\t<meta name=\"twitter:data1\" content=\"FLL\" \/>\n\t<meta name=\"twitter:label2\" content=\"Dur\u00e9e de lecture estim\u00e9e\" \/>\n\t<meta name=\"twitter:data2\" content=\"1 minute\" \/>\n<script type=\"application\/ld+json\" class=\"yoast-schema-graph\">{\"@context\":\"https:\\\/\\\/schema.org\",\"@graph\":[{\"@type\":\"Article\",\"@id\":\"https:\\\/\\\/www.ummto.dz\\\/fll\\\/proces-verbal-de-la-reunion-du-conseil-scientifique-de-la-faculte-des-lettres-et-des-langues-en-date-du-05-juin-2023\\\/#article\",\"isPartOf\":{\"@id\":\"https:\\\/\\\/www.ummto.dz\\\/fll\\\/proces-verbal-de-la-reunion-du-conseil-scientifique-de-la-faculte-des-lettres-et-des-langues-en-date-du-05-juin-2023\\\/\"},\"author\":{\"name\":\"FLL\",\"@id\":\"https:\\\/\\\/www.ummto.dz\\\/fll\\\/#\\\/schema\\\/person\\\/d03e7460fb5662f3475fff66fa1c5dc8\"},\"headline\":\"Proc\u00e8s-verbal de la R\u00e9union du C S F des Lettres et des Langues En date du 05 juin 2023\",\"datePublished\":\"2023-06-11T14:00:32+00:00\",\"dateModified\":\"2023-06-11T14:02:08+00:00\",\"mainEntityOfPage\":{\"@id\":\"https:\\\/\\\/www.ummto.dz\\\/fll\\\/proces-verbal-de-la-reunion-du-conseil-scientifique-de-la-faculte-des-lettres-et-des-langues-en-date-du-05-juin-2023\\\/\"},\"wordCount\":173,\"image\":{\"@id\":\"https:\\\/\\\/www.ummto.dz\\\/fll\\\/proces-verbal-de-la-reunion-du-conseil-scientifique-de-la-faculte-des-lettres-et-des-langues-en-date-du-05-juin-2023\\\/#primaryimage\"},\"thumbnailUrl\":\"https:\\\/\\\/www.ummto.dz\\\/fll\\\/wp-content\\\/uploads\\\/2021\\\/11\\\/Soutenance.webp\",\"articleSection\":[\"Actualit\u00e9\"],\"inLanguage\":\"fr-FR\"},{\"@type\":\"WebPage\",\"@id\":\"https:\\\/\\\/www.ummto.dz\\\/fll\\\/proces-verbal-de-la-reunion-du-conseil-scientifique-de-la-faculte-des-lettres-et-des-langues-en-date-du-05-juin-2023\\\/\",\"url\":\"https:\\\/\\\/www.ummto.dz\\\/fll\\\/proces-verbal-de-la-reunion-du-conseil-scientifique-de-la-faculte-des-lettres-et-des-langues-en-date-du-05-juin-2023\\\/\",\"name\":\"Proc\u00e8s-verbal de la R\u00e9union du C S F des Lettres et des Langues En date du 05 juin 2023 - Facult\u00e9 des Lettres et des Langues\",\"isPartOf\":{\"@id\":\"https:\\\/\\\/www.ummto.dz\\\/fll\\\/#website\"},\"primaryImageOfPage\":{\"@id\":\"https:\\\/\\\/www.ummto.dz\\\/fll\\\/proces-verbal-de-la-reunion-du-conseil-scientifique-de-la-faculte-des-lettres-et-des-langues-en-date-du-05-juin-2023\\\/#primaryimage\"},\"image\":{\"@id\":\"https:\\\/\\\/www.ummto.dz\\\/fll\\\/proces-verbal-de-la-reunion-du-conseil-scientifique-de-la-faculte-des-lettres-et-des-langues-en-date-du-05-juin-2023\\\/#primaryimage\"},\"thumbnailUrl\":\"https:\\\/\\\/www.ummto.dz\\\/fll\\\/wp-content\\\/uploads\\\/2021\\\/11\\\/Soutenance.webp\",\"datePublished\":\"2023-06-11T14:00:32+00:00\",\"dateModified\":\"2023-06-11T14:02:08+00:00\",\"author\":{\"@id\":\"https:\\\/\\\/www.ummto.dz\\\/fll\\\/#\\\/schema\\\/person\\\/d03e7460fb5662f3475fff66fa1c5dc8\"},\"description\":\"Proc\u00e8s-verbal de la R\u00e9union du Conseil Scientifique de la Facult\u00e9 des Lettres et des Langues En date du 05 juin 2023\",\"breadcrumb\":{\"@id\":\"https:\\\/\\\/www.ummto.dz\\\/fll\\\/proces-verbal-de-la-reunion-du-conseil-scientifique-de-la-faculte-des-lettres-et-des-langues-en-date-du-05-juin-2023\\\/#breadcrumb\"},\"inLanguage\":\"fr-FR\",\"potentialAction\":[{\"@type\":\"ReadAction\",\"target\":[\"https:\\\/\\\/www.ummto.dz\\\/fll\\\/proces-verbal-de-la-reunion-du-conseil-scientifique-de-la-faculte-des-lettres-et-des-langues-en-date-du-05-juin-2023\\\/\"]}]},{\"@type\":\"ImageObject\",\"inLanguage\":\"fr-FR\",\"@id\":\"https:\\\/\\\/www.ummto.dz\\\/fll\\\/proces-verbal-de-la-reunion-du-conseil-scientifique-de-la-faculte-des-lettres-et-des-langues-en-date-du-05-juin-2023\\\/#primaryimage\",\"url\":\"https:\\\/\\\/www.ummto.dz\\\/fll\\\/wp-content\\\/uploads\\\/2021\\\/11\\\/Soutenance.webp\",\"contentUrl\":\"https:\\\/\\\/www.ummto.dz\\\/fll\\\/wp-content\\\/uploads\\\/2021\\\/11\\\/Soutenance.webp\",\"width\":250,\"height\":250,\"caption\":\"Soutenance\"},{\"@type\":\"BreadcrumbList\",\"@id\":\"https:\\\/\\\/www.ummto.dz\\\/fll\\\/proces-verbal-de-la-reunion-du-conseil-scientifique-de-la-faculte-des-lettres-et-des-langues-en-date-du-05-juin-2023\\\/#breadcrumb\",\"itemListElement\":[{\"@type\":\"ListItem\",\"position\":1,\"name\":\"Accueil\",\"item\":\"https:\\\/\\\/www.ummto.dz\\\/fll\\\/\"},{\"@type\":\"ListItem\",\"position\":2,\"name\":\"Proc\u00e8s-verbal de la R\u00e9union du C S F des Lettres et des Langues En date du 05 juin 2023\"}]},{\"@type\":\"WebSite\",\"@id\":\"https:\\\/\\\/www.ummto.dz\\\/fll\\\/#website\",\"url\":\"https:\\\/\\\/www.ummto.dz\\\/fll\\\/\",\"name\":\"Facult\u00e9 des Lettres et des Langues\",\"description\":\"Facult\u00e9 des Lettres et des Langues\",\"potentialAction\":[{\"@type\":\"SearchAction\",\"target\":{\"@type\":\"EntryPoint\",\"urlTemplate\":\"https:\\\/\\\/www.ummto.dz\\\/fll\\\/?s={search_term_string}\"},\"query-input\":{\"@type\":\"PropertyValueSpecification\",\"valueRequired\":true,\"valueName\":\"search_term_string\"}}],\"inLanguage\":\"fr-FR\"},{\"@type\":\"Person\",\"@id\":\"https:\\\/\\\/www.ummto.dz\\\/fll\\\/#\\\/schema\\\/person\\\/d03e7460fb5662f3475fff66fa1c5dc8\",\"name\":\"FLL\",\"url\":\"https:\\\/\\\/www.ummto.dz\\\/fll\\\/author\\\/fll\\\/\"}]}<\/script>\n<!-- \/ Yoast SEO plugin. -->","yoast_head_json":{"title":"Proc\u00e8s-verbal de la R\u00e9union du C S F des Lettres et des Langues En date du 05 juin 2023 - Facult\u00e9 des Lettres et des Langues","description":"Proc\u00e8s-verbal de la R\u00e9union du Conseil Scientifique de la Facult\u00e9 des Lettres et des Langues En date du 05 juin 2023","robots":{"index":"index","follow":"follow","max-snippet":"max-snippet:-1","max-image-preview":"max-image-preview:large","max-video-preview":"max-video-preview:-1"},"canonical":"https:\/\/www.ummto.dz\/fll\/proces-verbal-de-la-reunion-du-conseil-scientifique-de-la-faculte-des-lettres-et-des-langues-en-date-du-05-juin-2023\/","og_locale":"fr_FR","og_type":"article","og_title":"Proc\u00e8s-verbal de la R\u00e9union du C S F des Lettres et des Langues En date du 05 juin 2023 - Facult\u00e9 des Lettres et des Langues","og_description":"Proc\u00e8s-verbal de la R\u00e9union du Conseil Scientifique de la Facult\u00e9 des Lettres et des Langues En date du 05 juin 2023","og_url":"https:\/\/www.ummto.dz\/fll\/proces-verbal-de-la-reunion-du-conseil-scientifique-de-la-faculte-des-lettres-et-des-langues-en-date-du-05-juin-2023\/","og_site_name":"Facult\u00e9 des Lettres et des Langues","article_published_time":"2023-06-11T14:00:32+00:00","article_modified_time":"2023-06-11T14:02:08+00:00","og_image":[{"width":250,"height":250,"url":"https:\/\/www.ummto.dz\/fll\/wp-content\/uploads\/2021\/11\/Soutenance.webp","type":"image\/webp"}],"author":"FLL","twitter_card":"summary_large_image","twitter_misc":{"\u00c9crit par":"FLL","Dur\u00e9e de lecture estim\u00e9e":"1 minute"},"schema":{"@context":"https:\/\/schema.org","@graph":[{"@type":"Article","@id":"https:\/\/www.ummto.dz\/fll\/proces-verbal-de-la-reunion-du-conseil-scientifique-de-la-faculte-des-lettres-et-des-langues-en-date-du-05-juin-2023\/#article","isPartOf":{"@id":"https:\/\/www.ummto.dz\/fll\/proces-verbal-de-la-reunion-du-conseil-scientifique-de-la-faculte-des-lettres-et-des-langues-en-date-du-05-juin-2023\/"},"author":{"name":"FLL","@id":"https:\/\/www.ummto.dz\/fll\/#\/schema\/person\/d03e7460fb5662f3475fff66fa1c5dc8"},"headline":"Proc\u00e8s-verbal de la R\u00e9union du C S F des Lettres et des Langues En date du 05 juin 2023","datePublished":"2023-06-11T14:00:32+00:00","dateModified":"2023-06-11T14:02:08+00:00","mainEntityOfPage":{"@id":"https:\/\/www.ummto.dz\/fll\/proces-verbal-de-la-reunion-du-conseil-scientifique-de-la-faculte-des-lettres-et-des-langues-en-date-du-05-juin-2023\/"},"wordCount":173,"image":{"@id":"https:\/\/www.ummto.dz\/fll\/proces-verbal-de-la-reunion-du-conseil-scientifique-de-la-faculte-des-lettres-et-des-langues-en-date-du-05-juin-2023\/#primaryimage"},"thumbnailUrl":"https:\/\/www.ummto.dz\/fll\/wp-content\/uploads\/2021\/11\/Soutenance.webp","articleSection":["Actualit\u00e9"],"inLanguage":"fr-FR"},{"@type":"WebPage","@id":"https:\/\/www.ummto.dz\/fll\/proces-verbal-de-la-reunion-du-conseil-scientifique-de-la-faculte-des-lettres-et-des-langues-en-date-du-05-juin-2023\/","url":"https:\/\/www.ummto.dz\/fll\/proces-verbal-de-la-reunion-du-conseil-scientifique-de-la-faculte-des-lettres-et-des-langues-en-date-du-05-juin-2023\/","name":"Proc\u00e8s-verbal de la R\u00e9union du C S F des Lettres et des Langues En date du 05 juin 2023 - Facult\u00e9 des Lettres et des Langues","isPartOf":{"@id":"https:\/\/www.ummto.dz\/fll\/#website"},"primaryImageOfPage":{"@id":"https:\/\/www.ummto.dz\/fll\/proces-verbal-de-la-reunion-du-conseil-scientifique-de-la-faculte-des-lettres-et-des-langues-en-date-du-05-juin-2023\/#primaryimage"},"image":{"@id":"https:\/\/www.ummto.dz\/fll\/proces-verbal-de-la-reunion-du-conseil-scientifique-de-la-faculte-des-lettres-et-des-langues-en-date-du-05-juin-2023\/#primaryimage"},"thumbnailUrl":"https:\/\/www.ummto.dz\/fll\/wp-content\/uploads\/2021\/11\/Soutenance.webp","datePublished":"2023-06-11T14:00:32+00:00","dateModified":"2023-06-11T14:02:08+00:00","author":{"@id":"https:\/\/www.ummto.dz\/fll\/#\/schema\/person\/d03e7460fb5662f3475fff66fa1c5dc8"},"description":"Proc\u00e8s-verbal de la R\u00e9union du Conseil Scientifique de la Facult\u00e9 des Lettres et des Langues En date du 05 juin 2023","breadcrumb":{"@id":"https:\/\/www.ummto.dz\/fll\/proces-verbal-de-la-reunion-du-conseil-scientifique-de-la-faculte-des-lettres-et-des-langues-en-date-du-05-juin-2023\/#breadcrumb"},"inLanguage":"fr-FR","potentialAction":[{"@type":"ReadAction","target":["https:\/\/www.ummto.dz\/fll\/proces-verbal-de-la-reunion-du-conseil-scientifique-de-la-faculte-des-lettres-et-des-langues-en-date-du-05-juin-2023\/"]}]},{"@type":"ImageObject","inLanguage":"fr-FR","@id":"https:\/\/www.ummto.dz\/fll\/proces-verbal-de-la-reunion-du-conseil-scientifique-de-la-faculte-des-lettres-et-des-langues-en-date-du-05-juin-2023\/#primaryimage","url":"https:\/\/www.ummto.dz\/fll\/wp-content\/uploads\/2021\/11\/Soutenance.webp","contentUrl":"https:\/\/www.ummto.dz\/fll\/wp-content\/uploads\/2021\/11\/Soutenance.webp","width":250,"height":250,"caption":"Soutenance"},{"@type":"BreadcrumbList","@id":"https:\/\/www.ummto.dz\/fll\/proces-verbal-de-la-reunion-du-conseil-scientifique-de-la-faculte-des-lettres-et-des-langues-en-date-du-05-juin-2023\/#breadcrumb","itemListElement":[{"@type":"ListItem","position":1,"name":"Accueil","item":"https:\/\/www.ummto.dz\/fll\/"},{"@type":"ListItem","position":2,"name":"Proc\u00e8s-verbal de la R\u00e9union du C S F des Lettres et des Langues En date du 05 juin 2023"}]},{"@type":"WebSite","@id":"https:\/\/www.ummto.dz\/fll\/#website","url":"https:\/\/www.ummto.dz\/fll\/","name":"Facult\u00e9 des Lettres et des Langues","description":"Facult\u00e9 des Lettres et des Langues","potentialAction":[{"@type":"SearchAction","target":{"@type":"EntryPoint","urlTemplate":"https:\/\/www.ummto.dz\/fll\/?s={search_term_string}"},"query-input":{"@type":"PropertyValueSpecification","valueRequired":true,"valueName":"search_term_string"}}],"inLanguage":"fr-FR"},{"@type":"Person","@id":"https:\/\/www.ummto.dz\/fll\/#\/schema\/person\/d03e7460fb5662f3475fff66fa1c5dc8","name":"FLL","url":"https:\/\/www.ummto.dz\/fll\/author\/fll\/"}]}},"_links":{"self":[{"href":"https:\/\/www.ummto.dz\/fll\/wp-json\/wp\/v2\/posts\/4749","targetHints":{"allow":["GET"]}}],"collection":[{"href":"https:\/\/www.ummto.dz\/fll\/wp-json\/wp\/v2\/posts"}],"about":[{"href":"https:\/\/www.ummto.dz\/fll\/wp-json\/wp\/v2\/types\/post"}],"author":[{"embeddable":true,"href":"https:\/\/www.ummto.dz\/fll\/wp-json\/wp\/v2\/users\/3"}],"replies":[{"embeddable":true,"href":"https:\/\/www.ummto.dz\/fll\/wp-json\/wp\/v2\/comments?post=4749"}],"version-history":[{"count":3,"href":"https:\/\/www.ummto.dz\/fll\/wp-json\/wp\/v2\/posts\/4749\/revisions"}],"predecessor-version":[{"id":4754,"href":"https:\/\/www.ummto.dz\/fll\/wp-json\/wp\/v2\/posts\/4749\/revisions\/4754"}],"wp:featuredmedia":[{"embeddable":true,"href":"https:\/\/www.ummto.dz\/fll\/wp-json\/wp\/v2\/media\/2969"}],"wp:attachment":[{"href":"https:\/\/www.ummto.dz\/fll\/wp-json\/wp\/v2\/media?parent=4749"}],"wp:term":[{"taxonomy":"category","embeddable":true,"href":"https:\/\/www.ummto.dz\/fll\/wp-json\/wp\/v2\/categories?post=4749"},{"taxonomy":"post_tag","embeddable":true,"href":"https:\/\/www.ummto.dz\/fll\/wp-json\/wp\/v2\/tags?post=4749"}],"curies":[{"name":"wp","href":"https:\/\/api.w.org\/{rel}","templated":true}]}}