{"id":4756,"date":"2023-06-14T14:46:08","date_gmt":"2023-06-14T12:46:08","guid":{"rendered":"https:\/\/www.ummto.dz\/fll\/?p=4756"},"modified":"2023-06-14T14:58:29","modified_gmt":"2023-06-14T12:58:29","slug":"condoleances-6","status":"publish","type":"post","link":"https:\/\/www.ummto.dz\/fll\/condoleances-6\/","title":{"rendered":"Condol\u00e9ances"},"content":{"rendered":"<p>[et_pb_section fb_built=\u00a0\u00bb1&Prime; _builder_version=\u00a0\u00bb4.21.0&Prime; _module_preset=\u00a0\u00bbdefault\u00a0\u00bb global_colors_info=\u00a0\u00bb{}\u00a0\u00bb][et_pb_row _builder_version=\u00a0\u00bb4.21.0&Prime; _module_preset=\u00a0\u00bbdefault\u00a0\u00bb global_colors_info=\u00a0\u00bb{}\u00a0\u00bb][et_pb_column type=\u00a0\u00bb4_4&Prime; _builder_version=\u00a0\u00bb4.21.0&Prime; _module_preset=\u00a0\u00bbdefault\u00a0\u00bb global_colors_info=\u00a0\u00bb{}\u00a0\u00bb][et_pb_text _builder_version=\u00a0\u00bb4.21.0&Prime; _module_preset=\u00a0\u00bbdefault\u00a0\u00bb hover_enabled=\u00a0\u00bb0&Prime; global_colors_info=\u00a0\u00bb{}\u00a0\u00bb sticky_enabled=\u00a0\u00bb0&Prime;]<\/p>\n<p>C\u2019est avec douleur et consternation que nous avons appris la nouvelle du d\u00e9c\u00e8s du\u00a0 p\u00e8re de notre coll\u00e8gue Mme AKRICHE TASSADIT, fonctionnaire ATS au service des Finances de la Facult\u00e9.<br \/>En ces douloureuses circonstances, nous lui pr\u00e9sentons nos condol\u00e9ances les plus attrist\u00e9es, et l\u2019assurons de notre profonde sympathie.<br \/>L\u2019enterrement a eu lieu JEUDI 14\/06\/2023, au village AZIB OUHEDDAD dans la commune de OUAGUENOUN.<\/p>\n<p>NB: un bus est r\u00e9serv\u00e9 de la facult\u00e9 des lettres et des langues \u00e0 OUAGUENOUN \u00e0 10H<\/p>\n<p>[\/et_pb_text][\/et_pb_column][\/et_pb_row][\/et_pb_section]<\/p>\n","protected":false},"excerpt":{"rendered":"<p>C\u2019est avec douleur et consternation que nous avons appris la nouvelle du d\u00e9c\u00e8s du\u00a0 p\u00e8re de notre coll\u00e8gue Mme AKRICHE TASSADIT, fonctionnaire ATS au service des Finances de la Facult\u00e9.En ces douloureuses circonstances, nous lui pr\u00e9sentons nos condol\u00e9ances les plus attrist\u00e9es, et l\u2019assurons de notre profonde sympathie.L\u2019enterrement a eu lieu JEUDI 14\/06\/2023, au village AZIB [&hellip;]<\/p>\n","protected":false},"author":3,"featured_media":3662,"comment_status":"closed","ping_status":"closed","sticky":false,"template":"","format":"standard","meta":{"_et_pb_use_builder":"on","_et_pb_old_content":"","_et_gb_content_width":"","footnotes":""},"categories":[7],"tags":[],"class_list":["post-4756","post","type-post","status-publish","format-standard","has-post-thumbnail","hentry","category-actualite"],"yoast_head":"<!-- This site is optimized with the Yoast SEO plugin v27.3 - https:\/\/yoast.com\/product\/yoast-seo-wordpress\/ -->\n<title>Condol\u00e9ances - Facult\u00e9 des Lettres et des Langues<\/title>\n<meta name=\"description\" content=\"Condol\u00e9ances\" \/>\n<meta name=\"robots\" content=\"index, follow, max-snippet:-1, max-image-preview:large, max-video-preview:-1\" \/>\n<link rel=\"canonical\" href=\"https:\/\/www.ummto.dz\/fll\/condoleances-6\/\" \/>\n<meta property=\"og:locale\" content=\"fr_FR\" \/>\n<meta property=\"og:type\" content=\"article\" \/>\n<meta property=\"og:title\" content=\"Condol\u00e9ances - Facult\u00e9 des Lettres et des Langues\" \/>\n<meta property=\"og:description\" content=\"Condol\u00e9ances\" \/>\n<meta property=\"og:url\" content=\"https:\/\/www.ummto.dz\/fll\/condoleances-6\/\" \/>\n<meta property=\"og:site_name\" content=\"Facult\u00e9 des Lettres et des Langues\" \/>\n<meta property=\"article:published_time\" content=\"2023-06-14T12:46:08+00:00\" \/>\n<meta property=\"article:modified_time\" content=\"2023-06-14T12:58:29+00:00\" \/>\n<meta property=\"og:image\" content=\"https:\/\/www.ummto.dz\/fll\/wp-content\/uploads\/2022\/02\/Condoleances-1-1.webp\" \/>\n\t<meta property=\"og:image:width\" content=\"250\" \/>\n\t<meta property=\"og:image:height\" content=\"250\" \/>\n\t<meta property=\"og:image:type\" content=\"image\/webp\" \/>\n<meta name=\"author\" content=\"FLL\" \/>\n<meta name=\"twitter:card\" content=\"summary_large_image\" \/>\n<meta name=\"twitter:label1\" content=\"\u00c9crit par\" \/>\n\t<meta name=\"twitter:data1\" content=\"FLL\" \/>\n<script type=\"application\/ld+json\" class=\"yoast-schema-graph\">{\"@context\":\"https:\\\/\\\/schema.org\",\"@graph\":[{\"@type\":\"Article\",\"@id\":\"https:\\\/\\\/www.ummto.dz\\\/fll\\\/condoleances-6\\\/#article\",\"isPartOf\":{\"@id\":\"https:\\\/\\\/www.ummto.dz\\\/fll\\\/condoleances-6\\\/\"},\"author\":{\"name\":\"FLL\",\"@id\":\"https:\\\/\\\/www.ummto.dz\\\/fll\\\/#\\\/schema\\\/person\\\/d03e7460fb5662f3475fff66fa1c5dc8\"},\"headline\":\"Condol\u00e9ances\",\"datePublished\":\"2023-06-14T12:46:08+00:00\",\"dateModified\":\"2023-06-14T12:58:29+00:00\",\"mainEntityOfPage\":{\"@id\":\"https:\\\/\\\/www.ummto.dz\\\/fll\\\/condoleances-6\\\/\"},\"wordCount\":153,\"image\":{\"@id\":\"https:\\\/\\\/www.ummto.dz\\\/fll\\\/condoleances-6\\\/#primaryimage\"},\"thumbnailUrl\":\"https:\\\/\\\/www.ummto.dz\\\/fll\\\/wp-content\\\/uploads\\\/2022\\\/02\\\/Condoleances-1-1.webp\",\"articleSection\":[\"Actualit\u00e9\"],\"inLanguage\":\"fr-FR\"},{\"@type\":\"WebPage\",\"@id\":\"https:\\\/\\\/www.ummto.dz\\\/fll\\\/condoleances-6\\\/\",\"url\":\"https:\\\/\\\/www.ummto.dz\\\/fll\\\/condoleances-6\\\/\",\"name\":\"Condol\u00e9ances - Facult\u00e9 des Lettres et des Langues\",\"isPartOf\":{\"@id\":\"https:\\\/\\\/www.ummto.dz\\\/fll\\\/#website\"},\"primaryImageOfPage\":{\"@id\":\"https:\\\/\\\/www.ummto.dz\\\/fll\\\/condoleances-6\\\/#primaryimage\"},\"image\":{\"@id\":\"https:\\\/\\\/www.ummto.dz\\\/fll\\\/condoleances-6\\\/#primaryimage\"},\"thumbnailUrl\":\"https:\\\/\\\/www.ummto.dz\\\/fll\\\/wp-content\\\/uploads\\\/2022\\\/02\\\/Condoleances-1-1.webp\",\"datePublished\":\"2023-06-14T12:46:08+00:00\",\"dateModified\":\"2023-06-14T12:58:29+00:00\",\"author\":{\"@id\":\"https:\\\/\\\/www.ummto.dz\\\/fll\\\/#\\\/schema\\\/person\\\/d03e7460fb5662f3475fff66fa1c5dc8\"},\"description\":\"Condol\u00e9ances\",\"breadcrumb\":{\"@id\":\"https:\\\/\\\/www.ummto.dz\\\/fll\\\/condoleances-6\\\/#breadcrumb\"},\"inLanguage\":\"fr-FR\",\"potentialAction\":[{\"@type\":\"ReadAction\",\"target\":[\"https:\\\/\\\/www.ummto.dz\\\/fll\\\/condoleances-6\\\/\"]}]},{\"@type\":\"ImageObject\",\"inLanguage\":\"fr-FR\",\"@id\":\"https:\\\/\\\/www.ummto.dz\\\/fll\\\/condoleances-6\\\/#primaryimage\",\"url\":\"https:\\\/\\\/www.ummto.dz\\\/fll\\\/wp-content\\\/uploads\\\/2022\\\/02\\\/Condoleances-1-1.webp\",\"contentUrl\":\"https:\\\/\\\/www.ummto.dz\\\/fll\\\/wp-content\\\/uploads\\\/2022\\\/02\\\/Condoleances-1-1.webp\",\"width\":250,\"height\":250,\"caption\":\"Condoleances-1\"},{\"@type\":\"BreadcrumbList\",\"@id\":\"https:\\\/\\\/www.ummto.dz\\\/fll\\\/condoleances-6\\\/#breadcrumb\",\"itemListElement\":[{\"@type\":\"ListItem\",\"position\":1,\"name\":\"Accueil\",\"item\":\"https:\\\/\\\/www.ummto.dz\\\/fll\\\/\"},{\"@type\":\"ListItem\",\"position\":2,\"name\":\"Condol\u00e9ances\"}]},{\"@type\":\"WebSite\",\"@id\":\"https:\\\/\\\/www.ummto.dz\\\/fll\\\/#website\",\"url\":\"https:\\\/\\\/www.ummto.dz\\\/fll\\\/\",\"name\":\"Facult\u00e9 des Lettres et des Langues\",\"description\":\"Facult\u00e9 des Lettres et des Langues\",\"potentialAction\":[{\"@type\":\"SearchAction\",\"target\":{\"@type\":\"EntryPoint\",\"urlTemplate\":\"https:\\\/\\\/www.ummto.dz\\\/fll\\\/?s={search_term_string}\"},\"query-input\":{\"@type\":\"PropertyValueSpecification\",\"valueRequired\":true,\"valueName\":\"search_term_string\"}}],\"inLanguage\":\"fr-FR\"},{\"@type\":\"Person\",\"@id\":\"https:\\\/\\\/www.ummto.dz\\\/fll\\\/#\\\/schema\\\/person\\\/d03e7460fb5662f3475fff66fa1c5dc8\",\"name\":\"FLL\",\"url\":\"https:\\\/\\\/www.ummto.dz\\\/fll\\\/author\\\/fll\\\/\"}]}<\/script>\n<!-- \/ Yoast SEO plugin. -->","yoast_head_json":{"title":"Condol\u00e9ances - Facult\u00e9 des Lettres et des Langues","description":"Condol\u00e9ances","robots":{"index":"index","follow":"follow","max-snippet":"max-snippet:-1","max-image-preview":"max-image-preview:large","max-video-preview":"max-video-preview:-1"},"canonical":"https:\/\/www.ummto.dz\/fll\/condoleances-6\/","og_locale":"fr_FR","og_type":"article","og_title":"Condol\u00e9ances - Facult\u00e9 des Lettres et des Langues","og_description":"Condol\u00e9ances","og_url":"https:\/\/www.ummto.dz\/fll\/condoleances-6\/","og_site_name":"Facult\u00e9 des Lettres et des Langues","article_published_time":"2023-06-14T12:46:08+00:00","article_modified_time":"2023-06-14T12:58:29+00:00","og_image":[{"width":250,"height":250,"url":"https:\/\/www.ummto.dz\/fll\/wp-content\/uploads\/2022\/02\/Condoleances-1-1.webp","type":"image\/webp"}],"author":"FLL","twitter_card":"summary_large_image","twitter_misc":{"\u00c9crit par":"FLL"},"schema":{"@context":"https:\/\/schema.org","@graph":[{"@type":"Article","@id":"https:\/\/www.ummto.dz\/fll\/condoleances-6\/#article","isPartOf":{"@id":"https:\/\/www.ummto.dz\/fll\/condoleances-6\/"},"author":{"name":"FLL","@id":"https:\/\/www.ummto.dz\/fll\/#\/schema\/person\/d03e7460fb5662f3475fff66fa1c5dc8"},"headline":"Condol\u00e9ances","datePublished":"2023-06-14T12:46:08+00:00","dateModified":"2023-06-14T12:58:29+00:00","mainEntityOfPage":{"@id":"https:\/\/www.ummto.dz\/fll\/condoleances-6\/"},"wordCount":153,"image":{"@id":"https:\/\/www.ummto.dz\/fll\/condoleances-6\/#primaryimage"},"thumbnailUrl":"https:\/\/www.ummto.dz\/fll\/wp-content\/uploads\/2022\/02\/Condoleances-1-1.webp","articleSection":["Actualit\u00e9"],"inLanguage":"fr-FR"},{"@type":"WebPage","@id":"https:\/\/www.ummto.dz\/fll\/condoleances-6\/","url":"https:\/\/www.ummto.dz\/fll\/condoleances-6\/","name":"Condol\u00e9ances - Facult\u00e9 des Lettres et des Langues","isPartOf":{"@id":"https:\/\/www.ummto.dz\/fll\/#website"},"primaryImageOfPage":{"@id":"https:\/\/www.ummto.dz\/fll\/condoleances-6\/#primaryimage"},"image":{"@id":"https:\/\/www.ummto.dz\/fll\/condoleances-6\/#primaryimage"},"thumbnailUrl":"https:\/\/www.ummto.dz\/fll\/wp-content\/uploads\/2022\/02\/Condoleances-1-1.webp","datePublished":"2023-06-14T12:46:08+00:00","dateModified":"2023-06-14T12:58:29+00:00","author":{"@id":"https:\/\/www.ummto.dz\/fll\/#\/schema\/person\/d03e7460fb5662f3475fff66fa1c5dc8"},"description":"Condol\u00e9ances","breadcrumb":{"@id":"https:\/\/www.ummto.dz\/fll\/condoleances-6\/#breadcrumb"},"inLanguage":"fr-FR","potentialAction":[{"@type":"ReadAction","target":["https:\/\/www.ummto.dz\/fll\/condoleances-6\/"]}]},{"@type":"ImageObject","inLanguage":"fr-FR","@id":"https:\/\/www.ummto.dz\/fll\/condoleances-6\/#primaryimage","url":"https:\/\/www.ummto.dz\/fll\/wp-content\/uploads\/2022\/02\/Condoleances-1-1.webp","contentUrl":"https:\/\/www.ummto.dz\/fll\/wp-content\/uploads\/2022\/02\/Condoleances-1-1.webp","width":250,"height":250,"caption":"Condoleances-1"},{"@type":"BreadcrumbList","@id":"https:\/\/www.ummto.dz\/fll\/condoleances-6\/#breadcrumb","itemListElement":[{"@type":"ListItem","position":1,"name":"Accueil","item":"https:\/\/www.ummto.dz\/fll\/"},{"@type":"ListItem","position":2,"name":"Condol\u00e9ances"}]},{"@type":"WebSite","@id":"https:\/\/www.ummto.dz\/fll\/#website","url":"https:\/\/www.ummto.dz\/fll\/","name":"Facult\u00e9 des Lettres et des Langues","description":"Facult\u00e9 des Lettres et des Langues","potentialAction":[{"@type":"SearchAction","target":{"@type":"EntryPoint","urlTemplate":"https:\/\/www.ummto.dz\/fll\/?s={search_term_string}"},"query-input":{"@type":"PropertyValueSpecification","valueRequired":true,"valueName":"search_term_string"}}],"inLanguage":"fr-FR"},{"@type":"Person","@id":"https:\/\/www.ummto.dz\/fll\/#\/schema\/person\/d03e7460fb5662f3475fff66fa1c5dc8","name":"FLL","url":"https:\/\/www.ummto.dz\/fll\/author\/fll\/"}]}},"_links":{"self":[{"href":"https:\/\/www.ummto.dz\/fll\/wp-json\/wp\/v2\/posts\/4756","targetHints":{"allow":["GET"]}}],"collection":[{"href":"https:\/\/www.ummto.dz\/fll\/wp-json\/wp\/v2\/posts"}],"about":[{"href":"https:\/\/www.ummto.dz\/fll\/wp-json\/wp\/v2\/types\/post"}],"author":[{"embeddable":true,"href":"https:\/\/www.ummto.dz\/fll\/wp-json\/wp\/v2\/users\/3"}],"replies":[{"embeddable":true,"href":"https:\/\/www.ummto.dz\/fll\/wp-json\/wp\/v2\/comments?post=4756"}],"version-history":[{"count":3,"href":"https:\/\/www.ummto.dz\/fll\/wp-json\/wp\/v2\/posts\/4756\/revisions"}],"predecessor-version":[{"id":4761,"href":"https:\/\/www.ummto.dz\/fll\/wp-json\/wp\/v2\/posts\/4756\/revisions\/4761"}],"wp:featuredmedia":[{"embeddable":true,"href":"https:\/\/www.ummto.dz\/fll\/wp-json\/wp\/v2\/media\/3662"}],"wp:attachment":[{"href":"https:\/\/www.ummto.dz\/fll\/wp-json\/wp\/v2\/media?parent=4756"}],"wp:term":[{"taxonomy":"category","embeddable":true,"href":"https:\/\/www.ummto.dz\/fll\/wp-json\/wp\/v2\/categories?post=4756"},{"taxonomy":"post_tag","embeddable":true,"href":"https:\/\/www.ummto.dz\/fll\/wp-json\/wp\/v2\/tags?post=4756"}],"curies":[{"name":"wp","href":"https:\/\/api.w.org\/{rel}","templated":true}]}}