{"id":4850,"date":"2023-09-19T11:37:13","date_gmt":"2023-09-19T09:37:13","guid":{"rendered":"https:\/\/www.ummto.dz\/fll\/?p=4850"},"modified":"2023-09-19T11:37:14","modified_gmt":"2023-09-19T09:37:14","slug":"avis-aux-nouveaux-bacheliers","status":"publish","type":"post","link":"https:\/\/www.ummto.dz\/fll\/avis-aux-nouveaux-bacheliers\/","title":{"rendered":"Facult\u00e9 des Lettres et des Langues: Avis aux nouveaux bacheliers"},"content":{"rendered":"<p>[et_pb_section fb_built=\u00a0\u00bb1&Prime; theme_builder_area=\u00a0\u00bbpost_content\u00a0\u00bb _builder_version=\u00a0\u00bb4.22.1&Prime; _module_preset=\u00a0\u00bbdefault\u00a0\u00bb][et_pb_row _builder_version=\u00a0\u00bb4.22.1&Prime; _module_preset=\u00a0\u00bbdefault\u00a0\u00bb theme_builder_area=\u00a0\u00bbpost_content\u00a0\u00bb][et_pb_column _builder_version=\u00a0\u00bb4.22.1&Prime; _module_preset=\u00a0\u00bbdefault\u00a0\u00bb type=\u00a0\u00bb4_4&Prime; theme_builder_area=\u00a0\u00bbpost_content\u00a0\u00bb][et_pb_text _builder_version=\u00a0\u00bb4.22.1&Prime; _module_preset=\u00a0\u00bbdefault\u00a0\u00bb theme_builder_area=\u00a0\u00bbpost_content\u00a0\u00bb hover_enabled=\u00a0\u00bb0&Prime; sticky_enabled=\u00a0\u00bb0&Prime;]<\/p>\n<p>Les nouveaux bacheliers orient\u00e9s vers la facult\u00e9 des Lettres et des Langues sont pri\u00e9s de se pr\u00e9senter \u00e0 leurs d\u00e9partements respectifs du <span style=\"text-decoration: underline\"><strong>20<\/strong><\/span> au <span style=\"text-decoration: underline\"><strong>26 Septembre<\/strong><\/span> afin de retirer leurs certificats de scolarit\u00e9de premi\u00e8re ann\u00e9e.<\/p>\n<p><span style=\"text-decoration: underline\"><strong>N.B<\/strong><\/span>: les \u00e9tudiants sont tenus de respecter les delais et les lieux.<\/p>\n<p>[\/et_pb_text][\/et_pb_column][\/et_pb_row][\/et_pb_section]<\/p>\n","protected":false},"excerpt":{"rendered":"<p>Les nouveaux bacheliers orient\u00e9s vers la facult\u00e9 des Lettres et des Langues sont pri\u00e9s de se pr\u00e9senter \u00e0 leurs d\u00e9partements respectifs du 20 au 26 Septembre afin de retirer leurs certificats de scolarit\u00e9de premi\u00e8re ann\u00e9e. N.B: les \u00e9tudiants sont tenus de respecter les delais et les lieux.<\/p>\n","protected":false},"author":3,"featured_media":4851,"comment_status":"closed","ping_status":"closed","sticky":false,"template":"","format":"standard","meta":{"_et_pb_use_builder":"on","_et_pb_old_content":"","_et_gb_content_width":"","footnotes":""},"categories":[7],"tags":[],"class_list":["post-4850","post","type-post","status-publish","format-standard","has-post-thumbnail","hentry","category-actualite"],"yoast_head":"<!-- This site is optimized with the Yoast SEO plugin v27.3 - https:\/\/yoast.com\/product\/yoast-seo-wordpress\/ -->\n<title>Facult\u00e9 des Lettres et des Langues: Avis aux nouveaux bacheliers - Facult\u00e9 des Lettres et des Langues<\/title>\n<meta name=\"description\" content=\"Avis aux nouveaux bacheliers\" \/>\n<meta name=\"robots\" content=\"index, follow, max-snippet:-1, max-image-preview:large, max-video-preview:-1\" \/>\n<link rel=\"canonical\" href=\"https:\/\/www.ummto.dz\/fll\/avis-aux-nouveaux-bacheliers\/\" \/>\n<meta property=\"og:locale\" content=\"fr_FR\" \/>\n<meta property=\"og:type\" content=\"article\" \/>\n<meta property=\"og:title\" content=\"Facult\u00e9 des Lettres et des Langues: Avis aux nouveaux bacheliers - Facult\u00e9 des Lettres et des Langues\" \/>\n<meta property=\"og:description\" content=\"Avis aux nouveaux bacheliers\" \/>\n<meta property=\"og:url\" content=\"https:\/\/www.ummto.dz\/fll\/avis-aux-nouveaux-bacheliers\/\" \/>\n<meta property=\"og:site_name\" content=\"Facult\u00e9 des Lettres et des Langues\" \/>\n<meta property=\"article:published_time\" content=\"2023-09-19T09:37:13+00:00\" \/>\n<meta property=\"article:modified_time\" content=\"2023-09-19T09:37:14+00:00\" \/>\n<meta property=\"og:image\" content=\"https:\/\/www.ummto.dz\/fll\/wp-content\/uploads\/2023\/09\/Nouveaux-bacheliers.webp\" \/>\n\t<meta property=\"og:image:width\" content=\"250\" \/>\n\t<meta property=\"og:image:height\" content=\"250\" \/>\n\t<meta property=\"og:image:type\" content=\"image\/webp\" \/>\n<meta name=\"author\" content=\"FLL\" \/>\n<meta name=\"twitter:card\" content=\"summary_large_image\" \/>\n<meta name=\"twitter:label1\" content=\"\u00c9crit par\" \/>\n\t<meta name=\"twitter:data1\" content=\"FLL\" \/>\n<script type=\"application\/ld+json\" class=\"yoast-schema-graph\">{\"@context\":\"https:\\\/\\\/schema.org\",\"@graph\":[{\"@type\":\"Article\",\"@id\":\"https:\\\/\\\/www.ummto.dz\\\/fll\\\/avis-aux-nouveaux-bacheliers\\\/#article\",\"isPartOf\":{\"@id\":\"https:\\\/\\\/www.ummto.dz\\\/fll\\\/avis-aux-nouveaux-bacheliers\\\/\"},\"author\":{\"name\":\"FLL\",\"@id\":\"https:\\\/\\\/www.ummto.dz\\\/fll\\\/#\\\/schema\\\/person\\\/d03e7460fb5662f3475fff66fa1c5dc8\"},\"headline\":\"Facult\u00e9 des Lettres et des Langues: Avis aux nouveaux bacheliers\",\"datePublished\":\"2023-09-19T09:37:13+00:00\",\"dateModified\":\"2023-09-19T09:37:14+00:00\",\"mainEntityOfPage\":{\"@id\":\"https:\\\/\\\/www.ummto.dz\\\/fll\\\/avis-aux-nouveaux-bacheliers\\\/\"},\"wordCount\":133,\"image\":{\"@id\":\"https:\\\/\\\/www.ummto.dz\\\/fll\\\/avis-aux-nouveaux-bacheliers\\\/#primaryimage\"},\"thumbnailUrl\":\"https:\\\/\\\/www.ummto.dz\\\/fll\\\/wp-content\\\/uploads\\\/2023\\\/09\\\/Nouveaux-bacheliers.webp\",\"articleSection\":[\"Actualit\u00e9\"],\"inLanguage\":\"fr-FR\"},{\"@type\":\"WebPage\",\"@id\":\"https:\\\/\\\/www.ummto.dz\\\/fll\\\/avis-aux-nouveaux-bacheliers\\\/\",\"url\":\"https:\\\/\\\/www.ummto.dz\\\/fll\\\/avis-aux-nouveaux-bacheliers\\\/\",\"name\":\"Facult\u00e9 des Lettres et des Langues: Avis aux nouveaux bacheliers - Facult\u00e9 des Lettres et des Langues\",\"isPartOf\":{\"@id\":\"https:\\\/\\\/www.ummto.dz\\\/fll\\\/#website\"},\"primaryImageOfPage\":{\"@id\":\"https:\\\/\\\/www.ummto.dz\\\/fll\\\/avis-aux-nouveaux-bacheliers\\\/#primaryimage\"},\"image\":{\"@id\":\"https:\\\/\\\/www.ummto.dz\\\/fll\\\/avis-aux-nouveaux-bacheliers\\\/#primaryimage\"},\"thumbnailUrl\":\"https:\\\/\\\/www.ummto.dz\\\/fll\\\/wp-content\\\/uploads\\\/2023\\\/09\\\/Nouveaux-bacheliers.webp\",\"datePublished\":\"2023-09-19T09:37:13+00:00\",\"dateModified\":\"2023-09-19T09:37:14+00:00\",\"author\":{\"@id\":\"https:\\\/\\\/www.ummto.dz\\\/fll\\\/#\\\/schema\\\/person\\\/d03e7460fb5662f3475fff66fa1c5dc8\"},\"description\":\"Avis aux nouveaux bacheliers\",\"breadcrumb\":{\"@id\":\"https:\\\/\\\/www.ummto.dz\\\/fll\\\/avis-aux-nouveaux-bacheliers\\\/#breadcrumb\"},\"inLanguage\":\"fr-FR\",\"potentialAction\":[{\"@type\":\"ReadAction\",\"target\":[\"https:\\\/\\\/www.ummto.dz\\\/fll\\\/avis-aux-nouveaux-bacheliers\\\/\"]}]},{\"@type\":\"ImageObject\",\"inLanguage\":\"fr-FR\",\"@id\":\"https:\\\/\\\/www.ummto.dz\\\/fll\\\/avis-aux-nouveaux-bacheliers\\\/#primaryimage\",\"url\":\"https:\\\/\\\/www.ummto.dz\\\/fll\\\/wp-content\\\/uploads\\\/2023\\\/09\\\/Nouveaux-bacheliers.webp\",\"contentUrl\":\"https:\\\/\\\/www.ummto.dz\\\/fll\\\/wp-content\\\/uploads\\\/2023\\\/09\\\/Nouveaux-bacheliers.webp\",\"width\":250,\"height\":250},{\"@type\":\"BreadcrumbList\",\"@id\":\"https:\\\/\\\/www.ummto.dz\\\/fll\\\/avis-aux-nouveaux-bacheliers\\\/#breadcrumb\",\"itemListElement\":[{\"@type\":\"ListItem\",\"position\":1,\"name\":\"Accueil\",\"item\":\"https:\\\/\\\/www.ummto.dz\\\/fll\\\/\"},{\"@type\":\"ListItem\",\"position\":2,\"name\":\"Facult\u00e9 des Lettres et des Langues: Avis aux nouveaux bacheliers\"}]},{\"@type\":\"WebSite\",\"@id\":\"https:\\\/\\\/www.ummto.dz\\\/fll\\\/#website\",\"url\":\"https:\\\/\\\/www.ummto.dz\\\/fll\\\/\",\"name\":\"Facult\u00e9 des Lettres et des Langues\",\"description\":\"Facult\u00e9 des Lettres et des Langues\",\"potentialAction\":[{\"@type\":\"SearchAction\",\"target\":{\"@type\":\"EntryPoint\",\"urlTemplate\":\"https:\\\/\\\/www.ummto.dz\\\/fll\\\/?s={search_term_string}\"},\"query-input\":{\"@type\":\"PropertyValueSpecification\",\"valueRequired\":true,\"valueName\":\"search_term_string\"}}],\"inLanguage\":\"fr-FR\"},{\"@type\":\"Person\",\"@id\":\"https:\\\/\\\/www.ummto.dz\\\/fll\\\/#\\\/schema\\\/person\\\/d03e7460fb5662f3475fff66fa1c5dc8\",\"name\":\"FLL\",\"url\":\"https:\\\/\\\/www.ummto.dz\\\/fll\\\/author\\\/fll\\\/\"}]}<\/script>\n<!-- \/ Yoast SEO plugin. -->","yoast_head_json":{"title":"Facult\u00e9 des Lettres et des Langues: Avis aux nouveaux bacheliers - Facult\u00e9 des Lettres et des Langues","description":"Avis aux nouveaux bacheliers","robots":{"index":"index","follow":"follow","max-snippet":"max-snippet:-1","max-image-preview":"max-image-preview:large","max-video-preview":"max-video-preview:-1"},"canonical":"https:\/\/www.ummto.dz\/fll\/avis-aux-nouveaux-bacheliers\/","og_locale":"fr_FR","og_type":"article","og_title":"Facult\u00e9 des Lettres et des Langues: Avis aux nouveaux bacheliers - Facult\u00e9 des Lettres et des Langues","og_description":"Avis aux nouveaux bacheliers","og_url":"https:\/\/www.ummto.dz\/fll\/avis-aux-nouveaux-bacheliers\/","og_site_name":"Facult\u00e9 des Lettres et des Langues","article_published_time":"2023-09-19T09:37:13+00:00","article_modified_time":"2023-09-19T09:37:14+00:00","og_image":[{"width":250,"height":250,"url":"https:\/\/www.ummto.dz\/fll\/wp-content\/uploads\/2023\/09\/Nouveaux-bacheliers.webp","type":"image\/webp"}],"author":"FLL","twitter_card":"summary_large_image","twitter_misc":{"\u00c9crit par":"FLL"},"schema":{"@context":"https:\/\/schema.org","@graph":[{"@type":"Article","@id":"https:\/\/www.ummto.dz\/fll\/avis-aux-nouveaux-bacheliers\/#article","isPartOf":{"@id":"https:\/\/www.ummto.dz\/fll\/avis-aux-nouveaux-bacheliers\/"},"author":{"name":"FLL","@id":"https:\/\/www.ummto.dz\/fll\/#\/schema\/person\/d03e7460fb5662f3475fff66fa1c5dc8"},"headline":"Facult\u00e9 des Lettres et des Langues: Avis aux nouveaux bacheliers","datePublished":"2023-09-19T09:37:13+00:00","dateModified":"2023-09-19T09:37:14+00:00","mainEntityOfPage":{"@id":"https:\/\/www.ummto.dz\/fll\/avis-aux-nouveaux-bacheliers\/"},"wordCount":133,"image":{"@id":"https:\/\/www.ummto.dz\/fll\/avis-aux-nouveaux-bacheliers\/#primaryimage"},"thumbnailUrl":"https:\/\/www.ummto.dz\/fll\/wp-content\/uploads\/2023\/09\/Nouveaux-bacheliers.webp","articleSection":["Actualit\u00e9"],"inLanguage":"fr-FR"},{"@type":"WebPage","@id":"https:\/\/www.ummto.dz\/fll\/avis-aux-nouveaux-bacheliers\/","url":"https:\/\/www.ummto.dz\/fll\/avis-aux-nouveaux-bacheliers\/","name":"Facult\u00e9 des Lettres et des Langues: Avis aux nouveaux bacheliers - Facult\u00e9 des Lettres et des Langues","isPartOf":{"@id":"https:\/\/www.ummto.dz\/fll\/#website"},"primaryImageOfPage":{"@id":"https:\/\/www.ummto.dz\/fll\/avis-aux-nouveaux-bacheliers\/#primaryimage"},"image":{"@id":"https:\/\/www.ummto.dz\/fll\/avis-aux-nouveaux-bacheliers\/#primaryimage"},"thumbnailUrl":"https:\/\/www.ummto.dz\/fll\/wp-content\/uploads\/2023\/09\/Nouveaux-bacheliers.webp","datePublished":"2023-09-19T09:37:13+00:00","dateModified":"2023-09-19T09:37:14+00:00","author":{"@id":"https:\/\/www.ummto.dz\/fll\/#\/schema\/person\/d03e7460fb5662f3475fff66fa1c5dc8"},"description":"Avis aux nouveaux bacheliers","breadcrumb":{"@id":"https:\/\/www.ummto.dz\/fll\/avis-aux-nouveaux-bacheliers\/#breadcrumb"},"inLanguage":"fr-FR","potentialAction":[{"@type":"ReadAction","target":["https:\/\/www.ummto.dz\/fll\/avis-aux-nouveaux-bacheliers\/"]}]},{"@type":"ImageObject","inLanguage":"fr-FR","@id":"https:\/\/www.ummto.dz\/fll\/avis-aux-nouveaux-bacheliers\/#primaryimage","url":"https:\/\/www.ummto.dz\/fll\/wp-content\/uploads\/2023\/09\/Nouveaux-bacheliers.webp","contentUrl":"https:\/\/www.ummto.dz\/fll\/wp-content\/uploads\/2023\/09\/Nouveaux-bacheliers.webp","width":250,"height":250},{"@type":"BreadcrumbList","@id":"https:\/\/www.ummto.dz\/fll\/avis-aux-nouveaux-bacheliers\/#breadcrumb","itemListElement":[{"@type":"ListItem","position":1,"name":"Accueil","item":"https:\/\/www.ummto.dz\/fll\/"},{"@type":"ListItem","position":2,"name":"Facult\u00e9 des Lettres et des Langues: Avis aux nouveaux bacheliers"}]},{"@type":"WebSite","@id":"https:\/\/www.ummto.dz\/fll\/#website","url":"https:\/\/www.ummto.dz\/fll\/","name":"Facult\u00e9 des Lettres et des Langues","description":"Facult\u00e9 des Lettres et des Langues","potentialAction":[{"@type":"SearchAction","target":{"@type":"EntryPoint","urlTemplate":"https:\/\/www.ummto.dz\/fll\/?s={search_term_string}"},"query-input":{"@type":"PropertyValueSpecification","valueRequired":true,"valueName":"search_term_string"}}],"inLanguage":"fr-FR"},{"@type":"Person","@id":"https:\/\/www.ummto.dz\/fll\/#\/schema\/person\/d03e7460fb5662f3475fff66fa1c5dc8","name":"FLL","url":"https:\/\/www.ummto.dz\/fll\/author\/fll\/"}]}},"_links":{"self":[{"href":"https:\/\/www.ummto.dz\/fll\/wp-json\/wp\/v2\/posts\/4850","targetHints":{"allow":["GET"]}}],"collection":[{"href":"https:\/\/www.ummto.dz\/fll\/wp-json\/wp\/v2\/posts"}],"about":[{"href":"https:\/\/www.ummto.dz\/fll\/wp-json\/wp\/v2\/types\/post"}],"author":[{"embeddable":true,"href":"https:\/\/www.ummto.dz\/fll\/wp-json\/wp\/v2\/users\/3"}],"replies":[{"embeddable":true,"href":"https:\/\/www.ummto.dz\/fll\/wp-json\/wp\/v2\/comments?post=4850"}],"version-history":[{"count":2,"href":"https:\/\/www.ummto.dz\/fll\/wp-json\/wp\/v2\/posts\/4850\/revisions"}],"predecessor-version":[{"id":4854,"href":"https:\/\/www.ummto.dz\/fll\/wp-json\/wp\/v2\/posts\/4850\/revisions\/4854"}],"wp:featuredmedia":[{"embeddable":true,"href":"https:\/\/www.ummto.dz\/fll\/wp-json\/wp\/v2\/media\/4851"}],"wp:attachment":[{"href":"https:\/\/www.ummto.dz\/fll\/wp-json\/wp\/v2\/media?parent=4850"}],"wp:term":[{"taxonomy":"category","embeddable":true,"href":"https:\/\/www.ummto.dz\/fll\/wp-json\/wp\/v2\/categories?post=4850"},{"taxonomy":"post_tag","embeddable":true,"href":"https:\/\/www.ummto.dz\/fll\/wp-json\/wp\/v2\/tags?post=4850"}],"curies":[{"name":"wp","href":"https:\/\/api.w.org\/{rel}","templated":true}]}}