{"id":4888,"date":"2023-09-21T16:49:04","date_gmt":"2023-09-21T14:49:04","guid":{"rendered":"https:\/\/www.ummto.dz\/fll\/?p=4888"},"modified":"2023-09-21T16:49:05","modified_gmt":"2023-09-21T14:49:05","slug":"nouveaux-bacheliers-cours-inaugural","status":"publish","type":"post","link":"https:\/\/www.ummto.dz\/fll\/nouveaux-bacheliers-cours-inaugural\/","title":{"rendered":"Nouveaux Bacheliers :Cours inaugural"},"content":{"rendered":"<p>[et_pb_section fb_built=\u00a0\u00bb1&Prime; theme_builder_area=\u00a0\u00bbpost_content\u00a0\u00bb _builder_version=\u00a0\u00bb4.22.1&Prime; _module_preset=\u00a0\u00bbdefault\u00a0\u00bb][et_pb_row _builder_version=\u00a0\u00bb4.22.1&Prime; _module_preset=\u00a0\u00bbdefault\u00a0\u00bb theme_builder_area=\u00a0\u00bbpost_content\u00a0\u00bb][et_pb_column _builder_version=\u00a0\u00bb4.22.1&Prime; _module_preset=\u00a0\u00bbdefault\u00a0\u00bb type=\u00a0\u00bb4_4&Prime; theme_builder_area=\u00a0\u00bbpost_content\u00a0\u00bb][et_pb_text _builder_version=\u00a0\u00bb4.22.1&Prime; _module_preset=\u00a0\u00bbdefault\u00a0\u00bb theme_builder_area=\u00a0\u00bbpost_content\u00a0\u00bb text_font_size=\u00a0\u00bb16px\u00a0\u00bb hover_enabled=\u00a0\u00bb0&Prime; sticky_enabled=\u00a0\u00bb0&Prime;]<\/p>\n<div dir=\"auto\" style=\"color: #222222;font-family: Arial, Helvetica, sans-serif;font-size: small;font-style: normal;font-weight: 400;letter-spacing: normal;text-align: justify;text-indent: 0px;text-transform: none;background-color: #ffffff\">1- D\u00e9partement de Fran\u00e7ais : Dimanche 24 Septembre 2023 \u00e0 10h \u00e0 l&rsquo;Amphi Makhlouf (Hasnaoua)<\/div>\n<div dir=\"auto\" style=\"color: #222222;font-family: Arial, Helvetica, sans-serif;font-size: small;font-style: normal;font-weight: 400;letter-spacing: normal;text-align: justify;text-indent: 0px;text-transform: none;background-color: #ffffff\">2-Departement d&rsquo;Anglais : Lundi 25 Septembre 2023 \u00e0 09h \u00e0 l&rsquo;Amphi 201<\/div>\n<div dir=\"auto\" style=\"color: #222222;font-family: Arial, Helvetica, sans-serif;font-size: small;font-style: normal;font-weight: 400;letter-spacing: normal;text-align: justify;text-indent: 0px;text-transform: none;background-color: #ffffff\">3- D\u00e9partement de traduction : Lundi 25 Septembre 2023 \u00e0 10h30 \u00e0 l&rsquo;Amphi 201 (Hasnaoua)<\/div>\n<div dir=\"auto\" style=\"color: #222222;font-family: Arial, Helvetica, sans-serif;font-size: small;font-style: normal;font-weight: 400;letter-spacing: normal;text-align: justify;text-indent: 0px;text-transform: none;background-color: #ffffff\">4- D\u00e9partement de Tamazight : Dimanche 24 Septembre 2023 \u00e0 11h \u00e0 l&rsquo;Amphi 205 (Hasnaoua)<\/div>\n<div dir=\"auto\" style=\"color: #222222;font-family: Arial, Helvetica, sans-serif;font-size: small;font-style: normal;font-weight: 400;letter-spacing: normal;text-align: justify;text-indent: 0px;text-transform: none;background-color: #ffffff\">5- D\u00e9partement d&rsquo;Arabe : Lundi 25 Septembre 2023 \u00e0 10h \u00e0 l&rsquo;Amphi Chaker (Hasnaoua)<\/div>\n<p>[\/et_pb_text][\/et_pb_column][\/et_pb_row][\/et_pb_section]<\/p>\n","protected":false},"excerpt":{"rendered":"<p>1- D\u00e9partement de Fran\u00e7ais : Dimanche 24 Septembre 2023 \u00e0 10h \u00e0 l&rsquo;Amphi Makhlouf (Hasnaoua) 2-Departement d&rsquo;Anglais : Lundi 25 Septembre 2023 \u00e0 09h \u00e0 l&rsquo;Amphi 201 3- D\u00e9partement de traduction : Lundi 25 Septembre 2023 \u00e0 10h30 \u00e0 l&rsquo;Amphi 201 (Hasnaoua) 4- D\u00e9partement de Tamazight : Dimanche 24 Septembre 2023 \u00e0 11h \u00e0 l&rsquo;Amphi [&hellip;]<\/p>\n","protected":false},"author":3,"featured_media":4851,"comment_status":"closed","ping_status":"closed","sticky":false,"template":"","format":"standard","meta":{"_et_pb_use_builder":"on","_et_pb_old_content":"","_et_gb_content_width":"","footnotes":""},"categories":[7],"tags":[],"class_list":["post-4888","post","type-post","status-publish","format-standard","has-post-thumbnail","hentry","category-actualite"],"yoast_head":"<!-- This site is optimized with the Yoast SEO plugin v27.3 - https:\/\/yoast.com\/product\/yoast-seo-wordpress\/ -->\n<title>Nouveaux Bacheliers :Cours inaugural - Facult\u00e9 des Lettres et des Langues<\/title>\n<meta name=\"description\" content=\"Nouveaux Bacheliers :Cours inaugural\" \/>\n<meta name=\"robots\" content=\"index, follow, max-snippet:-1, max-image-preview:large, max-video-preview:-1\" \/>\n<link rel=\"canonical\" href=\"https:\/\/www.ummto.dz\/fll\/nouveaux-bacheliers-cours-inaugural\/\" \/>\n<meta property=\"og:locale\" content=\"fr_FR\" \/>\n<meta property=\"og:type\" content=\"article\" \/>\n<meta property=\"og:title\" content=\"Nouveaux Bacheliers :Cours inaugural - Facult\u00e9 des Lettres et des Langues\" \/>\n<meta property=\"og:description\" content=\"Nouveaux Bacheliers :Cours inaugural\" \/>\n<meta property=\"og:url\" content=\"https:\/\/www.ummto.dz\/fll\/nouveaux-bacheliers-cours-inaugural\/\" \/>\n<meta property=\"og:site_name\" content=\"Facult\u00e9 des Lettres et des Langues\" \/>\n<meta property=\"article:published_time\" content=\"2023-09-21T14:49:04+00:00\" \/>\n<meta property=\"article:modified_time\" content=\"2023-09-21T14:49:05+00:00\" \/>\n<meta property=\"og:image\" content=\"https:\/\/www.ummto.dz\/fll\/wp-content\/uploads\/2023\/09\/Nouveaux-bacheliers.webp\" \/>\n\t<meta property=\"og:image:width\" content=\"250\" \/>\n\t<meta property=\"og:image:height\" content=\"250\" \/>\n\t<meta property=\"og:image:type\" content=\"image\/webp\" \/>\n<meta name=\"author\" content=\"FLL\" \/>\n<meta name=\"twitter:card\" content=\"summary_large_image\" \/>\n<meta name=\"twitter:label1\" content=\"\u00c9crit par\" \/>\n\t<meta name=\"twitter:data1\" content=\"FLL\" \/>\n<script type=\"application\/ld+json\" class=\"yoast-schema-graph\">{\"@context\":\"https:\\\/\\\/schema.org\",\"@graph\":[{\"@type\":\"Article\",\"@id\":\"https:\\\/\\\/www.ummto.dz\\\/fll\\\/nouveaux-bacheliers-cours-inaugural\\\/#article\",\"isPartOf\":{\"@id\":\"https:\\\/\\\/www.ummto.dz\\\/fll\\\/nouveaux-bacheliers-cours-inaugural\\\/\"},\"author\":{\"name\":\"FLL\",\"@id\":\"https:\\\/\\\/www.ummto.dz\\\/fll\\\/#\\\/schema\\\/person\\\/d03e7460fb5662f3475fff66fa1c5dc8\"},\"headline\":\"Nouveaux Bacheliers :Cours inaugural\",\"datePublished\":\"2023-09-21T14:49:04+00:00\",\"dateModified\":\"2023-09-21T14:49:05+00:00\",\"mainEntityOfPage\":{\"@id\":\"https:\\\/\\\/www.ummto.dz\\\/fll\\\/nouveaux-bacheliers-cours-inaugural\\\/\"},\"wordCount\":134,\"image\":{\"@id\":\"https:\\\/\\\/www.ummto.dz\\\/fll\\\/nouveaux-bacheliers-cours-inaugural\\\/#primaryimage\"},\"thumbnailUrl\":\"https:\\\/\\\/www.ummto.dz\\\/fll\\\/wp-content\\\/uploads\\\/2023\\\/09\\\/Nouveaux-bacheliers.webp\",\"articleSection\":[\"Actualit\u00e9\"],\"inLanguage\":\"fr-FR\"},{\"@type\":\"WebPage\",\"@id\":\"https:\\\/\\\/www.ummto.dz\\\/fll\\\/nouveaux-bacheliers-cours-inaugural\\\/\",\"url\":\"https:\\\/\\\/www.ummto.dz\\\/fll\\\/nouveaux-bacheliers-cours-inaugural\\\/\",\"name\":\"Nouveaux Bacheliers :Cours inaugural - Facult\u00e9 des Lettres et des Langues\",\"isPartOf\":{\"@id\":\"https:\\\/\\\/www.ummto.dz\\\/fll\\\/#website\"},\"primaryImageOfPage\":{\"@id\":\"https:\\\/\\\/www.ummto.dz\\\/fll\\\/nouveaux-bacheliers-cours-inaugural\\\/#primaryimage\"},\"image\":{\"@id\":\"https:\\\/\\\/www.ummto.dz\\\/fll\\\/nouveaux-bacheliers-cours-inaugural\\\/#primaryimage\"},\"thumbnailUrl\":\"https:\\\/\\\/www.ummto.dz\\\/fll\\\/wp-content\\\/uploads\\\/2023\\\/09\\\/Nouveaux-bacheliers.webp\",\"datePublished\":\"2023-09-21T14:49:04+00:00\",\"dateModified\":\"2023-09-21T14:49:05+00:00\",\"author\":{\"@id\":\"https:\\\/\\\/www.ummto.dz\\\/fll\\\/#\\\/schema\\\/person\\\/d03e7460fb5662f3475fff66fa1c5dc8\"},\"description\":\"Nouveaux Bacheliers :Cours inaugural\",\"breadcrumb\":{\"@id\":\"https:\\\/\\\/www.ummto.dz\\\/fll\\\/nouveaux-bacheliers-cours-inaugural\\\/#breadcrumb\"},\"inLanguage\":\"fr-FR\",\"potentialAction\":[{\"@type\":\"ReadAction\",\"target\":[\"https:\\\/\\\/www.ummto.dz\\\/fll\\\/nouveaux-bacheliers-cours-inaugural\\\/\"]}]},{\"@type\":\"ImageObject\",\"inLanguage\":\"fr-FR\",\"@id\":\"https:\\\/\\\/www.ummto.dz\\\/fll\\\/nouveaux-bacheliers-cours-inaugural\\\/#primaryimage\",\"url\":\"https:\\\/\\\/www.ummto.dz\\\/fll\\\/wp-content\\\/uploads\\\/2023\\\/09\\\/Nouveaux-bacheliers.webp\",\"contentUrl\":\"https:\\\/\\\/www.ummto.dz\\\/fll\\\/wp-content\\\/uploads\\\/2023\\\/09\\\/Nouveaux-bacheliers.webp\",\"width\":250,\"height\":250},{\"@type\":\"BreadcrumbList\",\"@id\":\"https:\\\/\\\/www.ummto.dz\\\/fll\\\/nouveaux-bacheliers-cours-inaugural\\\/#breadcrumb\",\"itemListElement\":[{\"@type\":\"ListItem\",\"position\":1,\"name\":\"Accueil\",\"item\":\"https:\\\/\\\/www.ummto.dz\\\/fll\\\/\"},{\"@type\":\"ListItem\",\"position\":2,\"name\":\"Nouveaux Bacheliers :Cours inaugural\"}]},{\"@type\":\"WebSite\",\"@id\":\"https:\\\/\\\/www.ummto.dz\\\/fll\\\/#website\",\"url\":\"https:\\\/\\\/www.ummto.dz\\\/fll\\\/\",\"name\":\"Facult\u00e9 des Lettres et des Langues\",\"description\":\"Facult\u00e9 des Lettres et des Langues\",\"potentialAction\":[{\"@type\":\"SearchAction\",\"target\":{\"@type\":\"EntryPoint\",\"urlTemplate\":\"https:\\\/\\\/www.ummto.dz\\\/fll\\\/?s={search_term_string}\"},\"query-input\":{\"@type\":\"PropertyValueSpecification\",\"valueRequired\":true,\"valueName\":\"search_term_string\"}}],\"inLanguage\":\"fr-FR\"},{\"@type\":\"Person\",\"@id\":\"https:\\\/\\\/www.ummto.dz\\\/fll\\\/#\\\/schema\\\/person\\\/d03e7460fb5662f3475fff66fa1c5dc8\",\"name\":\"FLL\",\"url\":\"https:\\\/\\\/www.ummto.dz\\\/fll\\\/author\\\/fll\\\/\"}]}<\/script>\n<!-- \/ Yoast SEO plugin. -->","yoast_head_json":{"title":"Nouveaux Bacheliers :Cours inaugural - Facult\u00e9 des Lettres et des Langues","description":"Nouveaux Bacheliers :Cours inaugural","robots":{"index":"index","follow":"follow","max-snippet":"max-snippet:-1","max-image-preview":"max-image-preview:large","max-video-preview":"max-video-preview:-1"},"canonical":"https:\/\/www.ummto.dz\/fll\/nouveaux-bacheliers-cours-inaugural\/","og_locale":"fr_FR","og_type":"article","og_title":"Nouveaux Bacheliers :Cours inaugural - Facult\u00e9 des Lettres et des Langues","og_description":"Nouveaux Bacheliers :Cours inaugural","og_url":"https:\/\/www.ummto.dz\/fll\/nouveaux-bacheliers-cours-inaugural\/","og_site_name":"Facult\u00e9 des Lettres et des Langues","article_published_time":"2023-09-21T14:49:04+00:00","article_modified_time":"2023-09-21T14:49:05+00:00","og_image":[{"width":250,"height":250,"url":"https:\/\/www.ummto.dz\/fll\/wp-content\/uploads\/2023\/09\/Nouveaux-bacheliers.webp","type":"image\/webp"}],"author":"FLL","twitter_card":"summary_large_image","twitter_misc":{"\u00c9crit par":"FLL"},"schema":{"@context":"https:\/\/schema.org","@graph":[{"@type":"Article","@id":"https:\/\/www.ummto.dz\/fll\/nouveaux-bacheliers-cours-inaugural\/#article","isPartOf":{"@id":"https:\/\/www.ummto.dz\/fll\/nouveaux-bacheliers-cours-inaugural\/"},"author":{"name":"FLL","@id":"https:\/\/www.ummto.dz\/fll\/#\/schema\/person\/d03e7460fb5662f3475fff66fa1c5dc8"},"headline":"Nouveaux Bacheliers :Cours inaugural","datePublished":"2023-09-21T14:49:04+00:00","dateModified":"2023-09-21T14:49:05+00:00","mainEntityOfPage":{"@id":"https:\/\/www.ummto.dz\/fll\/nouveaux-bacheliers-cours-inaugural\/"},"wordCount":134,"image":{"@id":"https:\/\/www.ummto.dz\/fll\/nouveaux-bacheliers-cours-inaugural\/#primaryimage"},"thumbnailUrl":"https:\/\/www.ummto.dz\/fll\/wp-content\/uploads\/2023\/09\/Nouveaux-bacheliers.webp","articleSection":["Actualit\u00e9"],"inLanguage":"fr-FR"},{"@type":"WebPage","@id":"https:\/\/www.ummto.dz\/fll\/nouveaux-bacheliers-cours-inaugural\/","url":"https:\/\/www.ummto.dz\/fll\/nouveaux-bacheliers-cours-inaugural\/","name":"Nouveaux Bacheliers :Cours inaugural - Facult\u00e9 des Lettres et des Langues","isPartOf":{"@id":"https:\/\/www.ummto.dz\/fll\/#website"},"primaryImageOfPage":{"@id":"https:\/\/www.ummto.dz\/fll\/nouveaux-bacheliers-cours-inaugural\/#primaryimage"},"image":{"@id":"https:\/\/www.ummto.dz\/fll\/nouveaux-bacheliers-cours-inaugural\/#primaryimage"},"thumbnailUrl":"https:\/\/www.ummto.dz\/fll\/wp-content\/uploads\/2023\/09\/Nouveaux-bacheliers.webp","datePublished":"2023-09-21T14:49:04+00:00","dateModified":"2023-09-21T14:49:05+00:00","author":{"@id":"https:\/\/www.ummto.dz\/fll\/#\/schema\/person\/d03e7460fb5662f3475fff66fa1c5dc8"},"description":"Nouveaux Bacheliers :Cours inaugural","breadcrumb":{"@id":"https:\/\/www.ummto.dz\/fll\/nouveaux-bacheliers-cours-inaugural\/#breadcrumb"},"inLanguage":"fr-FR","potentialAction":[{"@type":"ReadAction","target":["https:\/\/www.ummto.dz\/fll\/nouveaux-bacheliers-cours-inaugural\/"]}]},{"@type":"ImageObject","inLanguage":"fr-FR","@id":"https:\/\/www.ummto.dz\/fll\/nouveaux-bacheliers-cours-inaugural\/#primaryimage","url":"https:\/\/www.ummto.dz\/fll\/wp-content\/uploads\/2023\/09\/Nouveaux-bacheliers.webp","contentUrl":"https:\/\/www.ummto.dz\/fll\/wp-content\/uploads\/2023\/09\/Nouveaux-bacheliers.webp","width":250,"height":250},{"@type":"BreadcrumbList","@id":"https:\/\/www.ummto.dz\/fll\/nouveaux-bacheliers-cours-inaugural\/#breadcrumb","itemListElement":[{"@type":"ListItem","position":1,"name":"Accueil","item":"https:\/\/www.ummto.dz\/fll\/"},{"@type":"ListItem","position":2,"name":"Nouveaux Bacheliers :Cours inaugural"}]},{"@type":"WebSite","@id":"https:\/\/www.ummto.dz\/fll\/#website","url":"https:\/\/www.ummto.dz\/fll\/","name":"Facult\u00e9 des Lettres et des Langues","description":"Facult\u00e9 des Lettres et des Langues","potentialAction":[{"@type":"SearchAction","target":{"@type":"EntryPoint","urlTemplate":"https:\/\/www.ummto.dz\/fll\/?s={search_term_string}"},"query-input":{"@type":"PropertyValueSpecification","valueRequired":true,"valueName":"search_term_string"}}],"inLanguage":"fr-FR"},{"@type":"Person","@id":"https:\/\/www.ummto.dz\/fll\/#\/schema\/person\/d03e7460fb5662f3475fff66fa1c5dc8","name":"FLL","url":"https:\/\/www.ummto.dz\/fll\/author\/fll\/"}]}},"_links":{"self":[{"href":"https:\/\/www.ummto.dz\/fll\/wp-json\/wp\/v2\/posts\/4888","targetHints":{"allow":["GET"]}}],"collection":[{"href":"https:\/\/www.ummto.dz\/fll\/wp-json\/wp\/v2\/posts"}],"about":[{"href":"https:\/\/www.ummto.dz\/fll\/wp-json\/wp\/v2\/types\/post"}],"author":[{"embeddable":true,"href":"https:\/\/www.ummto.dz\/fll\/wp-json\/wp\/v2\/users\/3"}],"replies":[{"embeddable":true,"href":"https:\/\/www.ummto.dz\/fll\/wp-json\/wp\/v2\/comments?post=4888"}],"version-history":[{"count":2,"href":"https:\/\/www.ummto.dz\/fll\/wp-json\/wp\/v2\/posts\/4888\/revisions"}],"predecessor-version":[{"id":4891,"href":"https:\/\/www.ummto.dz\/fll\/wp-json\/wp\/v2\/posts\/4888\/revisions\/4891"}],"wp:featuredmedia":[{"embeddable":true,"href":"https:\/\/www.ummto.dz\/fll\/wp-json\/wp\/v2\/media\/4851"}],"wp:attachment":[{"href":"https:\/\/www.ummto.dz\/fll\/wp-json\/wp\/v2\/media?parent=4888"}],"wp:term":[{"taxonomy":"category","embeddable":true,"href":"https:\/\/www.ummto.dz\/fll\/wp-json\/wp\/v2\/categories?post=4888"},{"taxonomy":"post_tag","embeddable":true,"href":"https:\/\/www.ummto.dz\/fll\/wp-json\/wp\/v2\/tags?post=4888"}],"curies":[{"name":"wp","href":"https:\/\/api.w.org\/{rel}","templated":true}]}}