{"id":5439,"date":"2024-05-05T11:13:00","date_gmt":"2024-05-05T09:13:00","guid":{"rendered":"https:\/\/www.ummto.dz\/fll\/?p=5439"},"modified":"2024-05-05T16:19:57","modified_gmt":"2024-05-05T14:19:57","slug":"proces-verbal-de-la-reunion-du-conseil-scientifique-de-la-faculte-des-lettres-et-des-langues-en-date-du-21-avril-2024","status":"publish","type":"post","link":"https:\/\/www.ummto.dz\/fll\/proces-verbal-de-la-reunion-du-conseil-scientifique-de-la-faculte-des-lettres-et-des-langues-en-date-du-21-avril-2024\/","title":{"rendered":"Proc\u00e8s-verbal de la R\u00e9union du Conseil Scientifique de la Facult\u00e9 en date du 21\/04\/2024"},"content":{"rendered":"\n[et_pb_section fb_built=\u00a0\u00bb1&Prime; theme_builder_area=\u00a0\u00bbpost_content\u00a0\u00bb _builder_version=\u00a0\u00bb4.25.0&Prime; _module_preset=\u00a0\u00bbdefault\u00a0\u00bb][et_pb_row _builder_version=\u00a0\u00bb4.25.0&Prime; _module_preset=\u00a0\u00bbdefault\u00a0\u00bb theme_builder_area=\u00a0\u00bbpost_content\u00a0\u00bb][et_pb_column _builder_version=\u00a0\u00bb4.25.0&Prime; _module_preset=\u00a0\u00bbdefault\u00a0\u00bb type=\u00a0\u00bb4_4&Prime; theme_builder_area=\u00a0\u00bbpost_content\u00a0\u00bb][et_pb_text _builder_version=\u00a0\u00bb4.25.0&Prime; _module_preset=\u00a0\u00bbdefault\u00a0\u00bb theme_builder_area=\u00a0\u00bbpost_content\u00a0\u00bb text_font_size=\u00a0\u00bb16px\u00a0\u00bb hover_enabled=\u00a0\u00bb0&Prime; sticky_enabled=\u00a0\u00bb0&Prime;]<p>L\u2019an deux-mille vingt-quatre et le vingt et un du mois de avril <strong>(21\/04\/2024) <\/strong>\u00e0 dix heures (10h00) s\u2019est tenue la r\u00e9union du Conseil Scientifique de la Facult\u00e9 des Lettres et des Langues, sous la pr\u00e9sidence de Dr. GARITI Mohamed.<\/p>\n<p><strong><u>Ordre du jour<\/u><\/strong><strong>: <\/strong><\/p>\n<ol>\n<li><strong> <\/strong> Validation des dossiers de classements pour la mobilit\u00e9 de courte dur\u00e9e \u00e0 l&rsquo;\u00e9tranger (enseignants).<\/li>\n<\/ol>\n<p>Pour consulter la liste t\u00e9l\u00e9charger le <a href=\"https:\/\/www.ummto.dz\/fll\/wp-content\/uploads\/2024\/05\/PV-CSF-21.04.2024.pdf\" rel=\"attachment wp-att-5442\">PV CSF 21.04.2024<\/a><\/p>[\/et_pb_text][\/et_pb_column][\/et_pb_row][\/et_pb_section]\n","protected":false},"excerpt":{"rendered":"<p>L\u2019an deux-mille vingt-quatre et le vingt et un du mois de avril (21\/04\/2024) \u00e0 dix heures (10h00) s\u2019est tenue la r\u00e9union du Conseil Scientifique de la Facult\u00e9 des Lettres et des Langues, sous la pr\u00e9sidence de Dr. GARITI Mohamed. Ordre du jour: Validation des dossiers de classements pour la mobilit\u00e9 de courte dur\u00e9e \u00e0 l&rsquo;\u00e9tranger [&hellip;]<\/p>\n","protected":false},"author":3,"featured_media":3190,"comment_status":"closed","ping_status":"closed","sticky":false,"template":"","format":"standard","meta":{"_et_pb_use_builder":"on","_et_pb_old_content":"","_et_gb_content_width":"","footnotes":""},"categories":[7],"tags":[],"class_list":["post-5439","post","type-post","status-publish","format-standard","has-post-thumbnail","hentry","category-actualite"],"yoast_head":"<!-- This site is optimized with the Yoast SEO plugin v27.3 - https:\/\/yoast.com\/product\/yoast-seo-wordpress\/ -->\n<title>Proc\u00e8s-verbal de la R\u00e9union du Conseil Scientifique de la Facult\u00e9 en date du 21\/04\/2024 - Facult\u00e9 des Lettres et des Langues<\/title>\n<meta name=\"description\" content=\"Proc\u00e8s-verbal de la R\u00e9union du Conseil Scientifique de la Facult\u00e9 des Lettres et des Langues En date du 21 Avril 2024\" \/>\n<meta name=\"robots\" content=\"index, follow, max-snippet:-1, max-image-preview:large, max-video-preview:-1\" \/>\n<link rel=\"canonical\" href=\"https:\/\/www.ummto.dz\/fll\/proces-verbal-de-la-reunion-du-conseil-scientifique-de-la-faculte-des-lettres-et-des-langues-en-date-du-21-avril-2024\/\" \/>\n<meta property=\"og:locale\" content=\"fr_FR\" \/>\n<meta property=\"og:type\" content=\"article\" \/>\n<meta property=\"og:title\" content=\"Proc\u00e8s-verbal de la R\u00e9union du Conseil Scientifique de la Facult\u00e9 en date du 21\/04\/2024 - Facult\u00e9 des Lettres et des Langues\" \/>\n<meta property=\"og:description\" content=\"Proc\u00e8s-verbal de la R\u00e9union du Conseil Scientifique de la Facult\u00e9 des Lettres et des Langues En date du 21 Avril 2024\" \/>\n<meta property=\"og:url\" content=\"https:\/\/www.ummto.dz\/fll\/proces-verbal-de-la-reunion-du-conseil-scientifique-de-la-faculte-des-lettres-et-des-langues-en-date-du-21-avril-2024\/\" \/>\n<meta property=\"og:site_name\" content=\"Facult\u00e9 des Lettres et des Langues\" \/>\n<meta property=\"article:published_time\" content=\"2024-05-05T09:13:00+00:00\" \/>\n<meta property=\"article:modified_time\" content=\"2024-05-05T14:19:57+00:00\" \/>\n<meta property=\"og:image\" content=\"https:\/\/www.ummto.dz\/fll\/wp-content\/uploads\/2021\/11\/Conseil-Scientifique.png\" \/>\n\t<meta property=\"og:image:width\" content=\"213\" \/>\n\t<meta property=\"og:image:height\" content=\"100\" \/>\n\t<meta property=\"og:image:type\" content=\"image\/png\" \/>\n<meta name=\"author\" content=\"FLL\" \/>\n<meta name=\"twitter:card\" content=\"summary_large_image\" \/>\n<meta name=\"twitter:label1\" content=\"\u00c9crit par\" \/>\n\t<meta name=\"twitter:data1\" content=\"FLL\" \/>\n\t<meta name=\"twitter:label2\" content=\"Dur\u00e9e de lecture estim\u00e9e\" \/>\n\t<meta name=\"twitter:data2\" content=\"1 minute\" \/>\n<script type=\"application\/ld+json\" class=\"yoast-schema-graph\">{\"@context\":\"https:\\\/\\\/schema.org\",\"@graph\":[{\"@type\":\"Article\",\"@id\":\"https:\\\/\\\/www.ummto.dz\\\/fll\\\/proces-verbal-de-la-reunion-du-conseil-scientifique-de-la-faculte-des-lettres-et-des-langues-en-date-du-21-avril-2024\\\/#article\",\"isPartOf\":{\"@id\":\"https:\\\/\\\/www.ummto.dz\\\/fll\\\/proces-verbal-de-la-reunion-du-conseil-scientifique-de-la-faculte-des-lettres-et-des-langues-en-date-du-21-avril-2024\\\/\"},\"author\":{\"name\":\"FLL\",\"@id\":\"https:\\\/\\\/www.ummto.dz\\\/fll\\\/#\\\/schema\\\/person\\\/d03e7460fb5662f3475fff66fa1c5dc8\"},\"headline\":\"Proc\u00e8s-verbal de la R\u00e9union du Conseil Scientifique de la Facult\u00e9 en date du 21\\\/04\\\/2024\",\"datePublished\":\"2024-05-05T09:13:00+00:00\",\"dateModified\":\"2024-05-05T14:19:57+00:00\",\"mainEntityOfPage\":{\"@id\":\"https:\\\/\\\/www.ummto.dz\\\/fll\\\/proces-verbal-de-la-reunion-du-conseil-scientifique-de-la-faculte-des-lettres-et-des-langues-en-date-du-21-avril-2024\\\/\"},\"wordCount\":159,\"image\":{\"@id\":\"https:\\\/\\\/www.ummto.dz\\\/fll\\\/proces-verbal-de-la-reunion-du-conseil-scientifique-de-la-faculte-des-lettres-et-des-langues-en-date-du-21-avril-2024\\\/#primaryimage\"},\"thumbnailUrl\":\"https:\\\/\\\/www.ummto.dz\\\/fll\\\/wp-content\\\/uploads\\\/2021\\\/11\\\/Conseil-Scientifique.png\",\"articleSection\":[\"Actualit\u00e9\"],\"inLanguage\":\"fr-FR\"},{\"@type\":\"WebPage\",\"@id\":\"https:\\\/\\\/www.ummto.dz\\\/fll\\\/proces-verbal-de-la-reunion-du-conseil-scientifique-de-la-faculte-des-lettres-et-des-langues-en-date-du-21-avril-2024\\\/\",\"url\":\"https:\\\/\\\/www.ummto.dz\\\/fll\\\/proces-verbal-de-la-reunion-du-conseil-scientifique-de-la-faculte-des-lettres-et-des-langues-en-date-du-21-avril-2024\\\/\",\"name\":\"Proc\u00e8s-verbal de la R\u00e9union du Conseil Scientifique de la Facult\u00e9 en date du 21\\\/04\\\/2024 - Facult\u00e9 des Lettres et des Langues\",\"isPartOf\":{\"@id\":\"https:\\\/\\\/www.ummto.dz\\\/fll\\\/#website\"},\"primaryImageOfPage\":{\"@id\":\"https:\\\/\\\/www.ummto.dz\\\/fll\\\/proces-verbal-de-la-reunion-du-conseil-scientifique-de-la-faculte-des-lettres-et-des-langues-en-date-du-21-avril-2024\\\/#primaryimage\"},\"image\":{\"@id\":\"https:\\\/\\\/www.ummto.dz\\\/fll\\\/proces-verbal-de-la-reunion-du-conseil-scientifique-de-la-faculte-des-lettres-et-des-langues-en-date-du-21-avril-2024\\\/#primaryimage\"},\"thumbnailUrl\":\"https:\\\/\\\/www.ummto.dz\\\/fll\\\/wp-content\\\/uploads\\\/2021\\\/11\\\/Conseil-Scientifique.png\",\"datePublished\":\"2024-05-05T09:13:00+00:00\",\"dateModified\":\"2024-05-05T14:19:57+00:00\",\"author\":{\"@id\":\"https:\\\/\\\/www.ummto.dz\\\/fll\\\/#\\\/schema\\\/person\\\/d03e7460fb5662f3475fff66fa1c5dc8\"},\"description\":\"Proc\u00e8s-verbal de la R\u00e9union du Conseil Scientifique de la Facult\u00e9 des Lettres et des Langues En date du 21 Avril 2024\",\"breadcrumb\":{\"@id\":\"https:\\\/\\\/www.ummto.dz\\\/fll\\\/proces-verbal-de-la-reunion-du-conseil-scientifique-de-la-faculte-des-lettres-et-des-langues-en-date-du-21-avril-2024\\\/#breadcrumb\"},\"inLanguage\":\"fr-FR\",\"potentialAction\":[{\"@type\":\"ReadAction\",\"target\":[\"https:\\\/\\\/www.ummto.dz\\\/fll\\\/proces-verbal-de-la-reunion-du-conseil-scientifique-de-la-faculte-des-lettres-et-des-langues-en-date-du-21-avril-2024\\\/\"]}]},{\"@type\":\"ImageObject\",\"inLanguage\":\"fr-FR\",\"@id\":\"https:\\\/\\\/www.ummto.dz\\\/fll\\\/proces-verbal-de-la-reunion-du-conseil-scientifique-de-la-faculte-des-lettres-et-des-langues-en-date-du-21-avril-2024\\\/#primaryimage\",\"url\":\"https:\\\/\\\/www.ummto.dz\\\/fll\\\/wp-content\\\/uploads\\\/2021\\\/11\\\/Conseil-Scientifique.png\",\"contentUrl\":\"https:\\\/\\\/www.ummto.dz\\\/fll\\\/wp-content\\\/uploads\\\/2021\\\/11\\\/Conseil-Scientifique.png\",\"width\":213,\"height\":100,\"caption\":\"Conseil Scientifique\"},{\"@type\":\"BreadcrumbList\",\"@id\":\"https:\\\/\\\/www.ummto.dz\\\/fll\\\/proces-verbal-de-la-reunion-du-conseil-scientifique-de-la-faculte-des-lettres-et-des-langues-en-date-du-21-avril-2024\\\/#breadcrumb\",\"itemListElement\":[{\"@type\":\"ListItem\",\"position\":1,\"name\":\"Accueil\",\"item\":\"https:\\\/\\\/www.ummto.dz\\\/fll\\\/\"},{\"@type\":\"ListItem\",\"position\":2,\"name\":\"Proc\u00e8s-verbal de la R\u00e9union du Conseil Scientifique de la Facult\u00e9 en date du 21\\\/04\\\/2024\"}]},{\"@type\":\"WebSite\",\"@id\":\"https:\\\/\\\/www.ummto.dz\\\/fll\\\/#website\",\"url\":\"https:\\\/\\\/www.ummto.dz\\\/fll\\\/\",\"name\":\"Facult\u00e9 des Lettres et des Langues\",\"description\":\"Facult\u00e9 des Lettres et des Langues\",\"potentialAction\":[{\"@type\":\"SearchAction\",\"target\":{\"@type\":\"EntryPoint\",\"urlTemplate\":\"https:\\\/\\\/www.ummto.dz\\\/fll\\\/?s={search_term_string}\"},\"query-input\":{\"@type\":\"PropertyValueSpecification\",\"valueRequired\":true,\"valueName\":\"search_term_string\"}}],\"inLanguage\":\"fr-FR\"},{\"@type\":\"Person\",\"@id\":\"https:\\\/\\\/www.ummto.dz\\\/fll\\\/#\\\/schema\\\/person\\\/d03e7460fb5662f3475fff66fa1c5dc8\",\"name\":\"FLL\",\"url\":\"https:\\\/\\\/www.ummto.dz\\\/fll\\\/author\\\/fll\\\/\"}]}<\/script>\n<!-- \/ Yoast SEO plugin. -->","yoast_head_json":{"title":"Proc\u00e8s-verbal de la R\u00e9union du Conseil Scientifique de la Facult\u00e9 en date du 21\/04\/2024 - Facult\u00e9 des Lettres et des Langues","description":"Proc\u00e8s-verbal de la R\u00e9union du Conseil Scientifique de la Facult\u00e9 des Lettres et des Langues En date du 21 Avril 2024","robots":{"index":"index","follow":"follow","max-snippet":"max-snippet:-1","max-image-preview":"max-image-preview:large","max-video-preview":"max-video-preview:-1"},"canonical":"https:\/\/www.ummto.dz\/fll\/proces-verbal-de-la-reunion-du-conseil-scientifique-de-la-faculte-des-lettres-et-des-langues-en-date-du-21-avril-2024\/","og_locale":"fr_FR","og_type":"article","og_title":"Proc\u00e8s-verbal de la R\u00e9union du Conseil Scientifique de la Facult\u00e9 en date du 21\/04\/2024 - Facult\u00e9 des Lettres et des Langues","og_description":"Proc\u00e8s-verbal de la R\u00e9union du Conseil Scientifique de la Facult\u00e9 des Lettres et des Langues En date du 21 Avril 2024","og_url":"https:\/\/www.ummto.dz\/fll\/proces-verbal-de-la-reunion-du-conseil-scientifique-de-la-faculte-des-lettres-et-des-langues-en-date-du-21-avril-2024\/","og_site_name":"Facult\u00e9 des Lettres et des Langues","article_published_time":"2024-05-05T09:13:00+00:00","article_modified_time":"2024-05-05T14:19:57+00:00","og_image":[{"width":213,"height":100,"url":"https:\/\/www.ummto.dz\/fll\/wp-content\/uploads\/2021\/11\/Conseil-Scientifique.png","type":"image\/png"}],"author":"FLL","twitter_card":"summary_large_image","twitter_misc":{"\u00c9crit par":"FLL","Dur\u00e9e de lecture estim\u00e9e":"1 minute"},"schema":{"@context":"https:\/\/schema.org","@graph":[{"@type":"Article","@id":"https:\/\/www.ummto.dz\/fll\/proces-verbal-de-la-reunion-du-conseil-scientifique-de-la-faculte-des-lettres-et-des-langues-en-date-du-21-avril-2024\/#article","isPartOf":{"@id":"https:\/\/www.ummto.dz\/fll\/proces-verbal-de-la-reunion-du-conseil-scientifique-de-la-faculte-des-lettres-et-des-langues-en-date-du-21-avril-2024\/"},"author":{"name":"FLL","@id":"https:\/\/www.ummto.dz\/fll\/#\/schema\/person\/d03e7460fb5662f3475fff66fa1c5dc8"},"headline":"Proc\u00e8s-verbal de la R\u00e9union du Conseil Scientifique de la Facult\u00e9 en date du 21\/04\/2024","datePublished":"2024-05-05T09:13:00+00:00","dateModified":"2024-05-05T14:19:57+00:00","mainEntityOfPage":{"@id":"https:\/\/www.ummto.dz\/fll\/proces-verbal-de-la-reunion-du-conseil-scientifique-de-la-faculte-des-lettres-et-des-langues-en-date-du-21-avril-2024\/"},"wordCount":159,"image":{"@id":"https:\/\/www.ummto.dz\/fll\/proces-verbal-de-la-reunion-du-conseil-scientifique-de-la-faculte-des-lettres-et-des-langues-en-date-du-21-avril-2024\/#primaryimage"},"thumbnailUrl":"https:\/\/www.ummto.dz\/fll\/wp-content\/uploads\/2021\/11\/Conseil-Scientifique.png","articleSection":["Actualit\u00e9"],"inLanguage":"fr-FR"},{"@type":"WebPage","@id":"https:\/\/www.ummto.dz\/fll\/proces-verbal-de-la-reunion-du-conseil-scientifique-de-la-faculte-des-lettres-et-des-langues-en-date-du-21-avril-2024\/","url":"https:\/\/www.ummto.dz\/fll\/proces-verbal-de-la-reunion-du-conseil-scientifique-de-la-faculte-des-lettres-et-des-langues-en-date-du-21-avril-2024\/","name":"Proc\u00e8s-verbal de la R\u00e9union du Conseil Scientifique de la Facult\u00e9 en date du 21\/04\/2024 - Facult\u00e9 des Lettres et des Langues","isPartOf":{"@id":"https:\/\/www.ummto.dz\/fll\/#website"},"primaryImageOfPage":{"@id":"https:\/\/www.ummto.dz\/fll\/proces-verbal-de-la-reunion-du-conseil-scientifique-de-la-faculte-des-lettres-et-des-langues-en-date-du-21-avril-2024\/#primaryimage"},"image":{"@id":"https:\/\/www.ummto.dz\/fll\/proces-verbal-de-la-reunion-du-conseil-scientifique-de-la-faculte-des-lettres-et-des-langues-en-date-du-21-avril-2024\/#primaryimage"},"thumbnailUrl":"https:\/\/www.ummto.dz\/fll\/wp-content\/uploads\/2021\/11\/Conseil-Scientifique.png","datePublished":"2024-05-05T09:13:00+00:00","dateModified":"2024-05-05T14:19:57+00:00","author":{"@id":"https:\/\/www.ummto.dz\/fll\/#\/schema\/person\/d03e7460fb5662f3475fff66fa1c5dc8"},"description":"Proc\u00e8s-verbal de la R\u00e9union du Conseil Scientifique de la Facult\u00e9 des Lettres et des Langues En date du 21 Avril 2024","breadcrumb":{"@id":"https:\/\/www.ummto.dz\/fll\/proces-verbal-de-la-reunion-du-conseil-scientifique-de-la-faculte-des-lettres-et-des-langues-en-date-du-21-avril-2024\/#breadcrumb"},"inLanguage":"fr-FR","potentialAction":[{"@type":"ReadAction","target":["https:\/\/www.ummto.dz\/fll\/proces-verbal-de-la-reunion-du-conseil-scientifique-de-la-faculte-des-lettres-et-des-langues-en-date-du-21-avril-2024\/"]}]},{"@type":"ImageObject","inLanguage":"fr-FR","@id":"https:\/\/www.ummto.dz\/fll\/proces-verbal-de-la-reunion-du-conseil-scientifique-de-la-faculte-des-lettres-et-des-langues-en-date-du-21-avril-2024\/#primaryimage","url":"https:\/\/www.ummto.dz\/fll\/wp-content\/uploads\/2021\/11\/Conseil-Scientifique.png","contentUrl":"https:\/\/www.ummto.dz\/fll\/wp-content\/uploads\/2021\/11\/Conseil-Scientifique.png","width":213,"height":100,"caption":"Conseil Scientifique"},{"@type":"BreadcrumbList","@id":"https:\/\/www.ummto.dz\/fll\/proces-verbal-de-la-reunion-du-conseil-scientifique-de-la-faculte-des-lettres-et-des-langues-en-date-du-21-avril-2024\/#breadcrumb","itemListElement":[{"@type":"ListItem","position":1,"name":"Accueil","item":"https:\/\/www.ummto.dz\/fll\/"},{"@type":"ListItem","position":2,"name":"Proc\u00e8s-verbal de la R\u00e9union du Conseil Scientifique de la Facult\u00e9 en date du 21\/04\/2024"}]},{"@type":"WebSite","@id":"https:\/\/www.ummto.dz\/fll\/#website","url":"https:\/\/www.ummto.dz\/fll\/","name":"Facult\u00e9 des Lettres et des Langues","description":"Facult\u00e9 des Lettres et des Langues","potentialAction":[{"@type":"SearchAction","target":{"@type":"EntryPoint","urlTemplate":"https:\/\/www.ummto.dz\/fll\/?s={search_term_string}"},"query-input":{"@type":"PropertyValueSpecification","valueRequired":true,"valueName":"search_term_string"}}],"inLanguage":"fr-FR"},{"@type":"Person","@id":"https:\/\/www.ummto.dz\/fll\/#\/schema\/person\/d03e7460fb5662f3475fff66fa1c5dc8","name":"FLL","url":"https:\/\/www.ummto.dz\/fll\/author\/fll\/"}]}},"_links":{"self":[{"href":"https:\/\/www.ummto.dz\/fll\/wp-json\/wp\/v2\/posts\/5439","targetHints":{"allow":["GET"]}}],"collection":[{"href":"https:\/\/www.ummto.dz\/fll\/wp-json\/wp\/v2\/posts"}],"about":[{"href":"https:\/\/www.ummto.dz\/fll\/wp-json\/wp\/v2\/types\/post"}],"author":[{"embeddable":true,"href":"https:\/\/www.ummto.dz\/fll\/wp-json\/wp\/v2\/users\/3"}],"replies":[{"embeddable":true,"href":"https:\/\/www.ummto.dz\/fll\/wp-json\/wp\/v2\/comments?post=5439"}],"version-history":[{"count":6,"href":"https:\/\/www.ummto.dz\/fll\/wp-json\/wp\/v2\/posts\/5439\/revisions"}],"predecessor-version":[{"id":5538,"href":"https:\/\/www.ummto.dz\/fll\/wp-json\/wp\/v2\/posts\/5439\/revisions\/5538"}],"wp:featuredmedia":[{"embeddable":true,"href":"https:\/\/www.ummto.dz\/fll\/wp-json\/wp\/v2\/media\/3190"}],"wp:attachment":[{"href":"https:\/\/www.ummto.dz\/fll\/wp-json\/wp\/v2\/media?parent=5439"}],"wp:term":[{"taxonomy":"category","embeddable":true,"href":"https:\/\/www.ummto.dz\/fll\/wp-json\/wp\/v2\/categories?post=5439"},{"taxonomy":"post_tag","embeddable":true,"href":"https:\/\/www.ummto.dz\/fll\/wp-json\/wp\/v2\/tags?post=5439"}],"curies":[{"name":"wp","href":"https:\/\/api.w.org\/{rel}","templated":true}]}}