{"id":6005,"date":"2024-12-22T10:48:43","date_gmt":"2024-12-22T09:48:43","guid":{"rendered":"https:\/\/www.ummto.dz\/fll\/?p=6005"},"modified":"2024-12-25T11:52:40","modified_gmt":"2024-12-25T10:52:40","slug":"ouverture-de-la-candidature-au-stage-de-perfectionnement-a-letranger-2025","status":"publish","type":"post","link":"https:\/\/www.ummto.dz\/fll\/ouverture-de-la-candidature-au-stage-de-perfectionnement-a-letranger-2025\/","title":{"rendered":"Ouverture de la candidature au stage de perfectionnement \u00e0 l&rsquo;\u00e9tranger 2025"},"content":{"rendered":"<p>[et_pb_section fb_built=\u00a0\u00bb1&Prime; _builder_version=\u00a0\u00bb4.27.4&Prime; _module_preset=\u00a0\u00bbdefault\u00a0\u00bb global_colors_info=\u00a0\u00bb{}\u00a0\u00bb][et_pb_row _builder_version=\u00a0\u00bb4.27.4&Prime; _module_preset=\u00a0\u00bbdefault\u00a0\u00bb global_colors_info=\u00a0\u00bb{}\u00a0\u00bb][et_pb_column type=\u00a0\u00bb4_4&Prime; _builder_version=\u00a0\u00bb4.27.4&Prime; _module_preset=\u00a0\u00bbdefault\u00a0\u00bb global_colors_info=\u00a0\u00bb{}\u00a0\u00bb][et_pb_text _builder_version=\u00a0\u00bb4.27.4&Prime; _module_preset=\u00a0\u00bbdefault\u00a0\u00bb text_font_size=\u00a0\u00bb25px\u00a0\u00bb text_letter_spacing=\u00a0\u00bb5px\u00a0\u00bb global_colors_info=\u00a0\u00bb{}\u00a0\u00bb]<\/p>\n<div style=\"color: #222222;font-family: Arial, Helvetica, sans-serif;font-size: small;font-style: normal;font-weight: 400;letter-spacing: normal;text-align: justify;text-indent: 0px;text-transform: none;background-color: #ffffff\"><strong>\u00a0 \u00a0 \u00a0 Nous avons le plaisir de vous informer que cette ann\u00e9e la proc\u00e9dure d&rsquo;attribution des stages dans le cadre de la mobilit\u00e9 de courte dur\u00e9e \u00e0 l&rsquo;\u00e9tranger pour l&rsquo;ann\u00e9e 2025 se fera durant le mois de Janvier.<\/strong><\/div>\n<div style=\"color: #222222;font-family: Arial, Helvetica, sans-serif;font-size: small;font-style: normal;font-weight: 400;letter-spacing: normal;text-align: justify;text-indent: 0px;text-transform: none;background-color: #ffffff\"><strong>\u00a0\u00a0\u00a0\u00a0\u00a0\u00a0\u00a0 A cet effet :<\/strong><\/div>\n<div style=\"color: #222222;font-family: Arial, Helvetica, sans-serif;font-size: small;font-style: normal;font-weight: 400;letter-spacing: normal;text-align: justify;text-indent: 0px;text-transform: none;background-color: #ffffff\"><strong>&#8211; La plateforme d&rsquo;inscription en ligne est ouverte du 22\/12\/2024 au 18\/01\/2025.<\/strong><\/div>\n<div style=\"color: #222222;font-family: Arial, Helvetica, sans-serif;font-size: small;font-style: normal;font-weight: 400;letter-spacing: normal;text-align: justify;text-indent: 0px;text-transform: none;background-color: #ffffff\">\n<div><strong>&#8211; Les demandes doivent \u00eatre faites en ligne et\u00a0l&rsquo;accus\u00e9 de r\u00e9ception re\u00e7u joint au dossier version papier.<\/strong><\/div>\n<div><strong>&#8211;\u00a0L&rsquo;inscription en ligne ne peut se faire qu&rsquo;avec un e-mail professionnel.<\/strong><\/div>\n<\/div>\n<div style=\"color: #222222;font-family: Arial, Helvetica, sans-serif;font-size: small;font-style: normal;font-weight: 400;letter-spacing: normal;text-align: justify;text-indent: 0px;text-transform: none;background-color: #ffffff\"><strong>&#8211; Les dossiers en version papier doivent parvenir aux d\u00e9partements (pour les enseignants et Doctorants) et au secr\u00e9tariat g\u00e9n\u00e9ral de la Facult\u00e9 (pour les ATS) au plus tard le Lundi 19\/01\/2025.<\/strong><\/div>\n<div style=\"color: #222222;font-family: Arial, Helvetica, sans-serif;font-size: small;font-style: normal;font-weight: 400;letter-spacing: normal;text-align: justify;text-indent: 0px;text-transform: none;background-color: #ffffff\"><strong>&#8211; Le dossier doit comporter les pi\u00e8ces justificatives conform\u00e9ment \u00e0 l&rsquo;arr\u00eat\u00e9 255 fixant les modalit\u00e9s et les grilles de classement pour la mobilit\u00e9 de courte dur\u00e9e \u00e0 l&rsquo;\u00e9tranger.<\/strong><\/div>\n<div style=\"color: #222222;font-family: Arial, Helvetica, sans-serif;font-size: small;font-style: normal;font-weight: 400;letter-spacing: normal;text-align: justify;text-indent: 0px;text-transform: none;background-color: #ffffff\"><\/div>\n<div style=\"color: #222222;font-family: Arial, Helvetica, sans-serif;font-size: small;font-style: normal;font-weight: 400;letter-spacing: normal;text-align: justify;text-indent: 0px;text-transform: none;background-color: #ffffff\"><\/div>\n<p>[\/et_pb_text][et_pb_text _builder_version=\u00a0\u00bb4.27.4&Prime; _module_preset=\u00a0\u00bbdefault\u00a0\u00bb hover_enabled=\u00a0\u00bb0&Prime; global_colors_info=\u00a0\u00bb{}\u00a0\u00bb sticky_enabled=\u00a0\u00bb0&Prime;]<\/p>\n<p><strong>Plateforme d&rsquo;inscription:<\/strong>\u00a0 <a href=\"http:\/\/www.ummto.dz\/mobilite-2025\/\">https:\/\/www.ummto.dz\/mobilite-2025\/\u00a0<\/a> <\/p>\n<p>[\/et_pb_text][\/et_pb_column][\/et_pb_row][\/et_pb_section]<\/p>\n","protected":false},"excerpt":{"rendered":"<p>\u00a0 \u00a0 \u00a0 Nous avons le plaisir de vous informer que cette ann\u00e9e la proc\u00e9dure d&rsquo;attribution des stages dans le cadre de la mobilit\u00e9 de courte dur\u00e9e \u00e0 l&rsquo;\u00e9tranger pour l&rsquo;ann\u00e9e 2025 se fera durant le mois de Janvier. \u00a0\u00a0\u00a0\u00a0\u00a0\u00a0\u00a0 A cet effet : &#8211; La plateforme d&rsquo;inscription en ligne est ouverte du 22\/12\/2024 au [&hellip;]<\/p>\n","protected":false},"author":3,"featured_media":3658,"comment_status":"closed","ping_status":"closed","sticky":false,"template":"","format":"standard","meta":{"_et_pb_use_builder":"on","_et_pb_old_content":"","_et_gb_content_width":"","footnotes":""},"categories":[7],"tags":[],"class_list":["post-6005","post","type-post","status-publish","format-standard","has-post-thumbnail","hentry","category-actualite"],"yoast_head":"<!-- This site is optimized with the Yoast SEO plugin v27.3 - https:\/\/yoast.com\/product\/yoast-seo-wordpress\/ -->\n<title>Ouverture de la candidature au stage de perfectionnement \u00e0 l&#039;\u00e9tranger 2025 - Facult\u00e9 des Lettres et des Langues<\/title>\n<meta name=\"robots\" content=\"index, follow, max-snippet:-1, max-image-preview:large, max-video-preview:-1\" \/>\n<link rel=\"canonical\" href=\"https:\/\/www.ummto.dz\/fll\/ouverture-de-la-candidature-au-stage-de-perfectionnement-a-letranger-2025\/\" \/>\n<meta property=\"og:locale\" content=\"fr_FR\" \/>\n<meta property=\"og:type\" content=\"article\" \/>\n<meta property=\"og:title\" content=\"Ouverture de la candidature au stage de perfectionnement \u00e0 l&#039;\u00e9tranger 2025 - Facult\u00e9 des Lettres et des Langues\" \/>\n<meta property=\"og:description\" content=\"\u00a0 \u00a0 \u00a0 Nous avons le plaisir de vous informer que cette ann\u00e9e la proc\u00e9dure d&#039;attribution des stages dans le cadre de la mobilit\u00e9 de courte dur\u00e9e \u00e0 l&#039;\u00e9tranger pour l&#039;ann\u00e9e 2025 se fera durant le mois de Janvier. \u00a0\u00a0\u00a0\u00a0\u00a0\u00a0\u00a0 A cet effet : - La plateforme d&#039;inscription en ligne est ouverte du 22\/12\/2024 au [&hellip;]\" \/>\n<meta property=\"og:url\" content=\"https:\/\/www.ummto.dz\/fll\/ouverture-de-la-candidature-au-stage-de-perfectionnement-a-letranger-2025\/\" \/>\n<meta property=\"og:site_name\" content=\"Facult\u00e9 des Lettres et des Langues\" \/>\n<meta property=\"article:published_time\" content=\"2024-12-22T09:48:43+00:00\" \/>\n<meta property=\"article:modified_time\" content=\"2024-12-25T10:52:40+00:00\" \/>\n<meta property=\"og:image\" content=\"https:\/\/www.ummto.dz\/fll\/wp-content\/uploads\/2022\/02\/Important.webp\" \/>\n\t<meta property=\"og:image:width\" content=\"250\" \/>\n\t<meta property=\"og:image:height\" content=\"250\" \/>\n\t<meta property=\"og:image:type\" content=\"image\/webp\" \/>\n<meta name=\"author\" content=\"FLL\" \/>\n<meta name=\"twitter:card\" content=\"summary_large_image\" \/>\n<meta name=\"twitter:label1\" content=\"\u00c9crit par\" \/>\n\t<meta name=\"twitter:data1\" content=\"FLL\" \/>\n\t<meta name=\"twitter:label2\" content=\"Dur\u00e9e de lecture estim\u00e9e\" \/>\n\t<meta name=\"twitter:data2\" content=\"1 minute\" \/>\n<script type=\"application\/ld+json\" class=\"yoast-schema-graph\">{\"@context\":\"https:\\\/\\\/schema.org\",\"@graph\":[{\"@type\":\"Article\",\"@id\":\"https:\\\/\\\/www.ummto.dz\\\/fll\\\/ouverture-de-la-candidature-au-stage-de-perfectionnement-a-letranger-2025\\\/#article\",\"isPartOf\":{\"@id\":\"https:\\\/\\\/www.ummto.dz\\\/fll\\\/ouverture-de-la-candidature-au-stage-de-perfectionnement-a-letranger-2025\\\/\"},\"author\":{\"name\":\"FLL\",\"@id\":\"https:\\\/\\\/www.ummto.dz\\\/fll\\\/#\\\/schema\\\/person\\\/d03e7460fb5662f3475fff66fa1c5dc8\"},\"headline\":\"Ouverture de la candidature au stage de perfectionnement \u00e0 l&rsquo;\u00e9tranger 2025\",\"datePublished\":\"2024-12-22T09:48:43+00:00\",\"dateModified\":\"2024-12-25T10:52:40+00:00\",\"mainEntityOfPage\":{\"@id\":\"https:\\\/\\\/www.ummto.dz\\\/fll\\\/ouverture-de-la-candidature-au-stage-de-perfectionnement-a-letranger-2025\\\/\"},\"wordCount\":259,\"image\":{\"@id\":\"https:\\\/\\\/www.ummto.dz\\\/fll\\\/ouverture-de-la-candidature-au-stage-de-perfectionnement-a-letranger-2025\\\/#primaryimage\"},\"thumbnailUrl\":\"https:\\\/\\\/www.ummto.dz\\\/fll\\\/wp-content\\\/uploads\\\/2022\\\/02\\\/Important.webp\",\"articleSection\":[\"Actualit\u00e9\"],\"inLanguage\":\"fr-FR\"},{\"@type\":\"WebPage\",\"@id\":\"https:\\\/\\\/www.ummto.dz\\\/fll\\\/ouverture-de-la-candidature-au-stage-de-perfectionnement-a-letranger-2025\\\/\",\"url\":\"https:\\\/\\\/www.ummto.dz\\\/fll\\\/ouverture-de-la-candidature-au-stage-de-perfectionnement-a-letranger-2025\\\/\",\"name\":\"Ouverture de la candidature au stage de perfectionnement \u00e0 l'\u00e9tranger 2025 - Facult\u00e9 des Lettres et des Langues\",\"isPartOf\":{\"@id\":\"https:\\\/\\\/www.ummto.dz\\\/fll\\\/#website\"},\"primaryImageOfPage\":{\"@id\":\"https:\\\/\\\/www.ummto.dz\\\/fll\\\/ouverture-de-la-candidature-au-stage-de-perfectionnement-a-letranger-2025\\\/#primaryimage\"},\"image\":{\"@id\":\"https:\\\/\\\/www.ummto.dz\\\/fll\\\/ouverture-de-la-candidature-au-stage-de-perfectionnement-a-letranger-2025\\\/#primaryimage\"},\"thumbnailUrl\":\"https:\\\/\\\/www.ummto.dz\\\/fll\\\/wp-content\\\/uploads\\\/2022\\\/02\\\/Important.webp\",\"datePublished\":\"2024-12-22T09:48:43+00:00\",\"dateModified\":\"2024-12-25T10:52:40+00:00\",\"author\":{\"@id\":\"https:\\\/\\\/www.ummto.dz\\\/fll\\\/#\\\/schema\\\/person\\\/d03e7460fb5662f3475fff66fa1c5dc8\"},\"breadcrumb\":{\"@id\":\"https:\\\/\\\/www.ummto.dz\\\/fll\\\/ouverture-de-la-candidature-au-stage-de-perfectionnement-a-letranger-2025\\\/#breadcrumb\"},\"inLanguage\":\"fr-FR\",\"potentialAction\":[{\"@type\":\"ReadAction\",\"target\":[\"https:\\\/\\\/www.ummto.dz\\\/fll\\\/ouverture-de-la-candidature-au-stage-de-perfectionnement-a-letranger-2025\\\/\"]}]},{\"@type\":\"ImageObject\",\"inLanguage\":\"fr-FR\",\"@id\":\"https:\\\/\\\/www.ummto.dz\\\/fll\\\/ouverture-de-la-candidature-au-stage-de-perfectionnement-a-letranger-2025\\\/#primaryimage\",\"url\":\"https:\\\/\\\/www.ummto.dz\\\/fll\\\/wp-content\\\/uploads\\\/2022\\\/02\\\/Important.webp\",\"contentUrl\":\"https:\\\/\\\/www.ummto.dz\\\/fll\\\/wp-content\\\/uploads\\\/2022\\\/02\\\/Important.webp\",\"width\":250,\"height\":250,\"caption\":\"Important\"},{\"@type\":\"BreadcrumbList\",\"@id\":\"https:\\\/\\\/www.ummto.dz\\\/fll\\\/ouverture-de-la-candidature-au-stage-de-perfectionnement-a-letranger-2025\\\/#breadcrumb\",\"itemListElement\":[{\"@type\":\"ListItem\",\"position\":1,\"name\":\"Accueil\",\"item\":\"https:\\\/\\\/www.ummto.dz\\\/fll\\\/\"},{\"@type\":\"ListItem\",\"position\":2,\"name\":\"Ouverture de la candidature au stage de perfectionnement \u00e0 l&rsquo;\u00e9tranger 2025\"}]},{\"@type\":\"WebSite\",\"@id\":\"https:\\\/\\\/www.ummto.dz\\\/fll\\\/#website\",\"url\":\"https:\\\/\\\/www.ummto.dz\\\/fll\\\/\",\"name\":\"Facult\u00e9 des Lettres et des Langues\",\"description\":\"Facult\u00e9 des Lettres et des Langues\",\"potentialAction\":[{\"@type\":\"SearchAction\",\"target\":{\"@type\":\"EntryPoint\",\"urlTemplate\":\"https:\\\/\\\/www.ummto.dz\\\/fll\\\/?s={search_term_string}\"},\"query-input\":{\"@type\":\"PropertyValueSpecification\",\"valueRequired\":true,\"valueName\":\"search_term_string\"}}],\"inLanguage\":\"fr-FR\"},{\"@type\":\"Person\",\"@id\":\"https:\\\/\\\/www.ummto.dz\\\/fll\\\/#\\\/schema\\\/person\\\/d03e7460fb5662f3475fff66fa1c5dc8\",\"name\":\"FLL\",\"url\":\"https:\\\/\\\/www.ummto.dz\\\/fll\\\/author\\\/fll\\\/\"}]}<\/script>\n<!-- \/ Yoast SEO plugin. -->","yoast_head_json":{"title":"Ouverture de la candidature au stage de perfectionnement \u00e0 l'\u00e9tranger 2025 - Facult\u00e9 des Lettres et des Langues","robots":{"index":"index","follow":"follow","max-snippet":"max-snippet:-1","max-image-preview":"max-image-preview:large","max-video-preview":"max-video-preview:-1"},"canonical":"https:\/\/www.ummto.dz\/fll\/ouverture-de-la-candidature-au-stage-de-perfectionnement-a-letranger-2025\/","og_locale":"fr_FR","og_type":"article","og_title":"Ouverture de la candidature au stage de perfectionnement \u00e0 l'\u00e9tranger 2025 - Facult\u00e9 des Lettres et des Langues","og_description":"\u00a0 \u00a0 \u00a0 Nous avons le plaisir de vous informer que cette ann\u00e9e la proc\u00e9dure d'attribution des stages dans le cadre de la mobilit\u00e9 de courte dur\u00e9e \u00e0 l'\u00e9tranger pour l'ann\u00e9e 2025 se fera durant le mois de Janvier. \u00a0\u00a0\u00a0\u00a0\u00a0\u00a0\u00a0 A cet effet : - La plateforme d'inscription en ligne est ouverte du 22\/12\/2024 au [&hellip;]","og_url":"https:\/\/www.ummto.dz\/fll\/ouverture-de-la-candidature-au-stage-de-perfectionnement-a-letranger-2025\/","og_site_name":"Facult\u00e9 des Lettres et des Langues","article_published_time":"2024-12-22T09:48:43+00:00","article_modified_time":"2024-12-25T10:52:40+00:00","og_image":[{"width":250,"height":250,"url":"https:\/\/www.ummto.dz\/fll\/wp-content\/uploads\/2022\/02\/Important.webp","type":"image\/webp"}],"author":"FLL","twitter_card":"summary_large_image","twitter_misc":{"\u00c9crit par":"FLL","Dur\u00e9e de lecture estim\u00e9e":"1 minute"},"schema":{"@context":"https:\/\/schema.org","@graph":[{"@type":"Article","@id":"https:\/\/www.ummto.dz\/fll\/ouverture-de-la-candidature-au-stage-de-perfectionnement-a-letranger-2025\/#article","isPartOf":{"@id":"https:\/\/www.ummto.dz\/fll\/ouverture-de-la-candidature-au-stage-de-perfectionnement-a-letranger-2025\/"},"author":{"name":"FLL","@id":"https:\/\/www.ummto.dz\/fll\/#\/schema\/person\/d03e7460fb5662f3475fff66fa1c5dc8"},"headline":"Ouverture de la candidature au stage de perfectionnement \u00e0 l&rsquo;\u00e9tranger 2025","datePublished":"2024-12-22T09:48:43+00:00","dateModified":"2024-12-25T10:52:40+00:00","mainEntityOfPage":{"@id":"https:\/\/www.ummto.dz\/fll\/ouverture-de-la-candidature-au-stage-de-perfectionnement-a-letranger-2025\/"},"wordCount":259,"image":{"@id":"https:\/\/www.ummto.dz\/fll\/ouverture-de-la-candidature-au-stage-de-perfectionnement-a-letranger-2025\/#primaryimage"},"thumbnailUrl":"https:\/\/www.ummto.dz\/fll\/wp-content\/uploads\/2022\/02\/Important.webp","articleSection":["Actualit\u00e9"],"inLanguage":"fr-FR"},{"@type":"WebPage","@id":"https:\/\/www.ummto.dz\/fll\/ouverture-de-la-candidature-au-stage-de-perfectionnement-a-letranger-2025\/","url":"https:\/\/www.ummto.dz\/fll\/ouverture-de-la-candidature-au-stage-de-perfectionnement-a-letranger-2025\/","name":"Ouverture de la candidature au stage de perfectionnement \u00e0 l'\u00e9tranger 2025 - Facult\u00e9 des Lettres et des Langues","isPartOf":{"@id":"https:\/\/www.ummto.dz\/fll\/#website"},"primaryImageOfPage":{"@id":"https:\/\/www.ummto.dz\/fll\/ouverture-de-la-candidature-au-stage-de-perfectionnement-a-letranger-2025\/#primaryimage"},"image":{"@id":"https:\/\/www.ummto.dz\/fll\/ouverture-de-la-candidature-au-stage-de-perfectionnement-a-letranger-2025\/#primaryimage"},"thumbnailUrl":"https:\/\/www.ummto.dz\/fll\/wp-content\/uploads\/2022\/02\/Important.webp","datePublished":"2024-12-22T09:48:43+00:00","dateModified":"2024-12-25T10:52:40+00:00","author":{"@id":"https:\/\/www.ummto.dz\/fll\/#\/schema\/person\/d03e7460fb5662f3475fff66fa1c5dc8"},"breadcrumb":{"@id":"https:\/\/www.ummto.dz\/fll\/ouverture-de-la-candidature-au-stage-de-perfectionnement-a-letranger-2025\/#breadcrumb"},"inLanguage":"fr-FR","potentialAction":[{"@type":"ReadAction","target":["https:\/\/www.ummto.dz\/fll\/ouverture-de-la-candidature-au-stage-de-perfectionnement-a-letranger-2025\/"]}]},{"@type":"ImageObject","inLanguage":"fr-FR","@id":"https:\/\/www.ummto.dz\/fll\/ouverture-de-la-candidature-au-stage-de-perfectionnement-a-letranger-2025\/#primaryimage","url":"https:\/\/www.ummto.dz\/fll\/wp-content\/uploads\/2022\/02\/Important.webp","contentUrl":"https:\/\/www.ummto.dz\/fll\/wp-content\/uploads\/2022\/02\/Important.webp","width":250,"height":250,"caption":"Important"},{"@type":"BreadcrumbList","@id":"https:\/\/www.ummto.dz\/fll\/ouverture-de-la-candidature-au-stage-de-perfectionnement-a-letranger-2025\/#breadcrumb","itemListElement":[{"@type":"ListItem","position":1,"name":"Accueil","item":"https:\/\/www.ummto.dz\/fll\/"},{"@type":"ListItem","position":2,"name":"Ouverture de la candidature au stage de perfectionnement \u00e0 l&rsquo;\u00e9tranger 2025"}]},{"@type":"WebSite","@id":"https:\/\/www.ummto.dz\/fll\/#website","url":"https:\/\/www.ummto.dz\/fll\/","name":"Facult\u00e9 des Lettres et des Langues","description":"Facult\u00e9 des Lettres et des Langues","potentialAction":[{"@type":"SearchAction","target":{"@type":"EntryPoint","urlTemplate":"https:\/\/www.ummto.dz\/fll\/?s={search_term_string}"},"query-input":{"@type":"PropertyValueSpecification","valueRequired":true,"valueName":"search_term_string"}}],"inLanguage":"fr-FR"},{"@type":"Person","@id":"https:\/\/www.ummto.dz\/fll\/#\/schema\/person\/d03e7460fb5662f3475fff66fa1c5dc8","name":"FLL","url":"https:\/\/www.ummto.dz\/fll\/author\/fll\/"}]}},"_links":{"self":[{"href":"https:\/\/www.ummto.dz\/fll\/wp-json\/wp\/v2\/posts\/6005","targetHints":{"allow":["GET"]}}],"collection":[{"href":"https:\/\/www.ummto.dz\/fll\/wp-json\/wp\/v2\/posts"}],"about":[{"href":"https:\/\/www.ummto.dz\/fll\/wp-json\/wp\/v2\/types\/post"}],"author":[{"embeddable":true,"href":"https:\/\/www.ummto.dz\/fll\/wp-json\/wp\/v2\/users\/3"}],"replies":[{"embeddable":true,"href":"https:\/\/www.ummto.dz\/fll\/wp-json\/wp\/v2\/comments?post=6005"}],"version-history":[{"count":8,"href":"https:\/\/www.ummto.dz\/fll\/wp-json\/wp\/v2\/posts\/6005\/revisions"}],"predecessor-version":[{"id":6024,"href":"https:\/\/www.ummto.dz\/fll\/wp-json\/wp\/v2\/posts\/6005\/revisions\/6024"}],"wp:featuredmedia":[{"embeddable":true,"href":"https:\/\/www.ummto.dz\/fll\/wp-json\/wp\/v2\/media\/3658"}],"wp:attachment":[{"href":"https:\/\/www.ummto.dz\/fll\/wp-json\/wp\/v2\/media?parent=6005"}],"wp:term":[{"taxonomy":"category","embeddable":true,"href":"https:\/\/www.ummto.dz\/fll\/wp-json\/wp\/v2\/categories?post=6005"},{"taxonomy":"post_tag","embeddable":true,"href":"https:\/\/www.ummto.dz\/fll\/wp-json\/wp\/v2\/tags?post=6005"}],"curies":[{"name":"wp","href":"https:\/\/api.w.org\/{rel}","templated":true}]}}