{"id":6128,"date":"2025-02-09T13:00:30","date_gmt":"2025-02-09T12:00:30","guid":{"rendered":"https:\/\/www.ummto.dz\/fll\/?p=6128"},"modified":"2025-02-09T13:00:30","modified_gmt":"2025-02-09T12:00:30","slug":"felicitations-aux-promus-professeur-et-maitre-de-conferences-a","status":"publish","type":"post","link":"https:\/\/www.ummto.dz\/fll\/felicitations-aux-promus-professeur-et-maitre-de-conferences-a\/","title":{"rendered":"F\u00e9licitations aux promus Professeur et Maitre de conf\u00e9rences A"},"content":{"rendered":"<p>[et_pb_section fb_built=\u00a0\u00bb1&Prime; theme_builder_area=\u00a0\u00bbpost_content\u00a0\u00bb _builder_version=\u00a0\u00bb4.27.4&Prime; _module_preset=\u00a0\u00bbdefault\u00a0\u00bb custom_padding=\u00a0\u00bb|||0px||\u00a0\u00bb width=\u00a0\u00bb100%\u00a0\u00bb][et_pb_row _builder_version=\u00a0\u00bb4.27.4&Prime; _module_preset=\u00a0\u00bbdefault\u00a0\u00bb theme_builder_area=\u00a0\u00bbpost_content\u00a0\u00bb custom_margin=\u00a0\u00bb|-37px||auto||\u00a0\u00bb custom_padding=\u00a0\u00bb||0px|0px||\u00a0\u00bb width=\u00a0\u00bb83%\u00a0\u00bb max_width=\u00a0\u00bb840px\u00a0\u00bb hover_enabled=\u00a0\u00bb0&Prime; sticky_enabled=\u00a0\u00bb0&Prime;][et_pb_column _builder_version=\u00a0\u00bb4.27.4&Prime; _module_preset=\u00a0\u00bbdefault\u00a0\u00bb type=\u00a0\u00bb4_4&Prime; theme_builder_area=\u00a0\u00bbpost_content\u00a0\u00bb][et_pb_text _builder_version=\u00a0\u00bb4.27.4&Prime; _module_preset=\u00a0\u00bbdefault\u00a0\u00bb theme_builder_area=\u00a0\u00bbpost_content\u00a0\u00bb text_font_size=\u00a0\u00bb16px\u00a0\u00bb hover_enabled=\u00a0\u00bb0&Prime; sticky_enabled=\u00a0\u00bb0&Prime; width=\u00a0\u00bb100%\u00a0\u00bb custom_margin=\u00a0\u00bb|-46px||-46px||\u00a0\u00bb custom_padding=\u00a0\u00bb||0px|||\u00a0\u00bb height=\u00a0\u00bb1000px\u00a0\u00bb]<\/p>\n<div dir=\"auto\" style=\"color: #222222;font-family: Arial, Helvetica, sans-serif;font-size: small;font-style: normal;font-weight: 400;letter-spacing: normal;text-align: start;text-indent: 0px;text-transform: none;background-color: #ffffff\"><\/div>\n<p><span style=\"font-family: inherit;font-weight: normal;font-size: medium\">\u00a0\u00a0\u00a0\u00a0\u00a0\u00a0\u00a0\u00a0 La Facult\u00e9 des Lettres et des Langues adresse, avec immense joie, ses sinc\u00e8res\u00a0 f\u00e9licitations aux enseignantes et enseignants promus lors de la 51\u00e8me session pour le Professorat et la 6\u00e8me session pour l&rsquo;Habilitation universitaire.<\/span><\/p>\n<p><span style=\"font-family: inherit;font-weight: normal;font-size: medium\"><b>Professorat :\u00a0<\/b><\/span><\/p>\n<p><span style=\"font-family: inherit;font-weight: normal;font-size: medium\">1- Professeur SALHI KARIM (Langue et Culture Amazighes)<\/span><\/p>\n<p><span style=\"font-family: inherit;font-weight: normal;font-size: medium\">2- Professeur GUERCHOUH Lydia\u00a0 (Langue et Culture Amazighes)<\/span><\/p>\n<p><span style=\"font-family: inherit;font-weight: normal;font-size: medium\">3- Professeur AOUDIA Arezki\u00a0 (Langue et Culture Amazighes)<\/span><\/p>\n<p><span style=\"font-family: inherit;font-weight: normal;font-size: medium\">4- Professeur NAMANE Aziz\u00a0 (Langue et Litt\u00e9rature Arabes)<\/span><\/p>\n<p><span style=\"font-family: inherit;font-weight: normal;font-size: medium\">5- Professeur LADDAOUI Nassima\u00a0 (Langue et Litt\u00e9rature Arabes)<\/span><\/p>\n<p><span style=\"font-family: inherit;font-weight: normal;font-size: medium\">6- Professeur LACEB Rafik\u00a0 (Langue et Litt\u00e9rature Anglaises)<\/span><\/p>\n<p><span style=\"font-family: inherit;font-weight: normal;font-size: medium\"><b>Habilitation universitaire :\u00a0<\/b><\/span><\/p>\n<p><span style=\"font-family: inherit;font-weight: normal;font-size: medium\">1- Dr. CHABANE CHAOUCHE Sara (MCA Langue et Litt\u00e9rature\u00a0\u00a0\u00a0 Anglaises)<\/span><\/p>\n<p><span style=\"font-family: inherit;font-weight: normal;font-size: medium\">2- Dr. BENAISSA Amel (MCA Langues et Litt\u00e9rature Anglaises)<\/span><\/p>\n<p><span style=\"font-family: inherit;font-weight: normal;font-size: medium\">3- Dr. KADIR Azedine (MCA Langue et Litt\u00e9rature Fran\u00e7aises)<\/span><\/p>\n<p><span style=\"font-family: inherit;font-weight: normal;font-size: medium\">4- Dr. BENBOUREK Amina\u00a0 (MCA Langue et Litt\u00e9rature Fran\u00e7aises)<\/span><\/p>\n<p><span style=\"font-family: inherit;font-weight: normal;font-size: medium\">5- Dr. MOHAND SAIDI Sa\u00efda (MCA Langues et Culture Amazighes)<\/span><\/p>\n<p><span style=\"font-family: inherit;font-weight: normal;font-size: medium\">6- Dr. AIT BOUDJEMMA Aldjia (MCA Traduction)<\/span><\/p>\n<p><span style=\"font-family: inherit;font-weight: normal;font-size: medium\">7- Dr. OUMOUADENE Rabah (MCA Langues et Litt\u00e9rature Arabes<\/span>)<\/p>\n<p>[\/et_pb_text][\/et_pb_column][\/et_pb_row][\/et_pb_section]<\/p>\n","protected":false},"excerpt":{"rendered":"<p>\u00a0\u00a0\u00a0\u00a0\u00a0\u00a0\u00a0\u00a0 La Facult\u00e9 des Lettres et des Langues adresse, avec immense joie, ses sinc\u00e8res\u00a0 f\u00e9licitations aux enseignantes et enseignants promus lors de la 51\u00e8me session pour le Professorat et la 6\u00e8me session pour l&rsquo;Habilitation universitaire. Professorat :\u00a0 1- Professeur SALHI KARIM (Langue et Culture Amazighes) 2- Professeur GUERCHOUH Lydia\u00a0 (Langue et Culture Amazighes) 3- Professeur [&hellip;]<\/p>\n","protected":false},"author":3,"featured_media":2957,"comment_status":"closed","ping_status":"closed","sticky":false,"template":"","format":"standard","meta":{"_et_pb_use_builder":"on","_et_pb_old_content":"","_et_gb_content_width":"","footnotes":""},"categories":[7],"tags":[],"class_list":["post-6128","post","type-post","status-publish","format-standard","has-post-thumbnail","hentry","category-actualite"],"yoast_head":"<!-- This site is optimized with the Yoast SEO plugin v27.3 - https:\/\/yoast.com\/product\/yoast-seo-wordpress\/ -->\n<title>F\u00e9licitations aux promus Professeur et Maitre de conf\u00e9rences A - Facult\u00e9 des Lettres et des Langues<\/title>\n<meta name=\"description\" content=\"F\u00e9licitations aux promus Professeur et Maitre de conf\u00e9rences A de la facult\u00e9 des lettres et des langues\" \/>\n<meta name=\"robots\" content=\"index, follow, max-snippet:-1, max-image-preview:large, max-video-preview:-1\" \/>\n<link rel=\"canonical\" href=\"https:\/\/www.ummto.dz\/fll\/felicitations-aux-promus-professeur-et-maitre-de-conferences-a\/\" \/>\n<meta property=\"og:locale\" content=\"fr_FR\" \/>\n<meta property=\"og:type\" content=\"article\" \/>\n<meta property=\"og:title\" content=\"F\u00e9licitations aux promus Professeur et Maitre de conf\u00e9rences A - Facult\u00e9 des Lettres et des Langues\" \/>\n<meta property=\"og:description\" content=\"F\u00e9licitations aux promus Professeur et Maitre de conf\u00e9rences A de la facult\u00e9 des lettres et des langues\" \/>\n<meta property=\"og:url\" content=\"https:\/\/www.ummto.dz\/fll\/felicitations-aux-promus-professeur-et-maitre-de-conferences-a\/\" \/>\n<meta property=\"og:site_name\" content=\"Facult\u00e9 des Lettres et des Langues\" \/>\n<meta property=\"article:published_time\" content=\"2025-02-09T12:00:30+00:00\" \/>\n<meta property=\"og:image\" content=\"https:\/\/www.ummto.dz\/fll\/wp-content\/uploads\/2021\/11\/Enseignants.webp\" \/>\n\t<meta property=\"og:image:width\" content=\"250\" \/>\n\t<meta property=\"og:image:height\" content=\"250\" \/>\n\t<meta property=\"og:image:type\" content=\"image\/webp\" \/>\n<meta name=\"author\" content=\"FLL\" \/>\n<meta name=\"twitter:card\" content=\"summary_large_image\" \/>\n<meta name=\"twitter:label1\" content=\"\u00c9crit par\" \/>\n\t<meta name=\"twitter:data1\" content=\"FLL\" \/>\n<script type=\"application\/ld+json\" class=\"yoast-schema-graph\">{\"@context\":\"https:\\\/\\\/schema.org\",\"@graph\":[{\"@type\":\"Article\",\"@id\":\"https:\\\/\\\/www.ummto.dz\\\/fll\\\/felicitations-aux-promus-professeur-et-maitre-de-conferences-a\\\/#article\",\"isPartOf\":{\"@id\":\"https:\\\/\\\/www.ummto.dz\\\/fll\\\/felicitations-aux-promus-professeur-et-maitre-de-conferences-a\\\/\"},\"author\":{\"name\":\"FLL\",\"@id\":\"https:\\\/\\\/www.ummto.dz\\\/fll\\\/#\\\/schema\\\/person\\\/d03e7460fb5662f3475fff66fa1c5dc8\"},\"headline\":\"F\u00e9licitations aux promus Professeur et Maitre de conf\u00e9rences A\",\"datePublished\":\"2025-02-09T12:00:30+00:00\",\"mainEntityOfPage\":{\"@id\":\"https:\\\/\\\/www.ummto.dz\\\/fll\\\/felicitations-aux-promus-professeur-et-maitre-de-conferences-a\\\/\"},\"wordCount\":281,\"image\":{\"@id\":\"https:\\\/\\\/www.ummto.dz\\\/fll\\\/felicitations-aux-promus-professeur-et-maitre-de-conferences-a\\\/#primaryimage\"},\"thumbnailUrl\":\"https:\\\/\\\/www.ummto.dz\\\/fll\\\/wp-content\\\/uploads\\\/2021\\\/11\\\/Enseignants.webp\",\"articleSection\":[\"Actualit\u00e9\"],\"inLanguage\":\"fr-FR\"},{\"@type\":\"WebPage\",\"@id\":\"https:\\\/\\\/www.ummto.dz\\\/fll\\\/felicitations-aux-promus-professeur-et-maitre-de-conferences-a\\\/\",\"url\":\"https:\\\/\\\/www.ummto.dz\\\/fll\\\/felicitations-aux-promus-professeur-et-maitre-de-conferences-a\\\/\",\"name\":\"F\u00e9licitations aux promus Professeur et Maitre de conf\u00e9rences A - Facult\u00e9 des Lettres et des Langues\",\"isPartOf\":{\"@id\":\"https:\\\/\\\/www.ummto.dz\\\/fll\\\/#website\"},\"primaryImageOfPage\":{\"@id\":\"https:\\\/\\\/www.ummto.dz\\\/fll\\\/felicitations-aux-promus-professeur-et-maitre-de-conferences-a\\\/#primaryimage\"},\"image\":{\"@id\":\"https:\\\/\\\/www.ummto.dz\\\/fll\\\/felicitations-aux-promus-professeur-et-maitre-de-conferences-a\\\/#primaryimage\"},\"thumbnailUrl\":\"https:\\\/\\\/www.ummto.dz\\\/fll\\\/wp-content\\\/uploads\\\/2021\\\/11\\\/Enseignants.webp\",\"datePublished\":\"2025-02-09T12:00:30+00:00\",\"author\":{\"@id\":\"https:\\\/\\\/www.ummto.dz\\\/fll\\\/#\\\/schema\\\/person\\\/d03e7460fb5662f3475fff66fa1c5dc8\"},\"description\":\"F\u00e9licitations aux promus Professeur et Maitre de conf\u00e9rences A de la facult\u00e9 des lettres et des langues\",\"breadcrumb\":{\"@id\":\"https:\\\/\\\/www.ummto.dz\\\/fll\\\/felicitations-aux-promus-professeur-et-maitre-de-conferences-a\\\/#breadcrumb\"},\"inLanguage\":\"fr-FR\",\"potentialAction\":[{\"@type\":\"ReadAction\",\"target\":[\"https:\\\/\\\/www.ummto.dz\\\/fll\\\/felicitations-aux-promus-professeur-et-maitre-de-conferences-a\\\/\"]}]},{\"@type\":\"ImageObject\",\"inLanguage\":\"fr-FR\",\"@id\":\"https:\\\/\\\/www.ummto.dz\\\/fll\\\/felicitations-aux-promus-professeur-et-maitre-de-conferences-a\\\/#primaryimage\",\"url\":\"https:\\\/\\\/www.ummto.dz\\\/fll\\\/wp-content\\\/uploads\\\/2021\\\/11\\\/Enseignants.webp\",\"contentUrl\":\"https:\\\/\\\/www.ummto.dz\\\/fll\\\/wp-content\\\/uploads\\\/2021\\\/11\\\/Enseignants.webp\",\"width\":250,\"height\":250,\"caption\":\"Enseignants\"},{\"@type\":\"BreadcrumbList\",\"@id\":\"https:\\\/\\\/www.ummto.dz\\\/fll\\\/felicitations-aux-promus-professeur-et-maitre-de-conferences-a\\\/#breadcrumb\",\"itemListElement\":[{\"@type\":\"ListItem\",\"position\":1,\"name\":\"Accueil\",\"item\":\"https:\\\/\\\/www.ummto.dz\\\/fll\\\/\"},{\"@type\":\"ListItem\",\"position\":2,\"name\":\"F\u00e9licitations aux promus Professeur et Maitre de conf\u00e9rences A\"}]},{\"@type\":\"WebSite\",\"@id\":\"https:\\\/\\\/www.ummto.dz\\\/fll\\\/#website\",\"url\":\"https:\\\/\\\/www.ummto.dz\\\/fll\\\/\",\"name\":\"Facult\u00e9 des Lettres et des Langues\",\"description\":\"Facult\u00e9 des Lettres et des Langues\",\"potentialAction\":[{\"@type\":\"SearchAction\",\"target\":{\"@type\":\"EntryPoint\",\"urlTemplate\":\"https:\\\/\\\/www.ummto.dz\\\/fll\\\/?s={search_term_string}\"},\"query-input\":{\"@type\":\"PropertyValueSpecification\",\"valueRequired\":true,\"valueName\":\"search_term_string\"}}],\"inLanguage\":\"fr-FR\"},{\"@type\":\"Person\",\"@id\":\"https:\\\/\\\/www.ummto.dz\\\/fll\\\/#\\\/schema\\\/person\\\/d03e7460fb5662f3475fff66fa1c5dc8\",\"name\":\"FLL\",\"url\":\"https:\\\/\\\/www.ummto.dz\\\/fll\\\/author\\\/fll\\\/\"}]}<\/script>\n<!-- \/ Yoast SEO plugin. -->","yoast_head_json":{"title":"F\u00e9licitations aux promus Professeur et Maitre de conf\u00e9rences A - Facult\u00e9 des Lettres et des Langues","description":"F\u00e9licitations aux promus Professeur et Maitre de conf\u00e9rences A de la facult\u00e9 des lettres et des langues","robots":{"index":"index","follow":"follow","max-snippet":"max-snippet:-1","max-image-preview":"max-image-preview:large","max-video-preview":"max-video-preview:-1"},"canonical":"https:\/\/www.ummto.dz\/fll\/felicitations-aux-promus-professeur-et-maitre-de-conferences-a\/","og_locale":"fr_FR","og_type":"article","og_title":"F\u00e9licitations aux promus Professeur et Maitre de conf\u00e9rences A - Facult\u00e9 des Lettres et des Langues","og_description":"F\u00e9licitations aux promus Professeur et Maitre de conf\u00e9rences A de la facult\u00e9 des lettres et des langues","og_url":"https:\/\/www.ummto.dz\/fll\/felicitations-aux-promus-professeur-et-maitre-de-conferences-a\/","og_site_name":"Facult\u00e9 des Lettres et des Langues","article_published_time":"2025-02-09T12:00:30+00:00","og_image":[{"width":250,"height":250,"url":"https:\/\/www.ummto.dz\/fll\/wp-content\/uploads\/2021\/11\/Enseignants.webp","type":"image\/webp"}],"author":"FLL","twitter_card":"summary_large_image","twitter_misc":{"\u00c9crit par":"FLL"},"schema":{"@context":"https:\/\/schema.org","@graph":[{"@type":"Article","@id":"https:\/\/www.ummto.dz\/fll\/felicitations-aux-promus-professeur-et-maitre-de-conferences-a\/#article","isPartOf":{"@id":"https:\/\/www.ummto.dz\/fll\/felicitations-aux-promus-professeur-et-maitre-de-conferences-a\/"},"author":{"name":"FLL","@id":"https:\/\/www.ummto.dz\/fll\/#\/schema\/person\/d03e7460fb5662f3475fff66fa1c5dc8"},"headline":"F\u00e9licitations aux promus Professeur et Maitre de conf\u00e9rences A","datePublished":"2025-02-09T12:00:30+00:00","mainEntityOfPage":{"@id":"https:\/\/www.ummto.dz\/fll\/felicitations-aux-promus-professeur-et-maitre-de-conferences-a\/"},"wordCount":281,"image":{"@id":"https:\/\/www.ummto.dz\/fll\/felicitations-aux-promus-professeur-et-maitre-de-conferences-a\/#primaryimage"},"thumbnailUrl":"https:\/\/www.ummto.dz\/fll\/wp-content\/uploads\/2021\/11\/Enseignants.webp","articleSection":["Actualit\u00e9"],"inLanguage":"fr-FR"},{"@type":"WebPage","@id":"https:\/\/www.ummto.dz\/fll\/felicitations-aux-promus-professeur-et-maitre-de-conferences-a\/","url":"https:\/\/www.ummto.dz\/fll\/felicitations-aux-promus-professeur-et-maitre-de-conferences-a\/","name":"F\u00e9licitations aux promus Professeur et Maitre de conf\u00e9rences A - Facult\u00e9 des Lettres et des Langues","isPartOf":{"@id":"https:\/\/www.ummto.dz\/fll\/#website"},"primaryImageOfPage":{"@id":"https:\/\/www.ummto.dz\/fll\/felicitations-aux-promus-professeur-et-maitre-de-conferences-a\/#primaryimage"},"image":{"@id":"https:\/\/www.ummto.dz\/fll\/felicitations-aux-promus-professeur-et-maitre-de-conferences-a\/#primaryimage"},"thumbnailUrl":"https:\/\/www.ummto.dz\/fll\/wp-content\/uploads\/2021\/11\/Enseignants.webp","datePublished":"2025-02-09T12:00:30+00:00","author":{"@id":"https:\/\/www.ummto.dz\/fll\/#\/schema\/person\/d03e7460fb5662f3475fff66fa1c5dc8"},"description":"F\u00e9licitations aux promus Professeur et Maitre de conf\u00e9rences A de la facult\u00e9 des lettres et des langues","breadcrumb":{"@id":"https:\/\/www.ummto.dz\/fll\/felicitations-aux-promus-professeur-et-maitre-de-conferences-a\/#breadcrumb"},"inLanguage":"fr-FR","potentialAction":[{"@type":"ReadAction","target":["https:\/\/www.ummto.dz\/fll\/felicitations-aux-promus-professeur-et-maitre-de-conferences-a\/"]}]},{"@type":"ImageObject","inLanguage":"fr-FR","@id":"https:\/\/www.ummto.dz\/fll\/felicitations-aux-promus-professeur-et-maitre-de-conferences-a\/#primaryimage","url":"https:\/\/www.ummto.dz\/fll\/wp-content\/uploads\/2021\/11\/Enseignants.webp","contentUrl":"https:\/\/www.ummto.dz\/fll\/wp-content\/uploads\/2021\/11\/Enseignants.webp","width":250,"height":250,"caption":"Enseignants"},{"@type":"BreadcrumbList","@id":"https:\/\/www.ummto.dz\/fll\/felicitations-aux-promus-professeur-et-maitre-de-conferences-a\/#breadcrumb","itemListElement":[{"@type":"ListItem","position":1,"name":"Accueil","item":"https:\/\/www.ummto.dz\/fll\/"},{"@type":"ListItem","position":2,"name":"F\u00e9licitations aux promus Professeur et Maitre de conf\u00e9rences A"}]},{"@type":"WebSite","@id":"https:\/\/www.ummto.dz\/fll\/#website","url":"https:\/\/www.ummto.dz\/fll\/","name":"Facult\u00e9 des Lettres et des Langues","description":"Facult\u00e9 des Lettres et des Langues","potentialAction":[{"@type":"SearchAction","target":{"@type":"EntryPoint","urlTemplate":"https:\/\/www.ummto.dz\/fll\/?s={search_term_string}"},"query-input":{"@type":"PropertyValueSpecification","valueRequired":true,"valueName":"search_term_string"}}],"inLanguage":"fr-FR"},{"@type":"Person","@id":"https:\/\/www.ummto.dz\/fll\/#\/schema\/person\/d03e7460fb5662f3475fff66fa1c5dc8","name":"FLL","url":"https:\/\/www.ummto.dz\/fll\/author\/fll\/"}]}},"_links":{"self":[{"href":"https:\/\/www.ummto.dz\/fll\/wp-json\/wp\/v2\/posts\/6128","targetHints":{"allow":["GET"]}}],"collection":[{"href":"https:\/\/www.ummto.dz\/fll\/wp-json\/wp\/v2\/posts"}],"about":[{"href":"https:\/\/www.ummto.dz\/fll\/wp-json\/wp\/v2\/types\/post"}],"author":[{"embeddable":true,"href":"https:\/\/www.ummto.dz\/fll\/wp-json\/wp\/v2\/users\/3"}],"replies":[{"embeddable":true,"href":"https:\/\/www.ummto.dz\/fll\/wp-json\/wp\/v2\/comments?post=6128"}],"version-history":[{"count":2,"href":"https:\/\/www.ummto.dz\/fll\/wp-json\/wp\/v2\/posts\/6128\/revisions"}],"predecessor-version":[{"id":6131,"href":"https:\/\/www.ummto.dz\/fll\/wp-json\/wp\/v2\/posts\/6128\/revisions\/6131"}],"wp:featuredmedia":[{"embeddable":true,"href":"https:\/\/www.ummto.dz\/fll\/wp-json\/wp\/v2\/media\/2957"}],"wp:attachment":[{"href":"https:\/\/www.ummto.dz\/fll\/wp-json\/wp\/v2\/media?parent=6128"}],"wp:term":[{"taxonomy":"category","embeddable":true,"href":"https:\/\/www.ummto.dz\/fll\/wp-json\/wp\/v2\/categories?post=6128"},{"taxonomy":"post_tag","embeddable":true,"href":"https:\/\/www.ummto.dz\/fll\/wp-json\/wp\/v2\/tags?post=6128"}],"curies":[{"name":"wp","href":"https:\/\/api.w.org\/{rel}","templated":true}]}}