{"id":11265,"date":"2026-01-27T15:04:24","date_gmt":"2026-01-27T14:04:24","guid":{"rendered":"https:\/\/www.ummto.dz\/fmed\/?p=11265"},"modified":"2026-01-27T15:05:29","modified_gmt":"2026-01-27T14:05:29","slug":"retour-en-images-6e-journee-scientifique-du-departement-de-medecine-advitam-club","status":"publish","type":"post","link":"https:\/\/www.ummto.dz\/fmed\/retour-en-images-6e-journee-scientifique-du-departement-de-medecine-advitam-club\/","title":{"rendered":"Retour en images &#8211; 6e journ\u00e9e scientifique du d\u00e9partement de M\u00e9decine &#8211; AdVitam Club"},"content":{"rendered":"<p>[et_pb_section fb_built=\u00a0\u00bb1&Prime; theme_builder_area=\u00a0\u00bbpost_content\u00a0\u00bb _builder_version=\u00a0\u00bb4.27.5&Prime; _module_preset=\u00a0\u00bbdefault\u00a0\u00bb][et_pb_row _builder_version=\u00a0\u00bb4.27.5&Prime; _module_preset=\u00a0\u00bbdefault\u00a0\u00bb theme_builder_area=\u00a0\u00bbpost_content\u00a0\u00bb][et_pb_column _builder_version=\u00a0\u00bb4.27.5&Prime; _module_preset=\u00a0\u00bbdefault\u00a0\u00bb type=\u00a0\u00bb4_4&Prime; theme_builder_area=\u00a0\u00bbpost_content\u00a0\u00bb][et_pb_text _builder_version=\u00a0\u00bb4.27.5&Prime; _module_preset=\u00a0\u00bbdefault\u00a0\u00bb theme_builder_area=\u00a0\u00bbpost_content\u00a0\u00bb hover_enabled=\u00a0\u00bb0&Prime; sticky_enabled=\u00a0\u00bb0&Prime;]<\/p>\n<p style=\"text-align: justify\">Le D\u00e9partement de M\u00e9decine, en collaboration avec le club scientifique et acad\u00e9mique AdVitam Club, a organis\u00e9 le <strong>mercredi 21 janvier 2026<\/strong> la sixi\u00e8me (6\u1d49) Journ\u00e9e Scientifique de Formation M\u00e9dicale Continue, un rendez-vous d\u00e9sormais incontournable dans le calendrier acad\u00e9mique de la facult\u00e9.<\/p>\n<p style=\"text-align: justify\">Cette \u00e9dition a \u00e9t\u00e9 d\u00e9di\u00e9e \u00e0 un enjeu majeur de sant\u00e9 publique : la g\u00e9riatrie, pr\u00e9sent\u00e9e sous le th\u00e8me<\/p>\n<h5 style=\"text-align: center\">\u00ab G\u00e9riatrie : De la complexit\u00e9 de l&rsquo;\u00e2ge \u00e0 l&rsquo;excellence de la prise en charge \u00bb.<\/h5>\n<p style=\"text-align: justify\">Les diff\u00e9rentes communications ont abord\u00e9 les dimensions cliniques, diagnostiques, th\u00e9rapeutiques et \u00e9thiques propres au patient \u00e2g\u00e9, mettant en \u00e9vidence la complexit\u00e9 de sa prise en charge et la n\u00e9cessit\u00e9 d\u2019une approche globale et multidisciplinaire. <br \/>Les \u00e9changes entre intervenants et participants ont constitu\u00e9 un espace privil\u00e9gi\u00e9 de partage d\u2019expertise et d\u2019enrichissement mutuel.<\/p>\n<p style=\"text-align: justify\">Nous tenons \u00e0 exprimer notre profonde reconnaissance envers les intervenants pour la qualit\u00e9 de leurs contributions, les organisateurs pour leur engagement exemplaire, les participants pour l\u2019int\u00e9r\u00eat port\u00e9 aux travaux scientifiques, ainsi que le AdVitam Club pour son r\u00f4le actif dans la dynamisation de la vie scientifique de la facult\u00e9.<\/p>\n<p style=\"text-align: justify\">Pour terminer, nous vous laissons appr\u00e9cier les temps forts de la journ\u00e9e \u00e0 travers notre galerie de photos.<\/p>\n<p>&nbsp;<\/p>\n<p>[\/et_pb_text][et_pb_gallery _builder_version=\u00a0\u00bb4.27.5&Prime; _module_preset=\u00a0\u00bbdefault\u00a0\u00bb theme_builder_area=\u00a0\u00bbpost_content\u00a0\u00bb gallery_ids=\u00a0\u00bb11268,11269,11270,11271,11272,11273,11274,11275,11276,11277,11278,11279,11280&Prime; border_radii_image=\u00a0\u00bbon|5px|5px|5px|5px\u00a0\u00bb show_title_and_caption=\u00a0\u00bboff\u00a0\u00bb hover_enabled=\u00a0\u00bb0&Prime; sticky_enabled=\u00a0\u00bb0&Prime; posts_number=\u00a0\u00bb6&Prime;][\/et_pb_gallery][\/et_pb_column][\/et_pb_row][\/et_pb_section]<\/p>\n","protected":false},"excerpt":{"rendered":"<p>Le D\u00e9partement de M\u00e9decine, en collaboration avec le club scientifique et acad\u00e9mique AdVitam Club, a organis\u00e9 le mercredi 21 janvier 2026 la sixi\u00e8me (6\u1d49) Journ\u00e9e Scientifique de Formation M\u00e9dicale Continue, un rendez-vous d\u00e9sormais incontournable dans le calendrier acad\u00e9mique de la facult\u00e9. Cette \u00e9dition a \u00e9t\u00e9 d\u00e9di\u00e9e \u00e0 un enjeu majeur de sant\u00e9 publique : la [&hellip;]<\/p>\n","protected":false},"author":9,"featured_media":7952,"comment_status":"closed","ping_status":"closed","sticky":false,"template":"","format":"standard","meta":{"_et_pb_use_builder":"on","_et_pb_old_content":"","_et_gb_content_width":"","footnotes":""},"categories":[47,7],"tags":[],"class_list":["post-11265","post","type-post","status-publish","format-standard","has-post-thumbnail","hentry","category-activites-scientifiques-culturelles-et-sportives","category-actualite"],"yoast_head":"<!-- This site is optimized with the Yoast SEO plugin v27.3 - https:\/\/yoast.com\/product\/yoast-seo-wordpress\/ -->\n<title>Retour en images - 6e journ\u00e9e scientifique du d\u00e9partement de M\u00e9decine - AdVitam Club - Facult\u00e9 de M\u00e9decine<\/title>\n<meta name=\"description\" content=\"Retour en images - 6e journ\u00e9e scientifique du d\u00e9partement de M\u00e9decine - AdVitam Club\" \/>\n<meta name=\"robots\" content=\"index, follow, max-snippet:-1, max-image-preview:large, max-video-preview:-1\" \/>\n<link rel=\"canonical\" href=\"https:\/\/www.ummto.dz\/fmed\/retour-en-images-6e-journee-scientifique-du-departement-de-medecine-advitam-club\/\" \/>\n<meta property=\"og:locale\" content=\"fr_FR\" \/>\n<meta property=\"og:type\" content=\"article\" \/>\n<meta property=\"og:title\" content=\"Retour en images - 6e journ\u00e9e scientifique du d\u00e9partement de M\u00e9decine - AdVitam Club - Facult\u00e9 de M\u00e9decine\" \/>\n<meta property=\"og:description\" content=\"Retour en images - 6e journ\u00e9e scientifique du d\u00e9partement de M\u00e9decine - AdVitam Club\" \/>\n<meta property=\"og:url\" content=\"https:\/\/www.ummto.dz\/fmed\/retour-en-images-6e-journee-scientifique-du-departement-de-medecine-advitam-club\/\" \/>\n<meta property=\"og:site_name\" content=\"Facult\u00e9 de M\u00e9decine\" \/>\n<meta property=\"article:published_time\" content=\"2026-01-27T14:04:24+00:00\" \/>\n<meta property=\"article:modified_time\" content=\"2026-01-27T14:05:29+00:00\" \/>\n<meta property=\"og:image\" content=\"https:\/\/www.ummto.dz\/fmed\/wp-content\/uploads\/2024\/03\/photos2.jpg\" \/>\n\t<meta property=\"og:image:width\" content=\"272\" \/>\n\t<meta property=\"og:image:height\" content=\"185\" \/>\n\t<meta property=\"og:image:type\" content=\"image\/jpeg\" \/>\n<meta name=\"author\" content=\"Hanane Boudiaf\" \/>\n<meta name=\"twitter:card\" content=\"summary_large_image\" \/>\n<meta name=\"twitter:label1\" content=\"\u00c9crit par\" \/>\n\t<meta name=\"twitter:data1\" content=\"Hanane Boudiaf\" \/>\n<script type=\"application\/ld+json\" class=\"yoast-schema-graph\">{\"@context\":\"https:\\\/\\\/schema.org\",\"@graph\":[{\"@type\":\"Article\",\"@id\":\"https:\\\/\\\/www.ummto.dz\\\/fmed\\\/retour-en-images-6e-journee-scientifique-du-departement-de-medecine-advitam-club\\\/#article\",\"isPartOf\":{\"@id\":\"https:\\\/\\\/www.ummto.dz\\\/fmed\\\/retour-en-images-6e-journee-scientifique-du-departement-de-medecine-advitam-club\\\/\"},\"author\":{\"name\":\"Hanane Boudiaf\",\"@id\":\"https:\\\/\\\/www.ummto.dz\\\/fmed\\\/#\\\/schema\\\/person\\\/14596e3884258767ee0586b530f8696e\"},\"headline\":\"Retour en images &#8211; 6e journ\u00e9e scientifique du d\u00e9partement de M\u00e9decine &#8211; AdVitam Club\",\"datePublished\":\"2026-01-27T14:04:24+00:00\",\"dateModified\":\"2026-01-27T14:05:29+00:00\",\"mainEntityOfPage\":{\"@id\":\"https:\\\/\\\/www.ummto.dz\\\/fmed\\\/retour-en-images-6e-journee-scientifique-du-departement-de-medecine-advitam-club\\\/\"},\"wordCount\":339,\"image\":{\"@id\":\"https:\\\/\\\/www.ummto.dz\\\/fmed\\\/retour-en-images-6e-journee-scientifique-du-departement-de-medecine-advitam-club\\\/#primaryimage\"},\"thumbnailUrl\":\"https:\\\/\\\/www.ummto.dz\\\/fmed\\\/wp-content\\\/uploads\\\/2024\\\/03\\\/photos2.jpg\",\"articleSection\":[\"Activit\u00e9s scientifiques culturelles et sportives\",\"Actualit\u00e9\"],\"inLanguage\":\"fr-FR\"},{\"@type\":\"WebPage\",\"@id\":\"https:\\\/\\\/www.ummto.dz\\\/fmed\\\/retour-en-images-6e-journee-scientifique-du-departement-de-medecine-advitam-club\\\/\",\"url\":\"https:\\\/\\\/www.ummto.dz\\\/fmed\\\/retour-en-images-6e-journee-scientifique-du-departement-de-medecine-advitam-club\\\/\",\"name\":\"Retour en images - 6e journ\u00e9e scientifique du d\u00e9partement de M\u00e9decine - AdVitam Club - Facult\u00e9 de M\u00e9decine\",\"isPartOf\":{\"@id\":\"https:\\\/\\\/www.ummto.dz\\\/fmed\\\/#website\"},\"primaryImageOfPage\":{\"@id\":\"https:\\\/\\\/www.ummto.dz\\\/fmed\\\/retour-en-images-6e-journee-scientifique-du-departement-de-medecine-advitam-club\\\/#primaryimage\"},\"image\":{\"@id\":\"https:\\\/\\\/www.ummto.dz\\\/fmed\\\/retour-en-images-6e-journee-scientifique-du-departement-de-medecine-advitam-club\\\/#primaryimage\"},\"thumbnailUrl\":\"https:\\\/\\\/www.ummto.dz\\\/fmed\\\/wp-content\\\/uploads\\\/2024\\\/03\\\/photos2.jpg\",\"datePublished\":\"2026-01-27T14:04:24+00:00\",\"dateModified\":\"2026-01-27T14:05:29+00:00\",\"author\":{\"@id\":\"https:\\\/\\\/www.ummto.dz\\\/fmed\\\/#\\\/schema\\\/person\\\/14596e3884258767ee0586b530f8696e\"},\"description\":\"Retour en images - 6e journ\u00e9e scientifique du d\u00e9partement de M\u00e9decine - AdVitam Club\",\"breadcrumb\":{\"@id\":\"https:\\\/\\\/www.ummto.dz\\\/fmed\\\/retour-en-images-6e-journee-scientifique-du-departement-de-medecine-advitam-club\\\/#breadcrumb\"},\"inLanguage\":\"fr-FR\",\"potentialAction\":[{\"@type\":\"ReadAction\",\"target\":[\"https:\\\/\\\/www.ummto.dz\\\/fmed\\\/retour-en-images-6e-journee-scientifique-du-departement-de-medecine-advitam-club\\\/\"]}]},{\"@type\":\"ImageObject\",\"inLanguage\":\"fr-FR\",\"@id\":\"https:\\\/\\\/www.ummto.dz\\\/fmed\\\/retour-en-images-6e-journee-scientifique-du-departement-de-medecine-advitam-club\\\/#primaryimage\",\"url\":\"https:\\\/\\\/www.ummto.dz\\\/fmed\\\/wp-content\\\/uploads\\\/2024\\\/03\\\/photos2.jpg\",\"contentUrl\":\"https:\\\/\\\/www.ummto.dz\\\/fmed\\\/wp-content\\\/uploads\\\/2024\\\/03\\\/photos2.jpg\",\"width\":272,\"height\":185},{\"@type\":\"BreadcrumbList\",\"@id\":\"https:\\\/\\\/www.ummto.dz\\\/fmed\\\/retour-en-images-6e-journee-scientifique-du-departement-de-medecine-advitam-club\\\/#breadcrumb\",\"itemListElement\":[{\"@type\":\"ListItem\",\"position\":1,\"name\":\"Accueil\",\"item\":\"https:\\\/\\\/www.ummto.dz\\\/fmed\\\/\"},{\"@type\":\"ListItem\",\"position\":2,\"name\":\"Retour en images &#8211; 6e journ\u00e9e scientifique du d\u00e9partement de M\u00e9decine &#8211; AdVitam Club\"}]},{\"@type\":\"WebSite\",\"@id\":\"https:\\\/\\\/www.ummto.dz\\\/fmed\\\/#website\",\"url\":\"https:\\\/\\\/www.ummto.dz\\\/fmed\\\/\",\"name\":\"Facult\u00e9 de M\u00e9decine\",\"description\":\"Facult\u00e9 de M\u00e9decine\",\"potentialAction\":[{\"@type\":\"SearchAction\",\"target\":{\"@type\":\"EntryPoint\",\"urlTemplate\":\"https:\\\/\\\/www.ummto.dz\\\/fmed\\\/?s={search_term_string}\"},\"query-input\":{\"@type\":\"PropertyValueSpecification\",\"valueRequired\":true,\"valueName\":\"search_term_string\"}}],\"inLanguage\":\"fr-FR\"},{\"@type\":\"Person\",\"@id\":\"https:\\\/\\\/www.ummto.dz\\\/fmed\\\/#\\\/schema\\\/person\\\/14596e3884258767ee0586b530f8696e\",\"name\":\"Hanane Boudiaf\",\"url\":\"https:\\\/\\\/www.ummto.dz\\\/fmed\\\/author\\\/fmed\\\/\"}]}<\/script>\n<!-- \/ Yoast SEO plugin. -->","yoast_head_json":{"title":"Retour en images - 6e journ\u00e9e scientifique du d\u00e9partement de M\u00e9decine - AdVitam Club - Facult\u00e9 de M\u00e9decine","description":"Retour en images - 6e journ\u00e9e scientifique du d\u00e9partement de M\u00e9decine - AdVitam Club","robots":{"index":"index","follow":"follow","max-snippet":"max-snippet:-1","max-image-preview":"max-image-preview:large","max-video-preview":"max-video-preview:-1"},"canonical":"https:\/\/www.ummto.dz\/fmed\/retour-en-images-6e-journee-scientifique-du-departement-de-medecine-advitam-club\/","og_locale":"fr_FR","og_type":"article","og_title":"Retour en images - 6e journ\u00e9e scientifique du d\u00e9partement de M\u00e9decine - AdVitam Club - Facult\u00e9 de M\u00e9decine","og_description":"Retour en images - 6e journ\u00e9e scientifique du d\u00e9partement de M\u00e9decine - AdVitam Club","og_url":"https:\/\/www.ummto.dz\/fmed\/retour-en-images-6e-journee-scientifique-du-departement-de-medecine-advitam-club\/","og_site_name":"Facult\u00e9 de M\u00e9decine","article_published_time":"2026-01-27T14:04:24+00:00","article_modified_time":"2026-01-27T14:05:29+00:00","og_image":[{"width":272,"height":185,"url":"https:\/\/www.ummto.dz\/fmed\/wp-content\/uploads\/2024\/03\/photos2.jpg","type":"image\/jpeg"}],"author":"Hanane Boudiaf","twitter_card":"summary_large_image","twitter_misc":{"\u00c9crit par":"Hanane Boudiaf"},"schema":{"@context":"https:\/\/schema.org","@graph":[{"@type":"Article","@id":"https:\/\/www.ummto.dz\/fmed\/retour-en-images-6e-journee-scientifique-du-departement-de-medecine-advitam-club\/#article","isPartOf":{"@id":"https:\/\/www.ummto.dz\/fmed\/retour-en-images-6e-journee-scientifique-du-departement-de-medecine-advitam-club\/"},"author":{"name":"Hanane Boudiaf","@id":"https:\/\/www.ummto.dz\/fmed\/#\/schema\/person\/14596e3884258767ee0586b530f8696e"},"headline":"Retour en images &#8211; 6e journ\u00e9e scientifique du d\u00e9partement de M\u00e9decine &#8211; AdVitam Club","datePublished":"2026-01-27T14:04:24+00:00","dateModified":"2026-01-27T14:05:29+00:00","mainEntityOfPage":{"@id":"https:\/\/www.ummto.dz\/fmed\/retour-en-images-6e-journee-scientifique-du-departement-de-medecine-advitam-club\/"},"wordCount":339,"image":{"@id":"https:\/\/www.ummto.dz\/fmed\/retour-en-images-6e-journee-scientifique-du-departement-de-medecine-advitam-club\/#primaryimage"},"thumbnailUrl":"https:\/\/www.ummto.dz\/fmed\/wp-content\/uploads\/2024\/03\/photos2.jpg","articleSection":["Activit\u00e9s scientifiques culturelles et sportives","Actualit\u00e9"],"inLanguage":"fr-FR"},{"@type":"WebPage","@id":"https:\/\/www.ummto.dz\/fmed\/retour-en-images-6e-journee-scientifique-du-departement-de-medecine-advitam-club\/","url":"https:\/\/www.ummto.dz\/fmed\/retour-en-images-6e-journee-scientifique-du-departement-de-medecine-advitam-club\/","name":"Retour en images - 6e journ\u00e9e scientifique du d\u00e9partement de M\u00e9decine - AdVitam Club - Facult\u00e9 de M\u00e9decine","isPartOf":{"@id":"https:\/\/www.ummto.dz\/fmed\/#website"},"primaryImageOfPage":{"@id":"https:\/\/www.ummto.dz\/fmed\/retour-en-images-6e-journee-scientifique-du-departement-de-medecine-advitam-club\/#primaryimage"},"image":{"@id":"https:\/\/www.ummto.dz\/fmed\/retour-en-images-6e-journee-scientifique-du-departement-de-medecine-advitam-club\/#primaryimage"},"thumbnailUrl":"https:\/\/www.ummto.dz\/fmed\/wp-content\/uploads\/2024\/03\/photos2.jpg","datePublished":"2026-01-27T14:04:24+00:00","dateModified":"2026-01-27T14:05:29+00:00","author":{"@id":"https:\/\/www.ummto.dz\/fmed\/#\/schema\/person\/14596e3884258767ee0586b530f8696e"},"description":"Retour en images - 6e journ\u00e9e scientifique du d\u00e9partement de M\u00e9decine - AdVitam Club","breadcrumb":{"@id":"https:\/\/www.ummto.dz\/fmed\/retour-en-images-6e-journee-scientifique-du-departement-de-medecine-advitam-club\/#breadcrumb"},"inLanguage":"fr-FR","potentialAction":[{"@type":"ReadAction","target":["https:\/\/www.ummto.dz\/fmed\/retour-en-images-6e-journee-scientifique-du-departement-de-medecine-advitam-club\/"]}]},{"@type":"ImageObject","inLanguage":"fr-FR","@id":"https:\/\/www.ummto.dz\/fmed\/retour-en-images-6e-journee-scientifique-du-departement-de-medecine-advitam-club\/#primaryimage","url":"https:\/\/www.ummto.dz\/fmed\/wp-content\/uploads\/2024\/03\/photos2.jpg","contentUrl":"https:\/\/www.ummto.dz\/fmed\/wp-content\/uploads\/2024\/03\/photos2.jpg","width":272,"height":185},{"@type":"BreadcrumbList","@id":"https:\/\/www.ummto.dz\/fmed\/retour-en-images-6e-journee-scientifique-du-departement-de-medecine-advitam-club\/#breadcrumb","itemListElement":[{"@type":"ListItem","position":1,"name":"Accueil","item":"https:\/\/www.ummto.dz\/fmed\/"},{"@type":"ListItem","position":2,"name":"Retour en images &#8211; 6e journ\u00e9e scientifique du d\u00e9partement de M\u00e9decine &#8211; AdVitam Club"}]},{"@type":"WebSite","@id":"https:\/\/www.ummto.dz\/fmed\/#website","url":"https:\/\/www.ummto.dz\/fmed\/","name":"Facult\u00e9 de M\u00e9decine","description":"Facult\u00e9 de M\u00e9decine","potentialAction":[{"@type":"SearchAction","target":{"@type":"EntryPoint","urlTemplate":"https:\/\/www.ummto.dz\/fmed\/?s={search_term_string}"},"query-input":{"@type":"PropertyValueSpecification","valueRequired":true,"valueName":"search_term_string"}}],"inLanguage":"fr-FR"},{"@type":"Person","@id":"https:\/\/www.ummto.dz\/fmed\/#\/schema\/person\/14596e3884258767ee0586b530f8696e","name":"Hanane Boudiaf","url":"https:\/\/www.ummto.dz\/fmed\/author\/fmed\/"}]}},"_links":{"self":[{"href":"https:\/\/www.ummto.dz\/fmed\/wp-json\/wp\/v2\/posts\/11265","targetHints":{"allow":["GET"]}}],"collection":[{"href":"https:\/\/www.ummto.dz\/fmed\/wp-json\/wp\/v2\/posts"}],"about":[{"href":"https:\/\/www.ummto.dz\/fmed\/wp-json\/wp\/v2\/types\/post"}],"author":[{"embeddable":true,"href":"https:\/\/www.ummto.dz\/fmed\/wp-json\/wp\/v2\/users\/9"}],"replies":[{"embeddable":true,"href":"https:\/\/www.ummto.dz\/fmed\/wp-json\/wp\/v2\/comments?post=11265"}],"version-history":[{"count":4,"href":"https:\/\/www.ummto.dz\/fmed\/wp-json\/wp\/v2\/posts\/11265\/revisions"}],"predecessor-version":[{"id":11283,"href":"https:\/\/www.ummto.dz\/fmed\/wp-json\/wp\/v2\/posts\/11265\/revisions\/11283"}],"wp:featuredmedia":[{"embeddable":true,"href":"https:\/\/www.ummto.dz\/fmed\/wp-json\/wp\/v2\/media\/7952"}],"wp:attachment":[{"href":"https:\/\/www.ummto.dz\/fmed\/wp-json\/wp\/v2\/media?parent=11265"}],"wp:term":[{"taxonomy":"category","embeddable":true,"href":"https:\/\/www.ummto.dz\/fmed\/wp-json\/wp\/v2\/categories?post=11265"},{"taxonomy":"post_tag","embeddable":true,"href":"https:\/\/www.ummto.dz\/fmed\/wp-json\/wp\/v2\/tags?post=11265"}],"curies":[{"name":"wp","href":"https:\/\/api.w.org\/{rel}","templated":true}]}}