{"id":12205,"date":"2026-09-01T18:32:29","date_gmt":"2026-09-01T17:32:29","guid":{"rendered":"https:\/\/www.ummto.dz\/fmed\/?p=12205"},"modified":"2026-09-01T18:33:48","modified_gmt":"2026-09-01T17:33:48","slug":"planning-des-transferts-des-anciens-etudiants-2026-2027","status":"publish","type":"post","link":"https:\/\/www.ummto.dz\/fmed\/planning-des-transferts-des-anciens-etudiants-2026-2027\/","title":{"rendered":"Planning des transferts des anciens \u00e9tudiants 2026\/2027"},"content":{"rendered":"\n[et_pb_section fb_built=\u00a0\u00bb1&Prime; theme_builder_area=\u00a0\u00bbpost_content\u00a0\u00bb _builder_version=\u00a0\u00bb4.27.7&Prime; _module_preset=\u00a0\u00bbdefault\u00a0\u00bb][et_pb_row _builder_version=\u00a0\u00bb4.27.7&Prime; _module_preset=\u00a0\u00bbdefault\u00a0\u00bb theme_builder_area=\u00a0\u00bbpost_content\u00a0\u00bb][et_pb_column _builder_version=\u00a0\u00bb4.27.7&Prime; _module_preset=\u00a0\u00bbdefault\u00a0\u00bb type=\u00a0\u00bb4_4&Prime; theme_builder_area=\u00a0\u00bbpost_content\u00a0\u00bb][et_pb_text _builder_version=\u00a0\u00bb4.27.7&Prime; _module_preset=\u00a0\u00bbdefault\u00a0\u00bb theme_builder_area=\u00a0\u00bbpost_content\u00a0\u00bb hover_enabled=\u00a0\u00bb0&Prime; sticky_enabled=\u00a0\u00bb0&Prime;]<p><span>Nous informons les \u00e9tudiants que les transferts (et les r\u00e9orientations) seront trait\u00e9s exclusivement via la plateforme <strong>PROGRES<\/strong> et g\u00e9r\u00e9s de mani\u00e8re centralis\u00e9e.<\/span><\/p>\n<ul>\n<li><span>Les demandes seront recevables <strong>du 30 ao\u00fbt au 15 septembre 2026<\/strong> ; <\/span><\/li>\n<li><span>Leur traitement aura lieu <strong>du 16 au 19 septembre 2026<\/strong>;<\/span><\/li>\n<li><span>Les r\u00e9sultats seront annonc\u00e9s le<strong> 20 septembre 2026.<\/strong><\/span>\n<\/li>\n<\/ul>\n<p><span><strong><a href=\"https:\/\/www.ummto.dz\/fmed\/wp-content\/uploads\/2026\/09\/Transfert-2026-2027-1.pdf\" rel=\"attachment wp-att-12209\">Transfert 2026-2027<\/a><\/strong><\/span><\/p>[\/et_pb_text][\/et_pb_column][\/et_pb_row][\/et_pb_section]\n","protected":false},"excerpt":{"rendered":"<p>Nous informons les \u00e9tudiants que les transferts (et les r\u00e9orientations) seront trait\u00e9s exclusivement via la plateforme PROGRES et g\u00e9r\u00e9s de mani\u00e8re centralis\u00e9e. Les demandes seront recevables du 30 ao\u00fbt au 15 septembre 2026 ; Leur traitement aura lieu du 16 au 19 septembre 2026; Les r\u00e9sultats seront annonc\u00e9s le 20 septembre 2026. Transfert 2026-2027<\/p>\n","protected":false},"author":9,"featured_media":4889,"comment_status":"closed","ping_status":"closed","sticky":false,"template":"","format":"standard","meta":{"_et_pb_use_builder":"on","_et_pb_old_content":"","_et_gb_content_width":"","footnotes":"","_members_access_role":[],"_members_access_error":""},"categories":[7,15,16,17],"tags":[],"class_list":["post-12205","post","type-post","status-publish","format-standard","has-post-thumbnail","hentry","category-actualite","category-medecine","category-medecine-dentaire","category-pharmacie"],"yoast_head":"<!-- This site is optimized with the Yoast SEO plugin v28.0 - https:\/\/yoast.com\/product\/yoast-seo-wordpress\/ -->\n<title>Planning des transferts des anciens \u00e9tudiants 2026\/2027 - Facult\u00e9 de M\u00e9decine<\/title>\n<meta name=\"robots\" content=\"index, follow, max-snippet:-1, max-image-preview:large, max-video-preview:-1\" \/>\n<link rel=\"canonical\" href=\"https:\/\/www.ummto.dz\/fmed\/planning-des-transferts-des-anciens-etudiants-2026-2027\/\" \/>\n<meta property=\"og:locale\" content=\"fr_FR\" \/>\n<meta property=\"og:type\" content=\"article\" \/>\n<meta property=\"og:title\" content=\"Planning des transferts des anciens \u00e9tudiants 2026\/2027 - Facult\u00e9 de M\u00e9decine\" \/>\n<meta property=\"og:description\" content=\"Nous informons les \u00e9tudiants que les transferts (et les r\u00e9orientations) seront trait\u00e9s exclusivement via la plateforme PROGRES et g\u00e9r\u00e9s de mani\u00e8re centralis\u00e9e. Les demandes seront recevables du 30 ao\u00fbt au 15 septembre 2026 ; Leur traitement aura lieu du 16 au 19 septembre 2026; Les r\u00e9sultats seront annonc\u00e9s le 20 septembre 2026. Transfert 2026-2027\" \/>\n<meta property=\"og:url\" content=\"https:\/\/www.ummto.dz\/fmed\/planning-des-transferts-des-anciens-etudiants-2026-2027\/\" \/>\n<meta property=\"og:site_name\" content=\"Facult\u00e9 de M\u00e9decine\" \/>\n<meta property=\"article:published_time\" content=\"2026-09-01T17:32:29+00:00\" \/>\n<meta property=\"article:modified_time\" content=\"2026-09-01T17:33:48+00:00\" \/>\n<meta property=\"og:image\" content=\"https:\/\/www.ummto.dz\/fmed\/wp-content\/uploads\/2022\/02\/Avis.png\" \/>\n\t<meta property=\"og:image:width\" content=\"407\" \/>\n\t<meta property=\"og:image:height\" content=\"124\" \/>\n\t<meta property=\"og:image:type\" content=\"image\/png\" \/>\n<meta name=\"author\" content=\"Hanane Boudiaf\" \/>\n<meta name=\"twitter:card\" content=\"summary_large_image\" \/>\n<meta name=\"twitter:label1\" content=\"\u00c9crit par\" \/>\n\t<meta name=\"twitter:data1\" content=\"Hanane Boudiaf\" \/>\n\t<meta name=\"twitter:label2\" content=\"Dur\u00e9e de lecture estim\u00e9e\" \/>\n\t<meta name=\"twitter:data2\" content=\"1 minute\" \/>\n<script type=\"application\/ld+json\" class=\"yoast-schema-graph\">{\"@context\":\"https:\\\/\\\/schema.org\",\"@graph\":[{\"@type\":\"Article\",\"@id\":\"https:\\\/\\\/www.ummto.dz\\\/fmed\\\/planning-des-transferts-des-anciens-etudiants-2026-2027\\\/#article\",\"isPartOf\":{\"@id\":\"https:\\\/\\\/www.ummto.dz\\\/fmed\\\/planning-des-transferts-des-anciens-etudiants-2026-2027\\\/\"},\"author\":{\"name\":\"Hanane Boudiaf\",\"@id\":\"https:\\\/\\\/www.ummto.dz\\\/fmed\\\/#\\\/schema\\\/person\\\/14596e3884258767ee0586b530f8696e\"},\"headline\":\"Planning des transferts des anciens \u00e9tudiants 2026\\\/2027\",\"datePublished\":\"2026-09-01T17:32:29+00:00\",\"dateModified\":\"2026-09-01T17:33:48+00:00\",\"mainEntityOfPage\":{\"@id\":\"https:\\\/\\\/www.ummto.dz\\\/fmed\\\/planning-des-transferts-des-anciens-etudiants-2026-2027\\\/\"},\"wordCount\":131,\"image\":{\"@id\":\"https:\\\/\\\/www.ummto.dz\\\/fmed\\\/planning-des-transferts-des-anciens-etudiants-2026-2027\\\/#primaryimage\"},\"thumbnailUrl\":\"https:\\\/\\\/www.ummto.dz\\\/fmed\\\/wp-content\\\/uploads\\\/2022\\\/02\\\/Avis.png\",\"articleSection\":[\"Actualit\u00e9\",\"M\u00e9decine\",\"M\u00e9decine dentaire\",\"Pharmacie\"],\"inLanguage\":\"fr-FR\"},{\"@type\":\"WebPage\",\"@id\":\"https:\\\/\\\/www.ummto.dz\\\/fmed\\\/planning-des-transferts-des-anciens-etudiants-2026-2027\\\/\",\"url\":\"https:\\\/\\\/www.ummto.dz\\\/fmed\\\/planning-des-transferts-des-anciens-etudiants-2026-2027\\\/\",\"name\":\"Planning des transferts des anciens \u00e9tudiants 2026\\\/2027 - Facult\u00e9 de M\u00e9decine\",\"isPartOf\":{\"@id\":\"https:\\\/\\\/www.ummto.dz\\\/fmed\\\/#website\"},\"primaryImageOfPage\":{\"@id\":\"https:\\\/\\\/www.ummto.dz\\\/fmed\\\/planning-des-transferts-des-anciens-etudiants-2026-2027\\\/#primaryimage\"},\"image\":{\"@id\":\"https:\\\/\\\/www.ummto.dz\\\/fmed\\\/planning-des-transferts-des-anciens-etudiants-2026-2027\\\/#primaryimage\"},\"thumbnailUrl\":\"https:\\\/\\\/www.ummto.dz\\\/fmed\\\/wp-content\\\/uploads\\\/2022\\\/02\\\/Avis.png\",\"datePublished\":\"2026-09-01T17:32:29+00:00\",\"dateModified\":\"2026-09-01T17:33:48+00:00\",\"author\":{\"@id\":\"https:\\\/\\\/www.ummto.dz\\\/fmed\\\/#\\\/schema\\\/person\\\/14596e3884258767ee0586b530f8696e\"},\"breadcrumb\":{\"@id\":\"https:\\\/\\\/www.ummto.dz\\\/fmed\\\/planning-des-transferts-des-anciens-etudiants-2026-2027\\\/#breadcrumb\"},\"inLanguage\":\"fr-FR\",\"potentialAction\":[{\"@type\":\"ReadAction\",\"target\":[\"https:\\\/\\\/www.ummto.dz\\\/fmed\\\/planning-des-transferts-des-anciens-etudiants-2026-2027\\\/\"]}]},{\"@type\":\"ImageObject\",\"inLanguage\":\"fr-FR\",\"@id\":\"https:\\\/\\\/www.ummto.dz\\\/fmed\\\/planning-des-transferts-des-anciens-etudiants-2026-2027\\\/#primaryimage\",\"url\":\"https:\\\/\\\/www.ummto.dz\\\/fmed\\\/wp-content\\\/uploads\\\/2022\\\/02\\\/Avis.png\",\"contentUrl\":\"https:\\\/\\\/www.ummto.dz\\\/fmed\\\/wp-content\\\/uploads\\\/2022\\\/02\\\/Avis.png\",\"width\":407,\"height\":124},{\"@type\":\"BreadcrumbList\",\"@id\":\"https:\\\/\\\/www.ummto.dz\\\/fmed\\\/planning-des-transferts-des-anciens-etudiants-2026-2027\\\/#breadcrumb\",\"itemListElement\":[{\"@type\":\"ListItem\",\"position\":1,\"name\":\"Accueil\",\"item\":\"https:\\\/\\\/www.ummto.dz\\\/fmed\\\/\"},{\"@type\":\"ListItem\",\"position\":2,\"name\":\"Planning des transferts des anciens \u00e9tudiants 2026\\\/2027\"}]},{\"@type\":\"WebSite\",\"@id\":\"https:\\\/\\\/www.ummto.dz\\\/fmed\\\/#website\",\"url\":\"https:\\\/\\\/www.ummto.dz\\\/fmed\\\/\",\"name\":\"Facult\u00e9 de M\u00e9decine\",\"description\":\"Facult\u00e9 de M\u00e9decine\",\"potentialAction\":[{\"@type\":\"SearchAction\",\"target\":{\"@type\":\"EntryPoint\",\"urlTemplate\":\"https:\\\/\\\/www.ummto.dz\\\/fmed\\\/?s={search_term_string}\"},\"query-input\":{\"@type\":\"PropertyValueSpecification\",\"valueRequired\":true,\"valueName\":\"search_term_string\"}}],\"inLanguage\":\"fr-FR\"},{\"@type\":\"Person\",\"@id\":\"https:\\\/\\\/www.ummto.dz\\\/fmed\\\/#\\\/schema\\\/person\\\/14596e3884258767ee0586b530f8696e\",\"name\":\"Hanane Boudiaf\",\"url\":\"https:\\\/\\\/www.ummto.dz\\\/fmed\\\/author\\\/fmed\\\/\"}]}<\/script>\n<!-- \/ Yoast SEO plugin. -->","yoast_head_json":{"title":"Planning des transferts des anciens \u00e9tudiants 2026\/2027 - Facult\u00e9 de M\u00e9decine","robots":{"index":"index","follow":"follow","max-snippet":"max-snippet:-1","max-image-preview":"max-image-preview:large","max-video-preview":"max-video-preview:-1"},"canonical":"https:\/\/www.ummto.dz\/fmed\/planning-des-transferts-des-anciens-etudiants-2026-2027\/","og_locale":"fr_FR","og_type":"article","og_title":"Planning des transferts des anciens \u00e9tudiants 2026\/2027 - Facult\u00e9 de M\u00e9decine","og_description":"Nous informons les \u00e9tudiants que les transferts (et les r\u00e9orientations) seront trait\u00e9s exclusivement via la plateforme PROGRES et g\u00e9r\u00e9s de mani\u00e8re centralis\u00e9e. Les demandes seront recevables du 30 ao\u00fbt au 15 septembre 2026 ; Leur traitement aura lieu du 16 au 19 septembre 2026; Les r\u00e9sultats seront annonc\u00e9s le 20 septembre 2026. Transfert 2026-2027","og_url":"https:\/\/www.ummto.dz\/fmed\/planning-des-transferts-des-anciens-etudiants-2026-2027\/","og_site_name":"Facult\u00e9 de M\u00e9decine","article_published_time":"2026-09-01T17:32:29+00:00","article_modified_time":"2026-09-01T17:33:48+00:00","og_image":[{"width":407,"height":124,"url":"https:\/\/www.ummto.dz\/fmed\/wp-content\/uploads\/2022\/02\/Avis.png","type":"image\/png"}],"author":"Hanane Boudiaf","twitter_card":"summary_large_image","twitter_misc":{"\u00c9crit par":"Hanane Boudiaf","Dur\u00e9e de lecture estim\u00e9e":"1 minute"},"schema":{"@context":"https:\/\/schema.org","@graph":[{"@type":"Article","@id":"https:\/\/www.ummto.dz\/fmed\/planning-des-transferts-des-anciens-etudiants-2026-2027\/#article","isPartOf":{"@id":"https:\/\/www.ummto.dz\/fmed\/planning-des-transferts-des-anciens-etudiants-2026-2027\/"},"author":{"name":"Hanane Boudiaf","@id":"https:\/\/www.ummto.dz\/fmed\/#\/schema\/person\/14596e3884258767ee0586b530f8696e"},"headline":"Planning des transferts des anciens \u00e9tudiants 2026\/2027","datePublished":"2026-09-01T17:32:29+00:00","dateModified":"2026-09-01T17:33:48+00:00","mainEntityOfPage":{"@id":"https:\/\/www.ummto.dz\/fmed\/planning-des-transferts-des-anciens-etudiants-2026-2027\/"},"wordCount":131,"image":{"@id":"https:\/\/www.ummto.dz\/fmed\/planning-des-transferts-des-anciens-etudiants-2026-2027\/#primaryimage"},"thumbnailUrl":"https:\/\/www.ummto.dz\/fmed\/wp-content\/uploads\/2022\/02\/Avis.png","articleSection":["Actualit\u00e9","M\u00e9decine","M\u00e9decine dentaire","Pharmacie"],"inLanguage":"fr-FR"},{"@type":"WebPage","@id":"https:\/\/www.ummto.dz\/fmed\/planning-des-transferts-des-anciens-etudiants-2026-2027\/","url":"https:\/\/www.ummto.dz\/fmed\/planning-des-transferts-des-anciens-etudiants-2026-2027\/","name":"Planning des transferts des anciens \u00e9tudiants 2026\/2027 - Facult\u00e9 de M\u00e9decine","isPartOf":{"@id":"https:\/\/www.ummto.dz\/fmed\/#website"},"primaryImageOfPage":{"@id":"https:\/\/www.ummto.dz\/fmed\/planning-des-transferts-des-anciens-etudiants-2026-2027\/#primaryimage"},"image":{"@id":"https:\/\/www.ummto.dz\/fmed\/planning-des-transferts-des-anciens-etudiants-2026-2027\/#primaryimage"},"thumbnailUrl":"https:\/\/www.ummto.dz\/fmed\/wp-content\/uploads\/2022\/02\/Avis.png","datePublished":"2026-09-01T17:32:29+00:00","dateModified":"2026-09-01T17:33:48+00:00","author":{"@id":"https:\/\/www.ummto.dz\/fmed\/#\/schema\/person\/14596e3884258767ee0586b530f8696e"},"breadcrumb":{"@id":"https:\/\/www.ummto.dz\/fmed\/planning-des-transferts-des-anciens-etudiants-2026-2027\/#breadcrumb"},"inLanguage":"fr-FR","potentialAction":[{"@type":"ReadAction","target":["https:\/\/www.ummto.dz\/fmed\/planning-des-transferts-des-anciens-etudiants-2026-2027\/"]}]},{"@type":"ImageObject","inLanguage":"fr-FR","@id":"https:\/\/www.ummto.dz\/fmed\/planning-des-transferts-des-anciens-etudiants-2026-2027\/#primaryimage","url":"https:\/\/www.ummto.dz\/fmed\/wp-content\/uploads\/2022\/02\/Avis.png","contentUrl":"https:\/\/www.ummto.dz\/fmed\/wp-content\/uploads\/2022\/02\/Avis.png","width":407,"height":124},{"@type":"BreadcrumbList","@id":"https:\/\/www.ummto.dz\/fmed\/planning-des-transferts-des-anciens-etudiants-2026-2027\/#breadcrumb","itemListElement":[{"@type":"ListItem","position":1,"name":"Accueil","item":"https:\/\/www.ummto.dz\/fmed\/"},{"@type":"ListItem","position":2,"name":"Planning des transferts des anciens \u00e9tudiants 2026\/2027"}]},{"@type":"WebSite","@id":"https:\/\/www.ummto.dz\/fmed\/#website","url":"https:\/\/www.ummto.dz\/fmed\/","name":"Facult\u00e9 de M\u00e9decine","description":"Facult\u00e9 de M\u00e9decine","potentialAction":[{"@type":"SearchAction","target":{"@type":"EntryPoint","urlTemplate":"https:\/\/www.ummto.dz\/fmed\/?s={search_term_string}"},"query-input":{"@type":"PropertyValueSpecification","valueRequired":true,"valueName":"search_term_string"}}],"inLanguage":"fr-FR"},{"@type":"Person","@id":"https:\/\/www.ummto.dz\/fmed\/#\/schema\/person\/14596e3884258767ee0586b530f8696e","name":"Hanane Boudiaf","url":"https:\/\/www.ummto.dz\/fmed\/author\/fmed\/"}]}},"_links":{"self":[{"href":"https:\/\/www.ummto.dz\/fmed\/wp-json\/wp\/v2\/posts\/12205","targetHints":{"allow":["GET"]}}],"collection":[{"href":"https:\/\/www.ummto.dz\/fmed\/wp-json\/wp\/v2\/posts"}],"about":[{"href":"https:\/\/www.ummto.dz\/fmed\/wp-json\/wp\/v2\/types\/post"}],"author":[{"embeddable":true,"href":"https:\/\/www.ummto.dz\/fmed\/wp-json\/wp\/v2\/users\/9"}],"replies":[{"embeddable":true,"href":"https:\/\/www.ummto.dz\/fmed\/wp-json\/wp\/v2\/comments?post=12205"}],"version-history":[{"count":3,"href":"https:\/\/www.ummto.dz\/fmed\/wp-json\/wp\/v2\/posts\/12205\/revisions"}],"predecessor-version":[{"id":12212,"href":"https:\/\/www.ummto.dz\/fmed\/wp-json\/wp\/v2\/posts\/12205\/revisions\/12212"}],"wp:featuredmedia":[{"embeddable":true,"href":"https:\/\/www.ummto.dz\/fmed\/wp-json\/wp\/v2\/media\/4889"}],"wp:attachment":[{"href":"https:\/\/www.ummto.dz\/fmed\/wp-json\/wp\/v2\/media?parent=12205"}],"wp:term":[{"taxonomy":"category","embeddable":true,"href":"https:\/\/www.ummto.dz\/fmed\/wp-json\/wp\/v2\/categories?post=12205"},{"taxonomy":"post_tag","embeddable":true,"href":"https:\/\/www.ummto.dz\/fmed\/wp-json\/wp\/v2\/tags?post=12205"}],"curies":[{"name":"wp","href":"https:\/\/api.w.org\/{rel}","templated":true}]}}