{"id":7757,"date":"2024-01-07T15:10:00","date_gmt":"2024-01-07T14:10:00","guid":{"rendered":"https:\/\/www.ummto.dz\/fmed\/?p=7757"},"modified":"2024-01-08T11:45:13","modified_gmt":"2024-01-08T10:45:13","slug":"journees-de-formation-erasmus","status":"publish","type":"post","link":"https:\/\/www.ummto.dz\/fmed\/journees-de-formation-erasmus\/","title":{"rendered":"Journ\u00e9es de formation Erasmus+"},"content":{"rendered":"\n[et_pb_section fb_built=\u00a0\u00bb1&Prime; _builder_version=\u00a0\u00bb4.23.4&Prime; _module_preset=\u00a0\u00bbdefault\u00a0\u00bb custom_padding=\u00a0\u00bb16px|||||\u00a0\u00bb global_colors_info=\u00a0\u00bb{}\u00a0\u00bb][et_pb_row _builder_version=\u00a0\u00bb4.23.4&Prime; _module_preset=\u00a0\u00bbdefault\u00a0\u00bb width=\u00a0\u00bb95%\u00a0\u00bb global_colors_info=\u00a0\u00bb{}\u00a0\u00bb][et_pb_column type=\u00a0\u00bb4_4&Prime; _builder_version=\u00a0\u00bb4.23.4&Prime; _module_preset=\u00a0\u00bbdefault\u00a0\u00bb global_colors_info=\u00a0\u00bb{}\u00a0\u00bb][et_pb_text _builder_version=\u00a0\u00bb4.23.4&Prime; _module_preset=\u00a0\u00bbdefault\u00a0\u00bb global_colors_info=\u00a0\u00bb{}\u00a0\u00bb]<h1 style=\"text-align: center\">Erasmus+ Info-Days 2024<\/h1>\n<p>&nbsp;<\/p>\n<p>Suite au lancement de l&rsquo;appel \u00e0 propositions Erasmus+ 2024, le Bureau national Erasmus+ Alg\u00e9rie organise des journ\u00e9es de formation r\u00e9gionales destin\u00e9es aux \u00e9ventuels porteurs de projets, comme suit :<\/p>\n<p>\u2022 <strong>R\u00e9gion Est :<\/strong> le 08 janvier 2024 \u00e0 l&rsquo;Universit\u00e9 de Constantine 1<br \/>\u2022 <strong>R\u00e9gion Ouest<\/strong> : le 10 janvier \u00e0 l&rsquo;Universit\u00e9 d&rsquo;Oran 2<br \/>\u2022 <strong>R\u00e9gion Centre<\/strong> : le 11 janvier \u00e0 l&rsquo;USTHB<\/p>\n<p>Les porteurs de projets (enseignants, chercheurs ou responsables) sont convi\u00e9s \u00e0 participer \u00e0 ces journ\u00e9es qui porteront sur :<\/p>\n<h4>Les projets d&rsquo;\u00e9changes<\/h4>\n<p>\u2022 La mobilit\u00e9 internationale des \u00e9tudiants et du personnel (ICM).<br \/>\u2022 Les projets d&rsquo;\u00e9changes virtuels.<\/p>\n<h4>Les projets de coop\u00e9ration<\/h4>\n<p>\u2022 Les projets de renforcement des capacit\u00e9s dans les domaines de l\u2019enseignement sup\u00e9rieur (CBHE), et de la formation professionnels (CBVET).<br \/>\u2022 Les mesures de conception Erasmus Mundus.<br \/>\u2022 Les Masters conjoints Erasmus Mundus.<\/p>\n<h4>Les actions Jean Monnet<\/h4>\n<p>\u2022 Modules ; Chaires ; Centres d&rsquo;excellence ; R\u00e9seaux.<\/p>\n<p>\u00a0Les d\u00e9tails concernant le lieu et l&rsquo;horaire exacts seront communiqu\u00e9s ult\u00e9rieurement sur cette page: <a href=\"https:\/\/erasmusplus.dz\/Info-Days-2024\" target=\"_blank\" rel=\"noopener\">https:\/\/erasmusplus.dz\/Info-Days-2024<\/a><\/p>\n<h6><\/h6>\n<h6>Liens utiles :<\/h6>\n<p>\u2022 Appel \u00e0 propositions 2024 : <a href=\"https:\/\/erasmusplus.dz\/Open-calls\">https:\/\/erasmusplus.dz\/Open-calls<\/a><br \/>\u2022 Projets Erasmus+ en Alg\u00e9rie : <a href=\"https:\/\/erasmusplus.dz\/projects\">https:\/\/erasmusplus.dz\/projects<\/a><br \/>\u2022 Erasmus+ project results : <a href=\"https:\/\/erasmus-plus.ec.europa.eu\/projects\">https:\/\/erasmus-plus.ec.europa.eu\/projects<\/a><br \/>\u2022 Documents ressources : <a href=\"https:\/\/erasmusplus.dz\/resources\">https:\/\/erasmusplus.dz\/resources<\/a><br \/>\u2022 Email : <a href=\"info@erasmusplus.dz\">info@erasmusplus.dz<\/a><\/p>\n<p>&nbsp;<\/p>[\/et_pb_text][\/et_pb_column][\/et_pb_row][\/et_pb_section]\n","protected":false},"excerpt":{"rendered":"<p>Erasmus+ Info-Days 2024 &nbsp; Suite au lancement de l&rsquo;appel \u00e0 propositions Erasmus+ 2024, le Bureau national Erasmus+ Alg\u00e9rie organise des journ\u00e9es de formation r\u00e9gionales destin\u00e9es aux \u00e9ventuels porteurs de projets, comme suit : \u2022 R\u00e9gion Est : le 08 janvier 2024 \u00e0 l&rsquo;Universit\u00e9 de Constantine 1\u2022 R\u00e9gion Ouest : le 10 janvier \u00e0 l&rsquo;Universit\u00e9 d&rsquo;Oran [&hellip;]<\/p>\n","protected":false},"author":6,"featured_media":6471,"comment_status":"closed","ping_status":"closed","sticky":false,"template":"","format":"standard","meta":{"_et_pb_use_builder":"on","_et_pb_old_content":"","_et_gb_content_width":"","footnotes":""},"categories":[7,13],"tags":[],"class_list":["post-7757","post","type-post","status-publish","format-standard","has-post-thumbnail","hentry","category-actualite","category-faculte"],"yoast_head":"<!-- This site is optimized with the Yoast SEO plugin v27.3 - https:\/\/yoast.com\/product\/yoast-seo-wordpress\/ -->\n<title>Journ\u00e9es de formation Erasmus+ - Facult\u00e9 de M\u00e9decine<\/title>\n<meta name=\"description\" content=\"Journ\u00e9es de formation Erasmus+\" \/>\n<meta name=\"robots\" content=\"index, follow, max-snippet:-1, max-image-preview:large, max-video-preview:-1\" \/>\n<link rel=\"canonical\" href=\"https:\/\/www.ummto.dz\/fmed\/journees-de-formation-erasmus\/\" \/>\n<meta property=\"og:locale\" content=\"fr_FR\" \/>\n<meta property=\"og:type\" content=\"article\" \/>\n<meta property=\"og:title\" content=\"Journ\u00e9es de formation Erasmus+ - Facult\u00e9 de M\u00e9decine\" \/>\n<meta property=\"og:description\" content=\"Journ\u00e9es de formation Erasmus+\" \/>\n<meta property=\"og:url\" content=\"https:\/\/www.ummto.dz\/fmed\/journees-de-formation-erasmus\/\" \/>\n<meta property=\"og:site_name\" content=\"Facult\u00e9 de M\u00e9decine\" \/>\n<meta property=\"article:published_time\" content=\"2024-01-07T14:10:00+00:00\" \/>\n<meta property=\"article:modified_time\" content=\"2024-01-08T10:45:13+00:00\" \/>\n<meta property=\"og:image\" content=\"https:\/\/www.ummto.dz\/fmed\/wp-content\/uploads\/2023\/02\/formation3.jpg\" \/>\n\t<meta property=\"og:image:width\" content=\"263\" \/>\n\t<meta property=\"og:image:height\" content=\"192\" \/>\n\t<meta property=\"og:image:type\" content=\"image\/jpeg\" \/>\n<meta name=\"author\" content=\"ali belaid\" \/>\n<meta name=\"twitter:card\" content=\"summary_large_image\" \/>\n<meta name=\"twitter:label1\" content=\"\u00c9crit par\" \/>\n\t<meta name=\"twitter:data1\" content=\"ali belaid\" \/>\n\t<meta name=\"twitter:label2\" content=\"Dur\u00e9e de lecture estim\u00e9e\" \/>\n\t<meta name=\"twitter:data2\" content=\"2 minutes\" \/>\n<script type=\"application\/ld+json\" class=\"yoast-schema-graph\">{\"@context\":\"https:\\\/\\\/schema.org\",\"@graph\":[{\"@type\":\"Article\",\"@id\":\"https:\\\/\\\/www.ummto.dz\\\/fmed\\\/journees-de-formation-erasmus\\\/#article\",\"isPartOf\":{\"@id\":\"https:\\\/\\\/www.ummto.dz\\\/fmed\\\/journees-de-formation-erasmus\\\/\"},\"author\":{\"name\":\"ali belaid\",\"@id\":\"https:\\\/\\\/www.ummto.dz\\\/fmed\\\/#\\\/schema\\\/person\\\/5d2fbf7239b4ee17a63c5e5c2620feab\"},\"headline\":\"Journ\u00e9es de formation Erasmus+\",\"datePublished\":\"2024-01-07T14:10:00+00:00\",\"dateModified\":\"2024-01-08T10:45:13+00:00\",\"mainEntityOfPage\":{\"@id\":\"https:\\\/\\\/www.ummto.dz\\\/fmed\\\/journees-de-formation-erasmus\\\/\"},\"wordCount\":271,\"image\":{\"@id\":\"https:\\\/\\\/www.ummto.dz\\\/fmed\\\/journees-de-formation-erasmus\\\/#primaryimage\"},\"thumbnailUrl\":\"https:\\\/\\\/www.ummto.dz\\\/fmed\\\/wp-content\\\/uploads\\\/2023\\\/02\\\/formation3.jpg\",\"articleSection\":[\"Actualit\u00e9\",\"Facult\u00e9\"],\"inLanguage\":\"fr-FR\"},{\"@type\":\"WebPage\",\"@id\":\"https:\\\/\\\/www.ummto.dz\\\/fmed\\\/journees-de-formation-erasmus\\\/\",\"url\":\"https:\\\/\\\/www.ummto.dz\\\/fmed\\\/journees-de-formation-erasmus\\\/\",\"name\":\"Journ\u00e9es de formation Erasmus+ - Facult\u00e9 de M\u00e9decine\",\"isPartOf\":{\"@id\":\"https:\\\/\\\/www.ummto.dz\\\/fmed\\\/#website\"},\"primaryImageOfPage\":{\"@id\":\"https:\\\/\\\/www.ummto.dz\\\/fmed\\\/journees-de-formation-erasmus\\\/#primaryimage\"},\"image\":{\"@id\":\"https:\\\/\\\/www.ummto.dz\\\/fmed\\\/journees-de-formation-erasmus\\\/#primaryimage\"},\"thumbnailUrl\":\"https:\\\/\\\/www.ummto.dz\\\/fmed\\\/wp-content\\\/uploads\\\/2023\\\/02\\\/formation3.jpg\",\"datePublished\":\"2024-01-07T14:10:00+00:00\",\"dateModified\":\"2024-01-08T10:45:13+00:00\",\"author\":{\"@id\":\"https:\\\/\\\/www.ummto.dz\\\/fmed\\\/#\\\/schema\\\/person\\\/5d2fbf7239b4ee17a63c5e5c2620feab\"},\"description\":\"Journ\u00e9es de formation Erasmus+\",\"breadcrumb\":{\"@id\":\"https:\\\/\\\/www.ummto.dz\\\/fmed\\\/journees-de-formation-erasmus\\\/#breadcrumb\"},\"inLanguage\":\"fr-FR\",\"potentialAction\":[{\"@type\":\"ReadAction\",\"target\":[\"https:\\\/\\\/www.ummto.dz\\\/fmed\\\/journees-de-formation-erasmus\\\/\"]}]},{\"@type\":\"ImageObject\",\"inLanguage\":\"fr-FR\",\"@id\":\"https:\\\/\\\/www.ummto.dz\\\/fmed\\\/journees-de-formation-erasmus\\\/#primaryimage\",\"url\":\"https:\\\/\\\/www.ummto.dz\\\/fmed\\\/wp-content\\\/uploads\\\/2023\\\/02\\\/formation3.jpg\",\"contentUrl\":\"https:\\\/\\\/www.ummto.dz\\\/fmed\\\/wp-content\\\/uploads\\\/2023\\\/02\\\/formation3.jpg\",\"width\":263,\"height\":192},{\"@type\":\"BreadcrumbList\",\"@id\":\"https:\\\/\\\/www.ummto.dz\\\/fmed\\\/journees-de-formation-erasmus\\\/#breadcrumb\",\"itemListElement\":[{\"@type\":\"ListItem\",\"position\":1,\"name\":\"Accueil\",\"item\":\"https:\\\/\\\/www.ummto.dz\\\/fmed\\\/\"},{\"@type\":\"ListItem\",\"position\":2,\"name\":\"Journ\u00e9es de formation Erasmus+\"}]},{\"@type\":\"WebSite\",\"@id\":\"https:\\\/\\\/www.ummto.dz\\\/fmed\\\/#website\",\"url\":\"https:\\\/\\\/www.ummto.dz\\\/fmed\\\/\",\"name\":\"Facult\u00e9 de M\u00e9decine\",\"description\":\"Facult\u00e9 de M\u00e9decine\",\"potentialAction\":[{\"@type\":\"SearchAction\",\"target\":{\"@type\":\"EntryPoint\",\"urlTemplate\":\"https:\\\/\\\/www.ummto.dz\\\/fmed\\\/?s={search_term_string}\"},\"query-input\":{\"@type\":\"PropertyValueSpecification\",\"valueRequired\":true,\"valueName\":\"search_term_string\"}}],\"inLanguage\":\"fr-FR\"},{\"@type\":\"Person\",\"@id\":\"https:\\\/\\\/www.ummto.dz\\\/fmed\\\/#\\\/schema\\\/person\\\/5d2fbf7239b4ee17a63c5e5c2620feab\",\"name\":\"ali belaid\",\"url\":\"https:\\\/\\\/www.ummto.dz\\\/fmed\\\/author\\\/alibelaid\\\/\"}]}<\/script>\n<!-- \/ Yoast SEO plugin. -->","yoast_head_json":{"title":"Journ\u00e9es de formation Erasmus+ - Facult\u00e9 de M\u00e9decine","description":"Journ\u00e9es de formation Erasmus+","robots":{"index":"index","follow":"follow","max-snippet":"max-snippet:-1","max-image-preview":"max-image-preview:large","max-video-preview":"max-video-preview:-1"},"canonical":"https:\/\/www.ummto.dz\/fmed\/journees-de-formation-erasmus\/","og_locale":"fr_FR","og_type":"article","og_title":"Journ\u00e9es de formation Erasmus+ - Facult\u00e9 de M\u00e9decine","og_description":"Journ\u00e9es de formation Erasmus+","og_url":"https:\/\/www.ummto.dz\/fmed\/journees-de-formation-erasmus\/","og_site_name":"Facult\u00e9 de M\u00e9decine","article_published_time":"2024-01-07T14:10:00+00:00","article_modified_time":"2024-01-08T10:45:13+00:00","og_image":[{"width":263,"height":192,"url":"https:\/\/www.ummto.dz\/fmed\/wp-content\/uploads\/2023\/02\/formation3.jpg","type":"image\/jpeg"}],"author":"ali belaid","twitter_card":"summary_large_image","twitter_misc":{"\u00c9crit par":"ali belaid","Dur\u00e9e de lecture estim\u00e9e":"2 minutes"},"schema":{"@context":"https:\/\/schema.org","@graph":[{"@type":"Article","@id":"https:\/\/www.ummto.dz\/fmed\/journees-de-formation-erasmus\/#article","isPartOf":{"@id":"https:\/\/www.ummto.dz\/fmed\/journees-de-formation-erasmus\/"},"author":{"name":"ali belaid","@id":"https:\/\/www.ummto.dz\/fmed\/#\/schema\/person\/5d2fbf7239b4ee17a63c5e5c2620feab"},"headline":"Journ\u00e9es de formation Erasmus+","datePublished":"2024-01-07T14:10:00+00:00","dateModified":"2024-01-08T10:45:13+00:00","mainEntityOfPage":{"@id":"https:\/\/www.ummto.dz\/fmed\/journees-de-formation-erasmus\/"},"wordCount":271,"image":{"@id":"https:\/\/www.ummto.dz\/fmed\/journees-de-formation-erasmus\/#primaryimage"},"thumbnailUrl":"https:\/\/www.ummto.dz\/fmed\/wp-content\/uploads\/2023\/02\/formation3.jpg","articleSection":["Actualit\u00e9","Facult\u00e9"],"inLanguage":"fr-FR"},{"@type":"WebPage","@id":"https:\/\/www.ummto.dz\/fmed\/journees-de-formation-erasmus\/","url":"https:\/\/www.ummto.dz\/fmed\/journees-de-formation-erasmus\/","name":"Journ\u00e9es de formation Erasmus+ - Facult\u00e9 de M\u00e9decine","isPartOf":{"@id":"https:\/\/www.ummto.dz\/fmed\/#website"},"primaryImageOfPage":{"@id":"https:\/\/www.ummto.dz\/fmed\/journees-de-formation-erasmus\/#primaryimage"},"image":{"@id":"https:\/\/www.ummto.dz\/fmed\/journees-de-formation-erasmus\/#primaryimage"},"thumbnailUrl":"https:\/\/www.ummto.dz\/fmed\/wp-content\/uploads\/2023\/02\/formation3.jpg","datePublished":"2024-01-07T14:10:00+00:00","dateModified":"2024-01-08T10:45:13+00:00","author":{"@id":"https:\/\/www.ummto.dz\/fmed\/#\/schema\/person\/5d2fbf7239b4ee17a63c5e5c2620feab"},"description":"Journ\u00e9es de formation Erasmus+","breadcrumb":{"@id":"https:\/\/www.ummto.dz\/fmed\/journees-de-formation-erasmus\/#breadcrumb"},"inLanguage":"fr-FR","potentialAction":[{"@type":"ReadAction","target":["https:\/\/www.ummto.dz\/fmed\/journees-de-formation-erasmus\/"]}]},{"@type":"ImageObject","inLanguage":"fr-FR","@id":"https:\/\/www.ummto.dz\/fmed\/journees-de-formation-erasmus\/#primaryimage","url":"https:\/\/www.ummto.dz\/fmed\/wp-content\/uploads\/2023\/02\/formation3.jpg","contentUrl":"https:\/\/www.ummto.dz\/fmed\/wp-content\/uploads\/2023\/02\/formation3.jpg","width":263,"height":192},{"@type":"BreadcrumbList","@id":"https:\/\/www.ummto.dz\/fmed\/journees-de-formation-erasmus\/#breadcrumb","itemListElement":[{"@type":"ListItem","position":1,"name":"Accueil","item":"https:\/\/www.ummto.dz\/fmed\/"},{"@type":"ListItem","position":2,"name":"Journ\u00e9es de formation Erasmus+"}]},{"@type":"WebSite","@id":"https:\/\/www.ummto.dz\/fmed\/#website","url":"https:\/\/www.ummto.dz\/fmed\/","name":"Facult\u00e9 de M\u00e9decine","description":"Facult\u00e9 de M\u00e9decine","potentialAction":[{"@type":"SearchAction","target":{"@type":"EntryPoint","urlTemplate":"https:\/\/www.ummto.dz\/fmed\/?s={search_term_string}"},"query-input":{"@type":"PropertyValueSpecification","valueRequired":true,"valueName":"search_term_string"}}],"inLanguage":"fr-FR"},{"@type":"Person","@id":"https:\/\/www.ummto.dz\/fmed\/#\/schema\/person\/5d2fbf7239b4ee17a63c5e5c2620feab","name":"ali belaid","url":"https:\/\/www.ummto.dz\/fmed\/author\/alibelaid\/"}]}},"_links":{"self":[{"href":"https:\/\/www.ummto.dz\/fmed\/wp-json\/wp\/v2\/posts\/7757","targetHints":{"allow":["GET"]}}],"collection":[{"href":"https:\/\/www.ummto.dz\/fmed\/wp-json\/wp\/v2\/posts"}],"about":[{"href":"https:\/\/www.ummto.dz\/fmed\/wp-json\/wp\/v2\/types\/post"}],"author":[{"embeddable":true,"href":"https:\/\/www.ummto.dz\/fmed\/wp-json\/wp\/v2\/users\/6"}],"replies":[{"embeddable":true,"href":"https:\/\/www.ummto.dz\/fmed\/wp-json\/wp\/v2\/comments?post=7757"}],"version-history":[{"count":5,"href":"https:\/\/www.ummto.dz\/fmed\/wp-json\/wp\/v2\/posts\/7757\/revisions"}],"predecessor-version":[{"id":7765,"href":"https:\/\/www.ummto.dz\/fmed\/wp-json\/wp\/v2\/posts\/7757\/revisions\/7765"}],"wp:featuredmedia":[{"embeddable":true,"href":"https:\/\/www.ummto.dz\/fmed\/wp-json\/wp\/v2\/media\/6471"}],"wp:attachment":[{"href":"https:\/\/www.ummto.dz\/fmed\/wp-json\/wp\/v2\/media?parent=7757"}],"wp:term":[{"taxonomy":"category","embeddable":true,"href":"https:\/\/www.ummto.dz\/fmed\/wp-json\/wp\/v2\/categories?post=7757"},{"taxonomy":"post_tag","embeddable":true,"href":"https:\/\/www.ummto.dz\/fmed\/wp-json\/wp\/v2\/tags?post=7757"}],"curies":[{"name":"wp","href":"https:\/\/api.w.org\/{rel}","templated":true}]}}