{"id":7939,"date":"2024-02-27T10:07:55","date_gmt":"2024-02-27T09:07:55","guid":{"rendered":"https:\/\/www.ummto.dz\/fmed\/?p=7939"},"modified":"2024-02-27T10:58:17","modified_gmt":"2024-02-27T09:58:17","slug":"avis-conge-de-mobilite-courte-duree","status":"publish","type":"post","link":"https:\/\/www.ummto.dz\/fmed\/avis-conge-de-mobilite-courte-duree\/","title":{"rendered":"Avis : cong\u00e9 de mobilit\u00e9 de courte dur\u00e9e \u00e0 l&rsquo;\u00e9tranger"},"content":{"rendered":"\n[et_pb_section fb_built=\u00a0\u00bb1&Prime; _builder_version=\u00a0\u00bb4.24.0&Prime; _module_preset=\u00a0\u00bbdefault\u00a0\u00bb global_colors_info=\u00a0\u00bb{}\u00a0\u00bb][et_pb_row _builder_version=\u00a0\u00bb4.24.0&Prime; _module_preset=\u00a0\u00bbdefault\u00a0\u00bb width=\u00a0\u00bb90%\u00a0\u00bb global_colors_info=\u00a0\u00bb{}\u00a0\u00bb][et_pb_column type=\u00a0\u00bb4_4&Prime; _builder_version=\u00a0\u00bb4.24.0&Prime; _module_preset=\u00a0\u00bbdefault\u00a0\u00bb global_colors_info=\u00a0\u00bb{}\u00a0\u00bb][et_pb_text _builder_version=\u00a0\u00bb4.24.0&Prime; _module_preset=\u00a0\u00bbdefault\u00a0\u00bb global_colors_info=\u00a0\u00bb{}\u00a0\u00bb]<h5>Avis concernant les demandes de mobilit\u00e9 de courte dur\u00e9e \u00e0 l\u2019\u00e9tranger pour l\u2019ann\u00e9e 2024<\/h5>\n<p style=\"text-align: justify\">Nous informons les enseignants et les fonctionnaires A.T.S souhaitant postuler pour une mobilit\u00e9 de courte dur\u00e9e \u00e0 l\u2019\u00e9tranger pour l&rsquo;ann\u00e9e 2024, qu&rsquo;une plateforme en ligne sera lanc\u00e9e a cet effet du 01 au 10 Mars 2024.<\/p>\n<p style=\"text-align: justify\"><span class=\"fontstyle0\"><strong>IMPORTANT :<\/strong> En application de l&rsquo;arr\u00eat\u00e9 minist\u00e9riel N\u00b01349 du <\/span><span class=\"fontstyle0\">04\/10\/2022, les candidatures se feront exclusivement en ligne en <\/span><span class=\"fontstyle0\">utilisant votre compte professionnel.<\/span><\/p>\n<p style=\"text-align: justify\">Pour plus d&rsquo;informations veuillez consulter l&rsquo;avis ci dessous :<\/p>\n<p><strong><a href=\"https:\/\/www.ummto.dz\/fmed\/wp-content\/uploads\/2024\/02\/Avis-conge-mobilite-courte-duree-246.pdf\" rel=\"attachment wp-att-7941\">Avis : cong\u00e9 de mobilit\u00e9 courte dur\u00e9e \u00e0 l&rsquo;\u00e9tranger<\/a>.<\/strong><\/p>[\/et_pb_text][\/et_pb_column][\/et_pb_row][\/et_pb_section]\n","protected":false},"excerpt":{"rendered":"<p>Avis concernant les demandes de mobilit\u00e9 de courte dur\u00e9e \u00e0 l\u2019\u00e9tranger pour l\u2019ann\u00e9e 2024 Nous informons les enseignants et les fonctionnaires A.T.S souhaitant postuler pour une mobilit\u00e9 de courte dur\u00e9e \u00e0 l\u2019\u00e9tranger pour l&rsquo;ann\u00e9e 2024, qu&rsquo;une plateforme en ligne sera lanc\u00e9e a cet effet du 01 au 10 Mars 2024. IMPORTANT : En application de [&hellip;]<\/p>\n","protected":false},"author":6,"featured_media":4889,"comment_status":"closed","ping_status":"closed","sticky":false,"template":"","format":"standard","meta":{"_et_pb_use_builder":"on","_et_pb_old_content":"","_et_gb_content_width":"","footnotes":""},"categories":[7,13],"tags":[],"class_list":["post-7939","post","type-post","status-publish","format-standard","has-post-thumbnail","hentry","category-actualite","category-faculte"],"yoast_head":"<!-- This site is optimized with the Yoast SEO plugin v27.3 - https:\/\/yoast.com\/product\/yoast-seo-wordpress\/ -->\n<title>Avis : cong\u00e9 de mobilit\u00e9 de courte dur\u00e9e \u00e0 l&#039;\u00e9tranger - Facult\u00e9 de M\u00e9decine<\/title>\n<meta name=\"description\" content=\"Avis : cong\u00e9 de mobilit\u00e9 courte dur\u00e9e\" \/>\n<meta name=\"robots\" content=\"index, follow, max-snippet:-1, max-image-preview:large, max-video-preview:-1\" \/>\n<link rel=\"canonical\" href=\"https:\/\/www.ummto.dz\/fmed\/avis-conge-de-mobilite-courte-duree\/\" \/>\n<meta property=\"og:locale\" content=\"fr_FR\" \/>\n<meta property=\"og:type\" content=\"article\" \/>\n<meta property=\"og:title\" content=\"Avis : cong\u00e9 de mobilit\u00e9 de courte dur\u00e9e \u00e0 l&#039;\u00e9tranger - Facult\u00e9 de M\u00e9decine\" \/>\n<meta property=\"og:description\" content=\"Avis : cong\u00e9 de mobilit\u00e9 courte dur\u00e9e\" \/>\n<meta property=\"og:url\" content=\"https:\/\/www.ummto.dz\/fmed\/avis-conge-de-mobilite-courte-duree\/\" \/>\n<meta property=\"og:site_name\" content=\"Facult\u00e9 de M\u00e9decine\" \/>\n<meta property=\"article:published_time\" content=\"2024-02-27T09:07:55+00:00\" \/>\n<meta property=\"article:modified_time\" content=\"2024-02-27T09:58:17+00:00\" \/>\n<meta property=\"og:image\" content=\"https:\/\/www.ummto.dz\/fmed\/wp-content\/uploads\/2022\/02\/Avis.png\" \/>\n\t<meta property=\"og:image:width\" content=\"407\" \/>\n\t<meta property=\"og:image:height\" content=\"124\" \/>\n\t<meta property=\"og:image:type\" content=\"image\/png\" \/>\n<meta name=\"author\" content=\"ali belaid\" \/>\n<meta name=\"twitter:card\" content=\"summary_large_image\" \/>\n<meta name=\"twitter:label1\" content=\"\u00c9crit par\" \/>\n\t<meta name=\"twitter:data1\" content=\"ali belaid\" \/>\n\t<meta name=\"twitter:label2\" content=\"Dur\u00e9e de lecture estim\u00e9e\" \/>\n\t<meta name=\"twitter:data2\" content=\"1 minute\" \/>\n<script type=\"application\/ld+json\" class=\"yoast-schema-graph\">{\"@context\":\"https:\\\/\\\/schema.org\",\"@graph\":[{\"@type\":\"Article\",\"@id\":\"https:\\\/\\\/www.ummto.dz\\\/fmed\\\/avis-conge-de-mobilite-courte-duree\\\/#article\",\"isPartOf\":{\"@id\":\"https:\\\/\\\/www.ummto.dz\\\/fmed\\\/avis-conge-de-mobilite-courte-duree\\\/\"},\"author\":{\"name\":\"ali belaid\",\"@id\":\"https:\\\/\\\/www.ummto.dz\\\/fmed\\\/#\\\/schema\\\/person\\\/5d2fbf7239b4ee17a63c5e5c2620feab\"},\"headline\":\"Avis : cong\u00e9 de mobilit\u00e9 de courte dur\u00e9e \u00e0 l&rsquo;\u00e9tranger\",\"datePublished\":\"2024-02-27T09:07:55+00:00\",\"dateModified\":\"2024-02-27T09:58:17+00:00\",\"mainEntityOfPage\":{\"@id\":\"https:\\\/\\\/www.ummto.dz\\\/fmed\\\/avis-conge-de-mobilite-courte-duree\\\/\"},\"wordCount\":167,\"image\":{\"@id\":\"https:\\\/\\\/www.ummto.dz\\\/fmed\\\/avis-conge-de-mobilite-courte-duree\\\/#primaryimage\"},\"thumbnailUrl\":\"https:\\\/\\\/www.ummto.dz\\\/fmed\\\/wp-content\\\/uploads\\\/2022\\\/02\\\/Avis.png\",\"articleSection\":[\"Actualit\u00e9\",\"Facult\u00e9\"],\"inLanguage\":\"fr-FR\"},{\"@type\":\"WebPage\",\"@id\":\"https:\\\/\\\/www.ummto.dz\\\/fmed\\\/avis-conge-de-mobilite-courte-duree\\\/\",\"url\":\"https:\\\/\\\/www.ummto.dz\\\/fmed\\\/avis-conge-de-mobilite-courte-duree\\\/\",\"name\":\"Avis : cong\u00e9 de mobilit\u00e9 de courte dur\u00e9e \u00e0 l'\u00e9tranger - Facult\u00e9 de M\u00e9decine\",\"isPartOf\":{\"@id\":\"https:\\\/\\\/www.ummto.dz\\\/fmed\\\/#website\"},\"primaryImageOfPage\":{\"@id\":\"https:\\\/\\\/www.ummto.dz\\\/fmed\\\/avis-conge-de-mobilite-courte-duree\\\/#primaryimage\"},\"image\":{\"@id\":\"https:\\\/\\\/www.ummto.dz\\\/fmed\\\/avis-conge-de-mobilite-courte-duree\\\/#primaryimage\"},\"thumbnailUrl\":\"https:\\\/\\\/www.ummto.dz\\\/fmed\\\/wp-content\\\/uploads\\\/2022\\\/02\\\/Avis.png\",\"datePublished\":\"2024-02-27T09:07:55+00:00\",\"dateModified\":\"2024-02-27T09:58:17+00:00\",\"author\":{\"@id\":\"https:\\\/\\\/www.ummto.dz\\\/fmed\\\/#\\\/schema\\\/person\\\/5d2fbf7239b4ee17a63c5e5c2620feab\"},\"description\":\"Avis : cong\u00e9 de mobilit\u00e9 courte dur\u00e9e\",\"breadcrumb\":{\"@id\":\"https:\\\/\\\/www.ummto.dz\\\/fmed\\\/avis-conge-de-mobilite-courte-duree\\\/#breadcrumb\"},\"inLanguage\":\"fr-FR\",\"potentialAction\":[{\"@type\":\"ReadAction\",\"target\":[\"https:\\\/\\\/www.ummto.dz\\\/fmed\\\/avis-conge-de-mobilite-courte-duree\\\/\"]}]},{\"@type\":\"ImageObject\",\"inLanguage\":\"fr-FR\",\"@id\":\"https:\\\/\\\/www.ummto.dz\\\/fmed\\\/avis-conge-de-mobilite-courte-duree\\\/#primaryimage\",\"url\":\"https:\\\/\\\/www.ummto.dz\\\/fmed\\\/wp-content\\\/uploads\\\/2022\\\/02\\\/Avis.png\",\"contentUrl\":\"https:\\\/\\\/www.ummto.dz\\\/fmed\\\/wp-content\\\/uploads\\\/2022\\\/02\\\/Avis.png\",\"width\":407,\"height\":124},{\"@type\":\"BreadcrumbList\",\"@id\":\"https:\\\/\\\/www.ummto.dz\\\/fmed\\\/avis-conge-de-mobilite-courte-duree\\\/#breadcrumb\",\"itemListElement\":[{\"@type\":\"ListItem\",\"position\":1,\"name\":\"Accueil\",\"item\":\"https:\\\/\\\/www.ummto.dz\\\/fmed\\\/\"},{\"@type\":\"ListItem\",\"position\":2,\"name\":\"Avis : cong\u00e9 de mobilit\u00e9 de courte dur\u00e9e \u00e0 l&rsquo;\u00e9tranger\"}]},{\"@type\":\"WebSite\",\"@id\":\"https:\\\/\\\/www.ummto.dz\\\/fmed\\\/#website\",\"url\":\"https:\\\/\\\/www.ummto.dz\\\/fmed\\\/\",\"name\":\"Facult\u00e9 de M\u00e9decine\",\"description\":\"Facult\u00e9 de M\u00e9decine\",\"potentialAction\":[{\"@type\":\"SearchAction\",\"target\":{\"@type\":\"EntryPoint\",\"urlTemplate\":\"https:\\\/\\\/www.ummto.dz\\\/fmed\\\/?s={search_term_string}\"},\"query-input\":{\"@type\":\"PropertyValueSpecification\",\"valueRequired\":true,\"valueName\":\"search_term_string\"}}],\"inLanguage\":\"fr-FR\"},{\"@type\":\"Person\",\"@id\":\"https:\\\/\\\/www.ummto.dz\\\/fmed\\\/#\\\/schema\\\/person\\\/5d2fbf7239b4ee17a63c5e5c2620feab\",\"name\":\"ali belaid\",\"url\":\"https:\\\/\\\/www.ummto.dz\\\/fmed\\\/author\\\/alibelaid\\\/\"}]}<\/script>\n<!-- \/ Yoast SEO plugin. -->","yoast_head_json":{"title":"Avis : cong\u00e9 de mobilit\u00e9 de courte dur\u00e9e \u00e0 l'\u00e9tranger - Facult\u00e9 de M\u00e9decine","description":"Avis : cong\u00e9 de mobilit\u00e9 courte dur\u00e9e","robots":{"index":"index","follow":"follow","max-snippet":"max-snippet:-1","max-image-preview":"max-image-preview:large","max-video-preview":"max-video-preview:-1"},"canonical":"https:\/\/www.ummto.dz\/fmed\/avis-conge-de-mobilite-courte-duree\/","og_locale":"fr_FR","og_type":"article","og_title":"Avis : cong\u00e9 de mobilit\u00e9 de courte dur\u00e9e \u00e0 l'\u00e9tranger - Facult\u00e9 de M\u00e9decine","og_description":"Avis : cong\u00e9 de mobilit\u00e9 courte dur\u00e9e","og_url":"https:\/\/www.ummto.dz\/fmed\/avis-conge-de-mobilite-courte-duree\/","og_site_name":"Facult\u00e9 de M\u00e9decine","article_published_time":"2024-02-27T09:07:55+00:00","article_modified_time":"2024-02-27T09:58:17+00:00","og_image":[{"width":407,"height":124,"url":"https:\/\/www.ummto.dz\/fmed\/wp-content\/uploads\/2022\/02\/Avis.png","type":"image\/png"}],"author":"ali belaid","twitter_card":"summary_large_image","twitter_misc":{"\u00c9crit par":"ali belaid","Dur\u00e9e de lecture estim\u00e9e":"1 minute"},"schema":{"@context":"https:\/\/schema.org","@graph":[{"@type":"Article","@id":"https:\/\/www.ummto.dz\/fmed\/avis-conge-de-mobilite-courte-duree\/#article","isPartOf":{"@id":"https:\/\/www.ummto.dz\/fmed\/avis-conge-de-mobilite-courte-duree\/"},"author":{"name":"ali belaid","@id":"https:\/\/www.ummto.dz\/fmed\/#\/schema\/person\/5d2fbf7239b4ee17a63c5e5c2620feab"},"headline":"Avis : cong\u00e9 de mobilit\u00e9 de courte dur\u00e9e \u00e0 l&rsquo;\u00e9tranger","datePublished":"2024-02-27T09:07:55+00:00","dateModified":"2024-02-27T09:58:17+00:00","mainEntityOfPage":{"@id":"https:\/\/www.ummto.dz\/fmed\/avis-conge-de-mobilite-courte-duree\/"},"wordCount":167,"image":{"@id":"https:\/\/www.ummto.dz\/fmed\/avis-conge-de-mobilite-courte-duree\/#primaryimage"},"thumbnailUrl":"https:\/\/www.ummto.dz\/fmed\/wp-content\/uploads\/2022\/02\/Avis.png","articleSection":["Actualit\u00e9","Facult\u00e9"],"inLanguage":"fr-FR"},{"@type":"WebPage","@id":"https:\/\/www.ummto.dz\/fmed\/avis-conge-de-mobilite-courte-duree\/","url":"https:\/\/www.ummto.dz\/fmed\/avis-conge-de-mobilite-courte-duree\/","name":"Avis : cong\u00e9 de mobilit\u00e9 de courte dur\u00e9e \u00e0 l'\u00e9tranger - Facult\u00e9 de M\u00e9decine","isPartOf":{"@id":"https:\/\/www.ummto.dz\/fmed\/#website"},"primaryImageOfPage":{"@id":"https:\/\/www.ummto.dz\/fmed\/avis-conge-de-mobilite-courte-duree\/#primaryimage"},"image":{"@id":"https:\/\/www.ummto.dz\/fmed\/avis-conge-de-mobilite-courte-duree\/#primaryimage"},"thumbnailUrl":"https:\/\/www.ummto.dz\/fmed\/wp-content\/uploads\/2022\/02\/Avis.png","datePublished":"2024-02-27T09:07:55+00:00","dateModified":"2024-02-27T09:58:17+00:00","author":{"@id":"https:\/\/www.ummto.dz\/fmed\/#\/schema\/person\/5d2fbf7239b4ee17a63c5e5c2620feab"},"description":"Avis : cong\u00e9 de mobilit\u00e9 courte dur\u00e9e","breadcrumb":{"@id":"https:\/\/www.ummto.dz\/fmed\/avis-conge-de-mobilite-courte-duree\/#breadcrumb"},"inLanguage":"fr-FR","potentialAction":[{"@type":"ReadAction","target":["https:\/\/www.ummto.dz\/fmed\/avis-conge-de-mobilite-courte-duree\/"]}]},{"@type":"ImageObject","inLanguage":"fr-FR","@id":"https:\/\/www.ummto.dz\/fmed\/avis-conge-de-mobilite-courte-duree\/#primaryimage","url":"https:\/\/www.ummto.dz\/fmed\/wp-content\/uploads\/2022\/02\/Avis.png","contentUrl":"https:\/\/www.ummto.dz\/fmed\/wp-content\/uploads\/2022\/02\/Avis.png","width":407,"height":124},{"@type":"BreadcrumbList","@id":"https:\/\/www.ummto.dz\/fmed\/avis-conge-de-mobilite-courte-duree\/#breadcrumb","itemListElement":[{"@type":"ListItem","position":1,"name":"Accueil","item":"https:\/\/www.ummto.dz\/fmed\/"},{"@type":"ListItem","position":2,"name":"Avis : cong\u00e9 de mobilit\u00e9 de courte dur\u00e9e \u00e0 l&rsquo;\u00e9tranger"}]},{"@type":"WebSite","@id":"https:\/\/www.ummto.dz\/fmed\/#website","url":"https:\/\/www.ummto.dz\/fmed\/","name":"Facult\u00e9 de M\u00e9decine","description":"Facult\u00e9 de M\u00e9decine","potentialAction":[{"@type":"SearchAction","target":{"@type":"EntryPoint","urlTemplate":"https:\/\/www.ummto.dz\/fmed\/?s={search_term_string}"},"query-input":{"@type":"PropertyValueSpecification","valueRequired":true,"valueName":"search_term_string"}}],"inLanguage":"fr-FR"},{"@type":"Person","@id":"https:\/\/www.ummto.dz\/fmed\/#\/schema\/person\/5d2fbf7239b4ee17a63c5e5c2620feab","name":"ali belaid","url":"https:\/\/www.ummto.dz\/fmed\/author\/alibelaid\/"}]}},"_links":{"self":[{"href":"https:\/\/www.ummto.dz\/fmed\/wp-json\/wp\/v2\/posts\/7939","targetHints":{"allow":["GET"]}}],"collection":[{"href":"https:\/\/www.ummto.dz\/fmed\/wp-json\/wp\/v2\/posts"}],"about":[{"href":"https:\/\/www.ummto.dz\/fmed\/wp-json\/wp\/v2\/types\/post"}],"author":[{"embeddable":true,"href":"https:\/\/www.ummto.dz\/fmed\/wp-json\/wp\/v2\/users\/6"}],"replies":[{"embeddable":true,"href":"https:\/\/www.ummto.dz\/fmed\/wp-json\/wp\/v2\/comments?post=7939"}],"version-history":[{"count":6,"href":"https:\/\/www.ummto.dz\/fmed\/wp-json\/wp\/v2\/posts\/7939\/revisions"}],"predecessor-version":[{"id":7949,"href":"https:\/\/www.ummto.dz\/fmed\/wp-json\/wp\/v2\/posts\/7939\/revisions\/7949"}],"wp:featuredmedia":[{"embeddable":true,"href":"https:\/\/www.ummto.dz\/fmed\/wp-json\/wp\/v2\/media\/4889"}],"wp:attachment":[{"href":"https:\/\/www.ummto.dz\/fmed\/wp-json\/wp\/v2\/media?parent=7939"}],"wp:term":[{"taxonomy":"category","embeddable":true,"href":"https:\/\/www.ummto.dz\/fmed\/wp-json\/wp\/v2\/categories?post=7939"},{"taxonomy":"post_tag","embeddable":true,"href":"https:\/\/www.ummto.dz\/fmed\/wp-json\/wp\/v2\/tags?post=7939"}],"curies":[{"name":"wp","href":"https:\/\/api.w.org\/{rel}","templated":true}]}}