{"id":8259,"date":"2024-05-02T09:13:18","date_gmt":"2024-05-02T08:13:18","guid":{"rendered":"https:\/\/www.ummto.dz\/fmed\/?p=8259"},"modified":"2024-05-02T10:43:03","modified_gmt":"2024-05-02T09:43:03","slug":"retour-en-image-convivium-sante-mentale","status":"publish","type":"post","link":"https:\/\/www.ummto.dz\/fmed\/retour-en-image-convivium-sante-mentale\/","title":{"rendered":"Retour en image &#8211; Convivium : Sant\u00e9 mentale"},"content":{"rendered":"<p>[et_pb_section fb_built=\u00a0\u00bb1&Prime; _builder_version=\u00a0\u00bb4.25.0&Prime; _module_preset=\u00a0\u00bbdefault\u00a0\u00bb global_colors_info=\u00a0\u00bb{}\u00a0\u00bb][et_pb_row use_custom_gutter=\u00a0\u00bbon\u00a0\u00bb gutter_width=\u00a0\u00bb1&Prime; _builder_version=\u00a0\u00bb4.25.0&Prime; _module_preset=\u00a0\u00bbdefault\u00a0\u00bb global_colors_info=\u00a0\u00bb{}\u00a0\u00bb][et_pb_column type=\u00a0\u00bb4_4&Prime; _builder_version=\u00a0\u00bb4.25.0&Prime; _module_preset=\u00a0\u00bbdefault\u00a0\u00bb global_colors_info=\u00a0\u00bb{}\u00a0\u00bb][et_pb_text _builder_version=\u00a0\u00bb4.25.0&Prime; _module_preset=\u00a0\u00bbdefault\u00a0\u00bb global_colors_info=\u00a0\u00bb{}\u00a0\u00bb]<\/p>\n<p>Revivez en images les moments forts de l&rsquo;\u00e9v\u00e9nement de sensibilisation sur la sant\u00e9 mentale organis\u00e9 par le club scientifique AdVitam Club en collaboration avec le service des activit\u00e9s scientifiques culturelles et sportives de la facult\u00e9 de M\u00e9decine.<\/p>\n<p>Deux journ\u00e9es riches en \u00e9changes et en d\u00e9couvertes :\u00a0\u00a0le 29 Avril \u00e0 la facult\u00e9 de m\u00e9decine et le 30 Avril au campus Tamda.<\/p>\n<p>La sensibilisation ne s&rsquo;arr\u00eate pas \u00e0 la fin de l&rsquo;\u00e9v\u00e9nement, continuons ensemble \u00e0 promouvoir une culture de bien-\u00eatre mental.<\/p>\n<p>[\/et_pb_text][et_pb_gallery gallery_ids=\u00a0\u00bb8284,8274,8275,8276,8277,8278,8279,8280,8281,8282,8283,8292,8293,8294,8295,8296,8297,8298,8299,8300,8301,8302,8303&Prime; posts_number=\u00a0\u00bb12&Prime; show_title_and_caption=\u00a0\u00bboff\u00a0\u00bb _builder_version=\u00a0\u00bb4.25.0&Prime; _module_preset=\u00a0\u00bbdefault\u00a0\u00bb background_color=\u00a0\u00bb#FFFFFF\u00a0\u00bb min_height=\u00a0\u00bb294.9px\u00a0\u00bb custom_padding=\u00a0\u00bb20px|||||\u00a0\u00bb hover_enabled=\u00a0\u00bb0&Prime; border_radii_image=\u00a0\u00bbon|5px|5px|5px|5px\u00a0\u00bb border_width_all_image=\u00a0\u00bb5px\u00a0\u00bb border_color_all_image=\u00a0\u00bb#FFFFFF\u00a0\u00bb global_colors_info=\u00a0\u00bb{}\u00a0\u00bb sticky_enabled=\u00a0\u00bb0&Prime;][\/et_pb_gallery][\/et_pb_column][\/et_pb_row][\/et_pb_section]<\/p>\n","protected":false},"excerpt":{"rendered":"<p>Revivez en images les moments forts de l&rsquo;\u00e9v\u00e9nement de sensibilisation sur la sant\u00e9 mentale organis\u00e9 par le club scientifique AdVitam Club en collaboration avec le service des activit\u00e9s scientifiques culturelles et sportives de la facult\u00e9 de M\u00e9decine. Deux journ\u00e9es riches en \u00e9changes et en d\u00e9couvertes :\u00a0\u00a0le 29 Avril \u00e0 la facult\u00e9 de m\u00e9decine et le [&hellip;]<\/p>\n","protected":false},"author":6,"featured_media":7952,"comment_status":"closed","ping_status":"closed","sticky":false,"template":"","format":"standard","meta":{"_et_pb_use_builder":"on","_et_pb_old_content":"","_et_gb_content_width":"","footnotes":""},"categories":[47,7],"tags":[],"class_list":["post-8259","post","type-post","status-publish","format-standard","has-post-thumbnail","hentry","category-activites-scientifiques-culturelles-et-sportives","category-actualite"],"yoast_head":"<!-- This site is optimized with the Yoast SEO plugin v27.3 - https:\/\/yoast.com\/product\/yoast-seo-wordpress\/ -->\n<title>Retour en image - Convivium : Sant\u00e9 mentale - Facult\u00e9 de M\u00e9decine<\/title>\n<meta name=\"description\" content=\"Retour en image - Convivium : Sant\u00e9 mentale\" \/>\n<meta name=\"robots\" content=\"index, follow, max-snippet:-1, max-image-preview:large, max-video-preview:-1\" \/>\n<link rel=\"canonical\" href=\"https:\/\/www.ummto.dz\/fmed\/retour-en-image-convivium-sante-mentale\/\" \/>\n<meta property=\"og:locale\" content=\"fr_FR\" \/>\n<meta property=\"og:type\" content=\"article\" \/>\n<meta property=\"og:title\" content=\"Retour en image - Convivium : Sant\u00e9 mentale - Facult\u00e9 de M\u00e9decine\" \/>\n<meta property=\"og:description\" content=\"Retour en image - Convivium : Sant\u00e9 mentale\" \/>\n<meta property=\"og:url\" content=\"https:\/\/www.ummto.dz\/fmed\/retour-en-image-convivium-sante-mentale\/\" \/>\n<meta property=\"og:site_name\" content=\"Facult\u00e9 de M\u00e9decine\" \/>\n<meta property=\"article:published_time\" content=\"2024-05-02T08:13:18+00:00\" \/>\n<meta property=\"article:modified_time\" content=\"2024-05-02T09:43:03+00:00\" \/>\n<meta property=\"og:image\" content=\"https:\/\/www.ummto.dz\/fmed\/wp-content\/uploads\/2024\/03\/photos2.jpg\" \/>\n\t<meta property=\"og:image:width\" content=\"272\" \/>\n\t<meta property=\"og:image:height\" content=\"185\" \/>\n\t<meta property=\"og:image:type\" content=\"image\/jpeg\" \/>\n<meta name=\"author\" content=\"ali belaid\" \/>\n<meta name=\"twitter:card\" content=\"summary_large_image\" \/>\n<meta name=\"twitter:label1\" content=\"\u00c9crit par\" \/>\n\t<meta name=\"twitter:data1\" content=\"ali belaid\" \/>\n\t<meta name=\"twitter:label2\" content=\"Dur\u00e9e de lecture estim\u00e9e\" \/>\n\t<meta name=\"twitter:data2\" content=\"3 minutes\" \/>\n<script type=\"application\/ld+json\" class=\"yoast-schema-graph\">{\"@context\":\"https:\\\/\\\/schema.org\",\"@graph\":[{\"@type\":\"Article\",\"@id\":\"https:\\\/\\\/www.ummto.dz\\\/fmed\\\/retour-en-image-convivium-sante-mentale\\\/#article\",\"isPartOf\":{\"@id\":\"https:\\\/\\\/www.ummto.dz\\\/fmed\\\/retour-en-image-convivium-sante-mentale\\\/\"},\"author\":{\"name\":\"ali belaid\",\"@id\":\"https:\\\/\\\/www.ummto.dz\\\/fmed\\\/#\\\/schema\\\/person\\\/5d2fbf7239b4ee17a63c5e5c2620feab\"},\"headline\":\"Retour en image &#8211; Convivium : Sant\u00e9 mentale\",\"datePublished\":\"2024-05-02T08:13:18+00:00\",\"dateModified\":\"2024-05-02T09:43:03+00:00\",\"mainEntityOfPage\":{\"@id\":\"https:\\\/\\\/www.ummto.dz\\\/fmed\\\/retour-en-image-convivium-sante-mentale\\\/\"},\"wordCount\":212,\"image\":{\"@id\":\"https:\\\/\\\/www.ummto.dz\\\/fmed\\\/retour-en-image-convivium-sante-mentale\\\/#primaryimage\"},\"thumbnailUrl\":\"https:\\\/\\\/www.ummto.dz\\\/fmed\\\/wp-content\\\/uploads\\\/2024\\\/03\\\/photos2.jpg\",\"articleSection\":[\"Activit\u00e9s scientifiques culturelles et sportives\",\"Actualit\u00e9\"],\"inLanguage\":\"fr-FR\"},{\"@type\":\"WebPage\",\"@id\":\"https:\\\/\\\/www.ummto.dz\\\/fmed\\\/retour-en-image-convivium-sante-mentale\\\/\",\"url\":\"https:\\\/\\\/www.ummto.dz\\\/fmed\\\/retour-en-image-convivium-sante-mentale\\\/\",\"name\":\"Retour en image - Convivium : Sant\u00e9 mentale - Facult\u00e9 de M\u00e9decine\",\"isPartOf\":{\"@id\":\"https:\\\/\\\/www.ummto.dz\\\/fmed\\\/#website\"},\"primaryImageOfPage\":{\"@id\":\"https:\\\/\\\/www.ummto.dz\\\/fmed\\\/retour-en-image-convivium-sante-mentale\\\/#primaryimage\"},\"image\":{\"@id\":\"https:\\\/\\\/www.ummto.dz\\\/fmed\\\/retour-en-image-convivium-sante-mentale\\\/#primaryimage\"},\"thumbnailUrl\":\"https:\\\/\\\/www.ummto.dz\\\/fmed\\\/wp-content\\\/uploads\\\/2024\\\/03\\\/photos2.jpg\",\"datePublished\":\"2024-05-02T08:13:18+00:00\",\"dateModified\":\"2024-05-02T09:43:03+00:00\",\"author\":{\"@id\":\"https:\\\/\\\/www.ummto.dz\\\/fmed\\\/#\\\/schema\\\/person\\\/5d2fbf7239b4ee17a63c5e5c2620feab\"},\"description\":\"Retour en image - Convivium : Sant\u00e9 mentale\",\"breadcrumb\":{\"@id\":\"https:\\\/\\\/www.ummto.dz\\\/fmed\\\/retour-en-image-convivium-sante-mentale\\\/#breadcrumb\"},\"inLanguage\":\"fr-FR\",\"potentialAction\":[{\"@type\":\"ReadAction\",\"target\":[\"https:\\\/\\\/www.ummto.dz\\\/fmed\\\/retour-en-image-convivium-sante-mentale\\\/\"]}]},{\"@type\":\"ImageObject\",\"inLanguage\":\"fr-FR\",\"@id\":\"https:\\\/\\\/www.ummto.dz\\\/fmed\\\/retour-en-image-convivium-sante-mentale\\\/#primaryimage\",\"url\":\"https:\\\/\\\/www.ummto.dz\\\/fmed\\\/wp-content\\\/uploads\\\/2024\\\/03\\\/photos2.jpg\",\"contentUrl\":\"https:\\\/\\\/www.ummto.dz\\\/fmed\\\/wp-content\\\/uploads\\\/2024\\\/03\\\/photos2.jpg\",\"width\":272,\"height\":185},{\"@type\":\"BreadcrumbList\",\"@id\":\"https:\\\/\\\/www.ummto.dz\\\/fmed\\\/retour-en-image-convivium-sante-mentale\\\/#breadcrumb\",\"itemListElement\":[{\"@type\":\"ListItem\",\"position\":1,\"name\":\"Accueil\",\"item\":\"https:\\\/\\\/www.ummto.dz\\\/fmed\\\/\"},{\"@type\":\"ListItem\",\"position\":2,\"name\":\"Retour en image &#8211; Convivium : Sant\u00e9 mentale\"}]},{\"@type\":\"WebSite\",\"@id\":\"https:\\\/\\\/www.ummto.dz\\\/fmed\\\/#website\",\"url\":\"https:\\\/\\\/www.ummto.dz\\\/fmed\\\/\",\"name\":\"Facult\u00e9 de M\u00e9decine\",\"description\":\"Facult\u00e9 de M\u00e9decine\",\"potentialAction\":[{\"@type\":\"SearchAction\",\"target\":{\"@type\":\"EntryPoint\",\"urlTemplate\":\"https:\\\/\\\/www.ummto.dz\\\/fmed\\\/?s={search_term_string}\"},\"query-input\":{\"@type\":\"PropertyValueSpecification\",\"valueRequired\":true,\"valueName\":\"search_term_string\"}}],\"inLanguage\":\"fr-FR\"},{\"@type\":\"Person\",\"@id\":\"https:\\\/\\\/www.ummto.dz\\\/fmed\\\/#\\\/schema\\\/person\\\/5d2fbf7239b4ee17a63c5e5c2620feab\",\"name\":\"ali belaid\",\"url\":\"https:\\\/\\\/www.ummto.dz\\\/fmed\\\/author\\\/alibelaid\\\/\"}]}<\/script>\n<!-- \/ Yoast SEO plugin. -->","yoast_head_json":{"title":"Retour en image - Convivium : Sant\u00e9 mentale - Facult\u00e9 de M\u00e9decine","description":"Retour en image - Convivium : Sant\u00e9 mentale","robots":{"index":"index","follow":"follow","max-snippet":"max-snippet:-1","max-image-preview":"max-image-preview:large","max-video-preview":"max-video-preview:-1"},"canonical":"https:\/\/www.ummto.dz\/fmed\/retour-en-image-convivium-sante-mentale\/","og_locale":"fr_FR","og_type":"article","og_title":"Retour en image - Convivium : Sant\u00e9 mentale - Facult\u00e9 de M\u00e9decine","og_description":"Retour en image - Convivium : Sant\u00e9 mentale","og_url":"https:\/\/www.ummto.dz\/fmed\/retour-en-image-convivium-sante-mentale\/","og_site_name":"Facult\u00e9 de M\u00e9decine","article_published_time":"2024-05-02T08:13:18+00:00","article_modified_time":"2024-05-02T09:43:03+00:00","og_image":[{"width":272,"height":185,"url":"https:\/\/www.ummto.dz\/fmed\/wp-content\/uploads\/2024\/03\/photos2.jpg","type":"image\/jpeg"}],"author":"ali belaid","twitter_card":"summary_large_image","twitter_misc":{"\u00c9crit par":"ali belaid","Dur\u00e9e de lecture estim\u00e9e":"3 minutes"},"schema":{"@context":"https:\/\/schema.org","@graph":[{"@type":"Article","@id":"https:\/\/www.ummto.dz\/fmed\/retour-en-image-convivium-sante-mentale\/#article","isPartOf":{"@id":"https:\/\/www.ummto.dz\/fmed\/retour-en-image-convivium-sante-mentale\/"},"author":{"name":"ali belaid","@id":"https:\/\/www.ummto.dz\/fmed\/#\/schema\/person\/5d2fbf7239b4ee17a63c5e5c2620feab"},"headline":"Retour en image &#8211; Convivium : Sant\u00e9 mentale","datePublished":"2024-05-02T08:13:18+00:00","dateModified":"2024-05-02T09:43:03+00:00","mainEntityOfPage":{"@id":"https:\/\/www.ummto.dz\/fmed\/retour-en-image-convivium-sante-mentale\/"},"wordCount":212,"image":{"@id":"https:\/\/www.ummto.dz\/fmed\/retour-en-image-convivium-sante-mentale\/#primaryimage"},"thumbnailUrl":"https:\/\/www.ummto.dz\/fmed\/wp-content\/uploads\/2024\/03\/photos2.jpg","articleSection":["Activit\u00e9s scientifiques culturelles et sportives","Actualit\u00e9"],"inLanguage":"fr-FR"},{"@type":"WebPage","@id":"https:\/\/www.ummto.dz\/fmed\/retour-en-image-convivium-sante-mentale\/","url":"https:\/\/www.ummto.dz\/fmed\/retour-en-image-convivium-sante-mentale\/","name":"Retour en image - Convivium : Sant\u00e9 mentale - Facult\u00e9 de M\u00e9decine","isPartOf":{"@id":"https:\/\/www.ummto.dz\/fmed\/#website"},"primaryImageOfPage":{"@id":"https:\/\/www.ummto.dz\/fmed\/retour-en-image-convivium-sante-mentale\/#primaryimage"},"image":{"@id":"https:\/\/www.ummto.dz\/fmed\/retour-en-image-convivium-sante-mentale\/#primaryimage"},"thumbnailUrl":"https:\/\/www.ummto.dz\/fmed\/wp-content\/uploads\/2024\/03\/photos2.jpg","datePublished":"2024-05-02T08:13:18+00:00","dateModified":"2024-05-02T09:43:03+00:00","author":{"@id":"https:\/\/www.ummto.dz\/fmed\/#\/schema\/person\/5d2fbf7239b4ee17a63c5e5c2620feab"},"description":"Retour en image - Convivium : Sant\u00e9 mentale","breadcrumb":{"@id":"https:\/\/www.ummto.dz\/fmed\/retour-en-image-convivium-sante-mentale\/#breadcrumb"},"inLanguage":"fr-FR","potentialAction":[{"@type":"ReadAction","target":["https:\/\/www.ummto.dz\/fmed\/retour-en-image-convivium-sante-mentale\/"]}]},{"@type":"ImageObject","inLanguage":"fr-FR","@id":"https:\/\/www.ummto.dz\/fmed\/retour-en-image-convivium-sante-mentale\/#primaryimage","url":"https:\/\/www.ummto.dz\/fmed\/wp-content\/uploads\/2024\/03\/photos2.jpg","contentUrl":"https:\/\/www.ummto.dz\/fmed\/wp-content\/uploads\/2024\/03\/photos2.jpg","width":272,"height":185},{"@type":"BreadcrumbList","@id":"https:\/\/www.ummto.dz\/fmed\/retour-en-image-convivium-sante-mentale\/#breadcrumb","itemListElement":[{"@type":"ListItem","position":1,"name":"Accueil","item":"https:\/\/www.ummto.dz\/fmed\/"},{"@type":"ListItem","position":2,"name":"Retour en image &#8211; Convivium : Sant\u00e9 mentale"}]},{"@type":"WebSite","@id":"https:\/\/www.ummto.dz\/fmed\/#website","url":"https:\/\/www.ummto.dz\/fmed\/","name":"Facult\u00e9 de M\u00e9decine","description":"Facult\u00e9 de M\u00e9decine","potentialAction":[{"@type":"SearchAction","target":{"@type":"EntryPoint","urlTemplate":"https:\/\/www.ummto.dz\/fmed\/?s={search_term_string}"},"query-input":{"@type":"PropertyValueSpecification","valueRequired":true,"valueName":"search_term_string"}}],"inLanguage":"fr-FR"},{"@type":"Person","@id":"https:\/\/www.ummto.dz\/fmed\/#\/schema\/person\/5d2fbf7239b4ee17a63c5e5c2620feab","name":"ali belaid","url":"https:\/\/www.ummto.dz\/fmed\/author\/alibelaid\/"}]}},"_links":{"self":[{"href":"https:\/\/www.ummto.dz\/fmed\/wp-json\/wp\/v2\/posts\/8259","targetHints":{"allow":["GET"]}}],"collection":[{"href":"https:\/\/www.ummto.dz\/fmed\/wp-json\/wp\/v2\/posts"}],"about":[{"href":"https:\/\/www.ummto.dz\/fmed\/wp-json\/wp\/v2\/types\/post"}],"author":[{"embeddable":true,"href":"https:\/\/www.ummto.dz\/fmed\/wp-json\/wp\/v2\/users\/6"}],"replies":[{"embeddable":true,"href":"https:\/\/www.ummto.dz\/fmed\/wp-json\/wp\/v2\/comments?post=8259"}],"version-history":[{"count":9,"href":"https:\/\/www.ummto.dz\/fmed\/wp-json\/wp\/v2\/posts\/8259\/revisions"}],"predecessor-version":[{"id":8304,"href":"https:\/\/www.ummto.dz\/fmed\/wp-json\/wp\/v2\/posts\/8259\/revisions\/8304"}],"wp:featuredmedia":[{"embeddable":true,"href":"https:\/\/www.ummto.dz\/fmed\/wp-json\/wp\/v2\/media\/7952"}],"wp:attachment":[{"href":"https:\/\/www.ummto.dz\/fmed\/wp-json\/wp\/v2\/media?parent=8259"}],"wp:term":[{"taxonomy":"category","embeddable":true,"href":"https:\/\/www.ummto.dz\/fmed\/wp-json\/wp\/v2\/categories?post=8259"},{"taxonomy":"post_tag","embeddable":true,"href":"https:\/\/www.ummto.dz\/fmed\/wp-json\/wp\/v2\/tags?post=8259"}],"curies":[{"name":"wp","href":"https:\/\/api.w.org\/{rel}","templated":true}]}}