{"id":8959,"date":"2024-10-21T14:26:54","date_gmt":"2024-10-21T13:26:54","guid":{"rendered":"https:\/\/www.ummto.dz\/fmed\/?p=8959"},"modified":"2024-10-21T14:27:05","modified_gmt":"2024-10-21T13:27:05","slug":"arrete-interministeriel-du-19-octobre-completant-larrete-du-9-octobre-2024-portant-ouverture-de-postes-de-residanat-au-titre-de-lannee-universitaire-2024-2025","status":"publish","type":"post","link":"https:\/\/www.ummto.dz\/fmed\/arrete-interministeriel-du-19-octobre-completant-larrete-du-9-octobre-2024-portant-ouverture-de-postes-de-residanat-au-titre-de-lannee-universitaire-2024-2025\/","title":{"rendered":"Arr\u00eat\u00e9 interminist\u00e9riel du 19 octobre compl\u00e9tant l&rsquo;arr\u00eat\u00e9 du 9 octobre 2024; portant ouverture de postes de r\u00e9sidanat au titre de l&rsquo;ann\u00e9e universitaire 2024-2025"},"content":{"rendered":"<p>[et_pb_section fb_built=\u00a0\u00bb1&Prime; theme_builder_area=\u00a0\u00bbpost_content\u00a0\u00bb _builder_version=\u00a0\u00bb4.27.2&Prime; _module_preset=\u00a0\u00bbdefault\u00a0\u00bb][et_pb_row _builder_version=\u00a0\u00bb4.27.2&Prime; _module_preset=\u00a0\u00bbdefault\u00a0\u00bb theme_builder_area=\u00a0\u00bbpost_content\u00a0\u00bb][et_pb_column _builder_version=\u00a0\u00bb4.27.2&Prime; _module_preset=\u00a0\u00bbdefault\u00a0\u00bb type=\u00a0\u00bb4_4&Prime; theme_builder_area=\u00a0\u00bbpost_content\u00a0\u00bb][et_pb_text _builder_version=\u00a0\u00bb4.27.2&Prime; _module_preset=\u00a0\u00bbdefault\u00a0\u00bb theme_builder_area=\u00a0\u00bbpost_content\u00a0\u00bb hover_enabled=\u00a0\u00bb0&Prime; sticky_enabled=\u00a0\u00bb0&Prime;]<\/p>\n<p>Ci-dessous l&rsquo;arr\u00eat\u00e9 interminist\u00e9riel du 19 octobre compl\u00e9tant l&rsquo;arr\u00eat\u00e9 du 9 octobre 2024; portant ouverture de postes de r\u00e9sidanat au titre de l&rsquo;ann\u00e9e universitaire 2024-2025, ainsi que les annexes.<\/p>\n<p><a href=\"https:\/\/www.ummto.dz\/fmed\/wp-content\/uploads\/2024\/10\/Arrete-Comp.-du-19-oct.-2024-Residant.pdf\" rel=\"attachment wp-att-8961\"><strong>Arr\u00eat\u00e9 Comp. du 19 oct. 2024 R\u00e9sidanat<\/strong><\/a><\/p>\n<p><strong><a href=\"https:\/\/www.ummto.dz\/fmed\/wp-content\/uploads\/2024\/10\/Annexe-comp.-residanat-Tizi-Ouzou.pdf\" rel=\"attachment wp-att-8962\">Annexe comp. r\u00e9sidanat Tizi-Ouzou<\/a><\/strong><\/p>\n<p>[\/et_pb_text][\/et_pb_column][\/et_pb_row][\/et_pb_section]<\/p>\n","protected":false},"excerpt":{"rendered":"<p>Ci-dessous l&rsquo;arr\u00eat\u00e9 interminist\u00e9riel du 19 octobre compl\u00e9tant l&rsquo;arr\u00eat\u00e9 du 9 octobre 2024; portant ouverture de postes de r\u00e9sidanat au titre de l&rsquo;ann\u00e9e universitaire 2024-2025, ainsi que les annexes. Arr\u00eat\u00e9 Comp. du 19 oct. 2024 R\u00e9sidanat Annexe comp. r\u00e9sidanat Tizi-Ouzou<\/p>\n","protected":false},"author":6,"featured_media":4889,"comment_status":"closed","ping_status":"closed","sticky":false,"template":"","format":"standard","meta":{"_et_pb_use_builder":"on","_et_pb_old_content":"","_et_gb_content_width":"","footnotes":""},"categories":[7,12],"tags":[],"class_list":["post-8959","post","type-post","status-publish","format-standard","has-post-thumbnail","hentry","category-actualite","category-post-graduation"],"yoast_head":"<!-- This site is optimized with the Yoast SEO plugin v27.3 - https:\/\/yoast.com\/product\/yoast-seo-wordpress\/ -->\n<title>Arr\u00eat\u00e9 interminist\u00e9riel du 19 octobre compl\u00e9tant l&#039;arr\u00eat\u00e9 du 9 octobre 2024; portant ouverture de postes de r\u00e9sidanat au titre de l&#039;ann\u00e9e universitaire 2024-2025 - Facult\u00e9 de M\u00e9decine<\/title>\n<meta name=\"description\" content=\"Arr\u00eat\u00e9 interminist\u00e9riel du 19 octobre compl\u00e9tant l&#039;arr\u00eat\u00e9 du 9 octobre 2024; portant ouverture de postes de r\u00e9sidanat au titre de l&#039;ann\u00e9e universitaire 2024-2025\" \/>\n<meta name=\"robots\" content=\"index, follow, max-snippet:-1, max-image-preview:large, max-video-preview:-1\" \/>\n<link rel=\"canonical\" href=\"https:\/\/www.ummto.dz\/fmed\/arrete-interministeriel-du-19-octobre-completant-larrete-du-9-octobre-2024-portant-ouverture-de-postes-de-residanat-au-titre-de-lannee-universitaire-2024-2025\/\" \/>\n<meta property=\"og:locale\" content=\"fr_FR\" \/>\n<meta property=\"og:type\" content=\"article\" \/>\n<meta property=\"og:title\" content=\"Arr\u00eat\u00e9 interminist\u00e9riel du 19 octobre compl\u00e9tant l&#039;arr\u00eat\u00e9 du 9 octobre 2024; portant ouverture de postes de r\u00e9sidanat au titre de l&#039;ann\u00e9e universitaire 2024-2025 - Facult\u00e9 de M\u00e9decine\" \/>\n<meta property=\"og:description\" content=\"Arr\u00eat\u00e9 interminist\u00e9riel du 19 octobre compl\u00e9tant l&#039;arr\u00eat\u00e9 du 9 octobre 2024; portant ouverture de postes de r\u00e9sidanat au titre de l&#039;ann\u00e9e universitaire 2024-2025\" \/>\n<meta property=\"og:url\" content=\"https:\/\/www.ummto.dz\/fmed\/arrete-interministeriel-du-19-octobre-completant-larrete-du-9-octobre-2024-portant-ouverture-de-postes-de-residanat-au-titre-de-lannee-universitaire-2024-2025\/\" \/>\n<meta property=\"og:site_name\" content=\"Facult\u00e9 de M\u00e9decine\" \/>\n<meta property=\"article:published_time\" content=\"2024-10-21T13:26:54+00:00\" \/>\n<meta property=\"article:modified_time\" content=\"2024-10-21T13:27:05+00:00\" \/>\n<meta property=\"og:image\" content=\"https:\/\/www.ummto.dz\/fmed\/wp-content\/uploads\/2022\/02\/Avis.png\" \/>\n\t<meta property=\"og:image:width\" content=\"407\" \/>\n\t<meta property=\"og:image:height\" content=\"124\" \/>\n\t<meta property=\"og:image:type\" content=\"image\/png\" \/>\n<meta name=\"author\" content=\"ali belaid\" \/>\n<meta name=\"twitter:card\" content=\"summary_large_image\" \/>\n<meta name=\"twitter:label1\" content=\"\u00c9crit par\" \/>\n\t<meta name=\"twitter:data1\" content=\"ali belaid\" \/>\n\t<meta name=\"twitter:label2\" content=\"Dur\u00e9e de lecture estim\u00e9e\" \/>\n\t<meta name=\"twitter:data2\" content=\"1 minute\" \/>\n<script type=\"application\/ld+json\" class=\"yoast-schema-graph\">{\"@context\":\"https:\\\/\\\/schema.org\",\"@graph\":[{\"@type\":\"Article\",\"@id\":\"https:\\\/\\\/www.ummto.dz\\\/fmed\\\/arrete-interministeriel-du-19-octobre-completant-larrete-du-9-octobre-2024-portant-ouverture-de-postes-de-residanat-au-titre-de-lannee-universitaire-2024-2025\\\/#article\",\"isPartOf\":{\"@id\":\"https:\\\/\\\/www.ummto.dz\\\/fmed\\\/arrete-interministeriel-du-19-octobre-completant-larrete-du-9-octobre-2024-portant-ouverture-de-postes-de-residanat-au-titre-de-lannee-universitaire-2024-2025\\\/\"},\"author\":{\"name\":\"ali belaid\",\"@id\":\"https:\\\/\\\/www.ummto.dz\\\/fmed\\\/#\\\/schema\\\/person\\\/5d2fbf7239b4ee17a63c5e5c2620feab\"},\"headline\":\"Arr\u00eat\u00e9 interminist\u00e9riel du 19 octobre compl\u00e9tant l&rsquo;arr\u00eat\u00e9 du 9 octobre 2024; portant ouverture de postes de r\u00e9sidanat au titre de l&rsquo;ann\u00e9e universitaire 2024-2025\",\"datePublished\":\"2024-10-21T13:26:54+00:00\",\"dateModified\":\"2024-10-21T13:27:05+00:00\",\"mainEntityOfPage\":{\"@id\":\"https:\\\/\\\/www.ummto.dz\\\/fmed\\\/arrete-interministeriel-du-19-octobre-completant-larrete-du-9-octobre-2024-portant-ouverture-de-postes-de-residanat-au-titre-de-lannee-universitaire-2024-2025\\\/\"},\"wordCount\":145,\"image\":{\"@id\":\"https:\\\/\\\/www.ummto.dz\\\/fmed\\\/arrete-interministeriel-du-19-octobre-completant-larrete-du-9-octobre-2024-portant-ouverture-de-postes-de-residanat-au-titre-de-lannee-universitaire-2024-2025\\\/#primaryimage\"},\"thumbnailUrl\":\"https:\\\/\\\/www.ummto.dz\\\/fmed\\\/wp-content\\\/uploads\\\/2022\\\/02\\\/Avis.png\",\"articleSection\":[\"Actualit\u00e9\",\"Post graduation\"],\"inLanguage\":\"fr-FR\"},{\"@type\":\"WebPage\",\"@id\":\"https:\\\/\\\/www.ummto.dz\\\/fmed\\\/arrete-interministeriel-du-19-octobre-completant-larrete-du-9-octobre-2024-portant-ouverture-de-postes-de-residanat-au-titre-de-lannee-universitaire-2024-2025\\\/\",\"url\":\"https:\\\/\\\/www.ummto.dz\\\/fmed\\\/arrete-interministeriel-du-19-octobre-completant-larrete-du-9-octobre-2024-portant-ouverture-de-postes-de-residanat-au-titre-de-lannee-universitaire-2024-2025\\\/\",\"name\":\"Arr\u00eat\u00e9 interminist\u00e9riel du 19 octobre compl\u00e9tant l'arr\u00eat\u00e9 du 9 octobre 2024; portant ouverture de postes de r\u00e9sidanat au titre de l'ann\u00e9e universitaire 2024-2025 - Facult\u00e9 de M\u00e9decine\",\"isPartOf\":{\"@id\":\"https:\\\/\\\/www.ummto.dz\\\/fmed\\\/#website\"},\"primaryImageOfPage\":{\"@id\":\"https:\\\/\\\/www.ummto.dz\\\/fmed\\\/arrete-interministeriel-du-19-octobre-completant-larrete-du-9-octobre-2024-portant-ouverture-de-postes-de-residanat-au-titre-de-lannee-universitaire-2024-2025\\\/#primaryimage\"},\"image\":{\"@id\":\"https:\\\/\\\/www.ummto.dz\\\/fmed\\\/arrete-interministeriel-du-19-octobre-completant-larrete-du-9-octobre-2024-portant-ouverture-de-postes-de-residanat-au-titre-de-lannee-universitaire-2024-2025\\\/#primaryimage\"},\"thumbnailUrl\":\"https:\\\/\\\/www.ummto.dz\\\/fmed\\\/wp-content\\\/uploads\\\/2022\\\/02\\\/Avis.png\",\"datePublished\":\"2024-10-21T13:26:54+00:00\",\"dateModified\":\"2024-10-21T13:27:05+00:00\",\"author\":{\"@id\":\"https:\\\/\\\/www.ummto.dz\\\/fmed\\\/#\\\/schema\\\/person\\\/5d2fbf7239b4ee17a63c5e5c2620feab\"},\"description\":\"Arr\u00eat\u00e9 interminist\u00e9riel du 19 octobre compl\u00e9tant l'arr\u00eat\u00e9 du 9 octobre 2024; portant ouverture de postes de r\u00e9sidanat au titre de l'ann\u00e9e universitaire 2024-2025\",\"breadcrumb\":{\"@id\":\"https:\\\/\\\/www.ummto.dz\\\/fmed\\\/arrete-interministeriel-du-19-octobre-completant-larrete-du-9-octobre-2024-portant-ouverture-de-postes-de-residanat-au-titre-de-lannee-universitaire-2024-2025\\\/#breadcrumb\"},\"inLanguage\":\"fr-FR\",\"potentialAction\":[{\"@type\":\"ReadAction\",\"target\":[\"https:\\\/\\\/www.ummto.dz\\\/fmed\\\/arrete-interministeriel-du-19-octobre-completant-larrete-du-9-octobre-2024-portant-ouverture-de-postes-de-residanat-au-titre-de-lannee-universitaire-2024-2025\\\/\"]}]},{\"@type\":\"ImageObject\",\"inLanguage\":\"fr-FR\",\"@id\":\"https:\\\/\\\/www.ummto.dz\\\/fmed\\\/arrete-interministeriel-du-19-octobre-completant-larrete-du-9-octobre-2024-portant-ouverture-de-postes-de-residanat-au-titre-de-lannee-universitaire-2024-2025\\\/#primaryimage\",\"url\":\"https:\\\/\\\/www.ummto.dz\\\/fmed\\\/wp-content\\\/uploads\\\/2022\\\/02\\\/Avis.png\",\"contentUrl\":\"https:\\\/\\\/www.ummto.dz\\\/fmed\\\/wp-content\\\/uploads\\\/2022\\\/02\\\/Avis.png\",\"width\":407,\"height\":124},{\"@type\":\"BreadcrumbList\",\"@id\":\"https:\\\/\\\/www.ummto.dz\\\/fmed\\\/arrete-interministeriel-du-19-octobre-completant-larrete-du-9-octobre-2024-portant-ouverture-de-postes-de-residanat-au-titre-de-lannee-universitaire-2024-2025\\\/#breadcrumb\",\"itemListElement\":[{\"@type\":\"ListItem\",\"position\":1,\"name\":\"Accueil\",\"item\":\"https:\\\/\\\/www.ummto.dz\\\/fmed\\\/\"},{\"@type\":\"ListItem\",\"position\":2,\"name\":\"Arr\u00eat\u00e9 interminist\u00e9riel du 19 octobre compl\u00e9tant l&rsquo;arr\u00eat\u00e9 du 9 octobre 2024; portant ouverture de postes de r\u00e9sidanat au titre de l&rsquo;ann\u00e9e universitaire 2024-2025\"}]},{\"@type\":\"WebSite\",\"@id\":\"https:\\\/\\\/www.ummto.dz\\\/fmed\\\/#website\",\"url\":\"https:\\\/\\\/www.ummto.dz\\\/fmed\\\/\",\"name\":\"Facult\u00e9 de M\u00e9decine\",\"description\":\"Facult\u00e9 de M\u00e9decine\",\"potentialAction\":[{\"@type\":\"SearchAction\",\"target\":{\"@type\":\"EntryPoint\",\"urlTemplate\":\"https:\\\/\\\/www.ummto.dz\\\/fmed\\\/?s={search_term_string}\"},\"query-input\":{\"@type\":\"PropertyValueSpecification\",\"valueRequired\":true,\"valueName\":\"search_term_string\"}}],\"inLanguage\":\"fr-FR\"},{\"@type\":\"Person\",\"@id\":\"https:\\\/\\\/www.ummto.dz\\\/fmed\\\/#\\\/schema\\\/person\\\/5d2fbf7239b4ee17a63c5e5c2620feab\",\"name\":\"ali belaid\",\"url\":\"https:\\\/\\\/www.ummto.dz\\\/fmed\\\/author\\\/alibelaid\\\/\"}]}<\/script>\n<!-- \/ Yoast SEO plugin. -->","yoast_head_json":{"title":"Arr\u00eat\u00e9 interminist\u00e9riel du 19 octobre compl\u00e9tant l'arr\u00eat\u00e9 du 9 octobre 2024; portant ouverture de postes de r\u00e9sidanat au titre de l'ann\u00e9e universitaire 2024-2025 - Facult\u00e9 de M\u00e9decine","description":"Arr\u00eat\u00e9 interminist\u00e9riel du 19 octobre compl\u00e9tant l'arr\u00eat\u00e9 du 9 octobre 2024; portant ouverture de postes de r\u00e9sidanat au titre de l'ann\u00e9e universitaire 2024-2025","robots":{"index":"index","follow":"follow","max-snippet":"max-snippet:-1","max-image-preview":"max-image-preview:large","max-video-preview":"max-video-preview:-1"},"canonical":"https:\/\/www.ummto.dz\/fmed\/arrete-interministeriel-du-19-octobre-completant-larrete-du-9-octobre-2024-portant-ouverture-de-postes-de-residanat-au-titre-de-lannee-universitaire-2024-2025\/","og_locale":"fr_FR","og_type":"article","og_title":"Arr\u00eat\u00e9 interminist\u00e9riel du 19 octobre compl\u00e9tant l'arr\u00eat\u00e9 du 9 octobre 2024; portant ouverture de postes de r\u00e9sidanat au titre de l'ann\u00e9e universitaire 2024-2025 - Facult\u00e9 de M\u00e9decine","og_description":"Arr\u00eat\u00e9 interminist\u00e9riel du 19 octobre compl\u00e9tant l'arr\u00eat\u00e9 du 9 octobre 2024; portant ouverture de postes de r\u00e9sidanat au titre de l'ann\u00e9e universitaire 2024-2025","og_url":"https:\/\/www.ummto.dz\/fmed\/arrete-interministeriel-du-19-octobre-completant-larrete-du-9-octobre-2024-portant-ouverture-de-postes-de-residanat-au-titre-de-lannee-universitaire-2024-2025\/","og_site_name":"Facult\u00e9 de M\u00e9decine","article_published_time":"2024-10-21T13:26:54+00:00","article_modified_time":"2024-10-21T13:27:05+00:00","og_image":[{"width":407,"height":124,"url":"https:\/\/www.ummto.dz\/fmed\/wp-content\/uploads\/2022\/02\/Avis.png","type":"image\/png"}],"author":"ali belaid","twitter_card":"summary_large_image","twitter_misc":{"\u00c9crit par":"ali belaid","Dur\u00e9e de lecture estim\u00e9e":"1 minute"},"schema":{"@context":"https:\/\/schema.org","@graph":[{"@type":"Article","@id":"https:\/\/www.ummto.dz\/fmed\/arrete-interministeriel-du-19-octobre-completant-larrete-du-9-octobre-2024-portant-ouverture-de-postes-de-residanat-au-titre-de-lannee-universitaire-2024-2025\/#article","isPartOf":{"@id":"https:\/\/www.ummto.dz\/fmed\/arrete-interministeriel-du-19-octobre-completant-larrete-du-9-octobre-2024-portant-ouverture-de-postes-de-residanat-au-titre-de-lannee-universitaire-2024-2025\/"},"author":{"name":"ali belaid","@id":"https:\/\/www.ummto.dz\/fmed\/#\/schema\/person\/5d2fbf7239b4ee17a63c5e5c2620feab"},"headline":"Arr\u00eat\u00e9 interminist\u00e9riel du 19 octobre compl\u00e9tant l&rsquo;arr\u00eat\u00e9 du 9 octobre 2024; portant ouverture de postes de r\u00e9sidanat au titre de l&rsquo;ann\u00e9e universitaire 2024-2025","datePublished":"2024-10-21T13:26:54+00:00","dateModified":"2024-10-21T13:27:05+00:00","mainEntityOfPage":{"@id":"https:\/\/www.ummto.dz\/fmed\/arrete-interministeriel-du-19-octobre-completant-larrete-du-9-octobre-2024-portant-ouverture-de-postes-de-residanat-au-titre-de-lannee-universitaire-2024-2025\/"},"wordCount":145,"image":{"@id":"https:\/\/www.ummto.dz\/fmed\/arrete-interministeriel-du-19-octobre-completant-larrete-du-9-octobre-2024-portant-ouverture-de-postes-de-residanat-au-titre-de-lannee-universitaire-2024-2025\/#primaryimage"},"thumbnailUrl":"https:\/\/www.ummto.dz\/fmed\/wp-content\/uploads\/2022\/02\/Avis.png","articleSection":["Actualit\u00e9","Post graduation"],"inLanguage":"fr-FR"},{"@type":"WebPage","@id":"https:\/\/www.ummto.dz\/fmed\/arrete-interministeriel-du-19-octobre-completant-larrete-du-9-octobre-2024-portant-ouverture-de-postes-de-residanat-au-titre-de-lannee-universitaire-2024-2025\/","url":"https:\/\/www.ummto.dz\/fmed\/arrete-interministeriel-du-19-octobre-completant-larrete-du-9-octobre-2024-portant-ouverture-de-postes-de-residanat-au-titre-de-lannee-universitaire-2024-2025\/","name":"Arr\u00eat\u00e9 interminist\u00e9riel du 19 octobre compl\u00e9tant l'arr\u00eat\u00e9 du 9 octobre 2024; portant ouverture de postes de r\u00e9sidanat au titre de l'ann\u00e9e universitaire 2024-2025 - Facult\u00e9 de M\u00e9decine","isPartOf":{"@id":"https:\/\/www.ummto.dz\/fmed\/#website"},"primaryImageOfPage":{"@id":"https:\/\/www.ummto.dz\/fmed\/arrete-interministeriel-du-19-octobre-completant-larrete-du-9-octobre-2024-portant-ouverture-de-postes-de-residanat-au-titre-de-lannee-universitaire-2024-2025\/#primaryimage"},"image":{"@id":"https:\/\/www.ummto.dz\/fmed\/arrete-interministeriel-du-19-octobre-completant-larrete-du-9-octobre-2024-portant-ouverture-de-postes-de-residanat-au-titre-de-lannee-universitaire-2024-2025\/#primaryimage"},"thumbnailUrl":"https:\/\/www.ummto.dz\/fmed\/wp-content\/uploads\/2022\/02\/Avis.png","datePublished":"2024-10-21T13:26:54+00:00","dateModified":"2024-10-21T13:27:05+00:00","author":{"@id":"https:\/\/www.ummto.dz\/fmed\/#\/schema\/person\/5d2fbf7239b4ee17a63c5e5c2620feab"},"description":"Arr\u00eat\u00e9 interminist\u00e9riel du 19 octobre compl\u00e9tant l'arr\u00eat\u00e9 du 9 octobre 2024; portant ouverture de postes de r\u00e9sidanat au titre de l'ann\u00e9e universitaire 2024-2025","breadcrumb":{"@id":"https:\/\/www.ummto.dz\/fmed\/arrete-interministeriel-du-19-octobre-completant-larrete-du-9-octobre-2024-portant-ouverture-de-postes-de-residanat-au-titre-de-lannee-universitaire-2024-2025\/#breadcrumb"},"inLanguage":"fr-FR","potentialAction":[{"@type":"ReadAction","target":["https:\/\/www.ummto.dz\/fmed\/arrete-interministeriel-du-19-octobre-completant-larrete-du-9-octobre-2024-portant-ouverture-de-postes-de-residanat-au-titre-de-lannee-universitaire-2024-2025\/"]}]},{"@type":"ImageObject","inLanguage":"fr-FR","@id":"https:\/\/www.ummto.dz\/fmed\/arrete-interministeriel-du-19-octobre-completant-larrete-du-9-octobre-2024-portant-ouverture-de-postes-de-residanat-au-titre-de-lannee-universitaire-2024-2025\/#primaryimage","url":"https:\/\/www.ummto.dz\/fmed\/wp-content\/uploads\/2022\/02\/Avis.png","contentUrl":"https:\/\/www.ummto.dz\/fmed\/wp-content\/uploads\/2022\/02\/Avis.png","width":407,"height":124},{"@type":"BreadcrumbList","@id":"https:\/\/www.ummto.dz\/fmed\/arrete-interministeriel-du-19-octobre-completant-larrete-du-9-octobre-2024-portant-ouverture-de-postes-de-residanat-au-titre-de-lannee-universitaire-2024-2025\/#breadcrumb","itemListElement":[{"@type":"ListItem","position":1,"name":"Accueil","item":"https:\/\/www.ummto.dz\/fmed\/"},{"@type":"ListItem","position":2,"name":"Arr\u00eat\u00e9 interminist\u00e9riel du 19 octobre compl\u00e9tant l&rsquo;arr\u00eat\u00e9 du 9 octobre 2024; portant ouverture de postes de r\u00e9sidanat au titre de l&rsquo;ann\u00e9e universitaire 2024-2025"}]},{"@type":"WebSite","@id":"https:\/\/www.ummto.dz\/fmed\/#website","url":"https:\/\/www.ummto.dz\/fmed\/","name":"Facult\u00e9 de M\u00e9decine","description":"Facult\u00e9 de M\u00e9decine","potentialAction":[{"@type":"SearchAction","target":{"@type":"EntryPoint","urlTemplate":"https:\/\/www.ummto.dz\/fmed\/?s={search_term_string}"},"query-input":{"@type":"PropertyValueSpecification","valueRequired":true,"valueName":"search_term_string"}}],"inLanguage":"fr-FR"},{"@type":"Person","@id":"https:\/\/www.ummto.dz\/fmed\/#\/schema\/person\/5d2fbf7239b4ee17a63c5e5c2620feab","name":"ali belaid","url":"https:\/\/www.ummto.dz\/fmed\/author\/alibelaid\/"}]}},"_links":{"self":[{"href":"https:\/\/www.ummto.dz\/fmed\/wp-json\/wp\/v2\/posts\/8959","targetHints":{"allow":["GET"]}}],"collection":[{"href":"https:\/\/www.ummto.dz\/fmed\/wp-json\/wp\/v2\/posts"}],"about":[{"href":"https:\/\/www.ummto.dz\/fmed\/wp-json\/wp\/v2\/types\/post"}],"author":[{"embeddable":true,"href":"https:\/\/www.ummto.dz\/fmed\/wp-json\/wp\/v2\/users\/6"}],"replies":[{"embeddable":true,"href":"https:\/\/www.ummto.dz\/fmed\/wp-json\/wp\/v2\/comments?post=8959"}],"version-history":[{"count":2,"href":"https:\/\/www.ummto.dz\/fmed\/wp-json\/wp\/v2\/posts\/8959\/revisions"}],"predecessor-version":[{"id":8963,"href":"https:\/\/www.ummto.dz\/fmed\/wp-json\/wp\/v2\/posts\/8959\/revisions\/8963"}],"wp:featuredmedia":[{"embeddable":true,"href":"https:\/\/www.ummto.dz\/fmed\/wp-json\/wp\/v2\/media\/4889"}],"wp:attachment":[{"href":"https:\/\/www.ummto.dz\/fmed\/wp-json\/wp\/v2\/media?parent=8959"}],"wp:term":[{"taxonomy":"category","embeddable":true,"href":"https:\/\/www.ummto.dz\/fmed\/wp-json\/wp\/v2\/categories?post=8959"},{"taxonomy":"post_tag","embeddable":true,"href":"https:\/\/www.ummto.dz\/fmed\/wp-json\/wp\/v2\/tags?post=8959"}],"curies":[{"name":"wp","href":"https:\/\/api.w.org\/{rel}","templated":true}]}}