{"id":10173,"date":"2022-01-18T16:15:23","date_gmt":"2022-01-18T15:15:23","guid":{"rendered":"https:\/\/www.ummto.dz\/fs\/?p=10173"},"modified":"2022-01-18T16:24:40","modified_gmt":"2022-01-18T15:24:40","slug":"appel-a-candidatures-a-destination-des-jeunes-programme-dincubation-virtuelle-2022","status":"publish","type":"post","link":"https:\/\/www.ummto.dz\/fs\/appel-a-candidatures-a-destination-des-jeunes-programme-dincubation-virtuelle-2022\/","title":{"rendered":"Appel \u00e0 candidatures \u00e0 destination de la communaut\u00e9 Universitaire- Programme d&rsquo;incubation virtuelle 2022"},"content":{"rendered":"\n[et_pb_section fb_built=\u00a0\u00bb1&Prime; fullwidth=\u00a0\u00bbon\u00a0\u00bb theme_builder_area=\u00a0\u00bbpost_content\u00a0\u00bb _builder_version=\u00a0\u00bb4.14.6&Prime; _module_preset=\u00a0\u00bbdefault\u00a0\u00bb hover_enabled=\u00a0\u00bb0&Prime; sticky_enabled=\u00a0\u00bb0&Prime;][et_pb_fullwidth_header title=\u00a0\u00bbProgramme d\u2019Incubation Virtuel \u00ab VIP \u00bb\u00a0\u00bb button_one_text=\u00a0\u00bbClics\u00a0\u00bb _builder_version=\u00a0\u00bb4.14.6&Prime; _module_preset=\u00a0\u00bbdefault\u00a0\u00bb theme_builder_area=\u00a0\u00bbpost_content\u00a0\u00bb subhead=\u00a0\u00bbAppel \u00e0 projet national\u00a0\u00bb hover_enabled=\u00a0\u00bb0&Prime; sticky_enabled=\u00a0\u00bb0&Prime; width=\u00a0\u00bb100%\u00a0\u00bb title_text_color=\u00a0\u00bb#E02B20&Prime; subhead_text_color=\u00a0\u00bb#E09900&Prime; box_shadow_style=\u00a0\u00bbpreset6&Prime;]<div class=\"cxmmr5t8 oygrvhab hcukyx3x c1et5uql o9v6fnle ii04i59q\">\n<div dir=\"auto\" style=\"text-align: justify\"><strong>Vous avez une id\u00e9e innovante dans le domaine des TIC et du Num\u00e9rique ? Vous voulez d\u00e9velopper vos comp\u00e9tences et cr\u00e9er votre Startup ?<\/strong><\/div>\n<div dir=\"auto\" style=\"text-align: justify\"><strong><\/strong><\/div>\n<div dir=\"auto\" style=\"text-align: justify\"><b>L&rsquo;<\/b><span style=\"font-weight: bold\">Agence Nationale de Promotion et de D\u00e9veloppement des Parcs Technologiques <span style=\"color: #ff0000\">(<\/span><\/span><span style=\"font-weight: bold;color: #ff0000\">ANPT)<\/span><b> vous accompagne gr\u00e2ce \u00e0 son nouveau Programme d\u2019Incubation Virtuel \u00ab <\/b><a href=\"https:\/\/www.ummto.dz\/fs\/wp-content\/uploads\/2022\/01\/Virtual-incubation-programm-APPEL-A-PROJET.pdf\" rel=\"attachment wp-att-10172\" style=\"font-weight: bold\"><span style=\"color: #0004f4\">VIP<\/span><\/a><b>\u00bb. Formations, ateliers et coachings en ligne, \u00e9v\u00e8nements et networking virtuels, tout cela avec la participations de plusieurs experts nationaux et internationaux, et gr\u00e2ce\u00a0aux outils digitaux (ANPT MEET, ANPT LEARN, ANPT NETWORK, \u2026)<\/b><\/div>\n<div dir=\"auto\" style=\"text-align: justify\"><strong><\/strong><\/div>\n<\/div>\n<div class=\"cxmmr5t8 oygrvhab hcukyx3x c1et5uql o9v6fnle ii04i59q\">\n<div dir=\"auto\" style=\"text-align: justify\"><strong>Inscrivez-vous avant le <span style=\"color: #ff0000\">10\/02\/2022<\/span>, sur le lien : <span style=\"color: #003bef\"><a class=\"oajrlxb2 g5ia77u1 qu0x051f esr5mh6w e9989ue4 r7d6kgcz rq0escxv nhd2j8a9 nc684nl6 p7hjln8o kvgmc6g5 cxmmr5t8 oygrvhab hcukyx3x jb3vyjys rz4wbd8a qt6c0cv9 a8nywdso i1ao9s8h esuyzwwr f1sip0of lzcic4wl gpro0wi8 py34i1dx\" href=\"https:\/\/natp.dz\/formulaire.php?idm=15&amp;idsm=28&amp;fbclid=IwAR1WOYOlBW9IL5_-TQSYljatvTS2_oQeVEGUr4GuA8UHfOR9EBpt7jSZsig\" rel=\"nofollow noopener\" role=\"link\" target=\"_blank\" style=\"color: #003bef\">https:\/\/natp.dz\/formulaire.php?idm=15&amp;idsm=28<\/a><\/span><\/strong><\/div>\n<div dir=\"auto\" style=\"text-align: justify\"><\/div>\n<div dir=\"auto\" style=\"text-align: justify\"><strong>Pour plus d&rsquo;informations vous pouvez nous contacter sur :<\/strong><\/div>\n<ul>\n<li style=\"text-align: justify\"><strong>Tel : 023 20 22 87<\/strong><\/li>\n<li style=\"text-align: justify\"><strong>Mail : incubateur@anpt.dz<\/strong><\/li>\n<\/ul>\n<\/div>[\/et_pb_fullwidth_header][\/et_pb_section]\n","protected":false},"excerpt":{"rendered":"<p>Vous avez une id\u00e9e innovante dans le domaine des TIC et du Num\u00e9rique ? Vous voulez d\u00e9velopper vos comp\u00e9tences et cr\u00e9er votre Startup ?<\/p>\n<p>L&rsquo;ANPT vous accompagne gr\u00e2ce \u00e0 son nouveau Programme d\u2019Incubation Virtuel \u00ab VIP \u00bb. Formations, ateliers et coachings en ligne, \u00e9v\u00e8nements et networking virtuels, tout cela avec la participations de plusieurs experts nationaux et internationaux, et gr\u00e2ce aux outils digitaux (ANPT MEET, ANPT LEARN, ANPT NETWORK, \u2026)<\/p>\n","protected":false},"author":20,"featured_media":888,"comment_status":"closed","ping_status":"closed","sticky":false,"template":"","format":"standard","meta":{"_et_pb_use_builder":"on","_et_pb_old_content":"","_et_gb_content_width":"","footnotes":""},"categories":[1],"tags":[],"class_list":["post-10173","post","type-post","status-publish","format-standard","has-post-thumbnail","hentry","category-non-classe"],"yoast_head":"<!-- This site is optimized with the Yoast SEO plugin v27.3 - https:\/\/yoast.com\/product\/yoast-seo-wordpress\/ -->\n<title>Appel \u00e0 candidature Programme d&#039;incubation virtuelle 2022<\/title>\n<meta name=\"robots\" content=\"index, follow, max-snippet:-1, max-image-preview:large, max-video-preview:-1\" \/>\n<link rel=\"canonical\" href=\"https:\/\/www.ummto.dz\/fs\/appel-a-candidatures-a-destination-des-jeunes-programme-dincubation-virtuelle-2022\/\" \/>\n<meta property=\"og:locale\" content=\"fr_FR\" \/>\n<meta property=\"og:type\" content=\"article\" \/>\n<meta property=\"og:title\" content=\"Appel \u00e0 candidature Programme d&#039;incubation virtuelle 2022\" \/>\n<meta property=\"og:description\" content=\"Vous avez une id\u00e9e innovante dans le domaine des TIC et du Num\u00e9rique ? Vous voulez d\u00e9velopper vos comp\u00e9tences et cr\u00e9er votre Startup ?  L&#039;ANPT vous accompagne gr\u00e2ce \u00e0 son nouveau Programme d\u2019Incubation Virtuel \u00ab VIP \u00bb. Formations, ateliers et coachings en ligne, \u00e9v\u00e8nements et networking virtuels, tout cela avec la participations de plusieurs experts nationaux et internationaux, et gr\u00e2ce aux outils digitaux (ANPT MEET, ANPT LEARN, ANPT NETWORK, \u2026)\" \/>\n<meta property=\"og:url\" content=\"https:\/\/www.ummto.dz\/fs\/appel-a-candidatures-a-destination-des-jeunes-programme-dincubation-virtuelle-2022\/\" \/>\n<meta property=\"og:site_name\" content=\"Facult\u00e9 des Sciences\" \/>\n<meta property=\"article:published_time\" content=\"2022-01-18T15:15:23+00:00\" \/>\n<meta property=\"article:modified_time\" content=\"2022-01-18T15:24:40+00:00\" \/>\n<meta property=\"og:image\" content=\"https:\/\/www.ummto.dz\/fs\/wp-content\/uploads\/2018\/07\/information-7.jpg\" \/>\n\t<meta property=\"og:image:width\" content=\"260\" \/>\n\t<meta property=\"og:image:height\" content=\"194\" \/>\n\t<meta property=\"og:image:type\" content=\"image\/jpeg\" \/>\n<meta name=\"author\" content=\"AliBelaid\" \/>\n<meta name=\"twitter:card\" content=\"summary_large_image\" \/>\n<meta name=\"twitter:label1\" content=\"\u00c9crit par\" \/>\n\t<meta name=\"twitter:data1\" content=\"AliBelaid\" \/>\n\t<meta name=\"twitter:label2\" content=\"Dur\u00e9e de lecture estim\u00e9e\" \/>\n\t<meta name=\"twitter:data2\" content=\"1 minute\" \/>\n<script type=\"application\/ld+json\" class=\"yoast-schema-graph\">{\"@context\":\"https:\\\/\\\/schema.org\",\"@graph\":[{\"@type\":\"Article\",\"@id\":\"https:\\\/\\\/www.ummto.dz\\\/fs\\\/appel-a-candidatures-a-destination-des-jeunes-programme-dincubation-virtuelle-2022\\\/#article\",\"isPartOf\":{\"@id\":\"https:\\\/\\\/www.ummto.dz\\\/fs\\\/appel-a-candidatures-a-destination-des-jeunes-programme-dincubation-virtuelle-2022\\\/\"},\"author\":{\"name\":\"AliBelaid\",\"@id\":\"https:\\\/\\\/www.ummto.dz\\\/fs\\\/#\\\/schema\\\/person\\\/68cd5cb15ebf0a513c712cb96b659af2\"},\"headline\":\"Appel \u00e0 candidatures \u00e0 destination de la communaut\u00e9 Universitaire- Programme d&rsquo;incubation virtuelle 2022\",\"datePublished\":\"2022-01-18T15:15:23+00:00\",\"dateModified\":\"2022-01-18T15:24:40+00:00\",\"mainEntityOfPage\":{\"@id\":\"https:\\\/\\\/www.ummto.dz\\\/fs\\\/appel-a-candidatures-a-destination-des-jeunes-programme-dincubation-virtuelle-2022\\\/\"},\"wordCount\":198,\"image\":{\"@id\":\"https:\\\/\\\/www.ummto.dz\\\/fs\\\/appel-a-candidatures-a-destination-des-jeunes-programme-dincubation-virtuelle-2022\\\/#primaryimage\"},\"thumbnailUrl\":\"https:\\\/\\\/www.ummto.dz\\\/fs\\\/wp-content\\\/uploads\\\/2018\\\/07\\\/information-7.jpg\",\"articleSection\":[\"Actualit\u00e9\"],\"inLanguage\":\"fr-FR\"},{\"@type\":\"WebPage\",\"@id\":\"https:\\\/\\\/www.ummto.dz\\\/fs\\\/appel-a-candidatures-a-destination-des-jeunes-programme-dincubation-virtuelle-2022\\\/\",\"url\":\"https:\\\/\\\/www.ummto.dz\\\/fs\\\/appel-a-candidatures-a-destination-des-jeunes-programme-dincubation-virtuelle-2022\\\/\",\"name\":\"Appel \u00e0 candidature Programme d'incubation virtuelle 2022\",\"isPartOf\":{\"@id\":\"https:\\\/\\\/www.ummto.dz\\\/fs\\\/#website\"},\"primaryImageOfPage\":{\"@id\":\"https:\\\/\\\/www.ummto.dz\\\/fs\\\/appel-a-candidatures-a-destination-des-jeunes-programme-dincubation-virtuelle-2022\\\/#primaryimage\"},\"image\":{\"@id\":\"https:\\\/\\\/www.ummto.dz\\\/fs\\\/appel-a-candidatures-a-destination-des-jeunes-programme-dincubation-virtuelle-2022\\\/#primaryimage\"},\"thumbnailUrl\":\"https:\\\/\\\/www.ummto.dz\\\/fs\\\/wp-content\\\/uploads\\\/2018\\\/07\\\/information-7.jpg\",\"datePublished\":\"2022-01-18T15:15:23+00:00\",\"dateModified\":\"2022-01-18T15:24:40+00:00\",\"author\":{\"@id\":\"https:\\\/\\\/www.ummto.dz\\\/fs\\\/#\\\/schema\\\/person\\\/68cd5cb15ebf0a513c712cb96b659af2\"},\"breadcrumb\":{\"@id\":\"https:\\\/\\\/www.ummto.dz\\\/fs\\\/appel-a-candidatures-a-destination-des-jeunes-programme-dincubation-virtuelle-2022\\\/#breadcrumb\"},\"inLanguage\":\"fr-FR\",\"potentialAction\":[{\"@type\":\"ReadAction\",\"target\":[\"https:\\\/\\\/www.ummto.dz\\\/fs\\\/appel-a-candidatures-a-destination-des-jeunes-programme-dincubation-virtuelle-2022\\\/\"]}]},{\"@type\":\"ImageObject\",\"inLanguage\":\"fr-FR\",\"@id\":\"https:\\\/\\\/www.ummto.dz\\\/fs\\\/appel-a-candidatures-a-destination-des-jeunes-programme-dincubation-virtuelle-2022\\\/#primaryimage\",\"url\":\"https:\\\/\\\/www.ummto.dz\\\/fs\\\/wp-content\\\/uploads\\\/2018\\\/07\\\/information-7.jpg\",\"contentUrl\":\"https:\\\/\\\/www.ummto.dz\\\/fs\\\/wp-content\\\/uploads\\\/2018\\\/07\\\/information-7.jpg\",\"width\":260,\"height\":194},{\"@type\":\"BreadcrumbList\",\"@id\":\"https:\\\/\\\/www.ummto.dz\\\/fs\\\/appel-a-candidatures-a-destination-des-jeunes-programme-dincubation-virtuelle-2022\\\/#breadcrumb\",\"itemListElement\":[{\"@type\":\"ListItem\",\"position\":1,\"name\":\"Accueil\",\"item\":\"https:\\\/\\\/www.ummto.dz\\\/fs\\\/\"},{\"@type\":\"ListItem\",\"position\":2,\"name\":\"Appel \u00e0 candidatures \u00e0 destination de la communaut\u00e9 Universitaire- Programme d&#8217;incubation virtuelle 2022\"}]},{\"@type\":\"WebSite\",\"@id\":\"https:\\\/\\\/www.ummto.dz\\\/fs\\\/#website\",\"url\":\"https:\\\/\\\/www.ummto.dz\\\/fs\\\/\",\"name\":\"Facult\u00e9 des Sciences\",\"description\":\"universit\u00e9 Moulous Mammeri de Tizi-Ouzou\",\"potentialAction\":[{\"@type\":\"SearchAction\",\"target\":{\"@type\":\"EntryPoint\",\"urlTemplate\":\"https:\\\/\\\/www.ummto.dz\\\/fs\\\/?s={search_term_string}\"},\"query-input\":{\"@type\":\"PropertyValueSpecification\",\"valueRequired\":true,\"valueName\":\"search_term_string\"}}],\"inLanguage\":\"fr-FR\"},{\"@type\":\"Person\",\"@id\":\"https:\\\/\\\/www.ummto.dz\\\/fs\\\/#\\\/schema\\\/person\\\/68cd5cb15ebf0a513c712cb96b659af2\",\"name\":\"AliBelaid\",\"url\":\"https:\\\/\\\/www.ummto.dz\\\/fs\\\/author\\\/alibelaid\\\/\"}]}<\/script>\n<!-- \/ Yoast SEO plugin. -->","yoast_head_json":{"title":"Appel \u00e0 candidature Programme d'incubation virtuelle 2022","robots":{"index":"index","follow":"follow","max-snippet":"max-snippet:-1","max-image-preview":"max-image-preview:large","max-video-preview":"max-video-preview:-1"},"canonical":"https:\/\/www.ummto.dz\/fs\/appel-a-candidatures-a-destination-des-jeunes-programme-dincubation-virtuelle-2022\/","og_locale":"fr_FR","og_type":"article","og_title":"Appel \u00e0 candidature Programme d'incubation virtuelle 2022","og_description":"Vous avez une id\u00e9e innovante dans le domaine des TIC et du Num\u00e9rique ? Vous voulez d\u00e9velopper vos comp\u00e9tences et cr\u00e9er votre Startup ?  L'ANPT vous accompagne gr\u00e2ce \u00e0 son nouveau Programme d\u2019Incubation Virtuel \u00ab VIP \u00bb. Formations, ateliers et coachings en ligne, \u00e9v\u00e8nements et networking virtuels, tout cela avec la participations de plusieurs experts nationaux et internationaux, et gr\u00e2ce aux outils digitaux (ANPT MEET, ANPT LEARN, ANPT NETWORK, \u2026)","og_url":"https:\/\/www.ummto.dz\/fs\/appel-a-candidatures-a-destination-des-jeunes-programme-dincubation-virtuelle-2022\/","og_site_name":"Facult\u00e9 des Sciences","article_published_time":"2022-01-18T15:15:23+00:00","article_modified_time":"2022-01-18T15:24:40+00:00","og_image":[{"width":260,"height":194,"url":"https:\/\/www.ummto.dz\/fs\/wp-content\/uploads\/2018\/07\/information-7.jpg","type":"image\/jpeg"}],"author":"AliBelaid","twitter_card":"summary_large_image","twitter_misc":{"\u00c9crit par":"AliBelaid","Dur\u00e9e de lecture estim\u00e9e":"1 minute"},"schema":{"@context":"https:\/\/schema.org","@graph":[{"@type":"Article","@id":"https:\/\/www.ummto.dz\/fs\/appel-a-candidatures-a-destination-des-jeunes-programme-dincubation-virtuelle-2022\/#article","isPartOf":{"@id":"https:\/\/www.ummto.dz\/fs\/appel-a-candidatures-a-destination-des-jeunes-programme-dincubation-virtuelle-2022\/"},"author":{"name":"AliBelaid","@id":"https:\/\/www.ummto.dz\/fs\/#\/schema\/person\/68cd5cb15ebf0a513c712cb96b659af2"},"headline":"Appel \u00e0 candidatures \u00e0 destination de la communaut\u00e9 Universitaire- Programme d&rsquo;incubation virtuelle 2022","datePublished":"2022-01-18T15:15:23+00:00","dateModified":"2022-01-18T15:24:40+00:00","mainEntityOfPage":{"@id":"https:\/\/www.ummto.dz\/fs\/appel-a-candidatures-a-destination-des-jeunes-programme-dincubation-virtuelle-2022\/"},"wordCount":198,"image":{"@id":"https:\/\/www.ummto.dz\/fs\/appel-a-candidatures-a-destination-des-jeunes-programme-dincubation-virtuelle-2022\/#primaryimage"},"thumbnailUrl":"https:\/\/www.ummto.dz\/fs\/wp-content\/uploads\/2018\/07\/information-7.jpg","articleSection":["Actualit\u00e9"],"inLanguage":"fr-FR"},{"@type":"WebPage","@id":"https:\/\/www.ummto.dz\/fs\/appel-a-candidatures-a-destination-des-jeunes-programme-dincubation-virtuelle-2022\/","url":"https:\/\/www.ummto.dz\/fs\/appel-a-candidatures-a-destination-des-jeunes-programme-dincubation-virtuelle-2022\/","name":"Appel \u00e0 candidature Programme d'incubation virtuelle 2022","isPartOf":{"@id":"https:\/\/www.ummto.dz\/fs\/#website"},"primaryImageOfPage":{"@id":"https:\/\/www.ummto.dz\/fs\/appel-a-candidatures-a-destination-des-jeunes-programme-dincubation-virtuelle-2022\/#primaryimage"},"image":{"@id":"https:\/\/www.ummto.dz\/fs\/appel-a-candidatures-a-destination-des-jeunes-programme-dincubation-virtuelle-2022\/#primaryimage"},"thumbnailUrl":"https:\/\/www.ummto.dz\/fs\/wp-content\/uploads\/2018\/07\/information-7.jpg","datePublished":"2022-01-18T15:15:23+00:00","dateModified":"2022-01-18T15:24:40+00:00","author":{"@id":"https:\/\/www.ummto.dz\/fs\/#\/schema\/person\/68cd5cb15ebf0a513c712cb96b659af2"},"breadcrumb":{"@id":"https:\/\/www.ummto.dz\/fs\/appel-a-candidatures-a-destination-des-jeunes-programme-dincubation-virtuelle-2022\/#breadcrumb"},"inLanguage":"fr-FR","potentialAction":[{"@type":"ReadAction","target":["https:\/\/www.ummto.dz\/fs\/appel-a-candidatures-a-destination-des-jeunes-programme-dincubation-virtuelle-2022\/"]}]},{"@type":"ImageObject","inLanguage":"fr-FR","@id":"https:\/\/www.ummto.dz\/fs\/appel-a-candidatures-a-destination-des-jeunes-programme-dincubation-virtuelle-2022\/#primaryimage","url":"https:\/\/www.ummto.dz\/fs\/wp-content\/uploads\/2018\/07\/information-7.jpg","contentUrl":"https:\/\/www.ummto.dz\/fs\/wp-content\/uploads\/2018\/07\/information-7.jpg","width":260,"height":194},{"@type":"BreadcrumbList","@id":"https:\/\/www.ummto.dz\/fs\/appel-a-candidatures-a-destination-des-jeunes-programme-dincubation-virtuelle-2022\/#breadcrumb","itemListElement":[{"@type":"ListItem","position":1,"name":"Accueil","item":"https:\/\/www.ummto.dz\/fs\/"},{"@type":"ListItem","position":2,"name":"Appel \u00e0 candidatures \u00e0 destination de la communaut\u00e9 Universitaire- Programme d&#8217;incubation virtuelle 2022"}]},{"@type":"WebSite","@id":"https:\/\/www.ummto.dz\/fs\/#website","url":"https:\/\/www.ummto.dz\/fs\/","name":"Facult\u00e9 des Sciences","description":"universit\u00e9 Moulous Mammeri de Tizi-Ouzou","potentialAction":[{"@type":"SearchAction","target":{"@type":"EntryPoint","urlTemplate":"https:\/\/www.ummto.dz\/fs\/?s={search_term_string}"},"query-input":{"@type":"PropertyValueSpecification","valueRequired":true,"valueName":"search_term_string"}}],"inLanguage":"fr-FR"},{"@type":"Person","@id":"https:\/\/www.ummto.dz\/fs\/#\/schema\/person\/68cd5cb15ebf0a513c712cb96b659af2","name":"AliBelaid","url":"https:\/\/www.ummto.dz\/fs\/author\/alibelaid\/"}]}},"_links":{"self":[{"href":"https:\/\/www.ummto.dz\/fs\/wp-json\/wp\/v2\/posts\/10173","targetHints":{"allow":["GET"]}}],"collection":[{"href":"https:\/\/www.ummto.dz\/fs\/wp-json\/wp\/v2\/posts"}],"about":[{"href":"https:\/\/www.ummto.dz\/fs\/wp-json\/wp\/v2\/types\/post"}],"author":[{"embeddable":true,"href":"https:\/\/www.ummto.dz\/fs\/wp-json\/wp\/v2\/users\/20"}],"replies":[{"embeddable":true,"href":"https:\/\/www.ummto.dz\/fs\/wp-json\/wp\/v2\/comments?post=10173"}],"version-history":[{"count":6,"href":"https:\/\/www.ummto.dz\/fs\/wp-json\/wp\/v2\/posts\/10173\/revisions"}],"predecessor-version":[{"id":10183,"href":"https:\/\/www.ummto.dz\/fs\/wp-json\/wp\/v2\/posts\/10173\/revisions\/10183"}],"wp:featuredmedia":[{"embeddable":true,"href":"https:\/\/www.ummto.dz\/fs\/wp-json\/wp\/v2\/media\/888"}],"wp:attachment":[{"href":"https:\/\/www.ummto.dz\/fs\/wp-json\/wp\/v2\/media?parent=10173"}],"wp:term":[{"taxonomy":"category","embeddable":true,"href":"https:\/\/www.ummto.dz\/fs\/wp-json\/wp\/v2\/categories?post=10173"},{"taxonomy":"post_tag","embeddable":true,"href":"https:\/\/www.ummto.dz\/fs\/wp-json\/wp\/v2\/tags?post=10173"}],"curies":[{"name":"wp","href":"https:\/\/api.w.org\/{rel}","templated":true}]}}