{"id":14145,"date":"2022-06-29T23:26:52","date_gmt":"2022-06-29T21:26:52","guid":{"rendered":"https:\/\/www.ummto.dz\/fs\/?p=14145"},"modified":"2022-06-29T23:30:14","modified_gmt":"2022-06-29T21:30:14","slug":"programme-des-journees-doctoriales-de-la-faculte-des-sciences","status":"publish","type":"post","link":"https:\/\/www.ummto.dz\/fs\/programme-des-journees-doctoriales-de-la-faculte-des-sciences\/","title":{"rendered":"Programme des journ\u00e9es doctoriales 29-30 juin 2022 de la facult\u00e9 des Sciences"},"content":{"rendered":"\n[et_pb_section fb_built=\u00a0\u00bb1&Prime; theme_builder_area=\u00a0\u00bbpost_content\u00a0\u00bb _builder_version=\u00a0\u00bb4.17.4&Prime; _module_preset=\u00a0\u00bbdefault\u00a0\u00bb][et_pb_row _builder_version=\u00a0\u00bb4.17.4&Prime; _module_preset=\u00a0\u00bbdefault\u00a0\u00bb theme_builder_area=\u00a0\u00bbpost_content\u00a0\u00bb][et_pb_column _builder_version=\u00a0\u00bb4.17.4&Prime; _module_preset=\u00a0\u00bbdefault\u00a0\u00bb type=\u00a0\u00bb4_4&Prime; theme_builder_area=\u00a0\u00bbpost_content\u00a0\u00bb][et_pb_accordion _builder_version=\u00a0\u00bb4.17.4&Prime; _module_preset=\u00a0\u00bbdefault\u00a0\u00bb theme_builder_area=\u00a0\u00bbpost_content\u00a0\u00bb hover_enabled=\u00a0\u00bb0&Prime; sticky_enabled=\u00a0\u00bb0&Prime; box_shadow_style=\u00a0\u00bbpreset6&Prime;][et_pb_accordion_item title=\u00a0\u00bbDoctoriales de la facult\u00e9 des Sciences\u00a0\u00bb _builder_version=\u00a0\u00bb4.17.4&Prime; _module_preset=\u00a0\u00bbdefault\u00a0\u00bb open=\u00a0\u00bbon\u00a0\u00bb theme_builder_area=\u00a0\u00bbpost_content\u00a0\u00bb hover_enabled=\u00a0\u00bb0&Prime; sticky_enabled=\u00a0\u00bb0&Prime;]<div>\n<p><span>Afin de favoriser les bonnes conditions et l\u2019accompagnement n\u00e9cessaires aux doctorants de notre facult\u00e9, des journ\u00e9es\u00a0\u00a0doctoriales seront\u00a0 organis\u00e9es\u00a0 par la facult\u00e9\u00a0 des Sciences\u00a0 le <strong><span style=\"color: #ff0000\">29 et 30 juin 2022<\/span><\/strong>, et regrouperont\u00a0 les doctorants (LMD et en Sciences) avec les\u00a0 directeurs\u00a0 de th\u00e8se et les comit\u00e9s des formations doctorales.\u00a0<\/span><\/p>\n<p><span style=\"color: #000000\">Ces journ\u00e9es organis\u00e9es sous forme d&rsquo;ateliers par les CFD permettront de faire le point sur l&rsquo;\u00e9tat d&rsquo;avancement des travaux de th\u00e8se, et seront principalement consacr\u00e9es \u00e0 diverses actions visant \u00e0 mieux accompagner le doctorant et \u00e0 identifier les principales difficult\u00e9s par rapport\u00a0 \u00e0 la finalisation\u00a0 de sa th\u00e8se et \u00e0 la publication.<\/span><\/p>\n<p><span><span style=\"color: #000000\">Les travaux d\u2019ateliers se d\u00e9rouleront selon le planning suivant:<\/span><\/span><\/p>\n<ol>\n<li><span>Les doctoriales de Physique: <strong><span style=\"color: #0000ff\">30 juin 2022<\/span><\/strong>. Lieu:\u00a0 Salle de r\u00e9unions.<\/span><\/li>\n<li><span>Les doctorales de Math\u00e9matiques: <strong><span style=\"color: #0000ff\">30 juin 2022<\/span><\/strong>. Lieu: Salle 45, Salle de soutenances, Salle de TP Informatique, Hall de la facult\u00e9.<\/span><\/li>\n<li><span>Les doctorales de Chimie; <strong><span style=\"color: #0000ff\">27\u00a0 et 29 juin 2022<\/span><\/strong>. Lieu:\u00a0 Salle visioconf\u00e9rence du centre r\u00e9seaux.<\/span><\/li>\n<\/ol>\n<p><span style=\"color: #000000\">Pour la matin\u00e9e du 30 juin 2022, deux conf\u00e9rences seront anim\u00e9es par:<\/span><\/p>\n<p><b>Pr. Zougab Nabil de l&rsquo;universit\u00e9 de B\u00e9ja\u00efa.\u00a0\u00a0<\/b><strong><span style=\"color: #ff0000\">Estimation non Param\u00e9trique par Noyau.<\/span><\/strong><\/p>\n<p><b>Pr. Asma Farid et Pr. Hammoum Hocine de l&rsquo;UMMTO:\u00a0 \u00a0<span style=\"color: #ff0000\">Comment publier? Conseils de deux \u00e9diteurs en Chef.<\/span><\/b><\/div>\n<div><p><b><br \/><\/b><\/p>\n<p>Vous trouverez ci-dessous les programmes d\u00e9taill\u00e9s\u00a0 des diff\u00e9rents ateliers.<\/p>\n<p><a href=\"https:\/\/www.ummto.dz\/fs\/wp-content\/uploads\/2022\/06\/Les-journees-des-doctorants-_Physique.docx\" rel=\"attachment wp-att-14149\">Programme des doctoriales de Physique<\/a><\/p>\n<p><a href=\"https:\/\/www.ummto.dz\/fs\/wp-content\/uploads\/2022\/06\/JESDC22-Programme-27-et-29-juin-2022-Chimie.pdf\" rel=\"attachment wp-att-14150\">Programme des doctoriales de Chimie<\/a><\/p>\n<p><a href=\"https:\/\/www.ummto.dz\/fs\/wp-content\/uploads\/2022\/06\/ProDoct30Juin2022_Mathematiques.pdf\" rel=\"attachment wp-att-14151\">Programme des doctoriales de Math\u00e9matiques<\/a><\/p>\n<\/div>[\/et_pb_accordion_item][\/et_pb_accordion][\/et_pb_column][\/et_pb_row][\/et_pb_section]\n","protected":false},"excerpt":{"rendered":"<p>Afin de favoriser les bonnes conditions et l\u2019accompagnement n\u00e9cessaires aux doctorants de notre facult\u00e9, des journ\u00e9es\u00a0\u00a0doctoriales seront\u00a0 organis\u00e9es\u00a0 par la facult\u00e9\u00a0 des Sciences\u00a0 le 29 et 30 juin 2022, et regrouperont\u00a0 les doctorants (LMD et en Sciences) avec les\u00a0 directeurs\u00a0 de th\u00e8se et les comit\u00e9s des formations doctorales.\u00a0 Ces journ\u00e9es organis\u00e9es sous forme d&rsquo;ateliers par [&hellip;]<\/p>\n","protected":false},"author":20,"featured_media":0,"comment_status":"closed","ping_status":"closed","sticky":false,"template":"","format":"standard","meta":{"_et_pb_use_builder":"on","_et_pb_old_content":"","_et_gb_content_width":"","footnotes":""},"categories":[1],"tags":[],"class_list":["post-14145","post","type-post","status-publish","format-standard","hentry","category-non-classe"],"yoast_head":"<!-- This site is optimized with the Yoast SEO plugin v27.3 - https:\/\/yoast.com\/product\/yoast-seo-wordpress\/ -->\n<title>Doctoriales 2022 de la facult\u00e9 des Sciences<\/title>\n<meta name=\"robots\" content=\"index, follow, max-snippet:-1, max-image-preview:large, max-video-preview:-1\" \/>\n<link rel=\"canonical\" href=\"https:\/\/www.ummto.dz\/fs\/programme-des-journees-doctoriales-de-la-faculte-des-sciences\/\" \/>\n<meta property=\"og:locale\" content=\"fr_FR\" \/>\n<meta property=\"og:type\" content=\"article\" \/>\n<meta property=\"og:title\" content=\"Doctoriales 2022 de la facult\u00e9 des Sciences\" \/>\n<meta property=\"og:description\" content=\"Afin de favoriser les bonnes conditions et l\u2019accompagnement n\u00e9cessaires aux doctorants de notre facult\u00e9, des journ\u00e9es\u00a0\u00a0doctoriales seront\u00a0 organis\u00e9es\u00a0 par la facult\u00e9\u00a0 des Sciences\u00a0 le 29 et 30 juin 2022, et regrouperont\u00a0 les doctorants (LMD et en Sciences) avec les\u00a0 directeurs\u00a0 de th\u00e8se et les comit\u00e9s des formations doctorales.\u00a0 Ces journ\u00e9es organis\u00e9es sous forme d&#039;ateliers par [&hellip;]\" \/>\n<meta property=\"og:url\" content=\"https:\/\/www.ummto.dz\/fs\/programme-des-journees-doctoriales-de-la-faculte-des-sciences\/\" \/>\n<meta property=\"og:site_name\" content=\"Facult\u00e9 des Sciences\" \/>\n<meta property=\"article:published_time\" content=\"2022-06-29T21:26:52+00:00\" \/>\n<meta property=\"article:modified_time\" content=\"2022-06-29T21:30:14+00:00\" \/>\n<meta name=\"author\" content=\"AliBelaid\" \/>\n<meta name=\"twitter:card\" content=\"summary_large_image\" \/>\n<meta name=\"twitter:label1\" content=\"\u00c9crit par\" \/>\n\t<meta name=\"twitter:data1\" content=\"AliBelaid\" \/>\n\t<meta name=\"twitter:label2\" content=\"Dur\u00e9e de lecture estim\u00e9e\" \/>\n\t<meta name=\"twitter:data2\" content=\"2 minutes\" \/>\n<script type=\"application\/ld+json\" class=\"yoast-schema-graph\">{\"@context\":\"https:\\\/\\\/schema.org\",\"@graph\":[{\"@type\":\"Article\",\"@id\":\"https:\\\/\\\/www.ummto.dz\\\/fs\\\/programme-des-journees-doctoriales-de-la-faculte-des-sciences\\\/#article\",\"isPartOf\":{\"@id\":\"https:\\\/\\\/www.ummto.dz\\\/fs\\\/programme-des-journees-doctoriales-de-la-faculte-des-sciences\\\/\"},\"author\":{\"name\":\"AliBelaid\",\"@id\":\"https:\\\/\\\/www.ummto.dz\\\/fs\\\/#\\\/schema\\\/person\\\/68cd5cb15ebf0a513c712cb96b659af2\"},\"headline\":\"Programme des journ\u00e9es doctoriales 29-30 juin 2022 de la facult\u00e9 des Sciences\",\"datePublished\":\"2022-06-29T21:26:52+00:00\",\"dateModified\":\"2022-06-29T21:30:14+00:00\",\"mainEntityOfPage\":{\"@id\":\"https:\\\/\\\/www.ummto.dz\\\/fs\\\/programme-des-journees-doctoriales-de-la-faculte-des-sciences\\\/\"},\"wordCount\":355,\"articleSection\":[\"Actualit\u00e9\"],\"inLanguage\":\"fr-FR\"},{\"@type\":\"WebPage\",\"@id\":\"https:\\\/\\\/www.ummto.dz\\\/fs\\\/programme-des-journees-doctoriales-de-la-faculte-des-sciences\\\/\",\"url\":\"https:\\\/\\\/www.ummto.dz\\\/fs\\\/programme-des-journees-doctoriales-de-la-faculte-des-sciences\\\/\",\"name\":\"Doctoriales 2022 de la facult\u00e9 des Sciences\",\"isPartOf\":{\"@id\":\"https:\\\/\\\/www.ummto.dz\\\/fs\\\/#website\"},\"datePublished\":\"2022-06-29T21:26:52+00:00\",\"dateModified\":\"2022-06-29T21:30:14+00:00\",\"author\":{\"@id\":\"https:\\\/\\\/www.ummto.dz\\\/fs\\\/#\\\/schema\\\/person\\\/68cd5cb15ebf0a513c712cb96b659af2\"},\"breadcrumb\":{\"@id\":\"https:\\\/\\\/www.ummto.dz\\\/fs\\\/programme-des-journees-doctoriales-de-la-faculte-des-sciences\\\/#breadcrumb\"},\"inLanguage\":\"fr-FR\",\"potentialAction\":[{\"@type\":\"ReadAction\",\"target\":[\"https:\\\/\\\/www.ummto.dz\\\/fs\\\/programme-des-journees-doctoriales-de-la-faculte-des-sciences\\\/\"]}]},{\"@type\":\"BreadcrumbList\",\"@id\":\"https:\\\/\\\/www.ummto.dz\\\/fs\\\/programme-des-journees-doctoriales-de-la-faculte-des-sciences\\\/#breadcrumb\",\"itemListElement\":[{\"@type\":\"ListItem\",\"position\":1,\"name\":\"Accueil\",\"item\":\"https:\\\/\\\/www.ummto.dz\\\/fs\\\/\"},{\"@type\":\"ListItem\",\"position\":2,\"name\":\"Programme des journ\u00e9es doctoriales 29-30 juin 2022 de la facult\u00e9 des Sciences\"}]},{\"@type\":\"WebSite\",\"@id\":\"https:\\\/\\\/www.ummto.dz\\\/fs\\\/#website\",\"url\":\"https:\\\/\\\/www.ummto.dz\\\/fs\\\/\",\"name\":\"Facult\u00e9 des Sciences\",\"description\":\"universit\u00e9 Moulous Mammeri de Tizi-Ouzou\",\"potentialAction\":[{\"@type\":\"SearchAction\",\"target\":{\"@type\":\"EntryPoint\",\"urlTemplate\":\"https:\\\/\\\/www.ummto.dz\\\/fs\\\/?s={search_term_string}\"},\"query-input\":{\"@type\":\"PropertyValueSpecification\",\"valueRequired\":true,\"valueName\":\"search_term_string\"}}],\"inLanguage\":\"fr-FR\"},{\"@type\":\"Person\",\"@id\":\"https:\\\/\\\/www.ummto.dz\\\/fs\\\/#\\\/schema\\\/person\\\/68cd5cb15ebf0a513c712cb96b659af2\",\"name\":\"AliBelaid\",\"url\":\"https:\\\/\\\/www.ummto.dz\\\/fs\\\/author\\\/alibelaid\\\/\"}]}<\/script>\n<!-- \/ Yoast SEO plugin. -->","yoast_head_json":{"title":"Doctoriales 2022 de la facult\u00e9 des Sciences","robots":{"index":"index","follow":"follow","max-snippet":"max-snippet:-1","max-image-preview":"max-image-preview:large","max-video-preview":"max-video-preview:-1"},"canonical":"https:\/\/www.ummto.dz\/fs\/programme-des-journees-doctoriales-de-la-faculte-des-sciences\/","og_locale":"fr_FR","og_type":"article","og_title":"Doctoriales 2022 de la facult\u00e9 des Sciences","og_description":"Afin de favoriser les bonnes conditions et l\u2019accompagnement n\u00e9cessaires aux doctorants de notre facult\u00e9, des journ\u00e9es\u00a0\u00a0doctoriales seront\u00a0 organis\u00e9es\u00a0 par la facult\u00e9\u00a0 des Sciences\u00a0 le 29 et 30 juin 2022, et regrouperont\u00a0 les doctorants (LMD et en Sciences) avec les\u00a0 directeurs\u00a0 de th\u00e8se et les comit\u00e9s des formations doctorales.\u00a0 Ces journ\u00e9es organis\u00e9es sous forme d'ateliers par [&hellip;]","og_url":"https:\/\/www.ummto.dz\/fs\/programme-des-journees-doctoriales-de-la-faculte-des-sciences\/","og_site_name":"Facult\u00e9 des Sciences","article_published_time":"2022-06-29T21:26:52+00:00","article_modified_time":"2022-06-29T21:30:14+00:00","author":"AliBelaid","twitter_card":"summary_large_image","twitter_misc":{"\u00c9crit par":"AliBelaid","Dur\u00e9e de lecture estim\u00e9e":"2 minutes"},"schema":{"@context":"https:\/\/schema.org","@graph":[{"@type":"Article","@id":"https:\/\/www.ummto.dz\/fs\/programme-des-journees-doctoriales-de-la-faculte-des-sciences\/#article","isPartOf":{"@id":"https:\/\/www.ummto.dz\/fs\/programme-des-journees-doctoriales-de-la-faculte-des-sciences\/"},"author":{"name":"AliBelaid","@id":"https:\/\/www.ummto.dz\/fs\/#\/schema\/person\/68cd5cb15ebf0a513c712cb96b659af2"},"headline":"Programme des journ\u00e9es doctoriales 29-30 juin 2022 de la facult\u00e9 des Sciences","datePublished":"2022-06-29T21:26:52+00:00","dateModified":"2022-06-29T21:30:14+00:00","mainEntityOfPage":{"@id":"https:\/\/www.ummto.dz\/fs\/programme-des-journees-doctoriales-de-la-faculte-des-sciences\/"},"wordCount":355,"articleSection":["Actualit\u00e9"],"inLanguage":"fr-FR"},{"@type":"WebPage","@id":"https:\/\/www.ummto.dz\/fs\/programme-des-journees-doctoriales-de-la-faculte-des-sciences\/","url":"https:\/\/www.ummto.dz\/fs\/programme-des-journees-doctoriales-de-la-faculte-des-sciences\/","name":"Doctoriales 2022 de la facult\u00e9 des Sciences","isPartOf":{"@id":"https:\/\/www.ummto.dz\/fs\/#website"},"datePublished":"2022-06-29T21:26:52+00:00","dateModified":"2022-06-29T21:30:14+00:00","author":{"@id":"https:\/\/www.ummto.dz\/fs\/#\/schema\/person\/68cd5cb15ebf0a513c712cb96b659af2"},"breadcrumb":{"@id":"https:\/\/www.ummto.dz\/fs\/programme-des-journees-doctoriales-de-la-faculte-des-sciences\/#breadcrumb"},"inLanguage":"fr-FR","potentialAction":[{"@type":"ReadAction","target":["https:\/\/www.ummto.dz\/fs\/programme-des-journees-doctoriales-de-la-faculte-des-sciences\/"]}]},{"@type":"BreadcrumbList","@id":"https:\/\/www.ummto.dz\/fs\/programme-des-journees-doctoriales-de-la-faculte-des-sciences\/#breadcrumb","itemListElement":[{"@type":"ListItem","position":1,"name":"Accueil","item":"https:\/\/www.ummto.dz\/fs\/"},{"@type":"ListItem","position":2,"name":"Programme des journ\u00e9es doctoriales 29-30 juin 2022 de la facult\u00e9 des Sciences"}]},{"@type":"WebSite","@id":"https:\/\/www.ummto.dz\/fs\/#website","url":"https:\/\/www.ummto.dz\/fs\/","name":"Facult\u00e9 des Sciences","description":"universit\u00e9 Moulous Mammeri de Tizi-Ouzou","potentialAction":[{"@type":"SearchAction","target":{"@type":"EntryPoint","urlTemplate":"https:\/\/www.ummto.dz\/fs\/?s={search_term_string}"},"query-input":{"@type":"PropertyValueSpecification","valueRequired":true,"valueName":"search_term_string"}}],"inLanguage":"fr-FR"},{"@type":"Person","@id":"https:\/\/www.ummto.dz\/fs\/#\/schema\/person\/68cd5cb15ebf0a513c712cb96b659af2","name":"AliBelaid","url":"https:\/\/www.ummto.dz\/fs\/author\/alibelaid\/"}]}},"_links":{"self":[{"href":"https:\/\/www.ummto.dz\/fs\/wp-json\/wp\/v2\/posts\/14145","targetHints":{"allow":["GET"]}}],"collection":[{"href":"https:\/\/www.ummto.dz\/fs\/wp-json\/wp\/v2\/posts"}],"about":[{"href":"https:\/\/www.ummto.dz\/fs\/wp-json\/wp\/v2\/types\/post"}],"author":[{"embeddable":true,"href":"https:\/\/www.ummto.dz\/fs\/wp-json\/wp\/v2\/users\/20"}],"replies":[{"embeddable":true,"href":"https:\/\/www.ummto.dz\/fs\/wp-json\/wp\/v2\/comments?post=14145"}],"version-history":[{"count":3,"href":"https:\/\/www.ummto.dz\/fs\/wp-json\/wp\/v2\/posts\/14145\/revisions"}],"predecessor-version":[{"id":14153,"href":"https:\/\/www.ummto.dz\/fs\/wp-json\/wp\/v2\/posts\/14145\/revisions\/14153"}],"wp:attachment":[{"href":"https:\/\/www.ummto.dz\/fs\/wp-json\/wp\/v2\/media?parent=14145"}],"wp:term":[{"taxonomy":"category","embeddable":true,"href":"https:\/\/www.ummto.dz\/fs\/wp-json\/wp\/v2\/categories?post=14145"},{"taxonomy":"post_tag","embeddable":true,"href":"https:\/\/www.ummto.dz\/fs\/wp-json\/wp\/v2\/tags?post=14145"}],"curies":[{"name":"wp","href":"https:\/\/api.w.org\/{rel}","templated":true}]}}