{"id":14322,"date":"2022-07-01T15:07:03","date_gmt":"2022-07-01T13:07:03","guid":{"rendered":"https:\/\/www.ummto.dz\/fs\/?p=14322"},"modified":"2022-07-01T15:08:52","modified_gmt":"2022-07-01T13:08:52","slug":"date-et-horaire-de-lexamen-proba-stat-liste-des-etudiants-concernes-par-lexamen-par-lieux-devaluations","status":"publish","type":"post","link":"https:\/\/www.ummto.dz\/fs\/date-et-horaire-de-lexamen-proba-stat-liste-des-etudiants-concernes-par-lexamen-par-lieux-devaluations\/","title":{"rendered":"Date et horaire de l&rsquo;examen Proba-Stat,  liste des \u00e9tudiants concern\u00e9s par l&rsquo;examen par lieux d&rsquo;\u00e9valuations"},"content":{"rendered":"\n[et_pb_section fb_built=\u00a0\u00bb1&Prime; theme_builder_area=\u00a0\u00bbpost_content\u00a0\u00bb _builder_version=\u00a0\u00bb4.17.4&Prime; _module_preset=\u00a0\u00bbdefault\u00a0\u00bb][et_pb_row _builder_version=\u00a0\u00bb4.17.4&Prime; _module_preset=\u00a0\u00bbdefault\u00a0\u00bb theme_builder_area=\u00a0\u00bbpost_content\u00a0\u00bb][et_pb_column _builder_version=\u00a0\u00bb4.17.4&Prime; _module_preset=\u00a0\u00bbdefault\u00a0\u00bb type=\u00a0\u00bb4_4&Prime; theme_builder_area=\u00a0\u00bbpost_content\u00a0\u00bb][\/et_pb_column][\/et_pb_row][et_pb_row _builder_version=\u00a0\u00bb4.17.4&Prime; _module_preset=\u00a0\u00bbdefault\u00a0\u00bb theme_builder_area=\u00a0\u00bbpost_content\u00a0\u00bb][et_pb_column _builder_version=\u00a0\u00bb4.17.4&Prime; _module_preset=\u00a0\u00bbdefault\u00a0\u00bb type=\u00a0\u00bb4_4&Prime; theme_builder_area=\u00a0\u00bbpost_content\u00a0\u00bb][et_pb_text _builder_version=\u00a0\u00bb4.17.4&Prime; _module_preset=\u00a0\u00bbdefault\u00a0\u00bb theme_builder_area=\u00a0\u00bbpost_content\u00a0\u00bb hover_enabled=\u00a0\u00bb0&Prime; sticky_enabled=\u00a0\u00bb0&Prime;]<p>L&rsquo;examen de rattrapage du module Probabilit\u00e9s et Statistique est avanc\u00e9 pour la journ\u00e9e de lundi le <strong>04 \/07\/2022 de 11h 00 \u00e0 12h 30<\/strong>.<\/p>\n<p>Ci Joint la r\u00e9partition des \u00e9tudiants sur les lieux d&rsquo;\u00e9valuations.<\/p>\n<p><a href=\"https:\/\/www.ummto.dz\/fs\/wp-content\/uploads\/2022\/07\/Repartition_Prob_Stat_removed.pdf\" rel=\"attachment wp-att-14325\">Repartition_Prob_Stat_removed<\/a><\/p>\n<p>Les \u00e9tudiants concern\u00e9s n&rsquo;ayant pas trouver leurs noms sont pri\u00e9s de le signaler au d\u00e9partement avant dimanche 03\/07\/2022 \u00e0 16h 00.<\/p>\n<p>Le Chef de D\u00e9partement\u00a0\u00a0<\/p>[\/et_pb_text][\/et_pb_column][\/et_pb_row][et_pb_row _builder_version=\u00a0\u00bb4.17.4&Prime; _module_preset=\u00a0\u00bbdefault\u00a0\u00bb theme_builder_area=\u00a0\u00bbpost_content\u00a0\u00bb][et_pb_column _builder_version=\u00a0\u00bb4.17.4&Prime; _module_preset=\u00a0\u00bbdefault\u00a0\u00bb type=\u00a0\u00bb4_4&Prime; theme_builder_area=\u00a0\u00bbpost_content\u00a0\u00bb][et_pb_text _builder_version=\u00a0\u00bb4.17.4&Prime; _module_preset=\u00a0\u00bbdefault\u00a0\u00bb theme_builder_area=\u00a0\u00bbpost_content\u00a0\u00bb hover_enabled=\u00a0\u00bb0&Prime; sticky_enabled=\u00a0\u00bb0&Prime;][\/et_pb_text][et_pb_text _builder_version=\u00a0\u00bb4.17.4&Prime; _module_preset=\u00a0\u00bbdefault\u00a0\u00bb theme_builder_area=\u00a0\u00bbpost_content\u00a0\u00bb hover_enabled=\u00a0\u00bb0&Prime; sticky_enabled=\u00a0\u00bb0&Prime;][\/et_pb_text][\/et_pb_column][\/et_pb_row][\/et_pb_section]\n","protected":false},"excerpt":{"rendered":"<p>L&rsquo;examen de rattrapage du module Probabilit\u00e9s et Statistique est avanc\u00e9 pour la journ\u00e9e de lundi le 04 \/07\/2022 de 11h 00 \u00e0 12h 30. Ci Joint la r\u00e9partition des \u00e9tudiants sur les lieux d&rsquo;\u00e9valuations. Repartition_Prob_Stat_removed Les \u00e9tudiants concern\u00e9s n&rsquo;ayant pas trouver leurs noms sont pri\u00e9s de le signaler au d\u00e9partement avant dimanche 03\/07\/2022 \u00e0 16h [&hellip;]<\/p>\n","protected":false},"author":18,"featured_media":13123,"comment_status":"closed","ping_status":"closed","sticky":false,"template":"","format":"standard","meta":{"_et_pb_use_builder":"on","_et_pb_old_content":"","_et_gb_content_width":"","footnotes":""},"categories":[19],"tags":[],"class_list":["post-14322","post","type-post","status-publish","format-standard","has-post-thumbnail","hentry","category-new_dep_mi"],"yoast_head":"<!-- This site is optimized with the Yoast SEO plugin v27.3 - https:\/\/yoast.com\/product\/yoast-seo-wordpress\/ -->\n<title>Date et horaire de l&#039;examen Proba-Stat, liste des \u00e9tudiants concern\u00e9s par l&#039;examen par lieux d&#039;\u00e9valuations - Facult\u00e9 des Sciences<\/title>\n<meta name=\"robots\" content=\"index, follow, max-snippet:-1, max-image-preview:large, max-video-preview:-1\" \/>\n<link rel=\"canonical\" href=\"https:\/\/www.ummto.dz\/fs\/date-et-horaire-de-lexamen-proba-stat-liste-des-etudiants-concernes-par-lexamen-par-lieux-devaluations\/\" \/>\n<meta property=\"og:locale\" content=\"fr_FR\" \/>\n<meta property=\"og:type\" content=\"article\" \/>\n<meta property=\"og:title\" content=\"Date et horaire de l&#039;examen Proba-Stat, liste des \u00e9tudiants concern\u00e9s par l&#039;examen par lieux d&#039;\u00e9valuations - Facult\u00e9 des Sciences\" \/>\n<meta property=\"og:description\" content=\"L&#039;examen de rattrapage du module Probabilit\u00e9s et Statistique est avanc\u00e9 pour la journ\u00e9e de lundi le 04 \/07\/2022 de 11h 00 \u00e0 12h 30. Ci Joint la r\u00e9partition des \u00e9tudiants sur les lieux d&#039;\u00e9valuations. Repartition_Prob_Stat_removed Les \u00e9tudiants concern\u00e9s n&#039;ayant pas trouver leurs noms sont pri\u00e9s de le signaler au d\u00e9partement avant dimanche 03\/07\/2022 \u00e0 16h [&hellip;]\" \/>\n<meta property=\"og:url\" content=\"https:\/\/www.ummto.dz\/fs\/date-et-horaire-de-lexamen-proba-stat-liste-des-etudiants-concernes-par-lexamen-par-lieux-devaluations\/\" \/>\n<meta property=\"og:site_name\" content=\"Facult\u00e9 des Sciences\" \/>\n<meta property=\"article:published_time\" content=\"2022-07-01T13:07:03+00:00\" \/>\n<meta property=\"article:modified_time\" content=\"2022-07-01T13:08:52+00:00\" \/>\n<meta property=\"og:image\" content=\"https:\/\/www.ummto.dz\/fs\/wp-content\/uploads\/2022\/04\/Important-320x270-1.jpg\" \/>\n\t<meta property=\"og:image:width\" content=\"320\" \/>\n\t<meta property=\"og:image:height\" content=\"270\" \/>\n\t<meta property=\"og:image:type\" content=\"image\/jpeg\" \/>\n<meta name=\"author\" content=\"Math\u00e9matiques\" \/>\n<meta name=\"twitter:card\" content=\"summary_large_image\" \/>\n<meta name=\"twitter:label1\" content=\"\u00c9crit par\" \/>\n\t<meta name=\"twitter:data1\" content=\"Math\u00e9matiques\" \/>\n\t<meta name=\"twitter:label2\" content=\"Dur\u00e9e de lecture estim\u00e9e\" \/>\n\t<meta name=\"twitter:data2\" content=\"1 minute\" \/>\n<script type=\"application\/ld+json\" class=\"yoast-schema-graph\">{\"@context\":\"https:\\\/\\\/schema.org\",\"@graph\":[{\"@type\":\"Article\",\"@id\":\"https:\\\/\\\/www.ummto.dz\\\/fs\\\/date-et-horaire-de-lexamen-proba-stat-liste-des-etudiants-concernes-par-lexamen-par-lieux-devaluations\\\/#article\",\"isPartOf\":{\"@id\":\"https:\\\/\\\/www.ummto.dz\\\/fs\\\/date-et-horaire-de-lexamen-proba-stat-liste-des-etudiants-concernes-par-lexamen-par-lieux-devaluations\\\/\"},\"author\":{\"name\":\"Math\u00e9matiques\",\"@id\":\"https:\\\/\\\/www.ummto.dz\\\/fs\\\/#\\\/schema\\\/person\\\/d25c34844cf5a43d9fc6b524d80770e2\"},\"headline\":\"Date et horaire de l&rsquo;examen Proba-Stat, liste des \u00e9tudiants concern\u00e9s par l&rsquo;examen par lieux d&rsquo;\u00e9valuations\",\"datePublished\":\"2022-07-01T13:07:03+00:00\",\"dateModified\":\"2022-07-01T13:08:52+00:00\",\"mainEntityOfPage\":{\"@id\":\"https:\\\/\\\/www.ummto.dz\\\/fs\\\/date-et-horaire-de-lexamen-proba-stat-liste-des-etudiants-concernes-par-lexamen-par-lieux-devaluations\\\/\"},\"wordCount\":261,\"image\":{\"@id\":\"https:\\\/\\\/www.ummto.dz\\\/fs\\\/date-et-horaire-de-lexamen-proba-stat-liste-des-etudiants-concernes-par-lexamen-par-lieux-devaluations\\\/#primaryimage\"},\"thumbnailUrl\":\"https:\\\/\\\/www.ummto.dz\\\/fs\\\/wp-content\\\/uploads\\\/2022\\\/04\\\/Important-320x270-1.jpg\",\"articleSection\":[\"dep_MI\"],\"inLanguage\":\"fr-FR\"},{\"@type\":\"WebPage\",\"@id\":\"https:\\\/\\\/www.ummto.dz\\\/fs\\\/date-et-horaire-de-lexamen-proba-stat-liste-des-etudiants-concernes-par-lexamen-par-lieux-devaluations\\\/\",\"url\":\"https:\\\/\\\/www.ummto.dz\\\/fs\\\/date-et-horaire-de-lexamen-proba-stat-liste-des-etudiants-concernes-par-lexamen-par-lieux-devaluations\\\/\",\"name\":\"Date et horaire de l'examen Proba-Stat, liste des \u00e9tudiants concern\u00e9s par l'examen par lieux d'\u00e9valuations - Facult\u00e9 des Sciences\",\"isPartOf\":{\"@id\":\"https:\\\/\\\/www.ummto.dz\\\/fs\\\/#website\"},\"primaryImageOfPage\":{\"@id\":\"https:\\\/\\\/www.ummto.dz\\\/fs\\\/date-et-horaire-de-lexamen-proba-stat-liste-des-etudiants-concernes-par-lexamen-par-lieux-devaluations\\\/#primaryimage\"},\"image\":{\"@id\":\"https:\\\/\\\/www.ummto.dz\\\/fs\\\/date-et-horaire-de-lexamen-proba-stat-liste-des-etudiants-concernes-par-lexamen-par-lieux-devaluations\\\/#primaryimage\"},\"thumbnailUrl\":\"https:\\\/\\\/www.ummto.dz\\\/fs\\\/wp-content\\\/uploads\\\/2022\\\/04\\\/Important-320x270-1.jpg\",\"datePublished\":\"2022-07-01T13:07:03+00:00\",\"dateModified\":\"2022-07-01T13:08:52+00:00\",\"author\":{\"@id\":\"https:\\\/\\\/www.ummto.dz\\\/fs\\\/#\\\/schema\\\/person\\\/d25c34844cf5a43d9fc6b524d80770e2\"},\"breadcrumb\":{\"@id\":\"https:\\\/\\\/www.ummto.dz\\\/fs\\\/date-et-horaire-de-lexamen-proba-stat-liste-des-etudiants-concernes-par-lexamen-par-lieux-devaluations\\\/#breadcrumb\"},\"inLanguage\":\"fr-FR\",\"potentialAction\":[{\"@type\":\"ReadAction\",\"target\":[\"https:\\\/\\\/www.ummto.dz\\\/fs\\\/date-et-horaire-de-lexamen-proba-stat-liste-des-etudiants-concernes-par-lexamen-par-lieux-devaluations\\\/\"]}]},{\"@type\":\"ImageObject\",\"inLanguage\":\"fr-FR\",\"@id\":\"https:\\\/\\\/www.ummto.dz\\\/fs\\\/date-et-horaire-de-lexamen-proba-stat-liste-des-etudiants-concernes-par-lexamen-par-lieux-devaluations\\\/#primaryimage\",\"url\":\"https:\\\/\\\/www.ummto.dz\\\/fs\\\/wp-content\\\/uploads\\\/2022\\\/04\\\/Important-320x270-1.jpg\",\"contentUrl\":\"https:\\\/\\\/www.ummto.dz\\\/fs\\\/wp-content\\\/uploads\\\/2022\\\/04\\\/Important-320x270-1.jpg\",\"width\":320,\"height\":270},{\"@type\":\"BreadcrumbList\",\"@id\":\"https:\\\/\\\/www.ummto.dz\\\/fs\\\/date-et-horaire-de-lexamen-proba-stat-liste-des-etudiants-concernes-par-lexamen-par-lieux-devaluations\\\/#breadcrumb\",\"itemListElement\":[{\"@type\":\"ListItem\",\"position\":1,\"name\":\"Accueil\",\"item\":\"https:\\\/\\\/www.ummto.dz\\\/fs\\\/\"},{\"@type\":\"ListItem\",\"position\":2,\"name\":\"Date et horaire de l&rsquo;examen Proba-Stat, liste des \u00e9tudiants concern\u00e9s par l&rsquo;examen par lieux d&rsquo;\u00e9valuations\"}]},{\"@type\":\"WebSite\",\"@id\":\"https:\\\/\\\/www.ummto.dz\\\/fs\\\/#website\",\"url\":\"https:\\\/\\\/www.ummto.dz\\\/fs\\\/\",\"name\":\"Facult\u00e9 des Sciences\",\"description\":\"universit\u00e9 Moulous Mammeri de Tizi-Ouzou\",\"potentialAction\":[{\"@type\":\"SearchAction\",\"target\":{\"@type\":\"EntryPoint\",\"urlTemplate\":\"https:\\\/\\\/www.ummto.dz\\\/fs\\\/?s={search_term_string}\"},\"query-input\":{\"@type\":\"PropertyValueSpecification\",\"valueRequired\":true,\"valueName\":\"search_term_string\"}}],\"inLanguage\":\"fr-FR\"},{\"@type\":\"Person\",\"@id\":\"https:\\\/\\\/www.ummto.dz\\\/fs\\\/#\\\/schema\\\/person\\\/d25c34844cf5a43d9fc6b524d80770e2\",\"name\":\"Math\u00e9matiques\",\"url\":\"https:\\\/\\\/www.ummto.dz\\\/fs\\\/author\\\/mi\\\/\"}]}<\/script>\n<!-- \/ Yoast SEO plugin. -->","yoast_head_json":{"title":"Date et horaire de l'examen Proba-Stat, liste des \u00e9tudiants concern\u00e9s par l'examen par lieux d'\u00e9valuations - Facult\u00e9 des Sciences","robots":{"index":"index","follow":"follow","max-snippet":"max-snippet:-1","max-image-preview":"max-image-preview:large","max-video-preview":"max-video-preview:-1"},"canonical":"https:\/\/www.ummto.dz\/fs\/date-et-horaire-de-lexamen-proba-stat-liste-des-etudiants-concernes-par-lexamen-par-lieux-devaluations\/","og_locale":"fr_FR","og_type":"article","og_title":"Date et horaire de l'examen Proba-Stat, liste des \u00e9tudiants concern\u00e9s par l'examen par lieux d'\u00e9valuations - Facult\u00e9 des Sciences","og_description":"L'examen de rattrapage du module Probabilit\u00e9s et Statistique est avanc\u00e9 pour la journ\u00e9e de lundi le 04 \/07\/2022 de 11h 00 \u00e0 12h 30. Ci Joint la r\u00e9partition des \u00e9tudiants sur les lieux d'\u00e9valuations. Repartition_Prob_Stat_removed Les \u00e9tudiants concern\u00e9s n'ayant pas trouver leurs noms sont pri\u00e9s de le signaler au d\u00e9partement avant dimanche 03\/07\/2022 \u00e0 16h [&hellip;]","og_url":"https:\/\/www.ummto.dz\/fs\/date-et-horaire-de-lexamen-proba-stat-liste-des-etudiants-concernes-par-lexamen-par-lieux-devaluations\/","og_site_name":"Facult\u00e9 des Sciences","article_published_time":"2022-07-01T13:07:03+00:00","article_modified_time":"2022-07-01T13:08:52+00:00","og_image":[{"width":320,"height":270,"url":"https:\/\/www.ummto.dz\/fs\/wp-content\/uploads\/2022\/04\/Important-320x270-1.jpg","type":"image\/jpeg"}],"author":"Math\u00e9matiques","twitter_card":"summary_large_image","twitter_misc":{"\u00c9crit par":"Math\u00e9matiques","Dur\u00e9e de lecture estim\u00e9e":"1 minute"},"schema":{"@context":"https:\/\/schema.org","@graph":[{"@type":"Article","@id":"https:\/\/www.ummto.dz\/fs\/date-et-horaire-de-lexamen-proba-stat-liste-des-etudiants-concernes-par-lexamen-par-lieux-devaluations\/#article","isPartOf":{"@id":"https:\/\/www.ummto.dz\/fs\/date-et-horaire-de-lexamen-proba-stat-liste-des-etudiants-concernes-par-lexamen-par-lieux-devaluations\/"},"author":{"name":"Math\u00e9matiques","@id":"https:\/\/www.ummto.dz\/fs\/#\/schema\/person\/d25c34844cf5a43d9fc6b524d80770e2"},"headline":"Date et horaire de l&rsquo;examen Proba-Stat, liste des \u00e9tudiants concern\u00e9s par l&rsquo;examen par lieux d&rsquo;\u00e9valuations","datePublished":"2022-07-01T13:07:03+00:00","dateModified":"2022-07-01T13:08:52+00:00","mainEntityOfPage":{"@id":"https:\/\/www.ummto.dz\/fs\/date-et-horaire-de-lexamen-proba-stat-liste-des-etudiants-concernes-par-lexamen-par-lieux-devaluations\/"},"wordCount":261,"image":{"@id":"https:\/\/www.ummto.dz\/fs\/date-et-horaire-de-lexamen-proba-stat-liste-des-etudiants-concernes-par-lexamen-par-lieux-devaluations\/#primaryimage"},"thumbnailUrl":"https:\/\/www.ummto.dz\/fs\/wp-content\/uploads\/2022\/04\/Important-320x270-1.jpg","articleSection":["dep_MI"],"inLanguage":"fr-FR"},{"@type":"WebPage","@id":"https:\/\/www.ummto.dz\/fs\/date-et-horaire-de-lexamen-proba-stat-liste-des-etudiants-concernes-par-lexamen-par-lieux-devaluations\/","url":"https:\/\/www.ummto.dz\/fs\/date-et-horaire-de-lexamen-proba-stat-liste-des-etudiants-concernes-par-lexamen-par-lieux-devaluations\/","name":"Date et horaire de l'examen Proba-Stat, liste des \u00e9tudiants concern\u00e9s par l'examen par lieux d'\u00e9valuations - Facult\u00e9 des Sciences","isPartOf":{"@id":"https:\/\/www.ummto.dz\/fs\/#website"},"primaryImageOfPage":{"@id":"https:\/\/www.ummto.dz\/fs\/date-et-horaire-de-lexamen-proba-stat-liste-des-etudiants-concernes-par-lexamen-par-lieux-devaluations\/#primaryimage"},"image":{"@id":"https:\/\/www.ummto.dz\/fs\/date-et-horaire-de-lexamen-proba-stat-liste-des-etudiants-concernes-par-lexamen-par-lieux-devaluations\/#primaryimage"},"thumbnailUrl":"https:\/\/www.ummto.dz\/fs\/wp-content\/uploads\/2022\/04\/Important-320x270-1.jpg","datePublished":"2022-07-01T13:07:03+00:00","dateModified":"2022-07-01T13:08:52+00:00","author":{"@id":"https:\/\/www.ummto.dz\/fs\/#\/schema\/person\/d25c34844cf5a43d9fc6b524d80770e2"},"breadcrumb":{"@id":"https:\/\/www.ummto.dz\/fs\/date-et-horaire-de-lexamen-proba-stat-liste-des-etudiants-concernes-par-lexamen-par-lieux-devaluations\/#breadcrumb"},"inLanguage":"fr-FR","potentialAction":[{"@type":"ReadAction","target":["https:\/\/www.ummto.dz\/fs\/date-et-horaire-de-lexamen-proba-stat-liste-des-etudiants-concernes-par-lexamen-par-lieux-devaluations\/"]}]},{"@type":"ImageObject","inLanguage":"fr-FR","@id":"https:\/\/www.ummto.dz\/fs\/date-et-horaire-de-lexamen-proba-stat-liste-des-etudiants-concernes-par-lexamen-par-lieux-devaluations\/#primaryimage","url":"https:\/\/www.ummto.dz\/fs\/wp-content\/uploads\/2022\/04\/Important-320x270-1.jpg","contentUrl":"https:\/\/www.ummto.dz\/fs\/wp-content\/uploads\/2022\/04\/Important-320x270-1.jpg","width":320,"height":270},{"@type":"BreadcrumbList","@id":"https:\/\/www.ummto.dz\/fs\/date-et-horaire-de-lexamen-proba-stat-liste-des-etudiants-concernes-par-lexamen-par-lieux-devaluations\/#breadcrumb","itemListElement":[{"@type":"ListItem","position":1,"name":"Accueil","item":"https:\/\/www.ummto.dz\/fs\/"},{"@type":"ListItem","position":2,"name":"Date et horaire de l&rsquo;examen Proba-Stat, liste des \u00e9tudiants concern\u00e9s par l&rsquo;examen par lieux d&rsquo;\u00e9valuations"}]},{"@type":"WebSite","@id":"https:\/\/www.ummto.dz\/fs\/#website","url":"https:\/\/www.ummto.dz\/fs\/","name":"Facult\u00e9 des Sciences","description":"universit\u00e9 Moulous Mammeri de Tizi-Ouzou","potentialAction":[{"@type":"SearchAction","target":{"@type":"EntryPoint","urlTemplate":"https:\/\/www.ummto.dz\/fs\/?s={search_term_string}"},"query-input":{"@type":"PropertyValueSpecification","valueRequired":true,"valueName":"search_term_string"}}],"inLanguage":"fr-FR"},{"@type":"Person","@id":"https:\/\/www.ummto.dz\/fs\/#\/schema\/person\/d25c34844cf5a43d9fc6b524d80770e2","name":"Math\u00e9matiques","url":"https:\/\/www.ummto.dz\/fs\/author\/mi\/"}]}},"_links":{"self":[{"href":"https:\/\/www.ummto.dz\/fs\/wp-json\/wp\/v2\/posts\/14322","targetHints":{"allow":["GET"]}}],"collection":[{"href":"https:\/\/www.ummto.dz\/fs\/wp-json\/wp\/v2\/posts"}],"about":[{"href":"https:\/\/www.ummto.dz\/fs\/wp-json\/wp\/v2\/types\/post"}],"author":[{"embeddable":true,"href":"https:\/\/www.ummto.dz\/fs\/wp-json\/wp\/v2\/users\/18"}],"replies":[{"embeddable":true,"href":"https:\/\/www.ummto.dz\/fs\/wp-json\/wp\/v2\/comments?post=14322"}],"version-history":[{"count":3,"href":"https:\/\/www.ummto.dz\/fs\/wp-json\/wp\/v2\/posts\/14322\/revisions"}],"predecessor-version":[{"id":14327,"href":"https:\/\/www.ummto.dz\/fs\/wp-json\/wp\/v2\/posts\/14322\/revisions\/14327"}],"wp:featuredmedia":[{"embeddable":true,"href":"https:\/\/www.ummto.dz\/fs\/wp-json\/wp\/v2\/media\/13123"}],"wp:attachment":[{"href":"https:\/\/www.ummto.dz\/fs\/wp-json\/wp\/v2\/media?parent=14322"}],"wp:term":[{"taxonomy":"category","embeddable":true,"href":"https:\/\/www.ummto.dz\/fs\/wp-json\/wp\/v2\/categories?post=14322"},{"taxonomy":"post_tag","embeddable":true,"href":"https:\/\/www.ummto.dz\/fs\/wp-json\/wp\/v2\/tags?post=14322"}],"curies":[{"name":"wp","href":"https:\/\/api.w.org\/{rel}","templated":true}]}}