{"id":14557,"date":"2022-07-08T13:12:35","date_gmt":"2022-07-08T11:12:35","guid":{"rendered":"https:\/\/www.ummto.dz\/fs\/?p=14557"},"modified":"2022-07-08T14:12:27","modified_gmt":"2022-07-08T12:12:27","slug":"convocations-au-conseil-de-discipline-de-la-faculte-des-sciences","status":"publish","type":"post","link":"https:\/\/www.ummto.dz\/fs\/convocations-au-conseil-de-discipline-de-la-faculte-des-sciences\/","title":{"rendered":"Rectification: date du Conseil de Discipline de la Facult\u00e9 des Sciences"},"content":{"rendered":"<p>[et_pb_section fb_built=\u00a0\u00bb1&Prime; _builder_version=\u00a0\u00bb4.17.4&Prime; _module_preset=\u00a0\u00bbdefault\u00a0\u00bb global_colors_info=\u00a0\u00bb{}\u00a0\u00bb][et_pb_row _builder_version=\u00a0\u00bb4.17.4&Prime; _module_preset=\u00a0\u00bbdefault\u00a0\u00bb global_colors_info=\u00a0\u00bb{}\u00a0\u00bb][et_pb_column type=\u00a0\u00bb4_4&Prime; _builder_version=\u00a0\u00bb4.17.4&Prime; _module_preset=\u00a0\u00bbdefault\u00a0\u00bb global_colors_info=\u00a0\u00bb{}\u00a0\u00bb][et_pb_text _builder_version=\u00a0\u00bb4.17.4&Prime; _module_preset=\u00a0\u00bbdefault\u00a0\u00bb global_colors_info=\u00a0\u00bb{}\u00a0\u00bb]<\/p>\n<p>Les \u00e9tudiants de L1 Maths-Info\u00a0 suivants :<\/p>\n<p><strong><em>1. HAMMACHE LILIA n\u00e9e le <\/em><\/strong><em>\u00a001<strong>\/10\/2003<\/strong>\u00a0 \u00e0 \u00a0Fr\u00e9ha\u00a0 (section E),<\/em><\/p>\n<p><em>2- <\/em><strong><em>KELLAS MAHDI n\u00e9 <\/em><\/strong><em>le\u00a0 <strong>24\/01\/1999<\/strong>\u00a0\u00e0 \u00a0<strong>DJEMAA SAHARIDJ (section H),<\/strong><\/em><\/p>\n<p><em><strong>3.<\/strong><\/em><em>\u00a0<strong>ISSOLAH RACIM n\u00e9<\/strong><\/em><em> le 08<strong>\/01\/2003<\/strong> \u00e0\u00a0 Draa el Mizan (section C)<\/em><\/p>\n<p><em>sont convoqu\u00e9s \u00e0 <span>compara\u00eetre devant le conseil de Discipline de la Facult\u00e9 des Sciences <strong>le Mercredi le 13\/07\/2022 \u00e0 10h 00.<\/strong><\/span><\/em><\/p>\n<p><em><span><\/span><\/em><\/p>\n<p><em><span>Nb: les convocations individuelles en version papier sont \u00e0 retirer au niveau du Vice Doyen charg\u00e9 des \u00e9tudes.\u00a0<\/span><\/em><\/p>\n<p><em><span><\/span><\/em><\/p>\n<p><em><span>Le Chef de D\u00e9partement du Tronc Commun Math\u00e9matiques et Informatique.<\/span><\/em><\/p>\n<p><em>\u00a0 \u00a0 \u00a0\u00a0<\/em><\/p>\n<p>&nbsp;<\/p>\n<p>&nbsp;<\/p>\n<div><\/div>\n<p>[\/et_pb_text][\/et_pb_column][\/et_pb_row][\/et_pb_section]<\/p>\n","protected":false},"excerpt":{"rendered":"<p>Les \u00e9tudiants de L1 Maths-Info\u00a0 suivants : 1. HAMMACHE LILIA n\u00e9e le \u00a001\/10\/2003\u00a0 \u00e0 \u00a0Fr\u00e9ha\u00a0 (section E), 2- KELLAS MAHDI n\u00e9 le\u00a0 24\/01\/1999\u00a0\u00e0 \u00a0DJEMAA SAHARIDJ (section H), 3.\u00a0ISSOLAH RACIM n\u00e9 le 08\/01\/2003 \u00e0\u00a0 Draa el Mizan (section C) sont convoqu\u00e9s \u00e0 compara\u00eetre devant le conseil de Discipline de la Facult\u00e9 des Sciences le Mercredi le [&hellip;]<\/p>\n","protected":false},"author":18,"featured_media":10930,"comment_status":"closed","ping_status":"closed","sticky":false,"template":"","format":"standard","meta":{"_et_pb_use_builder":"on","_et_pb_old_content":"","_et_gb_content_width":"","footnotes":""},"categories":[19],"tags":[],"class_list":["post-14557","post","type-post","status-publish","format-standard","has-post-thumbnail","hentry","category-new_dep_mi"],"yoast_head":"<!-- This site is optimized with the Yoast SEO plugin v27.3 - https:\/\/yoast.com\/product\/yoast-seo-wordpress\/ -->\n<title>Rectification: date du Conseil de Discipline de la Facult\u00e9 des Sciences - Facult\u00e9 des Sciences<\/title>\n<meta name=\"robots\" content=\"index, follow, max-snippet:-1, max-image-preview:large, max-video-preview:-1\" \/>\n<link rel=\"canonical\" href=\"https:\/\/www.ummto.dz\/fs\/convocations-au-conseil-de-discipline-de-la-faculte-des-sciences\/\" \/>\n<meta property=\"og:locale\" content=\"fr_FR\" \/>\n<meta property=\"og:type\" content=\"article\" \/>\n<meta property=\"og:title\" content=\"Rectification: date du Conseil de Discipline de la Facult\u00e9 des Sciences - Facult\u00e9 des Sciences\" \/>\n<meta property=\"og:description\" content=\"Les \u00e9tudiants de L1 Maths-Info\u00a0 suivants : 1. HAMMACHE LILIA n\u00e9e le \u00a001\/10\/2003\u00a0 \u00e0 \u00a0Fr\u00e9ha\u00a0 (section E), 2- KELLAS MAHDI n\u00e9 le\u00a0 24\/01\/1999\u00a0\u00e0 \u00a0DJEMAA SAHARIDJ (section H), 3.\u00a0ISSOLAH RACIM n\u00e9 le 08\/01\/2003 \u00e0\u00a0 Draa el Mizan (section C) sont convoqu\u00e9s \u00e0 compara\u00eetre devant le conseil de Discipline de la Facult\u00e9 des Sciences le Mercredi le [&hellip;]\" \/>\n<meta property=\"og:url\" content=\"https:\/\/www.ummto.dz\/fs\/convocations-au-conseil-de-discipline-de-la-faculte-des-sciences\/\" \/>\n<meta property=\"og:site_name\" content=\"Facult\u00e9 des Sciences\" \/>\n<meta property=\"article:published_time\" content=\"2022-07-08T11:12:35+00:00\" \/>\n<meta property=\"article:modified_time\" content=\"2022-07-08T12:12:27+00:00\" \/>\n<meta property=\"og:image\" content=\"https:\/\/www.ummto.dz\/fs\/wp-content\/uploads\/2022\/02\/note-respect.png\" \/>\n\t<meta property=\"og:image:width\" content=\"125\" \/>\n\t<meta property=\"og:image:height\" content=\"90\" \/>\n\t<meta property=\"og:image:type\" content=\"image\/png\" \/>\n<meta name=\"author\" content=\"Math\u00e9matiques\" \/>\n<meta name=\"twitter:card\" content=\"summary_large_image\" \/>\n<meta name=\"twitter:label1\" content=\"\u00c9crit par\" \/>\n\t<meta name=\"twitter:data1\" content=\"Math\u00e9matiques\" \/>\n\t<meta name=\"twitter:label2\" content=\"Dur\u00e9e de lecture estim\u00e9e\" \/>\n\t<meta name=\"twitter:data2\" content=\"1 minute\" \/>\n<script type=\"application\/ld+json\" class=\"yoast-schema-graph\">{\"@context\":\"https:\\\/\\\/schema.org\",\"@graph\":[{\"@type\":\"Article\",\"@id\":\"https:\\\/\\\/www.ummto.dz\\\/fs\\\/convocations-au-conseil-de-discipline-de-la-faculte-des-sciences\\\/#article\",\"isPartOf\":{\"@id\":\"https:\\\/\\\/www.ummto.dz\\\/fs\\\/convocations-au-conseil-de-discipline-de-la-faculte-des-sciences\\\/\"},\"author\":{\"name\":\"Math\u00e9matiques\",\"@id\":\"https:\\\/\\\/www.ummto.dz\\\/fs\\\/#\\\/schema\\\/person\\\/d25c34844cf5a43d9fc6b524d80770e2\"},\"headline\":\"Rectification: date du Conseil de Discipline de la Facult\u00e9 des Sciences\",\"datePublished\":\"2022-07-08T11:12:35+00:00\",\"dateModified\":\"2022-07-08T12:12:27+00:00\",\"mainEntityOfPage\":{\"@id\":\"https:\\\/\\\/www.ummto.dz\\\/fs\\\/convocations-au-conseil-de-discipline-de-la-faculte-des-sciences\\\/\"},\"wordCount\":153,\"image\":{\"@id\":\"https:\\\/\\\/www.ummto.dz\\\/fs\\\/convocations-au-conseil-de-discipline-de-la-faculte-des-sciences\\\/#primaryimage\"},\"thumbnailUrl\":\"https:\\\/\\\/www.ummto.dz\\\/fs\\\/wp-content\\\/uploads\\\/2022\\\/02\\\/note-respect.png\",\"articleSection\":[\"dep_MI\"],\"inLanguage\":\"fr-FR\"},{\"@type\":\"WebPage\",\"@id\":\"https:\\\/\\\/www.ummto.dz\\\/fs\\\/convocations-au-conseil-de-discipline-de-la-faculte-des-sciences\\\/\",\"url\":\"https:\\\/\\\/www.ummto.dz\\\/fs\\\/convocations-au-conseil-de-discipline-de-la-faculte-des-sciences\\\/\",\"name\":\"Rectification: date du Conseil de Discipline de la Facult\u00e9 des Sciences - Facult\u00e9 des Sciences\",\"isPartOf\":{\"@id\":\"https:\\\/\\\/www.ummto.dz\\\/fs\\\/#website\"},\"primaryImageOfPage\":{\"@id\":\"https:\\\/\\\/www.ummto.dz\\\/fs\\\/convocations-au-conseil-de-discipline-de-la-faculte-des-sciences\\\/#primaryimage\"},\"image\":{\"@id\":\"https:\\\/\\\/www.ummto.dz\\\/fs\\\/convocations-au-conseil-de-discipline-de-la-faculte-des-sciences\\\/#primaryimage\"},\"thumbnailUrl\":\"https:\\\/\\\/www.ummto.dz\\\/fs\\\/wp-content\\\/uploads\\\/2022\\\/02\\\/note-respect.png\",\"datePublished\":\"2022-07-08T11:12:35+00:00\",\"dateModified\":\"2022-07-08T12:12:27+00:00\",\"author\":{\"@id\":\"https:\\\/\\\/www.ummto.dz\\\/fs\\\/#\\\/schema\\\/person\\\/d25c34844cf5a43d9fc6b524d80770e2\"},\"breadcrumb\":{\"@id\":\"https:\\\/\\\/www.ummto.dz\\\/fs\\\/convocations-au-conseil-de-discipline-de-la-faculte-des-sciences\\\/#breadcrumb\"},\"inLanguage\":\"fr-FR\",\"potentialAction\":[{\"@type\":\"ReadAction\",\"target\":[\"https:\\\/\\\/www.ummto.dz\\\/fs\\\/convocations-au-conseil-de-discipline-de-la-faculte-des-sciences\\\/\"]}]},{\"@type\":\"ImageObject\",\"inLanguage\":\"fr-FR\",\"@id\":\"https:\\\/\\\/www.ummto.dz\\\/fs\\\/convocations-au-conseil-de-discipline-de-la-faculte-des-sciences\\\/#primaryimage\",\"url\":\"https:\\\/\\\/www.ummto.dz\\\/fs\\\/wp-content\\\/uploads\\\/2022\\\/02\\\/note-respect.png\",\"contentUrl\":\"https:\\\/\\\/www.ummto.dz\\\/fs\\\/wp-content\\\/uploads\\\/2022\\\/02\\\/note-respect.png\",\"width\":125,\"height\":90},{\"@type\":\"BreadcrumbList\",\"@id\":\"https:\\\/\\\/www.ummto.dz\\\/fs\\\/convocations-au-conseil-de-discipline-de-la-faculte-des-sciences\\\/#breadcrumb\",\"itemListElement\":[{\"@type\":\"ListItem\",\"position\":1,\"name\":\"Accueil\",\"item\":\"https:\\\/\\\/www.ummto.dz\\\/fs\\\/\"},{\"@type\":\"ListItem\",\"position\":2,\"name\":\"Rectification: date du Conseil de Discipline de la Facult\u00e9 des Sciences\"}]},{\"@type\":\"WebSite\",\"@id\":\"https:\\\/\\\/www.ummto.dz\\\/fs\\\/#website\",\"url\":\"https:\\\/\\\/www.ummto.dz\\\/fs\\\/\",\"name\":\"Facult\u00e9 des Sciences\",\"description\":\"universit\u00e9 Moulous Mammeri de Tizi-Ouzou\",\"potentialAction\":[{\"@type\":\"SearchAction\",\"target\":{\"@type\":\"EntryPoint\",\"urlTemplate\":\"https:\\\/\\\/www.ummto.dz\\\/fs\\\/?s={search_term_string}\"},\"query-input\":{\"@type\":\"PropertyValueSpecification\",\"valueRequired\":true,\"valueName\":\"search_term_string\"}}],\"inLanguage\":\"fr-FR\"},{\"@type\":\"Person\",\"@id\":\"https:\\\/\\\/www.ummto.dz\\\/fs\\\/#\\\/schema\\\/person\\\/d25c34844cf5a43d9fc6b524d80770e2\",\"name\":\"Math\u00e9matiques\",\"url\":\"https:\\\/\\\/www.ummto.dz\\\/fs\\\/author\\\/mi\\\/\"}]}<\/script>\n<!-- \/ Yoast SEO plugin. -->","yoast_head_json":{"title":"Rectification: date du Conseil de Discipline de la Facult\u00e9 des Sciences - Facult\u00e9 des Sciences","robots":{"index":"index","follow":"follow","max-snippet":"max-snippet:-1","max-image-preview":"max-image-preview:large","max-video-preview":"max-video-preview:-1"},"canonical":"https:\/\/www.ummto.dz\/fs\/convocations-au-conseil-de-discipline-de-la-faculte-des-sciences\/","og_locale":"fr_FR","og_type":"article","og_title":"Rectification: date du Conseil de Discipline de la Facult\u00e9 des Sciences - Facult\u00e9 des Sciences","og_description":"Les \u00e9tudiants de L1 Maths-Info\u00a0 suivants : 1. HAMMACHE LILIA n\u00e9e le \u00a001\/10\/2003\u00a0 \u00e0 \u00a0Fr\u00e9ha\u00a0 (section E), 2- KELLAS MAHDI n\u00e9 le\u00a0 24\/01\/1999\u00a0\u00e0 \u00a0DJEMAA SAHARIDJ (section H), 3.\u00a0ISSOLAH RACIM n\u00e9 le 08\/01\/2003 \u00e0\u00a0 Draa el Mizan (section C) sont convoqu\u00e9s \u00e0 compara\u00eetre devant le conseil de Discipline de la Facult\u00e9 des Sciences le Mercredi le [&hellip;]","og_url":"https:\/\/www.ummto.dz\/fs\/convocations-au-conseil-de-discipline-de-la-faculte-des-sciences\/","og_site_name":"Facult\u00e9 des Sciences","article_published_time":"2022-07-08T11:12:35+00:00","article_modified_time":"2022-07-08T12:12:27+00:00","og_image":[{"width":125,"height":90,"url":"https:\/\/www.ummto.dz\/fs\/wp-content\/uploads\/2022\/02\/note-respect.png","type":"image\/png"}],"author":"Math\u00e9matiques","twitter_card":"summary_large_image","twitter_misc":{"\u00c9crit par":"Math\u00e9matiques","Dur\u00e9e de lecture estim\u00e9e":"1 minute"},"schema":{"@context":"https:\/\/schema.org","@graph":[{"@type":"Article","@id":"https:\/\/www.ummto.dz\/fs\/convocations-au-conseil-de-discipline-de-la-faculte-des-sciences\/#article","isPartOf":{"@id":"https:\/\/www.ummto.dz\/fs\/convocations-au-conseil-de-discipline-de-la-faculte-des-sciences\/"},"author":{"name":"Math\u00e9matiques","@id":"https:\/\/www.ummto.dz\/fs\/#\/schema\/person\/d25c34844cf5a43d9fc6b524d80770e2"},"headline":"Rectification: date du Conseil de Discipline de la Facult\u00e9 des Sciences","datePublished":"2022-07-08T11:12:35+00:00","dateModified":"2022-07-08T12:12:27+00:00","mainEntityOfPage":{"@id":"https:\/\/www.ummto.dz\/fs\/convocations-au-conseil-de-discipline-de-la-faculte-des-sciences\/"},"wordCount":153,"image":{"@id":"https:\/\/www.ummto.dz\/fs\/convocations-au-conseil-de-discipline-de-la-faculte-des-sciences\/#primaryimage"},"thumbnailUrl":"https:\/\/www.ummto.dz\/fs\/wp-content\/uploads\/2022\/02\/note-respect.png","articleSection":["dep_MI"],"inLanguage":"fr-FR"},{"@type":"WebPage","@id":"https:\/\/www.ummto.dz\/fs\/convocations-au-conseil-de-discipline-de-la-faculte-des-sciences\/","url":"https:\/\/www.ummto.dz\/fs\/convocations-au-conseil-de-discipline-de-la-faculte-des-sciences\/","name":"Rectification: date du Conseil de Discipline de la Facult\u00e9 des Sciences - Facult\u00e9 des Sciences","isPartOf":{"@id":"https:\/\/www.ummto.dz\/fs\/#website"},"primaryImageOfPage":{"@id":"https:\/\/www.ummto.dz\/fs\/convocations-au-conseil-de-discipline-de-la-faculte-des-sciences\/#primaryimage"},"image":{"@id":"https:\/\/www.ummto.dz\/fs\/convocations-au-conseil-de-discipline-de-la-faculte-des-sciences\/#primaryimage"},"thumbnailUrl":"https:\/\/www.ummto.dz\/fs\/wp-content\/uploads\/2022\/02\/note-respect.png","datePublished":"2022-07-08T11:12:35+00:00","dateModified":"2022-07-08T12:12:27+00:00","author":{"@id":"https:\/\/www.ummto.dz\/fs\/#\/schema\/person\/d25c34844cf5a43d9fc6b524d80770e2"},"breadcrumb":{"@id":"https:\/\/www.ummto.dz\/fs\/convocations-au-conseil-de-discipline-de-la-faculte-des-sciences\/#breadcrumb"},"inLanguage":"fr-FR","potentialAction":[{"@type":"ReadAction","target":["https:\/\/www.ummto.dz\/fs\/convocations-au-conseil-de-discipline-de-la-faculte-des-sciences\/"]}]},{"@type":"ImageObject","inLanguage":"fr-FR","@id":"https:\/\/www.ummto.dz\/fs\/convocations-au-conseil-de-discipline-de-la-faculte-des-sciences\/#primaryimage","url":"https:\/\/www.ummto.dz\/fs\/wp-content\/uploads\/2022\/02\/note-respect.png","contentUrl":"https:\/\/www.ummto.dz\/fs\/wp-content\/uploads\/2022\/02\/note-respect.png","width":125,"height":90},{"@type":"BreadcrumbList","@id":"https:\/\/www.ummto.dz\/fs\/convocations-au-conseil-de-discipline-de-la-faculte-des-sciences\/#breadcrumb","itemListElement":[{"@type":"ListItem","position":1,"name":"Accueil","item":"https:\/\/www.ummto.dz\/fs\/"},{"@type":"ListItem","position":2,"name":"Rectification: date du Conseil de Discipline de la Facult\u00e9 des Sciences"}]},{"@type":"WebSite","@id":"https:\/\/www.ummto.dz\/fs\/#website","url":"https:\/\/www.ummto.dz\/fs\/","name":"Facult\u00e9 des Sciences","description":"universit\u00e9 Moulous Mammeri de Tizi-Ouzou","potentialAction":[{"@type":"SearchAction","target":{"@type":"EntryPoint","urlTemplate":"https:\/\/www.ummto.dz\/fs\/?s={search_term_string}"},"query-input":{"@type":"PropertyValueSpecification","valueRequired":true,"valueName":"search_term_string"}}],"inLanguage":"fr-FR"},{"@type":"Person","@id":"https:\/\/www.ummto.dz\/fs\/#\/schema\/person\/d25c34844cf5a43d9fc6b524d80770e2","name":"Math\u00e9matiques","url":"https:\/\/www.ummto.dz\/fs\/author\/mi\/"}]}},"_links":{"self":[{"href":"https:\/\/www.ummto.dz\/fs\/wp-json\/wp\/v2\/posts\/14557","targetHints":{"allow":["GET"]}}],"collection":[{"href":"https:\/\/www.ummto.dz\/fs\/wp-json\/wp\/v2\/posts"}],"about":[{"href":"https:\/\/www.ummto.dz\/fs\/wp-json\/wp\/v2\/types\/post"}],"author":[{"embeddable":true,"href":"https:\/\/www.ummto.dz\/fs\/wp-json\/wp\/v2\/users\/18"}],"replies":[{"embeddable":true,"href":"https:\/\/www.ummto.dz\/fs\/wp-json\/wp\/v2\/comments?post=14557"}],"version-history":[{"count":6,"href":"https:\/\/www.ummto.dz\/fs\/wp-json\/wp\/v2\/posts\/14557\/revisions"}],"predecessor-version":[{"id":14583,"href":"https:\/\/www.ummto.dz\/fs\/wp-json\/wp\/v2\/posts\/14557\/revisions\/14583"}],"wp:featuredmedia":[{"embeddable":true,"href":"https:\/\/www.ummto.dz\/fs\/wp-json\/wp\/v2\/media\/10930"}],"wp:attachment":[{"href":"https:\/\/www.ummto.dz\/fs\/wp-json\/wp\/v2\/media?parent=14557"}],"wp:term":[{"taxonomy":"category","embeddable":true,"href":"https:\/\/www.ummto.dz\/fs\/wp-json\/wp\/v2\/categories?post=14557"},{"taxonomy":"post_tag","embeddable":true,"href":"https:\/\/www.ummto.dz\/fs\/wp-json\/wp\/v2\/tags?post=14557"}],"curies":[{"name":"wp","href":"https:\/\/api.w.org\/{rel}","templated":true}]}}