{"id":15281,"date":"2022-09-23T11:55:57","date_gmt":"2022-09-23T09:55:57","guid":{"rendered":"https:\/\/www.ummto.dz\/fs\/?p=15281"},"modified":"2022-09-23T11:59:01","modified_gmt":"2022-09-23T09:59:01","slug":"avis-aux-etudiants-l1-mathematiques-l1-informatique-emplois-du-temps-entree-solennelle-debut-des-cours","status":"publish","type":"post","link":"https:\/\/www.ummto.dz\/fs\/avis-aux-etudiants-l1-mathematiques-l1-informatique-emplois-du-temps-entree-solennelle-debut-des-cours\/","title":{"rendered":"Avis aux \u00e9tudiants L1 Math\u00e9matiques, L1 Informatique: Emplois du temps : entr\u00e9e \u00a0solennelle ; d\u00e9but des cours"},"content":{"rendered":"\n[et_pb_section fb_built=\u00a0\u00bb1&Prime; theme_builder_area=\u00a0\u00bbpost_content\u00a0\u00bb _builder_version=\u00a0\u00bb4.18.0&Prime; _module_preset=\u00a0\u00bbdefault\u00a0\u00bb][et_pb_row _builder_version=\u00a0\u00bb4.18.0&Prime; _module_preset=\u00a0\u00bbdefault\u00a0\u00bb theme_builder_area=\u00a0\u00bbpost_content\u00a0\u00bb][et_pb_column _builder_version=\u00a0\u00bb4.18.0&Prime; _module_preset=\u00a0\u00bbdefault\u00a0\u00bb type=\u00a0\u00bb4_4&Prime; theme_builder_area=\u00a0\u00bbpost_content\u00a0\u00bb][et_pb_text _builder_version=\u00a0\u00bb4.18.0&Prime; _module_preset=\u00a0\u00bbdefault\u00a0\u00bb theme_builder_area=\u00a0\u00bbpost_content\u00a0\u00bb hover_enabled=\u00a0\u00bb0&Prime; sticky_enabled=\u00a0\u00bb0&Prime;]<p>\u00a0 \u00a0 \u00a0 \u00a0 \u00a0 \u00a0 \u00a0 \u00a0 \u00a0\u00a0<strong> Avis aux nouveaux bacheliers inscrits en L1\u00a0 <\/strong><\/p>\n<p><strong>\u00a0 \u00a0 \u00a0 \u00a0 \u00a0 \u00a0 \u00a0 \u00a0 \u00a0 \u00a0 \u00a0 Math\u00e9matiques et en L1 Informatique<\/strong><\/p>\n<p>\u00a0 \u00a0Les \u00e9tudiants en L1 Math\u00e9matiques et L1 Informatique (2022\/2023) sont inform\u00e9s que les cours inauguratifs (prise de contacte) sont programm\u00e9s pour le Dimanche 25\/09\/2022 \u00e0 l&rsquo;AMPHI D \u00e0 9h30.\u00a0 Les d\u00e9buts des cours sont officiellement programm\u00e9s pour le Mercredi\u00a0 28\/09\/2002,\u00a0 selon les emplois du temps suivants:<\/p>\n<p><a href=\"https:\/\/www.ummto.dz\/fs\/wp-content\/uploads\/2022\/09\/EDT_L1_Info_section_A.pdf\" rel=\"attachment wp-att-15283\">EDT_L1_Info_section_A<\/a><\/p>\n<p><a href=\"https:\/\/www.ummto.dz\/fs\/wp-content\/uploads\/2022\/09\/EDT_L1_Info_section_B.pdf\" rel=\"attachment wp-att-15284\">EDT_L1_Info_section_B<\/a><\/p>\n<p><a href=\"https:\/\/www.ummto.dz\/fs\/wp-content\/uploads\/2022\/09\/EDT_L1_Info_section_C.pdf\" rel=\"attachment wp-att-15285\">EDT_L1_Info_section_C<\/a><\/p>\n<p><a href=\"https:\/\/www.ummto.dz\/fs\/wp-content\/uploads\/2022\/09\/EDT_L1_Maths_section_D.pdf\" rel=\"attachment wp-att-15286\">EDT_L1_Maths_section_D<\/a><\/p>\n<p><a href=\"https:\/\/www.ummto.dz\/fs\/wp-content\/uploads\/2022\/09\/EDT_L1_Maths_section_E.pdf\" rel=\"attachment wp-att-15287\">EDT_L1_Maths_section_E<\/a><\/p>\n<p>\u00a0 \u00a0 \u00a0 \u00a0 \u00a0 \u00a0 \u00a0 \u00a0 \u00a0 \u00a0 \u00a0 \u00a0 \u00a0 \u00a0 \u00a0 \u00a0 \u00a0 \u00a0 \u00a0 \u00a0 \u00a0 \u00a0 \u00a0 \u00a0 \u00a0 \u00a0 \u00a0 \u00a0 \u00a0 \u00a0 \u00a0 Le\u00a0 D\u00e9partement\u00a0<\/p>[\/et_pb_text][\/et_pb_column][\/et_pb_row][\/et_pb_section]\n","protected":false},"excerpt":{"rendered":"<p>\u00a0 \u00a0 \u00a0 \u00a0 \u00a0 \u00a0 \u00a0 \u00a0 \u00a0\u00a0 Avis aux nouveaux bacheliers inscrits en L1\u00a0 \u00a0 \u00a0 \u00a0 \u00a0 \u00a0 \u00a0 \u00a0 \u00a0 \u00a0 \u00a0 \u00a0 Math\u00e9matiques et en L1 Informatique \u00a0 \u00a0Les \u00e9tudiants en L1 Math\u00e9matiques et L1 Informatique (2022\/2023) sont inform\u00e9s que les cours inauguratifs (prise de contacte) sont programm\u00e9s pour le [&hellip;]<\/p>\n","protected":false},"author":18,"featured_media":14873,"comment_status":"closed","ping_status":"closed","sticky":false,"template":"","format":"standard","meta":{"_et_pb_use_builder":"on","_et_pb_old_content":"","_et_gb_content_width":"","footnotes":""},"categories":[1,19],"tags":[],"class_list":["post-15281","post","type-post","status-publish","format-standard","has-post-thumbnail","hentry","category-non-classe","category-new_dep_mi"],"yoast_head":"<!-- This site is optimized with the Yoast SEO plugin v27.3 - https:\/\/yoast.com\/product\/yoast-seo-wordpress\/ -->\n<title>Avis aux \u00e9tudiants L1 Math\u00e9matiques, L1 Informatique: Emplois du temps : entr\u00e9e \u00a0solennelle ; d\u00e9but des cours - Facult\u00e9 des Sciences<\/title>\n<meta name=\"robots\" content=\"index, follow, max-snippet:-1, max-image-preview:large, max-video-preview:-1\" \/>\n<link rel=\"canonical\" href=\"https:\/\/www.ummto.dz\/fs\/avis-aux-etudiants-l1-mathematiques-l1-informatique-emplois-du-temps-entree-solennelle-debut-des-cours\/\" \/>\n<meta property=\"og:locale\" content=\"fr_FR\" \/>\n<meta property=\"og:type\" content=\"article\" \/>\n<meta property=\"og:title\" content=\"Avis aux \u00e9tudiants L1 Math\u00e9matiques, L1 Informatique: Emplois du temps : entr\u00e9e \u00a0solennelle ; d\u00e9but des cours - Facult\u00e9 des Sciences\" \/>\n<meta property=\"og:description\" content=\"\u00a0 \u00a0 \u00a0 \u00a0 \u00a0 \u00a0 \u00a0 \u00a0 \u00a0\u00a0 Avis aux nouveaux bacheliers inscrits en L1\u00a0 \u00a0 \u00a0 \u00a0 \u00a0 \u00a0 \u00a0 \u00a0 \u00a0 \u00a0 \u00a0 \u00a0 Math\u00e9matiques et en L1 Informatique \u00a0 \u00a0Les \u00e9tudiants en L1 Math\u00e9matiques et L1 Informatique (2022\/2023) sont inform\u00e9s que les cours inauguratifs (prise de contacte) sont programm\u00e9s pour le [&hellip;]\" \/>\n<meta property=\"og:url\" content=\"https:\/\/www.ummto.dz\/fs\/avis-aux-etudiants-l1-mathematiques-l1-informatique-emplois-du-temps-entree-solennelle-debut-des-cours\/\" \/>\n<meta property=\"og:site_name\" content=\"Facult\u00e9 des Sciences\" \/>\n<meta property=\"article:published_time\" content=\"2022-09-23T09:55:57+00:00\" \/>\n<meta property=\"article:modified_time\" content=\"2022-09-23T09:59:01+00:00\" \/>\n<meta property=\"og:image\" content=\"https:\/\/www.ummto.dz\/fs\/wp-content\/uploads\/2022\/09\/telechargement.jpg\" \/>\n\t<meta property=\"og:image:width\" content=\"241\" \/>\n\t<meta property=\"og:image:height\" content=\"209\" \/>\n\t<meta property=\"og:image:type\" content=\"image\/jpeg\" \/>\n<meta name=\"author\" content=\"Math\u00e9matiques\" \/>\n<meta name=\"twitter:card\" content=\"summary_large_image\" \/>\n<meta name=\"twitter:label1\" content=\"\u00c9crit par\" \/>\n\t<meta name=\"twitter:data1\" content=\"Math\u00e9matiques\" \/>\n\t<meta name=\"twitter:label2\" content=\"Dur\u00e9e de lecture estim\u00e9e\" \/>\n\t<meta name=\"twitter:data2\" content=\"1 minute\" \/>\n<script type=\"application\/ld+json\" class=\"yoast-schema-graph\">{\"@context\":\"https:\\\/\\\/schema.org\",\"@graph\":[{\"@type\":\"Article\",\"@id\":\"https:\\\/\\\/www.ummto.dz\\\/fs\\\/avis-aux-etudiants-l1-mathematiques-l1-informatique-emplois-du-temps-entree-solennelle-debut-des-cours\\\/#article\",\"isPartOf\":{\"@id\":\"https:\\\/\\\/www.ummto.dz\\\/fs\\\/avis-aux-etudiants-l1-mathematiques-l1-informatique-emplois-du-temps-entree-solennelle-debut-des-cours\\\/\"},\"author\":{\"name\":\"Math\u00e9matiques\",\"@id\":\"https:\\\/\\\/www.ummto.dz\\\/fs\\\/#\\\/schema\\\/person\\\/d25c34844cf5a43d9fc6b524d80770e2\"},\"headline\":\"Avis aux \u00e9tudiants L1 Math\u00e9matiques, L1 Informatique: Emplois du temps : entr\u00e9e \u00a0solennelle ; d\u00e9but des cours\",\"datePublished\":\"2022-09-23T09:55:57+00:00\",\"dateModified\":\"2022-09-23T09:59:01+00:00\",\"mainEntityOfPage\":{\"@id\":\"https:\\\/\\\/www.ummto.dz\\\/fs\\\/avis-aux-etudiants-l1-mathematiques-l1-informatique-emplois-du-temps-entree-solennelle-debut-des-cours\\\/\"},\"wordCount\":177,\"image\":{\"@id\":\"https:\\\/\\\/www.ummto.dz\\\/fs\\\/avis-aux-etudiants-l1-mathematiques-l1-informatique-emplois-du-temps-entree-solennelle-debut-des-cours\\\/#primaryimage\"},\"thumbnailUrl\":\"https:\\\/\\\/www.ummto.dz\\\/fs\\\/wp-content\\\/uploads\\\/2022\\\/09\\\/telechargement.jpg\",\"articleSection\":[\"Actualit\u00e9\",\"dep_MI\"],\"inLanguage\":\"fr-FR\"},{\"@type\":\"WebPage\",\"@id\":\"https:\\\/\\\/www.ummto.dz\\\/fs\\\/avis-aux-etudiants-l1-mathematiques-l1-informatique-emplois-du-temps-entree-solennelle-debut-des-cours\\\/\",\"url\":\"https:\\\/\\\/www.ummto.dz\\\/fs\\\/avis-aux-etudiants-l1-mathematiques-l1-informatique-emplois-du-temps-entree-solennelle-debut-des-cours\\\/\",\"name\":\"Avis aux \u00e9tudiants L1 Math\u00e9matiques, L1 Informatique: Emplois du temps : entr\u00e9e \u00a0solennelle ; d\u00e9but des cours - Facult\u00e9 des Sciences\",\"isPartOf\":{\"@id\":\"https:\\\/\\\/www.ummto.dz\\\/fs\\\/#website\"},\"primaryImageOfPage\":{\"@id\":\"https:\\\/\\\/www.ummto.dz\\\/fs\\\/avis-aux-etudiants-l1-mathematiques-l1-informatique-emplois-du-temps-entree-solennelle-debut-des-cours\\\/#primaryimage\"},\"image\":{\"@id\":\"https:\\\/\\\/www.ummto.dz\\\/fs\\\/avis-aux-etudiants-l1-mathematiques-l1-informatique-emplois-du-temps-entree-solennelle-debut-des-cours\\\/#primaryimage\"},\"thumbnailUrl\":\"https:\\\/\\\/www.ummto.dz\\\/fs\\\/wp-content\\\/uploads\\\/2022\\\/09\\\/telechargement.jpg\",\"datePublished\":\"2022-09-23T09:55:57+00:00\",\"dateModified\":\"2022-09-23T09:59:01+00:00\",\"author\":{\"@id\":\"https:\\\/\\\/www.ummto.dz\\\/fs\\\/#\\\/schema\\\/person\\\/d25c34844cf5a43d9fc6b524d80770e2\"},\"breadcrumb\":{\"@id\":\"https:\\\/\\\/www.ummto.dz\\\/fs\\\/avis-aux-etudiants-l1-mathematiques-l1-informatique-emplois-du-temps-entree-solennelle-debut-des-cours\\\/#breadcrumb\"},\"inLanguage\":\"fr-FR\",\"potentialAction\":[{\"@type\":\"ReadAction\",\"target\":[\"https:\\\/\\\/www.ummto.dz\\\/fs\\\/avis-aux-etudiants-l1-mathematiques-l1-informatique-emplois-du-temps-entree-solennelle-debut-des-cours\\\/\"]}]},{\"@type\":\"ImageObject\",\"inLanguage\":\"fr-FR\",\"@id\":\"https:\\\/\\\/www.ummto.dz\\\/fs\\\/avis-aux-etudiants-l1-mathematiques-l1-informatique-emplois-du-temps-entree-solennelle-debut-des-cours\\\/#primaryimage\",\"url\":\"https:\\\/\\\/www.ummto.dz\\\/fs\\\/wp-content\\\/uploads\\\/2022\\\/09\\\/telechargement.jpg\",\"contentUrl\":\"https:\\\/\\\/www.ummto.dz\\\/fs\\\/wp-content\\\/uploads\\\/2022\\\/09\\\/telechargement.jpg\",\"width\":241,\"height\":209},{\"@type\":\"BreadcrumbList\",\"@id\":\"https:\\\/\\\/www.ummto.dz\\\/fs\\\/avis-aux-etudiants-l1-mathematiques-l1-informatique-emplois-du-temps-entree-solennelle-debut-des-cours\\\/#breadcrumb\",\"itemListElement\":[{\"@type\":\"ListItem\",\"position\":1,\"name\":\"Accueil\",\"item\":\"https:\\\/\\\/www.ummto.dz\\\/fs\\\/\"},{\"@type\":\"ListItem\",\"position\":2,\"name\":\"Avis aux \u00e9tudiants L1 Math\u00e9matiques, L1 Informatique: Emplois du temps : entr\u00e9e \u00a0solennelle ; d\u00e9but des cours\"}]},{\"@type\":\"WebSite\",\"@id\":\"https:\\\/\\\/www.ummto.dz\\\/fs\\\/#website\",\"url\":\"https:\\\/\\\/www.ummto.dz\\\/fs\\\/\",\"name\":\"Facult\u00e9 des Sciences\",\"description\":\"universit\u00e9 Moulous Mammeri de Tizi-Ouzou\",\"potentialAction\":[{\"@type\":\"SearchAction\",\"target\":{\"@type\":\"EntryPoint\",\"urlTemplate\":\"https:\\\/\\\/www.ummto.dz\\\/fs\\\/?s={search_term_string}\"},\"query-input\":{\"@type\":\"PropertyValueSpecification\",\"valueRequired\":true,\"valueName\":\"search_term_string\"}}],\"inLanguage\":\"fr-FR\"},{\"@type\":\"Person\",\"@id\":\"https:\\\/\\\/www.ummto.dz\\\/fs\\\/#\\\/schema\\\/person\\\/d25c34844cf5a43d9fc6b524d80770e2\",\"name\":\"Math\u00e9matiques\",\"url\":\"https:\\\/\\\/www.ummto.dz\\\/fs\\\/author\\\/mi\\\/\"}]}<\/script>\n<!-- \/ Yoast SEO plugin. -->","yoast_head_json":{"title":"Avis aux \u00e9tudiants L1 Math\u00e9matiques, L1 Informatique: Emplois du temps : entr\u00e9e \u00a0solennelle ; d\u00e9but des cours - Facult\u00e9 des Sciences","robots":{"index":"index","follow":"follow","max-snippet":"max-snippet:-1","max-image-preview":"max-image-preview:large","max-video-preview":"max-video-preview:-1"},"canonical":"https:\/\/www.ummto.dz\/fs\/avis-aux-etudiants-l1-mathematiques-l1-informatique-emplois-du-temps-entree-solennelle-debut-des-cours\/","og_locale":"fr_FR","og_type":"article","og_title":"Avis aux \u00e9tudiants L1 Math\u00e9matiques, L1 Informatique: Emplois du temps : entr\u00e9e \u00a0solennelle ; d\u00e9but des cours - Facult\u00e9 des Sciences","og_description":"\u00a0 \u00a0 \u00a0 \u00a0 \u00a0 \u00a0 \u00a0 \u00a0 \u00a0\u00a0 Avis aux nouveaux bacheliers inscrits en L1\u00a0 \u00a0 \u00a0 \u00a0 \u00a0 \u00a0 \u00a0 \u00a0 \u00a0 \u00a0 \u00a0 \u00a0 Math\u00e9matiques et en L1 Informatique \u00a0 \u00a0Les \u00e9tudiants en L1 Math\u00e9matiques et L1 Informatique (2022\/2023) sont inform\u00e9s que les cours inauguratifs (prise de contacte) sont programm\u00e9s pour le [&hellip;]","og_url":"https:\/\/www.ummto.dz\/fs\/avis-aux-etudiants-l1-mathematiques-l1-informatique-emplois-du-temps-entree-solennelle-debut-des-cours\/","og_site_name":"Facult\u00e9 des Sciences","article_published_time":"2022-09-23T09:55:57+00:00","article_modified_time":"2022-09-23T09:59:01+00:00","og_image":[{"width":241,"height":209,"url":"https:\/\/www.ummto.dz\/fs\/wp-content\/uploads\/2022\/09\/telechargement.jpg","type":"image\/jpeg"}],"author":"Math\u00e9matiques","twitter_card":"summary_large_image","twitter_misc":{"\u00c9crit par":"Math\u00e9matiques","Dur\u00e9e de lecture estim\u00e9e":"1 minute"},"schema":{"@context":"https:\/\/schema.org","@graph":[{"@type":"Article","@id":"https:\/\/www.ummto.dz\/fs\/avis-aux-etudiants-l1-mathematiques-l1-informatique-emplois-du-temps-entree-solennelle-debut-des-cours\/#article","isPartOf":{"@id":"https:\/\/www.ummto.dz\/fs\/avis-aux-etudiants-l1-mathematiques-l1-informatique-emplois-du-temps-entree-solennelle-debut-des-cours\/"},"author":{"name":"Math\u00e9matiques","@id":"https:\/\/www.ummto.dz\/fs\/#\/schema\/person\/d25c34844cf5a43d9fc6b524d80770e2"},"headline":"Avis aux \u00e9tudiants L1 Math\u00e9matiques, L1 Informatique: Emplois du temps : entr\u00e9e \u00a0solennelle ; d\u00e9but des cours","datePublished":"2022-09-23T09:55:57+00:00","dateModified":"2022-09-23T09:59:01+00:00","mainEntityOfPage":{"@id":"https:\/\/www.ummto.dz\/fs\/avis-aux-etudiants-l1-mathematiques-l1-informatique-emplois-du-temps-entree-solennelle-debut-des-cours\/"},"wordCount":177,"image":{"@id":"https:\/\/www.ummto.dz\/fs\/avis-aux-etudiants-l1-mathematiques-l1-informatique-emplois-du-temps-entree-solennelle-debut-des-cours\/#primaryimage"},"thumbnailUrl":"https:\/\/www.ummto.dz\/fs\/wp-content\/uploads\/2022\/09\/telechargement.jpg","articleSection":["Actualit\u00e9","dep_MI"],"inLanguage":"fr-FR"},{"@type":"WebPage","@id":"https:\/\/www.ummto.dz\/fs\/avis-aux-etudiants-l1-mathematiques-l1-informatique-emplois-du-temps-entree-solennelle-debut-des-cours\/","url":"https:\/\/www.ummto.dz\/fs\/avis-aux-etudiants-l1-mathematiques-l1-informatique-emplois-du-temps-entree-solennelle-debut-des-cours\/","name":"Avis aux \u00e9tudiants L1 Math\u00e9matiques, L1 Informatique: Emplois du temps : entr\u00e9e \u00a0solennelle ; d\u00e9but des cours - Facult\u00e9 des Sciences","isPartOf":{"@id":"https:\/\/www.ummto.dz\/fs\/#website"},"primaryImageOfPage":{"@id":"https:\/\/www.ummto.dz\/fs\/avis-aux-etudiants-l1-mathematiques-l1-informatique-emplois-du-temps-entree-solennelle-debut-des-cours\/#primaryimage"},"image":{"@id":"https:\/\/www.ummto.dz\/fs\/avis-aux-etudiants-l1-mathematiques-l1-informatique-emplois-du-temps-entree-solennelle-debut-des-cours\/#primaryimage"},"thumbnailUrl":"https:\/\/www.ummto.dz\/fs\/wp-content\/uploads\/2022\/09\/telechargement.jpg","datePublished":"2022-09-23T09:55:57+00:00","dateModified":"2022-09-23T09:59:01+00:00","author":{"@id":"https:\/\/www.ummto.dz\/fs\/#\/schema\/person\/d25c34844cf5a43d9fc6b524d80770e2"},"breadcrumb":{"@id":"https:\/\/www.ummto.dz\/fs\/avis-aux-etudiants-l1-mathematiques-l1-informatique-emplois-du-temps-entree-solennelle-debut-des-cours\/#breadcrumb"},"inLanguage":"fr-FR","potentialAction":[{"@type":"ReadAction","target":["https:\/\/www.ummto.dz\/fs\/avis-aux-etudiants-l1-mathematiques-l1-informatique-emplois-du-temps-entree-solennelle-debut-des-cours\/"]}]},{"@type":"ImageObject","inLanguage":"fr-FR","@id":"https:\/\/www.ummto.dz\/fs\/avis-aux-etudiants-l1-mathematiques-l1-informatique-emplois-du-temps-entree-solennelle-debut-des-cours\/#primaryimage","url":"https:\/\/www.ummto.dz\/fs\/wp-content\/uploads\/2022\/09\/telechargement.jpg","contentUrl":"https:\/\/www.ummto.dz\/fs\/wp-content\/uploads\/2022\/09\/telechargement.jpg","width":241,"height":209},{"@type":"BreadcrumbList","@id":"https:\/\/www.ummto.dz\/fs\/avis-aux-etudiants-l1-mathematiques-l1-informatique-emplois-du-temps-entree-solennelle-debut-des-cours\/#breadcrumb","itemListElement":[{"@type":"ListItem","position":1,"name":"Accueil","item":"https:\/\/www.ummto.dz\/fs\/"},{"@type":"ListItem","position":2,"name":"Avis aux \u00e9tudiants L1 Math\u00e9matiques, L1 Informatique: Emplois du temps : entr\u00e9e \u00a0solennelle ; d\u00e9but des cours"}]},{"@type":"WebSite","@id":"https:\/\/www.ummto.dz\/fs\/#website","url":"https:\/\/www.ummto.dz\/fs\/","name":"Facult\u00e9 des Sciences","description":"universit\u00e9 Moulous Mammeri de Tizi-Ouzou","potentialAction":[{"@type":"SearchAction","target":{"@type":"EntryPoint","urlTemplate":"https:\/\/www.ummto.dz\/fs\/?s={search_term_string}"},"query-input":{"@type":"PropertyValueSpecification","valueRequired":true,"valueName":"search_term_string"}}],"inLanguage":"fr-FR"},{"@type":"Person","@id":"https:\/\/www.ummto.dz\/fs\/#\/schema\/person\/d25c34844cf5a43d9fc6b524d80770e2","name":"Math\u00e9matiques","url":"https:\/\/www.ummto.dz\/fs\/author\/mi\/"}]}},"_links":{"self":[{"href":"https:\/\/www.ummto.dz\/fs\/wp-json\/wp\/v2\/posts\/15281","targetHints":{"allow":["GET"]}}],"collection":[{"href":"https:\/\/www.ummto.dz\/fs\/wp-json\/wp\/v2\/posts"}],"about":[{"href":"https:\/\/www.ummto.dz\/fs\/wp-json\/wp\/v2\/types\/post"}],"author":[{"embeddable":true,"href":"https:\/\/www.ummto.dz\/fs\/wp-json\/wp\/v2\/users\/18"}],"replies":[{"embeddable":true,"href":"https:\/\/www.ummto.dz\/fs\/wp-json\/wp\/v2\/comments?post=15281"}],"version-history":[{"count":3,"href":"https:\/\/www.ummto.dz\/fs\/wp-json\/wp\/v2\/posts\/15281\/revisions"}],"predecessor-version":[{"id":15290,"href":"https:\/\/www.ummto.dz\/fs\/wp-json\/wp\/v2\/posts\/15281\/revisions\/15290"}],"wp:featuredmedia":[{"embeddable":true,"href":"https:\/\/www.ummto.dz\/fs\/wp-json\/wp\/v2\/media\/14873"}],"wp:attachment":[{"href":"https:\/\/www.ummto.dz\/fs\/wp-json\/wp\/v2\/media?parent=15281"}],"wp:term":[{"taxonomy":"category","embeddable":true,"href":"https:\/\/www.ummto.dz\/fs\/wp-json\/wp\/v2\/categories?post=15281"},{"taxonomy":"post_tag","embeddable":true,"href":"https:\/\/www.ummto.dz\/fs\/wp-json\/wp\/v2\/tags?post=15281"}],"curies":[{"name":"wp","href":"https:\/\/api.w.org\/{rel}","templated":true}]}}