{"id":16063,"date":"2022-10-15T06:24:59","date_gmt":"2022-10-15T04:24:59","guid":{"rendered":"https:\/\/www.ummto.dz\/fs\/?p=16063"},"modified":"2022-10-15T06:28:44","modified_gmt":"2022-10-15T04:28:44","slug":"repartition-des-etudiants-ajournes-2021-2022-sections-groupes","status":"publish","type":"post","link":"https:\/\/www.ummto.dz\/fs\/repartition-des-etudiants-ajournes-2021-2022-sections-groupes\/","title":{"rendered":"R\u00e9partition des \u00e9tudiants ajourn\u00e9s (2021\/2022), reprises d&rsquo;\u00e9tudes, transf\u00e9r\u00e9s en sections\/groupes)"},"content":{"rendered":"\n[et_pb_section fb_built=\u00a0\u00bb1&Prime; theme_builder_area=\u00a0\u00bbpost_content\u00a0\u00bb _builder_version=\u00a0\u00bb4.18.0&Prime; _module_preset=\u00a0\u00bbdefault\u00a0\u00bb][et_pb_row _builder_version=\u00a0\u00bb4.18.0&Prime; _module_preset=\u00a0\u00bbdefault\u00a0\u00bb theme_builder_area=\u00a0\u00bbpost_content\u00a0\u00bb][et_pb_column _builder_version=\u00a0\u00bb4.18.0&Prime; _module_preset=\u00a0\u00bbdefault\u00a0\u00bb type=\u00a0\u00bb4_4&Prime; theme_builder_area=\u00a0\u00bbpost_content\u00a0\u00bb][et_pb_text _builder_version=\u00a0\u00bb4.18.0&Prime; _module_preset=\u00a0\u00bbdefault\u00a0\u00bb theme_builder_area=\u00a0\u00bbpost_content\u00a0\u00bb hover_enabled=\u00a0\u00bb0&Prime; sticky_enabled=\u00a0\u00bb0&Prime;]<p>Ci-joint, la r\u00e9partition des \u00e9tudiants pr\u00e8s inscrits par sections et par groupes (\u00e9tudiants r\u00e9p\u00e9titifs 2021\/2022, reprises d&rsquo;\u00e9tudes, transf\u00e9r\u00e9s).\u00a0\u00a0<\/p>\n<p><a href=\"https:\/\/www.ummto.dz\/fs\/wp-content\/uploads\/2022\/10\/section_F_G.pdf\" rel=\"attachment wp-att-16065\">section_F_G<\/a><\/p>\n<p>Les cours d\u00e9buterons ce dimanche le 16\/10\/2022 selon les emplois du temps suivants.<\/p>\n<p><a href=\"https:\/\/www.ummto.dz\/fs\/wp-content\/uploads\/2022\/10\/Emplois_du_Temps_MI_section_F.pdf\" rel=\"attachment wp-att-16066\">Emplois_du_Temps_MI_section_F<\/a><\/p>\n<p><a href=\"https:\/\/www.ummto.dz\/fs\/wp-content\/uploads\/2022\/10\/Emplois_du_Temps_MI_section_G.pdf\" rel=\"attachment wp-att-16067\">Emplois_du_Temps_MI_section_G<\/a><\/p>\n<p>&nbsp;<\/p>\n<p>Le dernier delais pour les inscriptions est fix\u00e9 pour Jeudi le 27\/10\/2022.<\/p>\n<p>\u00a0 \u00a0 \u00a0 \u00a0 \u00a0 \u00a0 \u00a0 \u00a0 \u00a0 \u00a0 \u00a0 \u00a0 \u00a0 \u00a0 \u00a0 \u00a0 \u00a0 \u00a0 \u00a0 \u00a0 \u00a0 \u00a0 \u00a0 \u00a0 \u00a0 \u00a0 \u00a0 \u00a0 \u00a0 \u00a0 \u00a0 \u00a0 \u00a0 \u00a0 \u00a0 \u00a0 \u00a0 \u00a0 \u00a0 \u00a0 \u00a0 \u00a0 Le D\u00e9partement<\/p>\n<p>&nbsp;<\/p>[\/et_pb_text][\/et_pb_column][\/et_pb_row][\/et_pb_section]\n","protected":false},"excerpt":{"rendered":"<p>Ci-joint, la r\u00e9partition des \u00e9tudiants pr\u00e8s inscrits par sections et par groupes (\u00e9tudiants r\u00e9p\u00e9titifs 2021\/2022, reprises d&rsquo;\u00e9tudes, transf\u00e9r\u00e9s).\u00a0\u00a0 section_F_G Les cours d\u00e9buterons ce dimanche le 16\/10\/2022 selon les emplois du temps suivants. Emplois_du_Temps_MI_section_F Emplois_du_Temps_MI_section_G &nbsp; Le dernier delais pour les inscriptions est fix\u00e9 pour Jeudi le 27\/10\/2022. \u00a0 \u00a0 \u00a0 \u00a0 \u00a0 \u00a0 \u00a0 \u00a0 [&hellip;]<\/p>\n","protected":false},"author":18,"featured_media":13590,"comment_status":"closed","ping_status":"closed","sticky":false,"template":"","format":"standard","meta":{"_et_pb_use_builder":"on","_et_pb_old_content":"","_et_gb_content_width":"","footnotes":""},"categories":[19],"tags":[],"class_list":["post-16063","post","type-post","status-publish","format-standard","has-post-thumbnail","hentry","category-new_dep_mi"],"yoast_head":"<!-- This site is optimized with the Yoast SEO plugin v27.3 - https:\/\/yoast.com\/product\/yoast-seo-wordpress\/ -->\n<title>R\u00e9partition des \u00e9tudiants ajourn\u00e9s (2021\/2022), reprises d&#039;\u00e9tudes, transf\u00e9r\u00e9s en sections\/groupes) - Facult\u00e9 des Sciences<\/title>\n<meta name=\"robots\" content=\"index, follow, max-snippet:-1, max-image-preview:large, max-video-preview:-1\" \/>\n<link rel=\"canonical\" href=\"https:\/\/www.ummto.dz\/fs\/repartition-des-etudiants-ajournes-2021-2022-sections-groupes\/\" \/>\n<meta property=\"og:locale\" content=\"fr_FR\" \/>\n<meta property=\"og:type\" content=\"article\" \/>\n<meta property=\"og:title\" content=\"R\u00e9partition des \u00e9tudiants ajourn\u00e9s (2021\/2022), reprises d&#039;\u00e9tudes, transf\u00e9r\u00e9s en sections\/groupes) - Facult\u00e9 des Sciences\" \/>\n<meta property=\"og:description\" content=\"Ci-joint, la r\u00e9partition des \u00e9tudiants pr\u00e8s inscrits par sections et par groupes (\u00e9tudiants r\u00e9p\u00e9titifs 2021\/2022, reprises d&#039;\u00e9tudes, transf\u00e9r\u00e9s).\u00a0\u00a0 section_F_G Les cours d\u00e9buterons ce dimanche le 16\/10\/2022 selon les emplois du temps suivants. Emplois_du_Temps_MI_section_F Emplois_du_Temps_MI_section_G &nbsp; Le dernier delais pour les inscriptions est fix\u00e9 pour Jeudi le 27\/10\/2022. \u00a0 \u00a0 \u00a0 \u00a0 \u00a0 \u00a0 \u00a0 \u00a0 [&hellip;]\" \/>\n<meta property=\"og:url\" content=\"https:\/\/www.ummto.dz\/fs\/repartition-des-etudiants-ajournes-2021-2022-sections-groupes\/\" \/>\n<meta property=\"og:site_name\" content=\"Facult\u00e9 des Sciences\" \/>\n<meta property=\"article:published_time\" content=\"2022-10-15T04:24:59+00:00\" \/>\n<meta property=\"article:modified_time\" content=\"2022-10-15T04:28:44+00:00\" \/>\n<meta property=\"og:image\" content=\"https:\/\/www.ummto.dz\/fs\/wp-content\/uploads\/2022\/05\/Emplois-du-temps.jpg\" \/>\n\t<meta property=\"og:image:width\" content=\"241\" \/>\n\t<meta property=\"og:image:height\" content=\"209\" \/>\n\t<meta property=\"og:image:type\" content=\"image\/jpeg\" \/>\n<meta name=\"author\" content=\"Math\u00e9matiques\" \/>\n<meta name=\"twitter:card\" content=\"summary_large_image\" \/>\n<meta name=\"twitter:label1\" content=\"\u00c9crit par\" \/>\n\t<meta name=\"twitter:data1\" content=\"Math\u00e9matiques\" \/>\n\t<meta name=\"twitter:label2\" content=\"Dur\u00e9e de lecture estim\u00e9e\" \/>\n\t<meta name=\"twitter:data2\" content=\"1 minute\" \/>\n<script type=\"application\/ld+json\" class=\"yoast-schema-graph\">{\"@context\":\"https:\\\/\\\/schema.org\",\"@graph\":[{\"@type\":\"Article\",\"@id\":\"https:\\\/\\\/www.ummto.dz\\\/fs\\\/repartition-des-etudiants-ajournes-2021-2022-sections-groupes\\\/#article\",\"isPartOf\":{\"@id\":\"https:\\\/\\\/www.ummto.dz\\\/fs\\\/repartition-des-etudiants-ajournes-2021-2022-sections-groupes\\\/\"},\"author\":{\"name\":\"Math\u00e9matiques\",\"@id\":\"https:\\\/\\\/www.ummto.dz\\\/fs\\\/#\\\/schema\\\/person\\\/d25c34844cf5a43d9fc6b524d80770e2\"},\"headline\":\"R\u00e9partition des \u00e9tudiants ajourn\u00e9s (2021\\\/2022), reprises d&rsquo;\u00e9tudes, transf\u00e9r\u00e9s en sections\\\/groupes)\",\"datePublished\":\"2022-10-15T04:24:59+00:00\",\"dateModified\":\"2022-10-15T04:28:44+00:00\",\"mainEntityOfPage\":{\"@id\":\"https:\\\/\\\/www.ummto.dz\\\/fs\\\/repartition-des-etudiants-ajournes-2021-2022-sections-groupes\\\/\"},\"wordCount\":154,\"image\":{\"@id\":\"https:\\\/\\\/www.ummto.dz\\\/fs\\\/repartition-des-etudiants-ajournes-2021-2022-sections-groupes\\\/#primaryimage\"},\"thumbnailUrl\":\"https:\\\/\\\/www.ummto.dz\\\/fs\\\/wp-content\\\/uploads\\\/2022\\\/05\\\/Emplois-du-temps.jpg\",\"articleSection\":[\"dep_MI\"],\"inLanguage\":\"fr-FR\"},{\"@type\":\"WebPage\",\"@id\":\"https:\\\/\\\/www.ummto.dz\\\/fs\\\/repartition-des-etudiants-ajournes-2021-2022-sections-groupes\\\/\",\"url\":\"https:\\\/\\\/www.ummto.dz\\\/fs\\\/repartition-des-etudiants-ajournes-2021-2022-sections-groupes\\\/\",\"name\":\"R\u00e9partition des \u00e9tudiants ajourn\u00e9s (2021\\\/2022), reprises d'\u00e9tudes, transf\u00e9r\u00e9s en sections\\\/groupes) - Facult\u00e9 des Sciences\",\"isPartOf\":{\"@id\":\"https:\\\/\\\/www.ummto.dz\\\/fs\\\/#website\"},\"primaryImageOfPage\":{\"@id\":\"https:\\\/\\\/www.ummto.dz\\\/fs\\\/repartition-des-etudiants-ajournes-2021-2022-sections-groupes\\\/#primaryimage\"},\"image\":{\"@id\":\"https:\\\/\\\/www.ummto.dz\\\/fs\\\/repartition-des-etudiants-ajournes-2021-2022-sections-groupes\\\/#primaryimage\"},\"thumbnailUrl\":\"https:\\\/\\\/www.ummto.dz\\\/fs\\\/wp-content\\\/uploads\\\/2022\\\/05\\\/Emplois-du-temps.jpg\",\"datePublished\":\"2022-10-15T04:24:59+00:00\",\"dateModified\":\"2022-10-15T04:28:44+00:00\",\"author\":{\"@id\":\"https:\\\/\\\/www.ummto.dz\\\/fs\\\/#\\\/schema\\\/person\\\/d25c34844cf5a43d9fc6b524d80770e2\"},\"breadcrumb\":{\"@id\":\"https:\\\/\\\/www.ummto.dz\\\/fs\\\/repartition-des-etudiants-ajournes-2021-2022-sections-groupes\\\/#breadcrumb\"},\"inLanguage\":\"fr-FR\",\"potentialAction\":[{\"@type\":\"ReadAction\",\"target\":[\"https:\\\/\\\/www.ummto.dz\\\/fs\\\/repartition-des-etudiants-ajournes-2021-2022-sections-groupes\\\/\"]}]},{\"@type\":\"ImageObject\",\"inLanguage\":\"fr-FR\",\"@id\":\"https:\\\/\\\/www.ummto.dz\\\/fs\\\/repartition-des-etudiants-ajournes-2021-2022-sections-groupes\\\/#primaryimage\",\"url\":\"https:\\\/\\\/www.ummto.dz\\\/fs\\\/wp-content\\\/uploads\\\/2022\\\/05\\\/Emplois-du-temps.jpg\",\"contentUrl\":\"https:\\\/\\\/www.ummto.dz\\\/fs\\\/wp-content\\\/uploads\\\/2022\\\/05\\\/Emplois-du-temps.jpg\",\"width\":241,\"height\":209},{\"@type\":\"BreadcrumbList\",\"@id\":\"https:\\\/\\\/www.ummto.dz\\\/fs\\\/repartition-des-etudiants-ajournes-2021-2022-sections-groupes\\\/#breadcrumb\",\"itemListElement\":[{\"@type\":\"ListItem\",\"position\":1,\"name\":\"Accueil\",\"item\":\"https:\\\/\\\/www.ummto.dz\\\/fs\\\/\"},{\"@type\":\"ListItem\",\"position\":2,\"name\":\"R\u00e9partition des \u00e9tudiants ajourn\u00e9s (2021\\\/2022), reprises d&rsquo;\u00e9tudes, transf\u00e9r\u00e9s en sections\\\/groupes)\"}]},{\"@type\":\"WebSite\",\"@id\":\"https:\\\/\\\/www.ummto.dz\\\/fs\\\/#website\",\"url\":\"https:\\\/\\\/www.ummto.dz\\\/fs\\\/\",\"name\":\"Facult\u00e9 des Sciences\",\"description\":\"universit\u00e9 Moulous Mammeri de Tizi-Ouzou\",\"potentialAction\":[{\"@type\":\"SearchAction\",\"target\":{\"@type\":\"EntryPoint\",\"urlTemplate\":\"https:\\\/\\\/www.ummto.dz\\\/fs\\\/?s={search_term_string}\"},\"query-input\":{\"@type\":\"PropertyValueSpecification\",\"valueRequired\":true,\"valueName\":\"search_term_string\"}}],\"inLanguage\":\"fr-FR\"},{\"@type\":\"Person\",\"@id\":\"https:\\\/\\\/www.ummto.dz\\\/fs\\\/#\\\/schema\\\/person\\\/d25c34844cf5a43d9fc6b524d80770e2\",\"name\":\"Math\u00e9matiques\",\"url\":\"https:\\\/\\\/www.ummto.dz\\\/fs\\\/author\\\/mi\\\/\"}]}<\/script>\n<!-- \/ Yoast SEO plugin. -->","yoast_head_json":{"title":"R\u00e9partition des \u00e9tudiants ajourn\u00e9s (2021\/2022), reprises d'\u00e9tudes, transf\u00e9r\u00e9s en sections\/groupes) - Facult\u00e9 des Sciences","robots":{"index":"index","follow":"follow","max-snippet":"max-snippet:-1","max-image-preview":"max-image-preview:large","max-video-preview":"max-video-preview:-1"},"canonical":"https:\/\/www.ummto.dz\/fs\/repartition-des-etudiants-ajournes-2021-2022-sections-groupes\/","og_locale":"fr_FR","og_type":"article","og_title":"R\u00e9partition des \u00e9tudiants ajourn\u00e9s (2021\/2022), reprises d'\u00e9tudes, transf\u00e9r\u00e9s en sections\/groupes) - Facult\u00e9 des Sciences","og_description":"Ci-joint, la r\u00e9partition des \u00e9tudiants pr\u00e8s inscrits par sections et par groupes (\u00e9tudiants r\u00e9p\u00e9titifs 2021\/2022, reprises d'\u00e9tudes, transf\u00e9r\u00e9s).\u00a0\u00a0 section_F_G Les cours d\u00e9buterons ce dimanche le 16\/10\/2022 selon les emplois du temps suivants. Emplois_du_Temps_MI_section_F Emplois_du_Temps_MI_section_G &nbsp; Le dernier delais pour les inscriptions est fix\u00e9 pour Jeudi le 27\/10\/2022. \u00a0 \u00a0 \u00a0 \u00a0 \u00a0 \u00a0 \u00a0 \u00a0 [&hellip;]","og_url":"https:\/\/www.ummto.dz\/fs\/repartition-des-etudiants-ajournes-2021-2022-sections-groupes\/","og_site_name":"Facult\u00e9 des Sciences","article_published_time":"2022-10-15T04:24:59+00:00","article_modified_time":"2022-10-15T04:28:44+00:00","og_image":[{"width":241,"height":209,"url":"https:\/\/www.ummto.dz\/fs\/wp-content\/uploads\/2022\/05\/Emplois-du-temps.jpg","type":"image\/jpeg"}],"author":"Math\u00e9matiques","twitter_card":"summary_large_image","twitter_misc":{"\u00c9crit par":"Math\u00e9matiques","Dur\u00e9e de lecture estim\u00e9e":"1 minute"},"schema":{"@context":"https:\/\/schema.org","@graph":[{"@type":"Article","@id":"https:\/\/www.ummto.dz\/fs\/repartition-des-etudiants-ajournes-2021-2022-sections-groupes\/#article","isPartOf":{"@id":"https:\/\/www.ummto.dz\/fs\/repartition-des-etudiants-ajournes-2021-2022-sections-groupes\/"},"author":{"name":"Math\u00e9matiques","@id":"https:\/\/www.ummto.dz\/fs\/#\/schema\/person\/d25c34844cf5a43d9fc6b524d80770e2"},"headline":"R\u00e9partition des \u00e9tudiants ajourn\u00e9s (2021\/2022), reprises d&rsquo;\u00e9tudes, transf\u00e9r\u00e9s en sections\/groupes)","datePublished":"2022-10-15T04:24:59+00:00","dateModified":"2022-10-15T04:28:44+00:00","mainEntityOfPage":{"@id":"https:\/\/www.ummto.dz\/fs\/repartition-des-etudiants-ajournes-2021-2022-sections-groupes\/"},"wordCount":154,"image":{"@id":"https:\/\/www.ummto.dz\/fs\/repartition-des-etudiants-ajournes-2021-2022-sections-groupes\/#primaryimage"},"thumbnailUrl":"https:\/\/www.ummto.dz\/fs\/wp-content\/uploads\/2022\/05\/Emplois-du-temps.jpg","articleSection":["dep_MI"],"inLanguage":"fr-FR"},{"@type":"WebPage","@id":"https:\/\/www.ummto.dz\/fs\/repartition-des-etudiants-ajournes-2021-2022-sections-groupes\/","url":"https:\/\/www.ummto.dz\/fs\/repartition-des-etudiants-ajournes-2021-2022-sections-groupes\/","name":"R\u00e9partition des \u00e9tudiants ajourn\u00e9s (2021\/2022), reprises d'\u00e9tudes, transf\u00e9r\u00e9s en sections\/groupes) - Facult\u00e9 des Sciences","isPartOf":{"@id":"https:\/\/www.ummto.dz\/fs\/#website"},"primaryImageOfPage":{"@id":"https:\/\/www.ummto.dz\/fs\/repartition-des-etudiants-ajournes-2021-2022-sections-groupes\/#primaryimage"},"image":{"@id":"https:\/\/www.ummto.dz\/fs\/repartition-des-etudiants-ajournes-2021-2022-sections-groupes\/#primaryimage"},"thumbnailUrl":"https:\/\/www.ummto.dz\/fs\/wp-content\/uploads\/2022\/05\/Emplois-du-temps.jpg","datePublished":"2022-10-15T04:24:59+00:00","dateModified":"2022-10-15T04:28:44+00:00","author":{"@id":"https:\/\/www.ummto.dz\/fs\/#\/schema\/person\/d25c34844cf5a43d9fc6b524d80770e2"},"breadcrumb":{"@id":"https:\/\/www.ummto.dz\/fs\/repartition-des-etudiants-ajournes-2021-2022-sections-groupes\/#breadcrumb"},"inLanguage":"fr-FR","potentialAction":[{"@type":"ReadAction","target":["https:\/\/www.ummto.dz\/fs\/repartition-des-etudiants-ajournes-2021-2022-sections-groupes\/"]}]},{"@type":"ImageObject","inLanguage":"fr-FR","@id":"https:\/\/www.ummto.dz\/fs\/repartition-des-etudiants-ajournes-2021-2022-sections-groupes\/#primaryimage","url":"https:\/\/www.ummto.dz\/fs\/wp-content\/uploads\/2022\/05\/Emplois-du-temps.jpg","contentUrl":"https:\/\/www.ummto.dz\/fs\/wp-content\/uploads\/2022\/05\/Emplois-du-temps.jpg","width":241,"height":209},{"@type":"BreadcrumbList","@id":"https:\/\/www.ummto.dz\/fs\/repartition-des-etudiants-ajournes-2021-2022-sections-groupes\/#breadcrumb","itemListElement":[{"@type":"ListItem","position":1,"name":"Accueil","item":"https:\/\/www.ummto.dz\/fs\/"},{"@type":"ListItem","position":2,"name":"R\u00e9partition des \u00e9tudiants ajourn\u00e9s (2021\/2022), reprises d&rsquo;\u00e9tudes, transf\u00e9r\u00e9s en sections\/groupes)"}]},{"@type":"WebSite","@id":"https:\/\/www.ummto.dz\/fs\/#website","url":"https:\/\/www.ummto.dz\/fs\/","name":"Facult\u00e9 des Sciences","description":"universit\u00e9 Moulous Mammeri de Tizi-Ouzou","potentialAction":[{"@type":"SearchAction","target":{"@type":"EntryPoint","urlTemplate":"https:\/\/www.ummto.dz\/fs\/?s={search_term_string}"},"query-input":{"@type":"PropertyValueSpecification","valueRequired":true,"valueName":"search_term_string"}}],"inLanguage":"fr-FR"},{"@type":"Person","@id":"https:\/\/www.ummto.dz\/fs\/#\/schema\/person\/d25c34844cf5a43d9fc6b524d80770e2","name":"Math\u00e9matiques","url":"https:\/\/www.ummto.dz\/fs\/author\/mi\/"}]}},"_links":{"self":[{"href":"https:\/\/www.ummto.dz\/fs\/wp-json\/wp\/v2\/posts\/16063","targetHints":{"allow":["GET"]}}],"collection":[{"href":"https:\/\/www.ummto.dz\/fs\/wp-json\/wp\/v2\/posts"}],"about":[{"href":"https:\/\/www.ummto.dz\/fs\/wp-json\/wp\/v2\/types\/post"}],"author":[{"embeddable":true,"href":"https:\/\/www.ummto.dz\/fs\/wp-json\/wp\/v2\/users\/18"}],"replies":[{"embeddable":true,"href":"https:\/\/www.ummto.dz\/fs\/wp-json\/wp\/v2\/comments?post=16063"}],"version-history":[{"count":4,"href":"https:\/\/www.ummto.dz\/fs\/wp-json\/wp\/v2\/posts\/16063\/revisions"}],"predecessor-version":[{"id":16071,"href":"https:\/\/www.ummto.dz\/fs\/wp-json\/wp\/v2\/posts\/16063\/revisions\/16071"}],"wp:featuredmedia":[{"embeddable":true,"href":"https:\/\/www.ummto.dz\/fs\/wp-json\/wp\/v2\/media\/13590"}],"wp:attachment":[{"href":"https:\/\/www.ummto.dz\/fs\/wp-json\/wp\/v2\/media?parent=16063"}],"wp:term":[{"taxonomy":"category","embeddable":true,"href":"https:\/\/www.ummto.dz\/fs\/wp-json\/wp\/v2\/categories?post=16063"},{"taxonomy":"post_tag","embeddable":true,"href":"https:\/\/www.ummto.dz\/fs\/wp-json\/wp\/v2\/tags?post=16063"}],"curies":[{"name":"wp","href":"https:\/\/api.w.org\/{rel}","templated":true}]}}