{"id":1627,"date":"2019-10-14T15:47:00","date_gmt":"2019-10-14T13:47:00","guid":{"rendered":"http:\/\/fs.ummto.dz\/?p=1627"},"modified":"2019-10-14T16:09:34","modified_gmt":"2019-10-14T14:09:34","slug":"une-journee-de-sensibilisation","status":"publish","type":"post","link":"https:\/\/www.ummto.dz\/fs\/une-journee-de-sensibilisation\/","title":{"rendered":"Une journ\u00e9e de sensibilisation"},"content":{"rendered":"<p>A l&rsquo;occasion de la c\u00e9l\u00e9bration de la journ\u00e9e Internationale de la canne Blanche qui co\u00efncide avec le 15 octobre de chaque ann\u00e9e,\u00a0 L&rsquo;union des aveugles de la wilaya de Tizi Ouzou organise une journ\u00e9e de sensibilisation\u00a0 le 17\/10\/2019 \u00e0 partir de 09H30 au niveau de l&rsquo;auditorium de l&rsquo;universit\u00e9 Mouloud Mammeri.<\/p>\n<p>&nbsp;<\/p>\n<p><a href=\"http:\/\/fs.ummto.dz\/wp-content\/uploads\/2019\/10\/programme-de-la-journ\u00e9e-.pdf\">programme de la journ\u00e9e<\/a><\/p>\n<p>&nbsp;<\/p>\n<p>&nbsp;<\/p>\n<p>&nbsp;<\/p>\n<p><img decoding=\"async\" class=\"alignnone size-full wp-image-1565 alignright\" src=\"http:\/\/fs.ummto.dz\/wp-content\/uploads\/2019\/09\/Avis.jpg\" alt=\"\" width=\"225\" height=\"225\" srcset=\"https:\/\/www.ummto.dz\/fs\/wp-content\/uploads\/2019\/09\/Avis.jpg 225w, https:\/\/www.ummto.dz\/fs\/wp-content\/uploads\/2019\/09\/Avis-150x150.jpg 150w, https:\/\/www.ummto.dz\/fs\/wp-content\/uploads\/2019\/09\/Avis-160x160.jpg 160w\" sizes=\"(max-width: 225px) 100vw, 225px\" \/><\/p>\n","protected":false},"excerpt":{"rendered":"<p>A l&rsquo;occasion de la c\u00e9l\u00e9bration de la journ\u00e9e Internationale de la canne Blanche qui co\u00efncide avec le 15 octobre de chaque ann\u00e9e,\u00a0 L&rsquo;union des aveugles de la wilaya de Tizi Ouzou organise une journ\u00e9e de sensibilisation\u00a0 le 17\/10\/2019 \u00e0 partir de 09H30 au niveau de l&rsquo;auditorium de l&rsquo;universit\u00e9 Mouloud Mammeri. &nbsp; programme de la journ\u00e9e [&hellip;]<\/p>\n","protected":false},"author":1,"featured_media":1565,"comment_status":"open","ping_status":"open","sticky":false,"template":"","format":"standard","meta":{"_et_pb_use_builder":"","_et_pb_old_content":"","_et_gb_content_width":"","footnotes":""},"categories":[1],"tags":[],"class_list":["post-1627","post","type-post","status-publish","format-standard","has-post-thumbnail","hentry","category-non-classe"],"yoast_head":"<!-- This site is optimized with the Yoast SEO plugin v27.3 - https:\/\/yoast.com\/product\/yoast-seo-wordpress\/ -->\n<title>Une journ\u00e9e de sensibilisation - Facult\u00e9 des Sciences<\/title>\n<meta name=\"robots\" content=\"index, follow, max-snippet:-1, max-image-preview:large, max-video-preview:-1\" \/>\n<link rel=\"canonical\" href=\"https:\/\/www.ummto.dz\/fs\/une-journee-de-sensibilisation\/\" \/>\n<meta property=\"og:locale\" content=\"fr_FR\" \/>\n<meta property=\"og:type\" content=\"article\" \/>\n<meta property=\"og:title\" content=\"Une journ\u00e9e de sensibilisation - Facult\u00e9 des Sciences\" \/>\n<meta property=\"og:description\" content=\"A l&rsquo;occasion de la c\u00e9l\u00e9bration de la journ\u00e9e Internationale de la canne Blanche qui co\u00efncide avec le 15 octobre de chaque ann\u00e9e,\u00a0 L&rsquo;union des aveugles de la wilaya de Tizi Ouzou organise une journ\u00e9e de sensibilisation\u00a0 le 17\/10\/2019 \u00e0 partir de 09H30 au niveau de l&rsquo;auditorium de l&rsquo;universit\u00e9 Mouloud Mammeri. &nbsp; programme de la journ\u00e9e [&hellip;]\" \/>\n<meta property=\"og:url\" content=\"https:\/\/www.ummto.dz\/fs\/une-journee-de-sensibilisation\/\" \/>\n<meta property=\"og:site_name\" content=\"Facult\u00e9 des Sciences\" \/>\n<meta property=\"article:published_time\" content=\"2019-10-14T13:47:00+00:00\" \/>\n<meta property=\"article:modified_time\" content=\"2019-10-14T14:09:34+00:00\" \/>\n<meta property=\"og:image\" content=\"https:\/\/www.ummto.dz\/fs\/wp-content\/uploads\/2019\/09\/Avis.jpg\" \/>\n\t<meta property=\"og:image:width\" content=\"225\" \/>\n\t<meta property=\"og:image:height\" content=\"225\" \/>\n\t<meta property=\"og:image:type\" content=\"image\/jpeg\" \/>\n<meta name=\"author\" content=\"maidi nacima\" \/>\n<meta name=\"twitter:card\" content=\"summary_large_image\" \/>\n<meta name=\"twitter:label1\" content=\"\u00c9crit par\" \/>\n\t<meta name=\"twitter:data1\" content=\"maidi nacima\" \/>\n<script type=\"application\/ld+json\" class=\"yoast-schema-graph\">{\"@context\":\"https:\\\/\\\/schema.org\",\"@graph\":[{\"@type\":\"Article\",\"@id\":\"https:\\\/\\\/www.ummto.dz\\\/fs\\\/une-journee-de-sensibilisation\\\/#article\",\"isPartOf\":{\"@id\":\"https:\\\/\\\/www.ummto.dz\\\/fs\\\/une-journee-de-sensibilisation\\\/\"},\"author\":{\"name\":\"maidi nacima\",\"@id\":\"https:\\\/\\\/www.ummto.dz\\\/fs\\\/#\\\/schema\\\/person\\\/f0a19398acbf302f06e4a25788979a7c\"},\"headline\":\"Une journ\u00e9e de sensibilisation\",\"datePublished\":\"2019-10-14T13:47:00+00:00\",\"dateModified\":\"2019-10-14T14:09:34+00:00\",\"mainEntityOfPage\":{\"@id\":\"https:\\\/\\\/www.ummto.dz\\\/fs\\\/une-journee-de-sensibilisation\\\/\"},\"wordCount\":71,\"commentCount\":0,\"image\":{\"@id\":\"https:\\\/\\\/www.ummto.dz\\\/fs\\\/une-journee-de-sensibilisation\\\/#primaryimage\"},\"thumbnailUrl\":\"https:\\\/\\\/www.ummto.dz\\\/fs\\\/wp-content\\\/uploads\\\/2019\\\/09\\\/Avis.jpg\",\"articleSection\":[\"Actualit\u00e9\"],\"inLanguage\":\"fr-FR\",\"potentialAction\":[{\"@type\":\"CommentAction\",\"name\":\"Comment\",\"target\":[\"https:\\\/\\\/www.ummto.dz\\\/fs\\\/une-journee-de-sensibilisation\\\/#respond\"]}]},{\"@type\":\"WebPage\",\"@id\":\"https:\\\/\\\/www.ummto.dz\\\/fs\\\/une-journee-de-sensibilisation\\\/\",\"url\":\"https:\\\/\\\/www.ummto.dz\\\/fs\\\/une-journee-de-sensibilisation\\\/\",\"name\":\"Une journ\u00e9e de sensibilisation - Facult\u00e9 des Sciences\",\"isPartOf\":{\"@id\":\"https:\\\/\\\/www.ummto.dz\\\/fs\\\/#website\"},\"primaryImageOfPage\":{\"@id\":\"https:\\\/\\\/www.ummto.dz\\\/fs\\\/une-journee-de-sensibilisation\\\/#primaryimage\"},\"image\":{\"@id\":\"https:\\\/\\\/www.ummto.dz\\\/fs\\\/une-journee-de-sensibilisation\\\/#primaryimage\"},\"thumbnailUrl\":\"https:\\\/\\\/www.ummto.dz\\\/fs\\\/wp-content\\\/uploads\\\/2019\\\/09\\\/Avis.jpg\",\"datePublished\":\"2019-10-14T13:47:00+00:00\",\"dateModified\":\"2019-10-14T14:09:34+00:00\",\"author\":{\"@id\":\"https:\\\/\\\/www.ummto.dz\\\/fs\\\/#\\\/schema\\\/person\\\/f0a19398acbf302f06e4a25788979a7c\"},\"breadcrumb\":{\"@id\":\"https:\\\/\\\/www.ummto.dz\\\/fs\\\/une-journee-de-sensibilisation\\\/#breadcrumb\"},\"inLanguage\":\"fr-FR\",\"potentialAction\":[{\"@type\":\"ReadAction\",\"target\":[\"https:\\\/\\\/www.ummto.dz\\\/fs\\\/une-journee-de-sensibilisation\\\/\"]}]},{\"@type\":\"ImageObject\",\"inLanguage\":\"fr-FR\",\"@id\":\"https:\\\/\\\/www.ummto.dz\\\/fs\\\/une-journee-de-sensibilisation\\\/#primaryimage\",\"url\":\"https:\\\/\\\/www.ummto.dz\\\/fs\\\/wp-content\\\/uploads\\\/2019\\\/09\\\/Avis.jpg\",\"contentUrl\":\"https:\\\/\\\/www.ummto.dz\\\/fs\\\/wp-content\\\/uploads\\\/2019\\\/09\\\/Avis.jpg\",\"width\":225,\"height\":225},{\"@type\":\"BreadcrumbList\",\"@id\":\"https:\\\/\\\/www.ummto.dz\\\/fs\\\/une-journee-de-sensibilisation\\\/#breadcrumb\",\"itemListElement\":[{\"@type\":\"ListItem\",\"position\":1,\"name\":\"Accueil\",\"item\":\"https:\\\/\\\/www.ummto.dz\\\/fs\\\/\"},{\"@type\":\"ListItem\",\"position\":2,\"name\":\"Une journ\u00e9e de sensibilisation\"}]},{\"@type\":\"WebSite\",\"@id\":\"https:\\\/\\\/www.ummto.dz\\\/fs\\\/#website\",\"url\":\"https:\\\/\\\/www.ummto.dz\\\/fs\\\/\",\"name\":\"Facult\u00e9 des Sciences\",\"description\":\"universit\u00e9 Moulous Mammeri de Tizi-Ouzou\",\"potentialAction\":[{\"@type\":\"SearchAction\",\"target\":{\"@type\":\"EntryPoint\",\"urlTemplate\":\"https:\\\/\\\/www.ummto.dz\\\/fs\\\/?s={search_term_string}\"},\"query-input\":{\"@type\":\"PropertyValueSpecification\",\"valueRequired\":true,\"valueName\":\"search_term_string\"}}],\"inLanguage\":\"fr-FR\"},{\"@type\":\"Person\",\"@id\":\"https:\\\/\\\/www.ummto.dz\\\/fs\\\/#\\\/schema\\\/person\\\/f0a19398acbf302f06e4a25788979a7c\",\"name\":\"maidi nacima\",\"url\":\"https:\\\/\\\/www.ummto.dz\\\/fs\\\/author\\\/maidi-nacima\\\/\"}]}<\/script>\n<!-- \/ Yoast SEO plugin. -->","yoast_head_json":{"title":"Une journ\u00e9e de sensibilisation - Facult\u00e9 des Sciences","robots":{"index":"index","follow":"follow","max-snippet":"max-snippet:-1","max-image-preview":"max-image-preview:large","max-video-preview":"max-video-preview:-1"},"canonical":"https:\/\/www.ummto.dz\/fs\/une-journee-de-sensibilisation\/","og_locale":"fr_FR","og_type":"article","og_title":"Une journ\u00e9e de sensibilisation - Facult\u00e9 des Sciences","og_description":"A l&rsquo;occasion de la c\u00e9l\u00e9bration de la journ\u00e9e Internationale de la canne Blanche qui co\u00efncide avec le 15 octobre de chaque ann\u00e9e,\u00a0 L&rsquo;union des aveugles de la wilaya de Tizi Ouzou organise une journ\u00e9e de sensibilisation\u00a0 le 17\/10\/2019 \u00e0 partir de 09H30 au niveau de l&rsquo;auditorium de l&rsquo;universit\u00e9 Mouloud Mammeri. &nbsp; programme de la journ\u00e9e [&hellip;]","og_url":"https:\/\/www.ummto.dz\/fs\/une-journee-de-sensibilisation\/","og_site_name":"Facult\u00e9 des Sciences","article_published_time":"2019-10-14T13:47:00+00:00","article_modified_time":"2019-10-14T14:09:34+00:00","og_image":[{"width":225,"height":225,"url":"https:\/\/www.ummto.dz\/fs\/wp-content\/uploads\/2019\/09\/Avis.jpg","type":"image\/jpeg"}],"author":"maidi nacima","twitter_card":"summary_large_image","twitter_misc":{"\u00c9crit par":"maidi nacima"},"schema":{"@context":"https:\/\/schema.org","@graph":[{"@type":"Article","@id":"https:\/\/www.ummto.dz\/fs\/une-journee-de-sensibilisation\/#article","isPartOf":{"@id":"https:\/\/www.ummto.dz\/fs\/une-journee-de-sensibilisation\/"},"author":{"name":"maidi nacima","@id":"https:\/\/www.ummto.dz\/fs\/#\/schema\/person\/f0a19398acbf302f06e4a25788979a7c"},"headline":"Une journ\u00e9e de sensibilisation","datePublished":"2019-10-14T13:47:00+00:00","dateModified":"2019-10-14T14:09:34+00:00","mainEntityOfPage":{"@id":"https:\/\/www.ummto.dz\/fs\/une-journee-de-sensibilisation\/"},"wordCount":71,"commentCount":0,"image":{"@id":"https:\/\/www.ummto.dz\/fs\/une-journee-de-sensibilisation\/#primaryimage"},"thumbnailUrl":"https:\/\/www.ummto.dz\/fs\/wp-content\/uploads\/2019\/09\/Avis.jpg","articleSection":["Actualit\u00e9"],"inLanguage":"fr-FR","potentialAction":[{"@type":"CommentAction","name":"Comment","target":["https:\/\/www.ummto.dz\/fs\/une-journee-de-sensibilisation\/#respond"]}]},{"@type":"WebPage","@id":"https:\/\/www.ummto.dz\/fs\/une-journee-de-sensibilisation\/","url":"https:\/\/www.ummto.dz\/fs\/une-journee-de-sensibilisation\/","name":"Une journ\u00e9e de sensibilisation - Facult\u00e9 des Sciences","isPartOf":{"@id":"https:\/\/www.ummto.dz\/fs\/#website"},"primaryImageOfPage":{"@id":"https:\/\/www.ummto.dz\/fs\/une-journee-de-sensibilisation\/#primaryimage"},"image":{"@id":"https:\/\/www.ummto.dz\/fs\/une-journee-de-sensibilisation\/#primaryimage"},"thumbnailUrl":"https:\/\/www.ummto.dz\/fs\/wp-content\/uploads\/2019\/09\/Avis.jpg","datePublished":"2019-10-14T13:47:00+00:00","dateModified":"2019-10-14T14:09:34+00:00","author":{"@id":"https:\/\/www.ummto.dz\/fs\/#\/schema\/person\/f0a19398acbf302f06e4a25788979a7c"},"breadcrumb":{"@id":"https:\/\/www.ummto.dz\/fs\/une-journee-de-sensibilisation\/#breadcrumb"},"inLanguage":"fr-FR","potentialAction":[{"@type":"ReadAction","target":["https:\/\/www.ummto.dz\/fs\/une-journee-de-sensibilisation\/"]}]},{"@type":"ImageObject","inLanguage":"fr-FR","@id":"https:\/\/www.ummto.dz\/fs\/une-journee-de-sensibilisation\/#primaryimage","url":"https:\/\/www.ummto.dz\/fs\/wp-content\/uploads\/2019\/09\/Avis.jpg","contentUrl":"https:\/\/www.ummto.dz\/fs\/wp-content\/uploads\/2019\/09\/Avis.jpg","width":225,"height":225},{"@type":"BreadcrumbList","@id":"https:\/\/www.ummto.dz\/fs\/une-journee-de-sensibilisation\/#breadcrumb","itemListElement":[{"@type":"ListItem","position":1,"name":"Accueil","item":"https:\/\/www.ummto.dz\/fs\/"},{"@type":"ListItem","position":2,"name":"Une journ\u00e9e de sensibilisation"}]},{"@type":"WebSite","@id":"https:\/\/www.ummto.dz\/fs\/#website","url":"https:\/\/www.ummto.dz\/fs\/","name":"Facult\u00e9 des Sciences","description":"universit\u00e9 Moulous Mammeri de Tizi-Ouzou","potentialAction":[{"@type":"SearchAction","target":{"@type":"EntryPoint","urlTemplate":"https:\/\/www.ummto.dz\/fs\/?s={search_term_string}"},"query-input":{"@type":"PropertyValueSpecification","valueRequired":true,"valueName":"search_term_string"}}],"inLanguage":"fr-FR"},{"@type":"Person","@id":"https:\/\/www.ummto.dz\/fs\/#\/schema\/person\/f0a19398acbf302f06e4a25788979a7c","name":"maidi nacima","url":"https:\/\/www.ummto.dz\/fs\/author\/maidi-nacima\/"}]}},"_links":{"self":[{"href":"https:\/\/www.ummto.dz\/fs\/wp-json\/wp\/v2\/posts\/1627","targetHints":{"allow":["GET"]}}],"collection":[{"href":"https:\/\/www.ummto.dz\/fs\/wp-json\/wp\/v2\/posts"}],"about":[{"href":"https:\/\/www.ummto.dz\/fs\/wp-json\/wp\/v2\/types\/post"}],"author":[{"embeddable":true,"href":"https:\/\/www.ummto.dz\/fs\/wp-json\/wp\/v2\/users\/1"}],"replies":[{"embeddable":true,"href":"https:\/\/www.ummto.dz\/fs\/wp-json\/wp\/v2\/comments?post=1627"}],"version-history":[{"count":6,"href":"https:\/\/www.ummto.dz\/fs\/wp-json\/wp\/v2\/posts\/1627\/revisions"}],"predecessor-version":[{"id":1636,"href":"https:\/\/www.ummto.dz\/fs\/wp-json\/wp\/v2\/posts\/1627\/revisions\/1636"}],"wp:featuredmedia":[{"embeddable":true,"href":"https:\/\/www.ummto.dz\/fs\/wp-json\/wp\/v2\/media\/1565"}],"wp:attachment":[{"href":"https:\/\/www.ummto.dz\/fs\/wp-json\/wp\/v2\/media?parent=1627"}],"wp:term":[{"taxonomy":"category","embeddable":true,"href":"https:\/\/www.ummto.dz\/fs\/wp-json\/wp\/v2\/categories?post=1627"},{"taxonomy":"post_tag","embeddable":true,"href":"https:\/\/www.ummto.dz\/fs\/wp-json\/wp\/v2\/tags?post=1627"}],"curies":[{"name":"wp","href":"https:\/\/api.w.org\/{rel}","templated":true}]}}