{"id":16431,"date":"2022-11-24T14:22:00","date_gmt":"2022-11-24T13:22:00","guid":{"rendered":"https:\/\/www.ummto.dz\/fs\/?p=16431"},"modified":"2022-11-24T14:29:49","modified_gmt":"2022-11-24T13:29:49","slug":"avis-aux-enseignants-assurant-des-vacations-au-departement-mi","status":"publish","type":"post","link":"https:\/\/www.ummto.dz\/fs\/avis-aux-enseignants-assurant-des-vacations-au-departement-mi\/","title":{"rendered":"Avis aux enseignants assurant des vacations au d\u00e9partement MI."},"content":{"rendered":"<p>[et_pb_section fb_built=\u00a0\u00bb1&Prime; theme_builder_area=\u00a0\u00bbpost_content\u00a0\u00bb _builder_version=\u00a0\u00bb4.19.1&Prime; _module_preset=\u00a0\u00bbdefault\u00a0\u00bb][et_pb_row _builder_version=\u00a0\u00bb4.19.1&Prime; _module_preset=\u00a0\u00bbdefault\u00a0\u00bb theme_builder_area=\u00a0\u00bbpost_content\u00a0\u00bb][et_pb_column _builder_version=\u00a0\u00bb4.19.1&Prime; _module_preset=\u00a0\u00bbdefault\u00a0\u00bb type=\u00a0\u00bb4_4&Prime; theme_builder_area=\u00a0\u00bbpost_content\u00a0\u00bb][et_pb_text _builder_version=\u00a0\u00bb4.19.1&Prime; _module_preset=\u00a0\u00bbdefault\u00a0\u00bb theme_builder_area=\u00a0\u00bbpost_content\u00a0\u00bb hover_enabled=\u00a0\u00bb0&Prime; sticky_enabled=\u00a0\u00bb0&Prime;]<\/p>\n<p>Les enseignants assurant des vacations au d\u00e9partement MI sont pri\u00e9s de d\u00e9poser leurs \u00e9tats de vacations ainsi que l&#8217;emploi du temps de la p\u00e9riode septembre \u00e0 d\u00e9cembre, est ce avant le 01\/12\/2022. Pass\u00e9 ce d\u00e9lai, aucun \u00e9tat ne sera pris en consid\u00e9ration.<\/p>\n<p>&nbsp;<\/p>\n<p>[\/et_pb_text][\/et_pb_column][\/et_pb_row][\/et_pb_section]<\/p>\n","protected":false},"excerpt":{"rendered":"<p>Les enseignants assurant des vacations au d\u00e9partement MI sont pri\u00e9s de d\u00e9poser leurs \u00e9tats de vacations ainsi que l&#8217;emploi du temps de la p\u00e9riode septembre \u00e0 d\u00e9cembre, est ce avant le 01\/12\/2022. Pass\u00e9 ce d\u00e9lai, aucun \u00e9tat ne sera pris en consid\u00e9ration. &nbsp;<\/p>\n","protected":false},"author":18,"featured_media":10471,"comment_status":"closed","ping_status":"closed","sticky":false,"template":"","format":"standard","meta":{"_et_pb_use_builder":"on","_et_pb_old_content":"","_et_gb_content_width":"","footnotes":""},"categories":[19],"tags":[],"class_list":["post-16431","post","type-post","status-publish","format-standard","has-post-thumbnail","hentry","category-new_dep_mi"],"yoast_head":"<!-- This site is optimized with the Yoast SEO plugin v27.3 - https:\/\/yoast.com\/product\/yoast-seo-wordpress\/ -->\n<title>Avis aux enseignants assurant des vacations au d\u00e9partement MI. - Facult\u00e9 des Sciences<\/title>\n<meta name=\"robots\" content=\"index, follow, max-snippet:-1, max-image-preview:large, max-video-preview:-1\" \/>\n<link rel=\"canonical\" href=\"https:\/\/www.ummto.dz\/fs\/avis-aux-enseignants-assurant-des-vacations-au-departement-mi\/\" \/>\n<meta property=\"og:locale\" content=\"fr_FR\" \/>\n<meta property=\"og:type\" content=\"article\" \/>\n<meta property=\"og:title\" content=\"Avis aux enseignants assurant des vacations au d\u00e9partement MI. - Facult\u00e9 des Sciences\" \/>\n<meta property=\"og:description\" content=\"Les enseignants assurant des vacations au d\u00e9partement MI sont pri\u00e9s de d\u00e9poser leurs \u00e9tats de vacations ainsi que l&#039;emploi du temps de la p\u00e9riode septembre \u00e0 d\u00e9cembre, est ce avant le 01\/12\/2022. Pass\u00e9 ce d\u00e9lai, aucun \u00e9tat ne sera pris en consid\u00e9ration. &nbsp;\" \/>\n<meta property=\"og:url\" content=\"https:\/\/www.ummto.dz\/fs\/avis-aux-enseignants-assurant-des-vacations-au-departement-mi\/\" \/>\n<meta property=\"og:site_name\" content=\"Facult\u00e9 des Sciences\" \/>\n<meta property=\"article:published_time\" content=\"2022-11-24T13:22:00+00:00\" \/>\n<meta property=\"article:modified_time\" content=\"2022-11-24T13:29:49+00:00\" \/>\n<meta property=\"og:image\" content=\"https:\/\/www.ummto.dz\/fs\/wp-content\/uploads\/2022\/02\/Important-320x270-1.jpg\" \/>\n\t<meta property=\"og:image:width\" content=\"320\" \/>\n\t<meta property=\"og:image:height\" content=\"270\" \/>\n\t<meta property=\"og:image:type\" content=\"image\/jpeg\" \/>\n<meta name=\"author\" content=\"Math\u00e9matiques\" \/>\n<meta name=\"twitter:card\" content=\"summary_large_image\" \/>\n<meta name=\"twitter:label1\" content=\"\u00c9crit par\" \/>\n\t<meta name=\"twitter:data1\" content=\"Math\u00e9matiques\" \/>\n<script type=\"application\/ld+json\" class=\"yoast-schema-graph\">{\"@context\":\"https:\\\/\\\/schema.org\",\"@graph\":[{\"@type\":\"Article\",\"@id\":\"https:\\\/\\\/www.ummto.dz\\\/fs\\\/avis-aux-enseignants-assurant-des-vacations-au-departement-mi\\\/#article\",\"isPartOf\":{\"@id\":\"https:\\\/\\\/www.ummto.dz\\\/fs\\\/avis-aux-enseignants-assurant-des-vacations-au-departement-mi\\\/\"},\"author\":{\"name\":\"Math\u00e9matiques\",\"@id\":\"https:\\\/\\\/www.ummto.dz\\\/fs\\\/#\\\/schema\\\/person\\\/d25c34844cf5a43d9fc6b524d80770e2\"},\"headline\":\"Avis aux enseignants assurant des vacations au d\u00e9partement MI.\",\"datePublished\":\"2022-11-24T13:22:00+00:00\",\"dateModified\":\"2022-11-24T13:29:49+00:00\",\"mainEntityOfPage\":{\"@id\":\"https:\\\/\\\/www.ummto.dz\\\/fs\\\/avis-aux-enseignants-assurant-des-vacations-au-departement-mi\\\/\"},\"wordCount\":130,\"image\":{\"@id\":\"https:\\\/\\\/www.ummto.dz\\\/fs\\\/avis-aux-enseignants-assurant-des-vacations-au-departement-mi\\\/#primaryimage\"},\"thumbnailUrl\":\"https:\\\/\\\/www.ummto.dz\\\/fs\\\/wp-content\\\/uploads\\\/2022\\\/02\\\/Important-320x270-1.jpg\",\"articleSection\":[\"dep_MI\"],\"inLanguage\":\"fr-FR\"},{\"@type\":\"WebPage\",\"@id\":\"https:\\\/\\\/www.ummto.dz\\\/fs\\\/avis-aux-enseignants-assurant-des-vacations-au-departement-mi\\\/\",\"url\":\"https:\\\/\\\/www.ummto.dz\\\/fs\\\/avis-aux-enseignants-assurant-des-vacations-au-departement-mi\\\/\",\"name\":\"Avis aux enseignants assurant des vacations au d\u00e9partement MI. - Facult\u00e9 des Sciences\",\"isPartOf\":{\"@id\":\"https:\\\/\\\/www.ummto.dz\\\/fs\\\/#website\"},\"primaryImageOfPage\":{\"@id\":\"https:\\\/\\\/www.ummto.dz\\\/fs\\\/avis-aux-enseignants-assurant-des-vacations-au-departement-mi\\\/#primaryimage\"},\"image\":{\"@id\":\"https:\\\/\\\/www.ummto.dz\\\/fs\\\/avis-aux-enseignants-assurant-des-vacations-au-departement-mi\\\/#primaryimage\"},\"thumbnailUrl\":\"https:\\\/\\\/www.ummto.dz\\\/fs\\\/wp-content\\\/uploads\\\/2022\\\/02\\\/Important-320x270-1.jpg\",\"datePublished\":\"2022-11-24T13:22:00+00:00\",\"dateModified\":\"2022-11-24T13:29:49+00:00\",\"author\":{\"@id\":\"https:\\\/\\\/www.ummto.dz\\\/fs\\\/#\\\/schema\\\/person\\\/d25c34844cf5a43d9fc6b524d80770e2\"},\"breadcrumb\":{\"@id\":\"https:\\\/\\\/www.ummto.dz\\\/fs\\\/avis-aux-enseignants-assurant-des-vacations-au-departement-mi\\\/#breadcrumb\"},\"inLanguage\":\"fr-FR\",\"potentialAction\":[{\"@type\":\"ReadAction\",\"target\":[\"https:\\\/\\\/www.ummto.dz\\\/fs\\\/avis-aux-enseignants-assurant-des-vacations-au-departement-mi\\\/\"]}]},{\"@type\":\"ImageObject\",\"inLanguage\":\"fr-FR\",\"@id\":\"https:\\\/\\\/www.ummto.dz\\\/fs\\\/avis-aux-enseignants-assurant-des-vacations-au-departement-mi\\\/#primaryimage\",\"url\":\"https:\\\/\\\/www.ummto.dz\\\/fs\\\/wp-content\\\/uploads\\\/2022\\\/02\\\/Important-320x270-1.jpg\",\"contentUrl\":\"https:\\\/\\\/www.ummto.dz\\\/fs\\\/wp-content\\\/uploads\\\/2022\\\/02\\\/Important-320x270-1.jpg\",\"width\":320,\"height\":270},{\"@type\":\"BreadcrumbList\",\"@id\":\"https:\\\/\\\/www.ummto.dz\\\/fs\\\/avis-aux-enseignants-assurant-des-vacations-au-departement-mi\\\/#breadcrumb\",\"itemListElement\":[{\"@type\":\"ListItem\",\"position\":1,\"name\":\"Accueil\",\"item\":\"https:\\\/\\\/www.ummto.dz\\\/fs\\\/\"},{\"@type\":\"ListItem\",\"position\":2,\"name\":\"Avis aux enseignants assurant des vacations au d\u00e9partement MI.\"}]},{\"@type\":\"WebSite\",\"@id\":\"https:\\\/\\\/www.ummto.dz\\\/fs\\\/#website\",\"url\":\"https:\\\/\\\/www.ummto.dz\\\/fs\\\/\",\"name\":\"Facult\u00e9 des Sciences\",\"description\":\"universit\u00e9 Moulous Mammeri de Tizi-Ouzou\",\"potentialAction\":[{\"@type\":\"SearchAction\",\"target\":{\"@type\":\"EntryPoint\",\"urlTemplate\":\"https:\\\/\\\/www.ummto.dz\\\/fs\\\/?s={search_term_string}\"},\"query-input\":{\"@type\":\"PropertyValueSpecification\",\"valueRequired\":true,\"valueName\":\"search_term_string\"}}],\"inLanguage\":\"fr-FR\"},{\"@type\":\"Person\",\"@id\":\"https:\\\/\\\/www.ummto.dz\\\/fs\\\/#\\\/schema\\\/person\\\/d25c34844cf5a43d9fc6b524d80770e2\",\"name\":\"Math\u00e9matiques\",\"url\":\"https:\\\/\\\/www.ummto.dz\\\/fs\\\/author\\\/mi\\\/\"}]}<\/script>\n<!-- \/ Yoast SEO plugin. -->","yoast_head_json":{"title":"Avis aux enseignants assurant des vacations au d\u00e9partement MI. - Facult\u00e9 des Sciences","robots":{"index":"index","follow":"follow","max-snippet":"max-snippet:-1","max-image-preview":"max-image-preview:large","max-video-preview":"max-video-preview:-1"},"canonical":"https:\/\/www.ummto.dz\/fs\/avis-aux-enseignants-assurant-des-vacations-au-departement-mi\/","og_locale":"fr_FR","og_type":"article","og_title":"Avis aux enseignants assurant des vacations au d\u00e9partement MI. - Facult\u00e9 des Sciences","og_description":"Les enseignants assurant des vacations au d\u00e9partement MI sont pri\u00e9s de d\u00e9poser leurs \u00e9tats de vacations ainsi que l'emploi du temps de la p\u00e9riode septembre \u00e0 d\u00e9cembre, est ce avant le 01\/12\/2022. Pass\u00e9 ce d\u00e9lai, aucun \u00e9tat ne sera pris en consid\u00e9ration. &nbsp;","og_url":"https:\/\/www.ummto.dz\/fs\/avis-aux-enseignants-assurant-des-vacations-au-departement-mi\/","og_site_name":"Facult\u00e9 des Sciences","article_published_time":"2022-11-24T13:22:00+00:00","article_modified_time":"2022-11-24T13:29:49+00:00","og_image":[{"width":320,"height":270,"url":"https:\/\/www.ummto.dz\/fs\/wp-content\/uploads\/2022\/02\/Important-320x270-1.jpg","type":"image\/jpeg"}],"author":"Math\u00e9matiques","twitter_card":"summary_large_image","twitter_misc":{"\u00c9crit par":"Math\u00e9matiques"},"schema":{"@context":"https:\/\/schema.org","@graph":[{"@type":"Article","@id":"https:\/\/www.ummto.dz\/fs\/avis-aux-enseignants-assurant-des-vacations-au-departement-mi\/#article","isPartOf":{"@id":"https:\/\/www.ummto.dz\/fs\/avis-aux-enseignants-assurant-des-vacations-au-departement-mi\/"},"author":{"name":"Math\u00e9matiques","@id":"https:\/\/www.ummto.dz\/fs\/#\/schema\/person\/d25c34844cf5a43d9fc6b524d80770e2"},"headline":"Avis aux enseignants assurant des vacations au d\u00e9partement MI.","datePublished":"2022-11-24T13:22:00+00:00","dateModified":"2022-11-24T13:29:49+00:00","mainEntityOfPage":{"@id":"https:\/\/www.ummto.dz\/fs\/avis-aux-enseignants-assurant-des-vacations-au-departement-mi\/"},"wordCount":130,"image":{"@id":"https:\/\/www.ummto.dz\/fs\/avis-aux-enseignants-assurant-des-vacations-au-departement-mi\/#primaryimage"},"thumbnailUrl":"https:\/\/www.ummto.dz\/fs\/wp-content\/uploads\/2022\/02\/Important-320x270-1.jpg","articleSection":["dep_MI"],"inLanguage":"fr-FR"},{"@type":"WebPage","@id":"https:\/\/www.ummto.dz\/fs\/avis-aux-enseignants-assurant-des-vacations-au-departement-mi\/","url":"https:\/\/www.ummto.dz\/fs\/avis-aux-enseignants-assurant-des-vacations-au-departement-mi\/","name":"Avis aux enseignants assurant des vacations au d\u00e9partement MI. - Facult\u00e9 des Sciences","isPartOf":{"@id":"https:\/\/www.ummto.dz\/fs\/#website"},"primaryImageOfPage":{"@id":"https:\/\/www.ummto.dz\/fs\/avis-aux-enseignants-assurant-des-vacations-au-departement-mi\/#primaryimage"},"image":{"@id":"https:\/\/www.ummto.dz\/fs\/avis-aux-enseignants-assurant-des-vacations-au-departement-mi\/#primaryimage"},"thumbnailUrl":"https:\/\/www.ummto.dz\/fs\/wp-content\/uploads\/2022\/02\/Important-320x270-1.jpg","datePublished":"2022-11-24T13:22:00+00:00","dateModified":"2022-11-24T13:29:49+00:00","author":{"@id":"https:\/\/www.ummto.dz\/fs\/#\/schema\/person\/d25c34844cf5a43d9fc6b524d80770e2"},"breadcrumb":{"@id":"https:\/\/www.ummto.dz\/fs\/avis-aux-enseignants-assurant-des-vacations-au-departement-mi\/#breadcrumb"},"inLanguage":"fr-FR","potentialAction":[{"@type":"ReadAction","target":["https:\/\/www.ummto.dz\/fs\/avis-aux-enseignants-assurant-des-vacations-au-departement-mi\/"]}]},{"@type":"ImageObject","inLanguage":"fr-FR","@id":"https:\/\/www.ummto.dz\/fs\/avis-aux-enseignants-assurant-des-vacations-au-departement-mi\/#primaryimage","url":"https:\/\/www.ummto.dz\/fs\/wp-content\/uploads\/2022\/02\/Important-320x270-1.jpg","contentUrl":"https:\/\/www.ummto.dz\/fs\/wp-content\/uploads\/2022\/02\/Important-320x270-1.jpg","width":320,"height":270},{"@type":"BreadcrumbList","@id":"https:\/\/www.ummto.dz\/fs\/avis-aux-enseignants-assurant-des-vacations-au-departement-mi\/#breadcrumb","itemListElement":[{"@type":"ListItem","position":1,"name":"Accueil","item":"https:\/\/www.ummto.dz\/fs\/"},{"@type":"ListItem","position":2,"name":"Avis aux enseignants assurant des vacations au d\u00e9partement MI."}]},{"@type":"WebSite","@id":"https:\/\/www.ummto.dz\/fs\/#website","url":"https:\/\/www.ummto.dz\/fs\/","name":"Facult\u00e9 des Sciences","description":"universit\u00e9 Moulous Mammeri de Tizi-Ouzou","potentialAction":[{"@type":"SearchAction","target":{"@type":"EntryPoint","urlTemplate":"https:\/\/www.ummto.dz\/fs\/?s={search_term_string}"},"query-input":{"@type":"PropertyValueSpecification","valueRequired":true,"valueName":"search_term_string"}}],"inLanguage":"fr-FR"},{"@type":"Person","@id":"https:\/\/www.ummto.dz\/fs\/#\/schema\/person\/d25c34844cf5a43d9fc6b524d80770e2","name":"Math\u00e9matiques","url":"https:\/\/www.ummto.dz\/fs\/author\/mi\/"}]}},"_links":{"self":[{"href":"https:\/\/www.ummto.dz\/fs\/wp-json\/wp\/v2\/posts\/16431","targetHints":{"allow":["GET"]}}],"collection":[{"href":"https:\/\/www.ummto.dz\/fs\/wp-json\/wp\/v2\/posts"}],"about":[{"href":"https:\/\/www.ummto.dz\/fs\/wp-json\/wp\/v2\/types\/post"}],"author":[{"embeddable":true,"href":"https:\/\/www.ummto.dz\/fs\/wp-json\/wp\/v2\/users\/18"}],"replies":[{"embeddable":true,"href":"https:\/\/www.ummto.dz\/fs\/wp-json\/wp\/v2\/comments?post=16431"}],"version-history":[{"count":2,"href":"https:\/\/www.ummto.dz\/fs\/wp-json\/wp\/v2\/posts\/16431\/revisions"}],"predecessor-version":[{"id":16434,"href":"https:\/\/www.ummto.dz\/fs\/wp-json\/wp\/v2\/posts\/16431\/revisions\/16434"}],"wp:featuredmedia":[{"embeddable":true,"href":"https:\/\/www.ummto.dz\/fs\/wp-json\/wp\/v2\/media\/10471"}],"wp:attachment":[{"href":"https:\/\/www.ummto.dz\/fs\/wp-json\/wp\/v2\/media?parent=16431"}],"wp:term":[{"taxonomy":"category","embeddable":true,"href":"https:\/\/www.ummto.dz\/fs\/wp-json\/wp\/v2\/categories?post=16431"},{"taxonomy":"post_tag","embeddable":true,"href":"https:\/\/www.ummto.dz\/fs\/wp-json\/wp\/v2\/tags?post=16431"}],"curies":[{"name":"wp","href":"https:\/\/api.w.org\/{rel}","templated":true}]}}