{"id":17230,"date":"2023-01-25T14:08:51","date_gmt":"2023-01-25T13:08:51","guid":{"rendered":"https:\/\/www.ummto.dz\/fs\/?p=17230"},"modified":"2023-01-25T14:09:29","modified_gmt":"2023-01-25T13:09:29","slug":"avis-aux-etudiants-du-departement-l1-maths-info-emplois-du-temps-debut-des-cours-du-semestre-2","status":"publish","type":"post","link":"https:\/\/www.ummto.dz\/fs\/avis-aux-etudiants-du-departement-l1-maths-info-emplois-du-temps-debut-des-cours-du-semestre-2\/","title":{"rendered":"Avis aux \u00e9tudiants du D\u00e9partement L1 Maths-Info (Emplois du Temps, D\u00e9but des cours du Semestre 2)."},"content":{"rendered":"<p>[et_pb_section fb_built=\u00a0\u00bb1&Prime; theme_builder_area=\u00a0\u00bbpost_content\u00a0\u00bb _builder_version=\u00a0\u00bb4.19.4&Prime; _module_preset=\u00a0\u00bbdefault\u00a0\u00bb][et_pb_row _builder_version=\u00a0\u00bb4.19.4&Prime; _module_preset=\u00a0\u00bbdefault\u00a0\u00bb theme_builder_area=\u00a0\u00bbpost_content\u00a0\u00bb][et_pb_column _builder_version=\u00a0\u00bb4.19.4&Prime; _module_preset=\u00a0\u00bbdefault\u00a0\u00bb type=\u00a0\u00bb4_4&Prime; theme_builder_area=\u00a0\u00bbpost_content\u00a0\u00bb][et_pb_text _builder_version=\u00a0\u00bb4.19.4&Prime; _module_preset=\u00a0\u00bbdefault\u00a0\u00bb theme_builder_area=\u00a0\u00bbpost_content\u00a0\u00bb hover_enabled=\u00a0\u00bb0&Prime; sticky_enabled=\u00a0\u00bb0&Prime;]<\/p>\n<p>Les \u00e9tudiants du D\u00e9partement Maths-info (toutes sections confondues) sont inform\u00e9s que :<\/p>\n<ul>\n<li>les cours du Semestre 2 d\u00e9buteront \u00e0 partir du Dimanche 29\/01\/2023. \u00a0\u00a0<a href=\"https:\/\/www.ummto.dz\/fs\/wp-content\/uploads\/2023\/01\/Emplois_du_Temps_MI_S2_2022_2023-1.pdf\" rel=\"attachment wp-att-17234\">Emplois_du_Temps_MI_S2_2022_2023<\/a><\/li>\n<li>Les consultations des copies d&rsquo;examens auront lieu au cours de la semaine du 29\/01 au 02\/02 dans les s\u00e9ances de TD.\u00a0 \u00a0 \u00a0 \u00a0 \u00a0 \u00a0 \u00a0 \u00a0 \u00a0 \u00a0 \u00a0 \u00a0 \u00a0 \u00a0 \u00a0 \u00a0 \u00a0 \u00a0 \u00a0 \u00a0 \u00a0 \u00a0 \u00a0 \u00a0 \u00a0 \u00a0 \u00a0 \u00a0 \u00a0 \u00a0 \u00a0 \u00a0 \u00a0 \u00a0 \u00a0 \u00a0 \u00a0 \u00a0 \u00a0 \u00a0 \u00a0 \u00a0 \u00a0 \u00a0 \u00a0 \u00a0 \u00a0 \u00a0 \u00a0 \u00a0 \u00a0 \u00a0 \u00a0 \u00a0 \u00a0 \u00a0 \u00a0 \u00a0 \u00a0 \u00a0 \u00a0 \u00a0 \u00a0 \u00a0 \u00a0 \u00a0 \u00a0 \u00a0 \u00a0 \u00a0 \u00a0 \u00a0 \u00a0 \u00a0 \u00a0 \u00a0 \u00a0 \u00a0 \u00a0 \u00a0 \u00a0 \u00a0 \u00a0 \u00a0 \u00a0 \u00a0 \u00a0 \u00a0 \u00a0Le d\u00e9partement.\u00a0 \u00a0<\/li>\n<\/ul>\n<p>&nbsp;<\/p>\n<p>&nbsp;<\/p>\n<p>&nbsp;<\/p>\n<p>&nbsp;<\/p>\n<p>[\/et_pb_text][\/et_pb_column][\/et_pb_row][\/et_pb_section]<\/p>\n","protected":false},"excerpt":{"rendered":"<p>Les \u00e9tudiants du D\u00e9partement Maths-info (toutes sections confondues) sont inform\u00e9s que : les cours du Semestre 2 d\u00e9buteront \u00e0 partir du Dimanche 29\/01\/2023. \u00a0\u00a0Emplois_du_Temps_MI_S2_2022_2023 Les consultations des copies d&rsquo;examens auront lieu au cours de la semaine du 29\/01 au 02\/02 dans les s\u00e9ances de TD.\u00a0 \u00a0 \u00a0 \u00a0 \u00a0 \u00a0 \u00a0 \u00a0 \u00a0 \u00a0 \u00a0 [&hellip;]<\/p>\n","protected":false},"author":18,"featured_media":14873,"comment_status":"closed","ping_status":"closed","sticky":false,"template":"","format":"standard","meta":{"_et_pb_use_builder":"on","_et_pb_old_content":"","_et_gb_content_width":"","footnotes":""},"categories":[19],"tags":[],"class_list":["post-17230","post","type-post","status-publish","format-standard","has-post-thumbnail","hentry","category-new_dep_mi"],"yoast_head":"<!-- This site is optimized with the Yoast SEO plugin v27.3 - https:\/\/yoast.com\/product\/yoast-seo-wordpress\/ -->\n<title>Avis aux \u00e9tudiants du D\u00e9partement L1 Maths-Info (Emplois du Temps, D\u00e9but des cours du Semestre 2). - Facult\u00e9 des Sciences<\/title>\n<meta name=\"robots\" content=\"index, follow, max-snippet:-1, max-image-preview:large, max-video-preview:-1\" \/>\n<link rel=\"canonical\" href=\"https:\/\/www.ummto.dz\/fs\/avis-aux-etudiants-du-departement-l1-maths-info-emplois-du-temps-debut-des-cours-du-semestre-2\/\" \/>\n<meta property=\"og:locale\" content=\"fr_FR\" \/>\n<meta property=\"og:type\" content=\"article\" \/>\n<meta property=\"og:title\" content=\"Avis aux \u00e9tudiants du D\u00e9partement L1 Maths-Info (Emplois du Temps, D\u00e9but des cours du Semestre 2). - Facult\u00e9 des Sciences\" \/>\n<meta property=\"og:description\" content=\"Les \u00e9tudiants du D\u00e9partement Maths-info (toutes sections confondues) sont inform\u00e9s que : les cours du Semestre 2 d\u00e9buteront \u00e0 partir du Dimanche 29\/01\/2023. \u00a0\u00a0Emplois_du_Temps_MI_S2_2022_2023 Les consultations des copies d&#039;examens auront lieu au cours de la semaine du 29\/01 au 02\/02 dans les s\u00e9ances de TD.\u00a0 \u00a0 \u00a0 \u00a0 \u00a0 \u00a0 \u00a0 \u00a0 \u00a0 \u00a0 \u00a0 [&hellip;]\" \/>\n<meta property=\"og:url\" content=\"https:\/\/www.ummto.dz\/fs\/avis-aux-etudiants-du-departement-l1-maths-info-emplois-du-temps-debut-des-cours-du-semestre-2\/\" \/>\n<meta property=\"og:site_name\" content=\"Facult\u00e9 des Sciences\" \/>\n<meta property=\"article:published_time\" content=\"2023-01-25T13:08:51+00:00\" \/>\n<meta property=\"article:modified_time\" content=\"2023-01-25T13:09:29+00:00\" \/>\n<meta property=\"og:image\" content=\"https:\/\/www.ummto.dz\/fs\/wp-content\/uploads\/2022\/09\/telechargement.jpg\" \/>\n\t<meta property=\"og:image:width\" content=\"241\" \/>\n\t<meta property=\"og:image:height\" content=\"209\" \/>\n\t<meta property=\"og:image:type\" content=\"image\/jpeg\" \/>\n<meta name=\"author\" content=\"Math\u00e9matiques\" \/>\n<meta name=\"twitter:card\" content=\"summary_large_image\" \/>\n<meta name=\"twitter:label1\" content=\"\u00c9crit par\" \/>\n\t<meta name=\"twitter:data1\" content=\"Math\u00e9matiques\" \/>\n<script type=\"application\/ld+json\" class=\"yoast-schema-graph\">{\"@context\":\"https:\\\/\\\/schema.org\",\"@graph\":[{\"@type\":\"Article\",\"@id\":\"https:\\\/\\\/www.ummto.dz\\\/fs\\\/avis-aux-etudiants-du-departement-l1-maths-info-emplois-du-temps-debut-des-cours-du-semestre-2\\\/#article\",\"isPartOf\":{\"@id\":\"https:\\\/\\\/www.ummto.dz\\\/fs\\\/avis-aux-etudiants-du-departement-l1-maths-info-emplois-du-temps-debut-des-cours-du-semestre-2\\\/\"},\"author\":{\"name\":\"Math\u00e9matiques\",\"@id\":\"https:\\\/\\\/www.ummto.dz\\\/fs\\\/#\\\/schema\\\/person\\\/d25c34844cf5a43d9fc6b524d80770e2\"},\"headline\":\"Avis aux \u00e9tudiants du D\u00e9partement L1 Maths-Info (Emplois du Temps, D\u00e9but des cours du Semestre 2).\",\"datePublished\":\"2023-01-25T13:08:51+00:00\",\"dateModified\":\"2023-01-25T13:09:29+00:00\",\"mainEntityOfPage\":{\"@id\":\"https:\\\/\\\/www.ummto.dz\\\/fs\\\/avis-aux-etudiants-du-departement-l1-maths-info-emplois-du-temps-debut-des-cours-du-semestre-2\\\/\"},\"wordCount\":143,\"image\":{\"@id\":\"https:\\\/\\\/www.ummto.dz\\\/fs\\\/avis-aux-etudiants-du-departement-l1-maths-info-emplois-du-temps-debut-des-cours-du-semestre-2\\\/#primaryimage\"},\"thumbnailUrl\":\"https:\\\/\\\/www.ummto.dz\\\/fs\\\/wp-content\\\/uploads\\\/2022\\\/09\\\/telechargement.jpg\",\"articleSection\":[\"dep_MI\"],\"inLanguage\":\"fr-FR\"},{\"@type\":\"WebPage\",\"@id\":\"https:\\\/\\\/www.ummto.dz\\\/fs\\\/avis-aux-etudiants-du-departement-l1-maths-info-emplois-du-temps-debut-des-cours-du-semestre-2\\\/\",\"url\":\"https:\\\/\\\/www.ummto.dz\\\/fs\\\/avis-aux-etudiants-du-departement-l1-maths-info-emplois-du-temps-debut-des-cours-du-semestre-2\\\/\",\"name\":\"Avis aux \u00e9tudiants du D\u00e9partement L1 Maths-Info (Emplois du Temps, D\u00e9but des cours du Semestre 2). - Facult\u00e9 des Sciences\",\"isPartOf\":{\"@id\":\"https:\\\/\\\/www.ummto.dz\\\/fs\\\/#website\"},\"primaryImageOfPage\":{\"@id\":\"https:\\\/\\\/www.ummto.dz\\\/fs\\\/avis-aux-etudiants-du-departement-l1-maths-info-emplois-du-temps-debut-des-cours-du-semestre-2\\\/#primaryimage\"},\"image\":{\"@id\":\"https:\\\/\\\/www.ummto.dz\\\/fs\\\/avis-aux-etudiants-du-departement-l1-maths-info-emplois-du-temps-debut-des-cours-du-semestre-2\\\/#primaryimage\"},\"thumbnailUrl\":\"https:\\\/\\\/www.ummto.dz\\\/fs\\\/wp-content\\\/uploads\\\/2022\\\/09\\\/telechargement.jpg\",\"datePublished\":\"2023-01-25T13:08:51+00:00\",\"dateModified\":\"2023-01-25T13:09:29+00:00\",\"author\":{\"@id\":\"https:\\\/\\\/www.ummto.dz\\\/fs\\\/#\\\/schema\\\/person\\\/d25c34844cf5a43d9fc6b524d80770e2\"},\"breadcrumb\":{\"@id\":\"https:\\\/\\\/www.ummto.dz\\\/fs\\\/avis-aux-etudiants-du-departement-l1-maths-info-emplois-du-temps-debut-des-cours-du-semestre-2\\\/#breadcrumb\"},\"inLanguage\":\"fr-FR\",\"potentialAction\":[{\"@type\":\"ReadAction\",\"target\":[\"https:\\\/\\\/www.ummto.dz\\\/fs\\\/avis-aux-etudiants-du-departement-l1-maths-info-emplois-du-temps-debut-des-cours-du-semestre-2\\\/\"]}]},{\"@type\":\"ImageObject\",\"inLanguage\":\"fr-FR\",\"@id\":\"https:\\\/\\\/www.ummto.dz\\\/fs\\\/avis-aux-etudiants-du-departement-l1-maths-info-emplois-du-temps-debut-des-cours-du-semestre-2\\\/#primaryimage\",\"url\":\"https:\\\/\\\/www.ummto.dz\\\/fs\\\/wp-content\\\/uploads\\\/2022\\\/09\\\/telechargement.jpg\",\"contentUrl\":\"https:\\\/\\\/www.ummto.dz\\\/fs\\\/wp-content\\\/uploads\\\/2022\\\/09\\\/telechargement.jpg\",\"width\":241,\"height\":209},{\"@type\":\"BreadcrumbList\",\"@id\":\"https:\\\/\\\/www.ummto.dz\\\/fs\\\/avis-aux-etudiants-du-departement-l1-maths-info-emplois-du-temps-debut-des-cours-du-semestre-2\\\/#breadcrumb\",\"itemListElement\":[{\"@type\":\"ListItem\",\"position\":1,\"name\":\"Accueil\",\"item\":\"https:\\\/\\\/www.ummto.dz\\\/fs\\\/\"},{\"@type\":\"ListItem\",\"position\":2,\"name\":\"Avis aux \u00e9tudiants du D\u00e9partement L1 Maths-Info (Emplois du Temps, D\u00e9but des cours du Semestre 2).\"}]},{\"@type\":\"WebSite\",\"@id\":\"https:\\\/\\\/www.ummto.dz\\\/fs\\\/#website\",\"url\":\"https:\\\/\\\/www.ummto.dz\\\/fs\\\/\",\"name\":\"Facult\u00e9 des Sciences\",\"description\":\"universit\u00e9 Moulous Mammeri de Tizi-Ouzou\",\"potentialAction\":[{\"@type\":\"SearchAction\",\"target\":{\"@type\":\"EntryPoint\",\"urlTemplate\":\"https:\\\/\\\/www.ummto.dz\\\/fs\\\/?s={search_term_string}\"},\"query-input\":{\"@type\":\"PropertyValueSpecification\",\"valueRequired\":true,\"valueName\":\"search_term_string\"}}],\"inLanguage\":\"fr-FR\"},{\"@type\":\"Person\",\"@id\":\"https:\\\/\\\/www.ummto.dz\\\/fs\\\/#\\\/schema\\\/person\\\/d25c34844cf5a43d9fc6b524d80770e2\",\"name\":\"Math\u00e9matiques\",\"url\":\"https:\\\/\\\/www.ummto.dz\\\/fs\\\/author\\\/mi\\\/\"}]}<\/script>\n<!-- \/ Yoast SEO plugin. -->","yoast_head_json":{"title":"Avis aux \u00e9tudiants du D\u00e9partement L1 Maths-Info (Emplois du Temps, D\u00e9but des cours du Semestre 2). - Facult\u00e9 des Sciences","robots":{"index":"index","follow":"follow","max-snippet":"max-snippet:-1","max-image-preview":"max-image-preview:large","max-video-preview":"max-video-preview:-1"},"canonical":"https:\/\/www.ummto.dz\/fs\/avis-aux-etudiants-du-departement-l1-maths-info-emplois-du-temps-debut-des-cours-du-semestre-2\/","og_locale":"fr_FR","og_type":"article","og_title":"Avis aux \u00e9tudiants du D\u00e9partement L1 Maths-Info (Emplois du Temps, D\u00e9but des cours du Semestre 2). - Facult\u00e9 des Sciences","og_description":"Les \u00e9tudiants du D\u00e9partement Maths-info (toutes sections confondues) sont inform\u00e9s que : les cours du Semestre 2 d\u00e9buteront \u00e0 partir du Dimanche 29\/01\/2023. \u00a0\u00a0Emplois_du_Temps_MI_S2_2022_2023 Les consultations des copies d'examens auront lieu au cours de la semaine du 29\/01 au 02\/02 dans les s\u00e9ances de TD.\u00a0 \u00a0 \u00a0 \u00a0 \u00a0 \u00a0 \u00a0 \u00a0 \u00a0 \u00a0 \u00a0 [&hellip;]","og_url":"https:\/\/www.ummto.dz\/fs\/avis-aux-etudiants-du-departement-l1-maths-info-emplois-du-temps-debut-des-cours-du-semestre-2\/","og_site_name":"Facult\u00e9 des Sciences","article_published_time":"2023-01-25T13:08:51+00:00","article_modified_time":"2023-01-25T13:09:29+00:00","og_image":[{"width":241,"height":209,"url":"https:\/\/www.ummto.dz\/fs\/wp-content\/uploads\/2022\/09\/telechargement.jpg","type":"image\/jpeg"}],"author":"Math\u00e9matiques","twitter_card":"summary_large_image","twitter_misc":{"\u00c9crit par":"Math\u00e9matiques"},"schema":{"@context":"https:\/\/schema.org","@graph":[{"@type":"Article","@id":"https:\/\/www.ummto.dz\/fs\/avis-aux-etudiants-du-departement-l1-maths-info-emplois-du-temps-debut-des-cours-du-semestre-2\/#article","isPartOf":{"@id":"https:\/\/www.ummto.dz\/fs\/avis-aux-etudiants-du-departement-l1-maths-info-emplois-du-temps-debut-des-cours-du-semestre-2\/"},"author":{"name":"Math\u00e9matiques","@id":"https:\/\/www.ummto.dz\/fs\/#\/schema\/person\/d25c34844cf5a43d9fc6b524d80770e2"},"headline":"Avis aux \u00e9tudiants du D\u00e9partement L1 Maths-Info (Emplois du Temps, D\u00e9but des cours du Semestre 2).","datePublished":"2023-01-25T13:08:51+00:00","dateModified":"2023-01-25T13:09:29+00:00","mainEntityOfPage":{"@id":"https:\/\/www.ummto.dz\/fs\/avis-aux-etudiants-du-departement-l1-maths-info-emplois-du-temps-debut-des-cours-du-semestre-2\/"},"wordCount":143,"image":{"@id":"https:\/\/www.ummto.dz\/fs\/avis-aux-etudiants-du-departement-l1-maths-info-emplois-du-temps-debut-des-cours-du-semestre-2\/#primaryimage"},"thumbnailUrl":"https:\/\/www.ummto.dz\/fs\/wp-content\/uploads\/2022\/09\/telechargement.jpg","articleSection":["dep_MI"],"inLanguage":"fr-FR"},{"@type":"WebPage","@id":"https:\/\/www.ummto.dz\/fs\/avis-aux-etudiants-du-departement-l1-maths-info-emplois-du-temps-debut-des-cours-du-semestre-2\/","url":"https:\/\/www.ummto.dz\/fs\/avis-aux-etudiants-du-departement-l1-maths-info-emplois-du-temps-debut-des-cours-du-semestre-2\/","name":"Avis aux \u00e9tudiants du D\u00e9partement L1 Maths-Info (Emplois du Temps, D\u00e9but des cours du Semestre 2). - Facult\u00e9 des Sciences","isPartOf":{"@id":"https:\/\/www.ummto.dz\/fs\/#website"},"primaryImageOfPage":{"@id":"https:\/\/www.ummto.dz\/fs\/avis-aux-etudiants-du-departement-l1-maths-info-emplois-du-temps-debut-des-cours-du-semestre-2\/#primaryimage"},"image":{"@id":"https:\/\/www.ummto.dz\/fs\/avis-aux-etudiants-du-departement-l1-maths-info-emplois-du-temps-debut-des-cours-du-semestre-2\/#primaryimage"},"thumbnailUrl":"https:\/\/www.ummto.dz\/fs\/wp-content\/uploads\/2022\/09\/telechargement.jpg","datePublished":"2023-01-25T13:08:51+00:00","dateModified":"2023-01-25T13:09:29+00:00","author":{"@id":"https:\/\/www.ummto.dz\/fs\/#\/schema\/person\/d25c34844cf5a43d9fc6b524d80770e2"},"breadcrumb":{"@id":"https:\/\/www.ummto.dz\/fs\/avis-aux-etudiants-du-departement-l1-maths-info-emplois-du-temps-debut-des-cours-du-semestre-2\/#breadcrumb"},"inLanguage":"fr-FR","potentialAction":[{"@type":"ReadAction","target":["https:\/\/www.ummto.dz\/fs\/avis-aux-etudiants-du-departement-l1-maths-info-emplois-du-temps-debut-des-cours-du-semestre-2\/"]}]},{"@type":"ImageObject","inLanguage":"fr-FR","@id":"https:\/\/www.ummto.dz\/fs\/avis-aux-etudiants-du-departement-l1-maths-info-emplois-du-temps-debut-des-cours-du-semestre-2\/#primaryimage","url":"https:\/\/www.ummto.dz\/fs\/wp-content\/uploads\/2022\/09\/telechargement.jpg","contentUrl":"https:\/\/www.ummto.dz\/fs\/wp-content\/uploads\/2022\/09\/telechargement.jpg","width":241,"height":209},{"@type":"BreadcrumbList","@id":"https:\/\/www.ummto.dz\/fs\/avis-aux-etudiants-du-departement-l1-maths-info-emplois-du-temps-debut-des-cours-du-semestre-2\/#breadcrumb","itemListElement":[{"@type":"ListItem","position":1,"name":"Accueil","item":"https:\/\/www.ummto.dz\/fs\/"},{"@type":"ListItem","position":2,"name":"Avis aux \u00e9tudiants du D\u00e9partement L1 Maths-Info (Emplois du Temps, D\u00e9but des cours du Semestre 2)."}]},{"@type":"WebSite","@id":"https:\/\/www.ummto.dz\/fs\/#website","url":"https:\/\/www.ummto.dz\/fs\/","name":"Facult\u00e9 des Sciences","description":"universit\u00e9 Moulous Mammeri de Tizi-Ouzou","potentialAction":[{"@type":"SearchAction","target":{"@type":"EntryPoint","urlTemplate":"https:\/\/www.ummto.dz\/fs\/?s={search_term_string}"},"query-input":{"@type":"PropertyValueSpecification","valueRequired":true,"valueName":"search_term_string"}}],"inLanguage":"fr-FR"},{"@type":"Person","@id":"https:\/\/www.ummto.dz\/fs\/#\/schema\/person\/d25c34844cf5a43d9fc6b524d80770e2","name":"Math\u00e9matiques","url":"https:\/\/www.ummto.dz\/fs\/author\/mi\/"}]}},"_links":{"self":[{"href":"https:\/\/www.ummto.dz\/fs\/wp-json\/wp\/v2\/posts\/17230","targetHints":{"allow":["GET"]}}],"collection":[{"href":"https:\/\/www.ummto.dz\/fs\/wp-json\/wp\/v2\/posts"}],"about":[{"href":"https:\/\/www.ummto.dz\/fs\/wp-json\/wp\/v2\/types\/post"}],"author":[{"embeddable":true,"href":"https:\/\/www.ummto.dz\/fs\/wp-json\/wp\/v2\/users\/18"}],"replies":[{"embeddable":true,"href":"https:\/\/www.ummto.dz\/fs\/wp-json\/wp\/v2\/comments?post=17230"}],"version-history":[{"count":2,"href":"https:\/\/www.ummto.dz\/fs\/wp-json\/wp\/v2\/posts\/17230\/revisions"}],"predecessor-version":[{"id":17236,"href":"https:\/\/www.ummto.dz\/fs\/wp-json\/wp\/v2\/posts\/17230\/revisions\/17236"}],"wp:featuredmedia":[{"embeddable":true,"href":"https:\/\/www.ummto.dz\/fs\/wp-json\/wp\/v2\/media\/14873"}],"wp:attachment":[{"href":"https:\/\/www.ummto.dz\/fs\/wp-json\/wp\/v2\/media?parent=17230"}],"wp:term":[{"taxonomy":"category","embeddable":true,"href":"https:\/\/www.ummto.dz\/fs\/wp-json\/wp\/v2\/categories?post=17230"},{"taxonomy":"post_tag","embeddable":true,"href":"https:\/\/www.ummto.dz\/fs\/wp-json\/wp\/v2\/tags?post=17230"}],"curies":[{"name":"wp","href":"https:\/\/api.w.org\/{rel}","templated":true}]}}