{"id":1922,"date":"2020-09-17T14:46:19","date_gmt":"2020-09-17T12:46:19","guid":{"rendered":"http:\/\/fs.ummto.dz\/?p=1922"},"modified":"2021-11-15T11:41:32","modified_gmt":"2021-11-15T10:41:32","slug":"emplois-du-temps-departement-de-maths","status":"publish","type":"post","link":"https:\/\/www.ummto.dz\/fs\/emplois-du-temps-departement-de-maths\/","title":{"rendered":"Emplois du temps ( D\u00e9partement de Maths )"},"content":{"rendered":"<p><img decoding=\"async\" class=\"wp-image-1527 size-medium alignright\" src=\"https:\/\/www.ummto.dz\/fs\/wp-content\/uploads\/2019\/09\/emploi-d-temps--150x150.jpg\" alt=\"\" width=\"150\" height=\"150\" srcset=\"https:\/\/www.ummto.dz\/fs\/wp-content\/uploads\/2019\/09\/emploi-d-temps--150x150.jpg 150w, https:\/\/www.ummto.dz\/fs\/wp-content\/uploads\/2019\/09\/emploi-d-temps--160x160.jpg 160w\" sizes=\"(max-width: 150px) 100vw, 150px\" \/><\/p>\n<p><span style=\"color: #ff0000\">Emplois du temps:\u00a0<\/span><\/p>\n<ul>\n<li><a href=\"http:\/\/www.ummto.dz\/fs\/wp-content\/uploads\/2020\/09\/Emlpois-du-temps-L2-septembre-2020-2.pdf\" target=\"_blank\" rel=\"noopener\">Emlpois du temps L2 septembre 2020 (2)<\/a><\/li>\n<li><a href=\"http:\/\/www.ummto.dz\/fs\/wp-content\/uploads\/2020\/09\/Emplois-du-temps-Master-MAG-2020.pdf\" target=\"_blank\" rel=\"noopener\">Emplois du temps Master MAG 2020<\/a><\/li>\n<li><a href=\"http:\/\/www.ummto.dz\/fs\/wp-content\/uploads\/2020\/09\/Emplois-du-temps-Master-PS-2020.pdf\" target=\"_blank\" rel=\"noopener\">Emplois du temps Master PS 2020<\/a><\/li>\n<li><a href=\"http:\/\/www.ummto.dz\/fs\/wp-content\/uploads\/2020\/09\/Emplois-du-temps-Master-RO-2020-1.pdf\">Emplois du temps Master RO 2020<\/a><\/li>\n<\/ul>\n<p>&nbsp;<\/p>\n","protected":false},"excerpt":{"rendered":"<p>Emplois du temps:\u00a0 Emlpois du temps L2 septembre 2020 (2) Emplois du temps Master MAG 2020 Emplois du temps Master PS 2020 Emplois du temps Master RO 2020 &nbsp;<\/p>\n","protected":false},"author":1,"featured_media":1527,"comment_status":"open","ping_status":"open","sticky":false,"template":"","format":"standard","meta":{"_et_pb_use_builder":"","_et_pb_old_content":"","_et_gb_content_width":"","footnotes":""},"categories":[1],"tags":[],"class_list":["post-1922","post","type-post","status-publish","format-standard","has-post-thumbnail","hentry","category-non-classe"],"yoast_head":"<!-- This site is optimized with the Yoast SEO plugin v27.3 - https:\/\/yoast.com\/product\/yoast-seo-wordpress\/ -->\n<title>Emplois du temps ( D\u00e9partement de Maths ) - Facult\u00e9 des Sciences<\/title>\n<meta name=\"robots\" content=\"index, follow, max-snippet:-1, max-image-preview:large, max-video-preview:-1\" \/>\n<link rel=\"canonical\" href=\"https:\/\/www.ummto.dz\/fs\/emplois-du-temps-departement-de-maths\/\" \/>\n<meta property=\"og:locale\" content=\"fr_FR\" \/>\n<meta property=\"og:type\" content=\"article\" \/>\n<meta property=\"og:title\" content=\"Emplois du temps ( D\u00e9partement de Maths ) - Facult\u00e9 des Sciences\" \/>\n<meta property=\"og:description\" content=\"Emplois du temps:\u00a0 Emlpois du temps L2 septembre 2020 (2) Emplois du temps Master MAG 2020 Emplois du temps Master PS 2020 Emplois du temps Master RO 2020 &nbsp;\" \/>\n<meta property=\"og:url\" content=\"https:\/\/www.ummto.dz\/fs\/emplois-du-temps-departement-de-maths\/\" \/>\n<meta property=\"og:site_name\" content=\"Facult\u00e9 des Sciences\" \/>\n<meta property=\"article:published_time\" content=\"2020-09-17T12:46:19+00:00\" \/>\n<meta property=\"article:modified_time\" content=\"2021-11-15T10:41:32+00:00\" \/>\n<meta property=\"og:image\" content=\"https:\/\/www.ummto.dz\/fs\/wp-content\/uploads\/2019\/09\/emploi-d-temps-.jpg\" \/>\n\t<meta property=\"og:image:width\" content=\"241\" \/>\n\t<meta property=\"og:image:height\" content=\"209\" \/>\n\t<meta property=\"og:image:type\" content=\"image\/jpeg\" \/>\n<meta name=\"author\" content=\"maidi nacima\" \/>\n<meta name=\"twitter:card\" content=\"summary_large_image\" \/>\n<meta name=\"twitter:label1\" content=\"\u00c9crit par\" \/>\n\t<meta name=\"twitter:data1\" content=\"maidi nacima\" \/>\n\t<meta name=\"twitter:label2\" content=\"Dur\u00e9e de lecture estim\u00e9e\" \/>\n\t<meta name=\"twitter:data2\" content=\"1 minute\" \/>\n<script type=\"application\/ld+json\" class=\"yoast-schema-graph\">{\"@context\":\"https:\\\/\\\/schema.org\",\"@graph\":[{\"@type\":\"Article\",\"@id\":\"https:\\\/\\\/www.ummto.dz\\\/fs\\\/emplois-du-temps-departement-de-maths\\\/#article\",\"isPartOf\":{\"@id\":\"https:\\\/\\\/www.ummto.dz\\\/fs\\\/emplois-du-temps-departement-de-maths\\\/\"},\"author\":{\"name\":\"maidi nacima\",\"@id\":\"https:\\\/\\\/www.ummto.dz\\\/fs\\\/#\\\/schema\\\/person\\\/f0a19398acbf302f06e4a25788979a7c\"},\"headline\":\"Emplois du temps ( D\u00e9partement de Maths )\",\"datePublished\":\"2020-09-17T12:46:19+00:00\",\"dateModified\":\"2021-11-15T10:41:32+00:00\",\"mainEntityOfPage\":{\"@id\":\"https:\\\/\\\/www.ummto.dz\\\/fs\\\/emplois-du-temps-departement-de-maths\\\/\"},\"wordCount\":31,\"commentCount\":0,\"image\":{\"@id\":\"https:\\\/\\\/www.ummto.dz\\\/fs\\\/emplois-du-temps-departement-de-maths\\\/#primaryimage\"},\"thumbnailUrl\":\"https:\\\/\\\/www.ummto.dz\\\/fs\\\/wp-content\\\/uploads\\\/2019\\\/09\\\/emploi-d-temps-.jpg\",\"articleSection\":[\"Actualit\u00e9\"],\"inLanguage\":\"fr-FR\",\"potentialAction\":[{\"@type\":\"CommentAction\",\"name\":\"Comment\",\"target\":[\"https:\\\/\\\/www.ummto.dz\\\/fs\\\/emplois-du-temps-departement-de-maths\\\/#respond\"]}]},{\"@type\":\"WebPage\",\"@id\":\"https:\\\/\\\/www.ummto.dz\\\/fs\\\/emplois-du-temps-departement-de-maths\\\/\",\"url\":\"https:\\\/\\\/www.ummto.dz\\\/fs\\\/emplois-du-temps-departement-de-maths\\\/\",\"name\":\"Emplois du temps ( D\u00e9partement de Maths ) - Facult\u00e9 des Sciences\",\"isPartOf\":{\"@id\":\"https:\\\/\\\/www.ummto.dz\\\/fs\\\/#website\"},\"primaryImageOfPage\":{\"@id\":\"https:\\\/\\\/www.ummto.dz\\\/fs\\\/emplois-du-temps-departement-de-maths\\\/#primaryimage\"},\"image\":{\"@id\":\"https:\\\/\\\/www.ummto.dz\\\/fs\\\/emplois-du-temps-departement-de-maths\\\/#primaryimage\"},\"thumbnailUrl\":\"https:\\\/\\\/www.ummto.dz\\\/fs\\\/wp-content\\\/uploads\\\/2019\\\/09\\\/emploi-d-temps-.jpg\",\"datePublished\":\"2020-09-17T12:46:19+00:00\",\"dateModified\":\"2021-11-15T10:41:32+00:00\",\"author\":{\"@id\":\"https:\\\/\\\/www.ummto.dz\\\/fs\\\/#\\\/schema\\\/person\\\/f0a19398acbf302f06e4a25788979a7c\"},\"breadcrumb\":{\"@id\":\"https:\\\/\\\/www.ummto.dz\\\/fs\\\/emplois-du-temps-departement-de-maths\\\/#breadcrumb\"},\"inLanguage\":\"fr-FR\",\"potentialAction\":[{\"@type\":\"ReadAction\",\"target\":[\"https:\\\/\\\/www.ummto.dz\\\/fs\\\/emplois-du-temps-departement-de-maths\\\/\"]}]},{\"@type\":\"ImageObject\",\"inLanguage\":\"fr-FR\",\"@id\":\"https:\\\/\\\/www.ummto.dz\\\/fs\\\/emplois-du-temps-departement-de-maths\\\/#primaryimage\",\"url\":\"https:\\\/\\\/www.ummto.dz\\\/fs\\\/wp-content\\\/uploads\\\/2019\\\/09\\\/emploi-d-temps-.jpg\",\"contentUrl\":\"https:\\\/\\\/www.ummto.dz\\\/fs\\\/wp-content\\\/uploads\\\/2019\\\/09\\\/emploi-d-temps-.jpg\",\"width\":241,\"height\":209},{\"@type\":\"BreadcrumbList\",\"@id\":\"https:\\\/\\\/www.ummto.dz\\\/fs\\\/emplois-du-temps-departement-de-maths\\\/#breadcrumb\",\"itemListElement\":[{\"@type\":\"ListItem\",\"position\":1,\"name\":\"Accueil\",\"item\":\"https:\\\/\\\/www.ummto.dz\\\/fs\\\/\"},{\"@type\":\"ListItem\",\"position\":2,\"name\":\"Emplois du temps ( D\u00e9partement de Maths )\"}]},{\"@type\":\"WebSite\",\"@id\":\"https:\\\/\\\/www.ummto.dz\\\/fs\\\/#website\",\"url\":\"https:\\\/\\\/www.ummto.dz\\\/fs\\\/\",\"name\":\"Facult\u00e9 des Sciences\",\"description\":\"universit\u00e9 Moulous Mammeri de Tizi-Ouzou\",\"potentialAction\":[{\"@type\":\"SearchAction\",\"target\":{\"@type\":\"EntryPoint\",\"urlTemplate\":\"https:\\\/\\\/www.ummto.dz\\\/fs\\\/?s={search_term_string}\"},\"query-input\":{\"@type\":\"PropertyValueSpecification\",\"valueRequired\":true,\"valueName\":\"search_term_string\"}}],\"inLanguage\":\"fr-FR\"},{\"@type\":\"Person\",\"@id\":\"https:\\\/\\\/www.ummto.dz\\\/fs\\\/#\\\/schema\\\/person\\\/f0a19398acbf302f06e4a25788979a7c\",\"name\":\"maidi nacima\",\"url\":\"https:\\\/\\\/www.ummto.dz\\\/fs\\\/author\\\/maidi-nacima\\\/\"}]}<\/script>\n<!-- \/ Yoast SEO plugin. -->","yoast_head_json":{"title":"Emplois du temps ( D\u00e9partement de Maths ) - Facult\u00e9 des Sciences","robots":{"index":"index","follow":"follow","max-snippet":"max-snippet:-1","max-image-preview":"max-image-preview:large","max-video-preview":"max-video-preview:-1"},"canonical":"https:\/\/www.ummto.dz\/fs\/emplois-du-temps-departement-de-maths\/","og_locale":"fr_FR","og_type":"article","og_title":"Emplois du temps ( D\u00e9partement de Maths ) - Facult\u00e9 des Sciences","og_description":"Emplois du temps:\u00a0 Emlpois du temps L2 septembre 2020 (2) Emplois du temps Master MAG 2020 Emplois du temps Master PS 2020 Emplois du temps Master RO 2020 &nbsp;","og_url":"https:\/\/www.ummto.dz\/fs\/emplois-du-temps-departement-de-maths\/","og_site_name":"Facult\u00e9 des Sciences","article_published_time":"2020-09-17T12:46:19+00:00","article_modified_time":"2021-11-15T10:41:32+00:00","og_image":[{"width":241,"height":209,"url":"https:\/\/www.ummto.dz\/fs\/wp-content\/uploads\/2019\/09\/emploi-d-temps-.jpg","type":"image\/jpeg"}],"author":"maidi nacima","twitter_card":"summary_large_image","twitter_misc":{"\u00c9crit par":"maidi nacima","Dur\u00e9e de lecture estim\u00e9e":"1 minute"},"schema":{"@context":"https:\/\/schema.org","@graph":[{"@type":"Article","@id":"https:\/\/www.ummto.dz\/fs\/emplois-du-temps-departement-de-maths\/#article","isPartOf":{"@id":"https:\/\/www.ummto.dz\/fs\/emplois-du-temps-departement-de-maths\/"},"author":{"name":"maidi nacima","@id":"https:\/\/www.ummto.dz\/fs\/#\/schema\/person\/f0a19398acbf302f06e4a25788979a7c"},"headline":"Emplois du temps ( D\u00e9partement de Maths )","datePublished":"2020-09-17T12:46:19+00:00","dateModified":"2021-11-15T10:41:32+00:00","mainEntityOfPage":{"@id":"https:\/\/www.ummto.dz\/fs\/emplois-du-temps-departement-de-maths\/"},"wordCount":31,"commentCount":0,"image":{"@id":"https:\/\/www.ummto.dz\/fs\/emplois-du-temps-departement-de-maths\/#primaryimage"},"thumbnailUrl":"https:\/\/www.ummto.dz\/fs\/wp-content\/uploads\/2019\/09\/emploi-d-temps-.jpg","articleSection":["Actualit\u00e9"],"inLanguage":"fr-FR","potentialAction":[{"@type":"CommentAction","name":"Comment","target":["https:\/\/www.ummto.dz\/fs\/emplois-du-temps-departement-de-maths\/#respond"]}]},{"@type":"WebPage","@id":"https:\/\/www.ummto.dz\/fs\/emplois-du-temps-departement-de-maths\/","url":"https:\/\/www.ummto.dz\/fs\/emplois-du-temps-departement-de-maths\/","name":"Emplois du temps ( D\u00e9partement de Maths ) - Facult\u00e9 des Sciences","isPartOf":{"@id":"https:\/\/www.ummto.dz\/fs\/#website"},"primaryImageOfPage":{"@id":"https:\/\/www.ummto.dz\/fs\/emplois-du-temps-departement-de-maths\/#primaryimage"},"image":{"@id":"https:\/\/www.ummto.dz\/fs\/emplois-du-temps-departement-de-maths\/#primaryimage"},"thumbnailUrl":"https:\/\/www.ummto.dz\/fs\/wp-content\/uploads\/2019\/09\/emploi-d-temps-.jpg","datePublished":"2020-09-17T12:46:19+00:00","dateModified":"2021-11-15T10:41:32+00:00","author":{"@id":"https:\/\/www.ummto.dz\/fs\/#\/schema\/person\/f0a19398acbf302f06e4a25788979a7c"},"breadcrumb":{"@id":"https:\/\/www.ummto.dz\/fs\/emplois-du-temps-departement-de-maths\/#breadcrumb"},"inLanguage":"fr-FR","potentialAction":[{"@type":"ReadAction","target":["https:\/\/www.ummto.dz\/fs\/emplois-du-temps-departement-de-maths\/"]}]},{"@type":"ImageObject","inLanguage":"fr-FR","@id":"https:\/\/www.ummto.dz\/fs\/emplois-du-temps-departement-de-maths\/#primaryimage","url":"https:\/\/www.ummto.dz\/fs\/wp-content\/uploads\/2019\/09\/emploi-d-temps-.jpg","contentUrl":"https:\/\/www.ummto.dz\/fs\/wp-content\/uploads\/2019\/09\/emploi-d-temps-.jpg","width":241,"height":209},{"@type":"BreadcrumbList","@id":"https:\/\/www.ummto.dz\/fs\/emplois-du-temps-departement-de-maths\/#breadcrumb","itemListElement":[{"@type":"ListItem","position":1,"name":"Accueil","item":"https:\/\/www.ummto.dz\/fs\/"},{"@type":"ListItem","position":2,"name":"Emplois du temps ( D\u00e9partement de Maths )"}]},{"@type":"WebSite","@id":"https:\/\/www.ummto.dz\/fs\/#website","url":"https:\/\/www.ummto.dz\/fs\/","name":"Facult\u00e9 des Sciences","description":"universit\u00e9 Moulous Mammeri de Tizi-Ouzou","potentialAction":[{"@type":"SearchAction","target":{"@type":"EntryPoint","urlTemplate":"https:\/\/www.ummto.dz\/fs\/?s={search_term_string}"},"query-input":{"@type":"PropertyValueSpecification","valueRequired":true,"valueName":"search_term_string"}}],"inLanguage":"fr-FR"},{"@type":"Person","@id":"https:\/\/www.ummto.dz\/fs\/#\/schema\/person\/f0a19398acbf302f06e4a25788979a7c","name":"maidi nacima","url":"https:\/\/www.ummto.dz\/fs\/author\/maidi-nacima\/"}]}},"_links":{"self":[{"href":"https:\/\/www.ummto.dz\/fs\/wp-json\/wp\/v2\/posts\/1922","targetHints":{"allow":["GET"]}}],"collection":[{"href":"https:\/\/www.ummto.dz\/fs\/wp-json\/wp\/v2\/posts"}],"about":[{"href":"https:\/\/www.ummto.dz\/fs\/wp-json\/wp\/v2\/types\/post"}],"author":[{"embeddable":true,"href":"https:\/\/www.ummto.dz\/fs\/wp-json\/wp\/v2\/users\/1"}],"replies":[{"embeddable":true,"href":"https:\/\/www.ummto.dz\/fs\/wp-json\/wp\/v2\/comments?post=1922"}],"version-history":[{"count":3,"href":"https:\/\/www.ummto.dz\/fs\/wp-json\/wp\/v2\/posts\/1922\/revisions"}],"predecessor-version":[{"id":8360,"href":"https:\/\/www.ummto.dz\/fs\/wp-json\/wp\/v2\/posts\/1922\/revisions\/8360"}],"wp:featuredmedia":[{"embeddable":true,"href":"https:\/\/www.ummto.dz\/fs\/wp-json\/wp\/v2\/media\/1527"}],"wp:attachment":[{"href":"https:\/\/www.ummto.dz\/fs\/wp-json\/wp\/v2\/media?parent=1922"}],"wp:term":[{"taxonomy":"category","embeddable":true,"href":"https:\/\/www.ummto.dz\/fs\/wp-json\/wp\/v2\/categories?post=1922"},{"taxonomy":"post_tag","embeddable":true,"href":"https:\/\/www.ummto.dz\/fs\/wp-json\/wp\/v2\/tags?post=1922"}],"curies":[{"name":"wp","href":"https:\/\/api.w.org\/{rel}","templated":true}]}}