{"id":1955,"date":"2020-09-21T13:02:35","date_gmt":"2020-09-21T11:02:35","guid":{"rendered":"http:\/\/fs.ummto.dz\/?p=1955"},"modified":"2021-11-15T11:36:28","modified_gmt":"2021-11-15T10:36:28","slug":"reprise-en-presentiel-departement-mathematique","status":"publish","type":"post","link":"https:\/\/www.ummto.dz\/fs\/reprise-en-presentiel-departement-mathematique\/","title":{"rendered":"La reprise en pr\u00e9sentiel D\u00e9partement Math\u00e9matique"},"content":{"rendered":"<h4><img decoding=\"async\" class=\"wp-image-1125 size-medium alignright\" src=\"https:\/\/www.ummto.dz\/fs\/wp-content\/uploads\/2018\/10\/important-320x320-300x300.jpg\" alt=\"\" width=\"300\" height=\"300\" srcset=\"https:\/\/www.ummto.dz\/fs\/wp-content\/uploads\/2018\/10\/important-320x320-300x300.jpg 300w, https:\/\/www.ummto.dz\/fs\/wp-content\/uploads\/2018\/10\/important-320x320-150x150.jpg 150w, https:\/\/www.ummto.dz\/fs\/wp-content\/uploads\/2018\/10\/important-320x320-160x160.jpg 160w, https:\/\/www.ummto.dz\/fs\/wp-content\/uploads\/2018\/10\/important-320x320.jpg 320w\" sizes=\"(max-width: 300px) 100vw, 300px\" \/><\/h4>\n<h4 class=\"entry-title\"><span style=\"color: #000080\"><strong><span class=\"text-title\">La reprise en pr\u00e9sentiel D\u00e9partement Math\u00e9matique:\u00a0<\/span><\/strong><\/span><\/h4>\n<p><strong><span style=\"color: #333399\">La 1\u00e8re\u00a0vague:<\/span><\/strong><\/p>\n<p>Les cours en pr\u00e9sentiel au d\u00e9partement de maths commenceront ce dimanche 20 septembre \u00e0 8h et s\u2019arr\u00eateront le 08 octobre. .<br \/>\npour la <span style=\"color: #000000\">1\u00e8re <\/span>vague concern\u00e9e sont les <strong><span style=\"color: #ff0000\">Masters M1 (S2) et les L2 (S1)<\/span><\/strong>, chaque section \u00e9tant scind\u00e9e en 2.<br \/>\nLes cours condens\u00e9s s\u2019\u00e9taleront sur 3 semaines, o\u00f9 les enseignants doivent r\u00e9sumer ce qu\u2019ils avaient mis on ligne comme cours, TDs et TPs.<br \/>\nLes divers examens se feront alors dans les 10 jours suivants.<br \/>\nLes charg\u00e9s de cours \u00e9tant les responsables de modules, Ils verront comment organiser leurs r\u00e9sum\u00e9s de ces cours, TDs et TPs.<\/p>\n<p><strong><span style=\"color: #333399\">La 2 \u00e8me vague<\/span> :\u00a0<\/strong><br \/>\nLa 2 \u00e8me vague concernera les <strong><span style=\"color: #ff0000\">L3 (S1)<\/span><\/strong> et d\u00e9butera le 21 octobre et s\u2019arr\u00eatera le 21 novembre.<br \/>\nLes d\u00e9lib\u00e9rations auront lieu du 22 au 30 novembre 2020.<br \/>\nLes masters commenceront la nouvelle ann\u00e9e (M2) le 1er d\u00e9cembre 2020 et les L2,L3 le semestre 2.<\/p>\n","protected":false},"excerpt":{"rendered":"<p>La reprise en pr\u00e9sentiel D\u00e9partement Math\u00e9matique:\u00a0 La 1\u00e8re\u00a0vague: Les cours en pr\u00e9sentiel au d\u00e9partement de maths commenceront ce dimanche 20 septembre \u00e0 8h et s\u2019arr\u00eateront le 08 octobre. . pour la 1\u00e8re vague concern\u00e9e sont les Masters M1 (S2) et les L2 (S1), chaque section \u00e9tant scind\u00e9e en 2. Les cours condens\u00e9s s\u2019\u00e9taleront sur 3 [&hellip;]<\/p>\n","protected":false},"author":1,"featured_media":1125,"comment_status":"open","ping_status":"open","sticky":false,"template":"","format":"standard","meta":{"_et_pb_use_builder":"","_et_pb_old_content":"","_et_gb_content_width":"","footnotes":""},"categories":[1],"tags":[],"class_list":["post-1955","post","type-post","status-publish","format-standard","has-post-thumbnail","hentry","category-non-classe"],"yoast_head":"<!-- This site is optimized with the Yoast SEO plugin v27.3 - https:\/\/yoast.com\/product\/yoast-seo-wordpress\/ -->\n<title>La reprise en pr\u00e9sentiel D\u00e9partement Math\u00e9matique - Facult\u00e9 des Sciences<\/title>\n<meta name=\"robots\" content=\"index, follow, max-snippet:-1, max-image-preview:large, max-video-preview:-1\" \/>\n<link rel=\"canonical\" href=\"https:\/\/www.ummto.dz\/fs\/reprise-en-presentiel-departement-mathematique\/\" \/>\n<meta property=\"og:locale\" content=\"fr_FR\" \/>\n<meta property=\"og:type\" content=\"article\" \/>\n<meta property=\"og:title\" content=\"La reprise en pr\u00e9sentiel D\u00e9partement Math\u00e9matique - Facult\u00e9 des Sciences\" \/>\n<meta property=\"og:description\" content=\"La reprise en pr\u00e9sentiel D\u00e9partement Math\u00e9matique:\u00a0 La 1\u00e8re\u00a0vague: Les cours en pr\u00e9sentiel au d\u00e9partement de maths commenceront ce dimanche 20 septembre \u00e0 8h et s\u2019arr\u00eateront le 08 octobre. . pour la 1\u00e8re vague concern\u00e9e sont les Masters M1 (S2) et les L2 (S1), chaque section \u00e9tant scind\u00e9e en 2. Les cours condens\u00e9s s\u2019\u00e9taleront sur 3 [&hellip;]\" \/>\n<meta property=\"og:url\" content=\"https:\/\/www.ummto.dz\/fs\/reprise-en-presentiel-departement-mathematique\/\" \/>\n<meta property=\"og:site_name\" content=\"Facult\u00e9 des Sciences\" \/>\n<meta property=\"article:published_time\" content=\"2020-09-21T11:02:35+00:00\" \/>\n<meta property=\"article:modified_time\" content=\"2021-11-15T10:36:28+00:00\" \/>\n<meta property=\"og:image\" content=\"https:\/\/www.ummto.dz\/fs\/wp-content\/uploads\/2018\/10\/important-320x320.jpg\" \/>\n\t<meta property=\"og:image:width\" content=\"320\" \/>\n\t<meta property=\"og:image:height\" content=\"320\" \/>\n\t<meta property=\"og:image:type\" content=\"image\/jpeg\" \/>\n<meta name=\"author\" content=\"maidi nacima\" \/>\n<meta name=\"twitter:card\" content=\"summary_large_image\" \/>\n<meta name=\"twitter:label1\" content=\"\u00c9crit par\" \/>\n\t<meta name=\"twitter:data1\" content=\"maidi nacima\" \/>\n\t<meta name=\"twitter:label2\" content=\"Dur\u00e9e de lecture estim\u00e9e\" \/>\n\t<meta name=\"twitter:data2\" content=\"1 minute\" \/>\n<script type=\"application\/ld+json\" class=\"yoast-schema-graph\">{\"@context\":\"https:\\\/\\\/schema.org\",\"@graph\":[{\"@type\":\"Article\",\"@id\":\"https:\\\/\\\/www.ummto.dz\\\/fs\\\/reprise-en-presentiel-departement-mathematique\\\/#article\",\"isPartOf\":{\"@id\":\"https:\\\/\\\/www.ummto.dz\\\/fs\\\/reprise-en-presentiel-departement-mathematique\\\/\"},\"author\":{\"name\":\"maidi nacima\",\"@id\":\"https:\\\/\\\/www.ummto.dz\\\/fs\\\/#\\\/schema\\\/person\\\/f0a19398acbf302f06e4a25788979a7c\"},\"headline\":\"La reprise en pr\u00e9sentiel D\u00e9partement Math\u00e9matique\",\"datePublished\":\"2020-09-21T11:02:35+00:00\",\"dateModified\":\"2021-11-15T10:36:28+00:00\",\"mainEntityOfPage\":{\"@id\":\"https:\\\/\\\/www.ummto.dz\\\/fs\\\/reprise-en-presentiel-departement-mathematique\\\/\"},\"wordCount\":171,\"commentCount\":0,\"image\":{\"@id\":\"https:\\\/\\\/www.ummto.dz\\\/fs\\\/reprise-en-presentiel-departement-mathematique\\\/#primaryimage\"},\"thumbnailUrl\":\"https:\\\/\\\/www.ummto.dz\\\/fs\\\/wp-content\\\/uploads\\\/2018\\\/10\\\/important-320x320.jpg\",\"articleSection\":[\"Actualit\u00e9\"],\"inLanguage\":\"fr-FR\",\"potentialAction\":[{\"@type\":\"CommentAction\",\"name\":\"Comment\",\"target\":[\"https:\\\/\\\/www.ummto.dz\\\/fs\\\/reprise-en-presentiel-departement-mathematique\\\/#respond\"]}]},{\"@type\":\"WebPage\",\"@id\":\"https:\\\/\\\/www.ummto.dz\\\/fs\\\/reprise-en-presentiel-departement-mathematique\\\/\",\"url\":\"https:\\\/\\\/www.ummto.dz\\\/fs\\\/reprise-en-presentiel-departement-mathematique\\\/\",\"name\":\"La reprise en pr\u00e9sentiel D\u00e9partement Math\u00e9matique - Facult\u00e9 des Sciences\",\"isPartOf\":{\"@id\":\"https:\\\/\\\/www.ummto.dz\\\/fs\\\/#website\"},\"primaryImageOfPage\":{\"@id\":\"https:\\\/\\\/www.ummto.dz\\\/fs\\\/reprise-en-presentiel-departement-mathematique\\\/#primaryimage\"},\"image\":{\"@id\":\"https:\\\/\\\/www.ummto.dz\\\/fs\\\/reprise-en-presentiel-departement-mathematique\\\/#primaryimage\"},\"thumbnailUrl\":\"https:\\\/\\\/www.ummto.dz\\\/fs\\\/wp-content\\\/uploads\\\/2018\\\/10\\\/important-320x320.jpg\",\"datePublished\":\"2020-09-21T11:02:35+00:00\",\"dateModified\":\"2021-11-15T10:36:28+00:00\",\"author\":{\"@id\":\"https:\\\/\\\/www.ummto.dz\\\/fs\\\/#\\\/schema\\\/person\\\/f0a19398acbf302f06e4a25788979a7c\"},\"breadcrumb\":{\"@id\":\"https:\\\/\\\/www.ummto.dz\\\/fs\\\/reprise-en-presentiel-departement-mathematique\\\/#breadcrumb\"},\"inLanguage\":\"fr-FR\",\"potentialAction\":[{\"@type\":\"ReadAction\",\"target\":[\"https:\\\/\\\/www.ummto.dz\\\/fs\\\/reprise-en-presentiel-departement-mathematique\\\/\"]}]},{\"@type\":\"ImageObject\",\"inLanguage\":\"fr-FR\",\"@id\":\"https:\\\/\\\/www.ummto.dz\\\/fs\\\/reprise-en-presentiel-departement-mathematique\\\/#primaryimage\",\"url\":\"https:\\\/\\\/www.ummto.dz\\\/fs\\\/wp-content\\\/uploads\\\/2018\\\/10\\\/important-320x320.jpg\",\"contentUrl\":\"https:\\\/\\\/www.ummto.dz\\\/fs\\\/wp-content\\\/uploads\\\/2018\\\/10\\\/important-320x320.jpg\",\"width\":320,\"height\":320},{\"@type\":\"BreadcrumbList\",\"@id\":\"https:\\\/\\\/www.ummto.dz\\\/fs\\\/reprise-en-presentiel-departement-mathematique\\\/#breadcrumb\",\"itemListElement\":[{\"@type\":\"ListItem\",\"position\":1,\"name\":\"Accueil\",\"item\":\"https:\\\/\\\/www.ummto.dz\\\/fs\\\/\"},{\"@type\":\"ListItem\",\"position\":2,\"name\":\"La reprise en pr\u00e9sentiel D\u00e9partement Math\u00e9matique\"}]},{\"@type\":\"WebSite\",\"@id\":\"https:\\\/\\\/www.ummto.dz\\\/fs\\\/#website\",\"url\":\"https:\\\/\\\/www.ummto.dz\\\/fs\\\/\",\"name\":\"Facult\u00e9 des Sciences\",\"description\":\"universit\u00e9 Moulous Mammeri de Tizi-Ouzou\",\"potentialAction\":[{\"@type\":\"SearchAction\",\"target\":{\"@type\":\"EntryPoint\",\"urlTemplate\":\"https:\\\/\\\/www.ummto.dz\\\/fs\\\/?s={search_term_string}\"},\"query-input\":{\"@type\":\"PropertyValueSpecification\",\"valueRequired\":true,\"valueName\":\"search_term_string\"}}],\"inLanguage\":\"fr-FR\"},{\"@type\":\"Person\",\"@id\":\"https:\\\/\\\/www.ummto.dz\\\/fs\\\/#\\\/schema\\\/person\\\/f0a19398acbf302f06e4a25788979a7c\",\"name\":\"maidi nacima\",\"url\":\"https:\\\/\\\/www.ummto.dz\\\/fs\\\/author\\\/maidi-nacima\\\/\"}]}<\/script>\n<!-- \/ Yoast SEO plugin. -->","yoast_head_json":{"title":"La reprise en pr\u00e9sentiel D\u00e9partement Math\u00e9matique - Facult\u00e9 des Sciences","robots":{"index":"index","follow":"follow","max-snippet":"max-snippet:-1","max-image-preview":"max-image-preview:large","max-video-preview":"max-video-preview:-1"},"canonical":"https:\/\/www.ummto.dz\/fs\/reprise-en-presentiel-departement-mathematique\/","og_locale":"fr_FR","og_type":"article","og_title":"La reprise en pr\u00e9sentiel D\u00e9partement Math\u00e9matique - Facult\u00e9 des Sciences","og_description":"La reprise en pr\u00e9sentiel D\u00e9partement Math\u00e9matique:\u00a0 La 1\u00e8re\u00a0vague: Les cours en pr\u00e9sentiel au d\u00e9partement de maths commenceront ce dimanche 20 septembre \u00e0 8h et s\u2019arr\u00eateront le 08 octobre. . pour la 1\u00e8re vague concern\u00e9e sont les Masters M1 (S2) et les L2 (S1), chaque section \u00e9tant scind\u00e9e en 2. Les cours condens\u00e9s s\u2019\u00e9taleront sur 3 [&hellip;]","og_url":"https:\/\/www.ummto.dz\/fs\/reprise-en-presentiel-departement-mathematique\/","og_site_name":"Facult\u00e9 des Sciences","article_published_time":"2020-09-21T11:02:35+00:00","article_modified_time":"2021-11-15T10:36:28+00:00","og_image":[{"width":320,"height":320,"url":"https:\/\/www.ummto.dz\/fs\/wp-content\/uploads\/2018\/10\/important-320x320.jpg","type":"image\/jpeg"}],"author":"maidi nacima","twitter_card":"summary_large_image","twitter_misc":{"\u00c9crit par":"maidi nacima","Dur\u00e9e de lecture estim\u00e9e":"1 minute"},"schema":{"@context":"https:\/\/schema.org","@graph":[{"@type":"Article","@id":"https:\/\/www.ummto.dz\/fs\/reprise-en-presentiel-departement-mathematique\/#article","isPartOf":{"@id":"https:\/\/www.ummto.dz\/fs\/reprise-en-presentiel-departement-mathematique\/"},"author":{"name":"maidi nacima","@id":"https:\/\/www.ummto.dz\/fs\/#\/schema\/person\/f0a19398acbf302f06e4a25788979a7c"},"headline":"La reprise en pr\u00e9sentiel D\u00e9partement Math\u00e9matique","datePublished":"2020-09-21T11:02:35+00:00","dateModified":"2021-11-15T10:36:28+00:00","mainEntityOfPage":{"@id":"https:\/\/www.ummto.dz\/fs\/reprise-en-presentiel-departement-mathematique\/"},"wordCount":171,"commentCount":0,"image":{"@id":"https:\/\/www.ummto.dz\/fs\/reprise-en-presentiel-departement-mathematique\/#primaryimage"},"thumbnailUrl":"https:\/\/www.ummto.dz\/fs\/wp-content\/uploads\/2018\/10\/important-320x320.jpg","articleSection":["Actualit\u00e9"],"inLanguage":"fr-FR","potentialAction":[{"@type":"CommentAction","name":"Comment","target":["https:\/\/www.ummto.dz\/fs\/reprise-en-presentiel-departement-mathematique\/#respond"]}]},{"@type":"WebPage","@id":"https:\/\/www.ummto.dz\/fs\/reprise-en-presentiel-departement-mathematique\/","url":"https:\/\/www.ummto.dz\/fs\/reprise-en-presentiel-departement-mathematique\/","name":"La reprise en pr\u00e9sentiel D\u00e9partement Math\u00e9matique - Facult\u00e9 des Sciences","isPartOf":{"@id":"https:\/\/www.ummto.dz\/fs\/#website"},"primaryImageOfPage":{"@id":"https:\/\/www.ummto.dz\/fs\/reprise-en-presentiel-departement-mathematique\/#primaryimage"},"image":{"@id":"https:\/\/www.ummto.dz\/fs\/reprise-en-presentiel-departement-mathematique\/#primaryimage"},"thumbnailUrl":"https:\/\/www.ummto.dz\/fs\/wp-content\/uploads\/2018\/10\/important-320x320.jpg","datePublished":"2020-09-21T11:02:35+00:00","dateModified":"2021-11-15T10:36:28+00:00","author":{"@id":"https:\/\/www.ummto.dz\/fs\/#\/schema\/person\/f0a19398acbf302f06e4a25788979a7c"},"breadcrumb":{"@id":"https:\/\/www.ummto.dz\/fs\/reprise-en-presentiel-departement-mathematique\/#breadcrumb"},"inLanguage":"fr-FR","potentialAction":[{"@type":"ReadAction","target":["https:\/\/www.ummto.dz\/fs\/reprise-en-presentiel-departement-mathematique\/"]}]},{"@type":"ImageObject","inLanguage":"fr-FR","@id":"https:\/\/www.ummto.dz\/fs\/reprise-en-presentiel-departement-mathematique\/#primaryimage","url":"https:\/\/www.ummto.dz\/fs\/wp-content\/uploads\/2018\/10\/important-320x320.jpg","contentUrl":"https:\/\/www.ummto.dz\/fs\/wp-content\/uploads\/2018\/10\/important-320x320.jpg","width":320,"height":320},{"@type":"BreadcrumbList","@id":"https:\/\/www.ummto.dz\/fs\/reprise-en-presentiel-departement-mathematique\/#breadcrumb","itemListElement":[{"@type":"ListItem","position":1,"name":"Accueil","item":"https:\/\/www.ummto.dz\/fs\/"},{"@type":"ListItem","position":2,"name":"La reprise en pr\u00e9sentiel D\u00e9partement Math\u00e9matique"}]},{"@type":"WebSite","@id":"https:\/\/www.ummto.dz\/fs\/#website","url":"https:\/\/www.ummto.dz\/fs\/","name":"Facult\u00e9 des Sciences","description":"universit\u00e9 Moulous Mammeri de Tizi-Ouzou","potentialAction":[{"@type":"SearchAction","target":{"@type":"EntryPoint","urlTemplate":"https:\/\/www.ummto.dz\/fs\/?s={search_term_string}"},"query-input":{"@type":"PropertyValueSpecification","valueRequired":true,"valueName":"search_term_string"}}],"inLanguage":"fr-FR"},{"@type":"Person","@id":"https:\/\/www.ummto.dz\/fs\/#\/schema\/person\/f0a19398acbf302f06e4a25788979a7c","name":"maidi nacima","url":"https:\/\/www.ummto.dz\/fs\/author\/maidi-nacima\/"}]}},"_links":{"self":[{"href":"https:\/\/www.ummto.dz\/fs\/wp-json\/wp\/v2\/posts\/1955","targetHints":{"allow":["GET"]}}],"collection":[{"href":"https:\/\/www.ummto.dz\/fs\/wp-json\/wp\/v2\/posts"}],"about":[{"href":"https:\/\/www.ummto.dz\/fs\/wp-json\/wp\/v2\/types\/post"}],"author":[{"embeddable":true,"href":"https:\/\/www.ummto.dz\/fs\/wp-json\/wp\/v2\/users\/1"}],"replies":[{"embeddable":true,"href":"https:\/\/www.ummto.dz\/fs\/wp-json\/wp\/v2\/comments?post=1955"}],"version-history":[{"count":7,"href":"https:\/\/www.ummto.dz\/fs\/wp-json\/wp\/v2\/posts\/1955\/revisions"}],"predecessor-version":[{"id":8355,"href":"https:\/\/www.ummto.dz\/fs\/wp-json\/wp\/v2\/posts\/1955\/revisions\/8355"}],"wp:featuredmedia":[{"embeddable":true,"href":"https:\/\/www.ummto.dz\/fs\/wp-json\/wp\/v2\/media\/1125"}],"wp:attachment":[{"href":"https:\/\/www.ummto.dz\/fs\/wp-json\/wp\/v2\/media?parent=1955"}],"wp:term":[{"taxonomy":"category","embeddable":true,"href":"https:\/\/www.ummto.dz\/fs\/wp-json\/wp\/v2\/categories?post=1955"},{"taxonomy":"post_tag","embeddable":true,"href":"https:\/\/www.ummto.dz\/fs\/wp-json\/wp\/v2\/tags?post=1955"}],"curies":[{"name":"wp","href":"https:\/\/api.w.org\/{rel}","templated":true}]}}