{"id":21118,"date":"2023-09-21T09:37:39","date_gmt":"2023-09-21T07:37:39","guid":{"rendered":"https:\/\/www.ummto.dz\/fs\/?p=21118"},"modified":"2023-09-21T09:38:14","modified_gmt":"2023-09-21T07:38:14","slug":"emplois-du-temps-l2-maths-l3-maths-m1-ps-m1-ro-m1-masg-m2-ps-et-m2-ro-semestres-impairs","status":"publish","type":"post","link":"https:\/\/www.ummto.dz\/fs\/emplois-du-temps-l2-maths-l3-maths-m1-ps-m1-ro-m1-masg-m2-ps-et-m2-ro-semestres-impairs\/","title":{"rendered":"Emplois du temps L2-Maths, L3-Maths, M1-PS, M1-RO, M1-MASG, M2-PS et M2-RO (semestres impairs)"},"content":{"rendered":"<p>[et_pb_section fb_built=\u00a0\u00bb1&Prime; theme_builder_area=\u00a0\u00bbpost_content\u00a0\u00bb _builder_version=\u00a0\u00bb4.22.1&Prime; _module_preset=\u00a0\u00bbdefault\u00a0\u00bb][et_pb_row _builder_version=\u00a0\u00bb4.22.1&Prime; _module_preset=\u00a0\u00bbdefault\u00a0\u00bb theme_builder_area=\u00a0\u00bbpost_content\u00a0\u00bb][et_pb_column _builder_version=\u00a0\u00bb4.22.1&Prime; _module_preset=\u00a0\u00bbdefault\u00a0\u00bb type=\u00a0\u00bb4_4&Prime; theme_builder_area=\u00a0\u00bbpost_content\u00a0\u00bb][et_pb_text _builder_version=\u00a0\u00bb4.22.1&Prime; _module_preset=\u00a0\u00bbdefault\u00a0\u00bb theme_builder_area=\u00a0\u00bbpost_content\u00a0\u00bb]<\/p>\n<p>Les \u00e9tudiants de L2-Maths, L3-Maths, M1-PS, M1-RO, M1-MASG, M2-PS et M2-RO (semestres impairs) sont inform\u00e9s que le d\u00e9but des cours est fix\u00e9 pour dimanche 24\/09\/2023 \u00e0 partir de 08h00.<\/p>\n<p>Ci-dessous les emplois du temps des diff\u00e9rents niveaux.<\/p>\n<ol>\n<li><a href=\"https:\/\/www.ummto.dz\/fs\/wp-content\/uploads\/2023\/09\/EDT-L2.pdf\" rel=\"attachment wp-att-21120\">EDT L2<\/a><\/li>\n<li><a href=\"https:\/\/www.ummto.dz\/fs\/wp-content\/uploads\/2023\/09\/EDT-L3.pdf\" rel=\"attachment wp-att-21121\">EDT L3<\/a><\/li>\n<li><a href=\"https:\/\/www.ummto.dz\/fs\/wp-content\/uploads\/2023\/09\/EDT-M1-PS.pdf\" rel=\"attachment wp-att-21122\">EDT M1 PS<\/a><\/li>\n<li><a href=\"https:\/\/www.ummto.dz\/fs\/wp-content\/uploads\/2023\/09\/EDT-M1-RO.pdf\" rel=\"attachment wp-att-21123\">EDT M1 RO<\/a><\/li>\n<li><a href=\"https:\/\/www.ummto.dz\/fs\/wp-content\/uploads\/2023\/09\/EDT-MASG-M1.pdf\" rel=\"attachment wp-att-21124\">EDT MASG M1<\/a><\/li>\n<li><a href=\"https:\/\/www.ummto.dz\/fs\/wp-content\/uploads\/2023\/09\/EDT-M2-PS.pdf\" rel=\"attachment wp-att-21125\">EDT M2 PS<\/a><\/li>\n<li><a href=\"https:\/\/www.ummto.dz\/fs\/wp-content\/uploads\/2023\/09\/EDT-M2-RO.pdf\" rel=\"attachment wp-att-21126\">EDT M2 RO<\/a><\/li>\n<\/ol>\n<p>&nbsp;<\/p>\n<p><strong>N.B.<\/strong> Les salles de M1-PS, M1-RO, M2-PS et M2-RO (36-39) sont indisponibles durant les deux premi\u00e8res semaines. Vous trouverez les salles de remplacement au-dessous de chaque emploi du temps.<\/p>\n<p>Nous nous\u00a0 excusons pour ce\u00a0 d\u00e9sagr\u00e9ment.\u00a0<\/p>\n<p>[\/et_pb_text][\/et_pb_column][\/et_pb_row][\/et_pb_section]<\/p>\n","protected":false},"excerpt":{"rendered":"<p>Les \u00e9tudiants de L2-Maths, L3-Maths, M1-PS, M1-RO, M1-MASG, M2-PS et M2-RO (semestres impairs) sont inform\u00e9s que le d\u00e9but des cours est fix\u00e9 pour dimanche 24\/09\/2023 \u00e0 partir de 08h00. Ci-dessous les emplois du temps des diff\u00e9rents niveaux. EDT L2 EDT L3 EDT M1 PS EDT M1 RO EDT MASG M1 EDT M2 PS EDT M2 [&hellip;]<\/p>\n","protected":false},"author":18,"featured_media":1278,"comment_status":"closed","ping_status":"closed","sticky":false,"template":"","format":"standard","meta":{"_et_pb_use_builder":"on","_et_pb_old_content":"","_et_gb_content_width":"","footnotes":""},"categories":[9],"tags":[],"class_list":["post-21118","post","type-post","status-publish","format-standard","has-post-thumbnail","hentry","category-new_dep_maths"],"yoast_head":"<!-- This site is optimized with the Yoast SEO plugin v27.3 - https:\/\/yoast.com\/product\/yoast-seo-wordpress\/ -->\n<title>Emplois du temps L2-Maths, L3-Maths, M1-PS, M1-RO, M1-MASG, M2-PS et M2-RO (semestres impairs) - Facult\u00e9 des Sciences<\/title>\n<meta name=\"robots\" content=\"index, follow, max-snippet:-1, max-image-preview:large, max-video-preview:-1\" \/>\n<link rel=\"canonical\" href=\"https:\/\/www.ummto.dz\/fs\/emplois-du-temps-l2-maths-l3-maths-m1-ps-m1-ro-m1-masg-m2-ps-et-m2-ro-semestres-impairs\/\" \/>\n<meta property=\"og:locale\" content=\"fr_FR\" \/>\n<meta property=\"og:type\" content=\"article\" \/>\n<meta property=\"og:title\" content=\"Emplois du temps L2-Maths, L3-Maths, M1-PS, M1-RO, M1-MASG, M2-PS et M2-RO (semestres impairs) - Facult\u00e9 des Sciences\" \/>\n<meta property=\"og:description\" content=\"Les \u00e9tudiants de L2-Maths, L3-Maths, M1-PS, M1-RO, M1-MASG, M2-PS et M2-RO (semestres impairs) sont inform\u00e9s que le d\u00e9but des cours est fix\u00e9 pour dimanche 24\/09\/2023 \u00e0 partir de 08h00. Ci-dessous les emplois du temps des diff\u00e9rents niveaux. EDT L2 EDT L3 EDT M1 PS EDT M1 RO EDT MASG M1 EDT M2 PS EDT M2 [&hellip;]\" \/>\n<meta property=\"og:url\" content=\"https:\/\/www.ummto.dz\/fs\/emplois-du-temps-l2-maths-l3-maths-m1-ps-m1-ro-m1-masg-m2-ps-et-m2-ro-semestres-impairs\/\" \/>\n<meta property=\"og:site_name\" content=\"Facult\u00e9 des Sciences\" \/>\n<meta property=\"article:published_time\" content=\"2023-09-21T07:37:39+00:00\" \/>\n<meta property=\"article:modified_time\" content=\"2023-09-21T07:38:14+00:00\" \/>\n<meta property=\"og:image\" content=\"https:\/\/www.ummto.dz\/fs\/wp-content\/uploads\/2019\/01\/emploi-du-temps-.jpg\" \/>\n\t<meta property=\"og:image:width\" content=\"247\" \/>\n\t<meta property=\"og:image:height\" content=\"204\" \/>\n\t<meta property=\"og:image:type\" content=\"image\/jpeg\" \/>\n<meta name=\"author\" content=\"Math\u00e9matiques\" \/>\n<meta name=\"twitter:card\" content=\"summary_large_image\" \/>\n<meta name=\"twitter:label1\" content=\"\u00c9crit par\" \/>\n\t<meta name=\"twitter:data1\" content=\"Math\u00e9matiques\" \/>\n<script type=\"application\/ld+json\" class=\"yoast-schema-graph\">{\"@context\":\"https:\\\/\\\/schema.org\",\"@graph\":[{\"@type\":\"Article\",\"@id\":\"https:\\\/\\\/www.ummto.dz\\\/fs\\\/emplois-du-temps-l2-maths-l3-maths-m1-ps-m1-ro-m1-masg-m2-ps-et-m2-ro-semestres-impairs\\\/#article\",\"isPartOf\":{\"@id\":\"https:\\\/\\\/www.ummto.dz\\\/fs\\\/emplois-du-temps-l2-maths-l3-maths-m1-ps-m1-ro-m1-masg-m2-ps-et-m2-ro-semestres-impairs\\\/\"},\"author\":{\"name\":\"Math\u00e9matiques\",\"@id\":\"https:\\\/\\\/www.ummto.dz\\\/fs\\\/#\\\/schema\\\/person\\\/d25c34844cf5a43d9fc6b524d80770e2\"},\"headline\":\"Emplois du temps L2-Maths, L3-Maths, M1-PS, M1-RO, M1-MASG, M2-PS et M2-RO (semestres impairs)\",\"datePublished\":\"2023-09-21T07:37:39+00:00\",\"dateModified\":\"2023-09-21T07:38:14+00:00\",\"mainEntityOfPage\":{\"@id\":\"https:\\\/\\\/www.ummto.dz\\\/fs\\\/emplois-du-temps-l2-maths-l3-maths-m1-ps-m1-ro-m1-masg-m2-ps-et-m2-ro-semestres-impairs\\\/\"},\"wordCount\":195,\"image\":{\"@id\":\"https:\\\/\\\/www.ummto.dz\\\/fs\\\/emplois-du-temps-l2-maths-l3-maths-m1-ps-m1-ro-m1-masg-m2-ps-et-m2-ro-semestres-impairs\\\/#primaryimage\"},\"thumbnailUrl\":\"https:\\\/\\\/www.ummto.dz\\\/fs\\\/wp-content\\\/uploads\\\/2019\\\/01\\\/emploi-du-temps-.jpg\",\"articleSection\":[\"dep_maths\"],\"inLanguage\":\"fr-FR\"},{\"@type\":\"WebPage\",\"@id\":\"https:\\\/\\\/www.ummto.dz\\\/fs\\\/emplois-du-temps-l2-maths-l3-maths-m1-ps-m1-ro-m1-masg-m2-ps-et-m2-ro-semestres-impairs\\\/\",\"url\":\"https:\\\/\\\/www.ummto.dz\\\/fs\\\/emplois-du-temps-l2-maths-l3-maths-m1-ps-m1-ro-m1-masg-m2-ps-et-m2-ro-semestres-impairs\\\/\",\"name\":\"Emplois du temps L2-Maths, L3-Maths, M1-PS, M1-RO, M1-MASG, M2-PS et M2-RO (semestres impairs) - Facult\u00e9 des Sciences\",\"isPartOf\":{\"@id\":\"https:\\\/\\\/www.ummto.dz\\\/fs\\\/#website\"},\"primaryImageOfPage\":{\"@id\":\"https:\\\/\\\/www.ummto.dz\\\/fs\\\/emplois-du-temps-l2-maths-l3-maths-m1-ps-m1-ro-m1-masg-m2-ps-et-m2-ro-semestres-impairs\\\/#primaryimage\"},\"image\":{\"@id\":\"https:\\\/\\\/www.ummto.dz\\\/fs\\\/emplois-du-temps-l2-maths-l3-maths-m1-ps-m1-ro-m1-masg-m2-ps-et-m2-ro-semestres-impairs\\\/#primaryimage\"},\"thumbnailUrl\":\"https:\\\/\\\/www.ummto.dz\\\/fs\\\/wp-content\\\/uploads\\\/2019\\\/01\\\/emploi-du-temps-.jpg\",\"datePublished\":\"2023-09-21T07:37:39+00:00\",\"dateModified\":\"2023-09-21T07:38:14+00:00\",\"author\":{\"@id\":\"https:\\\/\\\/www.ummto.dz\\\/fs\\\/#\\\/schema\\\/person\\\/d25c34844cf5a43d9fc6b524d80770e2\"},\"breadcrumb\":{\"@id\":\"https:\\\/\\\/www.ummto.dz\\\/fs\\\/emplois-du-temps-l2-maths-l3-maths-m1-ps-m1-ro-m1-masg-m2-ps-et-m2-ro-semestres-impairs\\\/#breadcrumb\"},\"inLanguage\":\"fr-FR\",\"potentialAction\":[{\"@type\":\"ReadAction\",\"target\":[\"https:\\\/\\\/www.ummto.dz\\\/fs\\\/emplois-du-temps-l2-maths-l3-maths-m1-ps-m1-ro-m1-masg-m2-ps-et-m2-ro-semestres-impairs\\\/\"]}]},{\"@type\":\"ImageObject\",\"inLanguage\":\"fr-FR\",\"@id\":\"https:\\\/\\\/www.ummto.dz\\\/fs\\\/emplois-du-temps-l2-maths-l3-maths-m1-ps-m1-ro-m1-masg-m2-ps-et-m2-ro-semestres-impairs\\\/#primaryimage\",\"url\":\"https:\\\/\\\/www.ummto.dz\\\/fs\\\/wp-content\\\/uploads\\\/2019\\\/01\\\/emploi-du-temps-.jpg\",\"contentUrl\":\"https:\\\/\\\/www.ummto.dz\\\/fs\\\/wp-content\\\/uploads\\\/2019\\\/01\\\/emploi-du-temps-.jpg\",\"width\":247,\"height\":204},{\"@type\":\"BreadcrumbList\",\"@id\":\"https:\\\/\\\/www.ummto.dz\\\/fs\\\/emplois-du-temps-l2-maths-l3-maths-m1-ps-m1-ro-m1-masg-m2-ps-et-m2-ro-semestres-impairs\\\/#breadcrumb\",\"itemListElement\":[{\"@type\":\"ListItem\",\"position\":1,\"name\":\"Accueil\",\"item\":\"https:\\\/\\\/www.ummto.dz\\\/fs\\\/\"},{\"@type\":\"ListItem\",\"position\":2,\"name\":\"Emplois du temps L2-Maths, L3-Maths, M1-PS, M1-RO, M1-MASG, M2-PS et M2-RO (semestres impairs)\"}]},{\"@type\":\"WebSite\",\"@id\":\"https:\\\/\\\/www.ummto.dz\\\/fs\\\/#website\",\"url\":\"https:\\\/\\\/www.ummto.dz\\\/fs\\\/\",\"name\":\"Facult\u00e9 des Sciences\",\"description\":\"universit\u00e9 Moulous Mammeri de Tizi-Ouzou\",\"potentialAction\":[{\"@type\":\"SearchAction\",\"target\":{\"@type\":\"EntryPoint\",\"urlTemplate\":\"https:\\\/\\\/www.ummto.dz\\\/fs\\\/?s={search_term_string}\"},\"query-input\":{\"@type\":\"PropertyValueSpecification\",\"valueRequired\":true,\"valueName\":\"search_term_string\"}}],\"inLanguage\":\"fr-FR\"},{\"@type\":\"Person\",\"@id\":\"https:\\\/\\\/www.ummto.dz\\\/fs\\\/#\\\/schema\\\/person\\\/d25c34844cf5a43d9fc6b524d80770e2\",\"name\":\"Math\u00e9matiques\",\"url\":\"https:\\\/\\\/www.ummto.dz\\\/fs\\\/author\\\/mi\\\/\"}]}<\/script>\n<!-- \/ Yoast SEO plugin. -->","yoast_head_json":{"title":"Emplois du temps L2-Maths, L3-Maths, M1-PS, M1-RO, M1-MASG, M2-PS et M2-RO (semestres impairs) - Facult\u00e9 des Sciences","robots":{"index":"index","follow":"follow","max-snippet":"max-snippet:-1","max-image-preview":"max-image-preview:large","max-video-preview":"max-video-preview:-1"},"canonical":"https:\/\/www.ummto.dz\/fs\/emplois-du-temps-l2-maths-l3-maths-m1-ps-m1-ro-m1-masg-m2-ps-et-m2-ro-semestres-impairs\/","og_locale":"fr_FR","og_type":"article","og_title":"Emplois du temps L2-Maths, L3-Maths, M1-PS, M1-RO, M1-MASG, M2-PS et M2-RO (semestres impairs) - Facult\u00e9 des Sciences","og_description":"Les \u00e9tudiants de L2-Maths, L3-Maths, M1-PS, M1-RO, M1-MASG, M2-PS et M2-RO (semestres impairs) sont inform\u00e9s que le d\u00e9but des cours est fix\u00e9 pour dimanche 24\/09\/2023 \u00e0 partir de 08h00. Ci-dessous les emplois du temps des diff\u00e9rents niveaux. EDT L2 EDT L3 EDT M1 PS EDT M1 RO EDT MASG M1 EDT M2 PS EDT M2 [&hellip;]","og_url":"https:\/\/www.ummto.dz\/fs\/emplois-du-temps-l2-maths-l3-maths-m1-ps-m1-ro-m1-masg-m2-ps-et-m2-ro-semestres-impairs\/","og_site_name":"Facult\u00e9 des Sciences","article_published_time":"2023-09-21T07:37:39+00:00","article_modified_time":"2023-09-21T07:38:14+00:00","og_image":[{"width":247,"height":204,"url":"https:\/\/www.ummto.dz\/fs\/wp-content\/uploads\/2019\/01\/emploi-du-temps-.jpg","type":"image\/jpeg"}],"author":"Math\u00e9matiques","twitter_card":"summary_large_image","twitter_misc":{"\u00c9crit par":"Math\u00e9matiques"},"schema":{"@context":"https:\/\/schema.org","@graph":[{"@type":"Article","@id":"https:\/\/www.ummto.dz\/fs\/emplois-du-temps-l2-maths-l3-maths-m1-ps-m1-ro-m1-masg-m2-ps-et-m2-ro-semestres-impairs\/#article","isPartOf":{"@id":"https:\/\/www.ummto.dz\/fs\/emplois-du-temps-l2-maths-l3-maths-m1-ps-m1-ro-m1-masg-m2-ps-et-m2-ro-semestres-impairs\/"},"author":{"name":"Math\u00e9matiques","@id":"https:\/\/www.ummto.dz\/fs\/#\/schema\/person\/d25c34844cf5a43d9fc6b524d80770e2"},"headline":"Emplois du temps L2-Maths, L3-Maths, M1-PS, M1-RO, M1-MASG, M2-PS et M2-RO (semestres impairs)","datePublished":"2023-09-21T07:37:39+00:00","dateModified":"2023-09-21T07:38:14+00:00","mainEntityOfPage":{"@id":"https:\/\/www.ummto.dz\/fs\/emplois-du-temps-l2-maths-l3-maths-m1-ps-m1-ro-m1-masg-m2-ps-et-m2-ro-semestres-impairs\/"},"wordCount":195,"image":{"@id":"https:\/\/www.ummto.dz\/fs\/emplois-du-temps-l2-maths-l3-maths-m1-ps-m1-ro-m1-masg-m2-ps-et-m2-ro-semestres-impairs\/#primaryimage"},"thumbnailUrl":"https:\/\/www.ummto.dz\/fs\/wp-content\/uploads\/2019\/01\/emploi-du-temps-.jpg","articleSection":["dep_maths"],"inLanguage":"fr-FR"},{"@type":"WebPage","@id":"https:\/\/www.ummto.dz\/fs\/emplois-du-temps-l2-maths-l3-maths-m1-ps-m1-ro-m1-masg-m2-ps-et-m2-ro-semestres-impairs\/","url":"https:\/\/www.ummto.dz\/fs\/emplois-du-temps-l2-maths-l3-maths-m1-ps-m1-ro-m1-masg-m2-ps-et-m2-ro-semestres-impairs\/","name":"Emplois du temps L2-Maths, L3-Maths, M1-PS, M1-RO, M1-MASG, M2-PS et M2-RO (semestres impairs) - Facult\u00e9 des Sciences","isPartOf":{"@id":"https:\/\/www.ummto.dz\/fs\/#website"},"primaryImageOfPage":{"@id":"https:\/\/www.ummto.dz\/fs\/emplois-du-temps-l2-maths-l3-maths-m1-ps-m1-ro-m1-masg-m2-ps-et-m2-ro-semestres-impairs\/#primaryimage"},"image":{"@id":"https:\/\/www.ummto.dz\/fs\/emplois-du-temps-l2-maths-l3-maths-m1-ps-m1-ro-m1-masg-m2-ps-et-m2-ro-semestres-impairs\/#primaryimage"},"thumbnailUrl":"https:\/\/www.ummto.dz\/fs\/wp-content\/uploads\/2019\/01\/emploi-du-temps-.jpg","datePublished":"2023-09-21T07:37:39+00:00","dateModified":"2023-09-21T07:38:14+00:00","author":{"@id":"https:\/\/www.ummto.dz\/fs\/#\/schema\/person\/d25c34844cf5a43d9fc6b524d80770e2"},"breadcrumb":{"@id":"https:\/\/www.ummto.dz\/fs\/emplois-du-temps-l2-maths-l3-maths-m1-ps-m1-ro-m1-masg-m2-ps-et-m2-ro-semestres-impairs\/#breadcrumb"},"inLanguage":"fr-FR","potentialAction":[{"@type":"ReadAction","target":["https:\/\/www.ummto.dz\/fs\/emplois-du-temps-l2-maths-l3-maths-m1-ps-m1-ro-m1-masg-m2-ps-et-m2-ro-semestres-impairs\/"]}]},{"@type":"ImageObject","inLanguage":"fr-FR","@id":"https:\/\/www.ummto.dz\/fs\/emplois-du-temps-l2-maths-l3-maths-m1-ps-m1-ro-m1-masg-m2-ps-et-m2-ro-semestres-impairs\/#primaryimage","url":"https:\/\/www.ummto.dz\/fs\/wp-content\/uploads\/2019\/01\/emploi-du-temps-.jpg","contentUrl":"https:\/\/www.ummto.dz\/fs\/wp-content\/uploads\/2019\/01\/emploi-du-temps-.jpg","width":247,"height":204},{"@type":"BreadcrumbList","@id":"https:\/\/www.ummto.dz\/fs\/emplois-du-temps-l2-maths-l3-maths-m1-ps-m1-ro-m1-masg-m2-ps-et-m2-ro-semestres-impairs\/#breadcrumb","itemListElement":[{"@type":"ListItem","position":1,"name":"Accueil","item":"https:\/\/www.ummto.dz\/fs\/"},{"@type":"ListItem","position":2,"name":"Emplois du temps L2-Maths, L3-Maths, M1-PS, M1-RO, M1-MASG, M2-PS et M2-RO (semestres impairs)"}]},{"@type":"WebSite","@id":"https:\/\/www.ummto.dz\/fs\/#website","url":"https:\/\/www.ummto.dz\/fs\/","name":"Facult\u00e9 des Sciences","description":"universit\u00e9 Moulous Mammeri de Tizi-Ouzou","potentialAction":[{"@type":"SearchAction","target":{"@type":"EntryPoint","urlTemplate":"https:\/\/www.ummto.dz\/fs\/?s={search_term_string}"},"query-input":{"@type":"PropertyValueSpecification","valueRequired":true,"valueName":"search_term_string"}}],"inLanguage":"fr-FR"},{"@type":"Person","@id":"https:\/\/www.ummto.dz\/fs\/#\/schema\/person\/d25c34844cf5a43d9fc6b524d80770e2","name":"Math\u00e9matiques","url":"https:\/\/www.ummto.dz\/fs\/author\/mi\/"}]}},"_links":{"self":[{"href":"https:\/\/www.ummto.dz\/fs\/wp-json\/wp\/v2\/posts\/21118","targetHints":{"allow":["GET"]}}],"collection":[{"href":"https:\/\/www.ummto.dz\/fs\/wp-json\/wp\/v2\/posts"}],"about":[{"href":"https:\/\/www.ummto.dz\/fs\/wp-json\/wp\/v2\/types\/post"}],"author":[{"embeddable":true,"href":"https:\/\/www.ummto.dz\/fs\/wp-json\/wp\/v2\/users\/18"}],"replies":[{"embeddable":true,"href":"https:\/\/www.ummto.dz\/fs\/wp-json\/wp\/v2\/comments?post=21118"}],"version-history":[{"count":2,"href":"https:\/\/www.ummto.dz\/fs\/wp-json\/wp\/v2\/posts\/21118\/revisions"}],"predecessor-version":[{"id":21128,"href":"https:\/\/www.ummto.dz\/fs\/wp-json\/wp\/v2\/posts\/21118\/revisions\/21128"}],"wp:featuredmedia":[{"embeddable":true,"href":"https:\/\/www.ummto.dz\/fs\/wp-json\/wp\/v2\/media\/1278"}],"wp:attachment":[{"href":"https:\/\/www.ummto.dz\/fs\/wp-json\/wp\/v2\/media?parent=21118"}],"wp:term":[{"taxonomy":"category","embeddable":true,"href":"https:\/\/www.ummto.dz\/fs\/wp-json\/wp\/v2\/categories?post=21118"},{"taxonomy":"post_tag","embeddable":true,"href":"https:\/\/www.ummto.dz\/fs\/wp-json\/wp\/v2\/tags?post=21118"}],"curies":[{"name":"wp","href":"https:\/\/api.w.org\/{rel}","templated":true}]}}