{"id":21585,"date":"2023-10-08T18:07:31","date_gmt":"2023-10-08T16:07:31","guid":{"rendered":"https:\/\/www.ummto.dz\/fs\/?p=21585"},"modified":"2023-10-08T18:08:03","modified_gmt":"2023-10-08T16:08:03","slug":"avis-aux-etudiants-de-l2-maths-emploi-du-temps-actualise-listes-des-etudiants-par-groupe","status":"publish","type":"post","link":"https:\/\/www.ummto.dz\/fs\/avis-aux-etudiants-de-l2-maths-emploi-du-temps-actualise-listes-des-etudiants-par-groupe\/","title":{"rendered":"Avis aux \u00e9tudiants de L2-Maths (emploi du temps actualis\u00e9 + listes des \u00e9tudiants par groupe)"},"content":{"rendered":"<p>[et_pb_section fb_built=\u00a0\u00bb1&Prime; theme_builder_area=\u00a0\u00bbpost_content\u00a0\u00bb _builder_version=\u00a0\u00bb4.22.2&Prime; _module_preset=\u00a0\u00bbdefault\u00a0\u00bb][et_pb_row _builder_version=\u00a0\u00bb4.22.2&Prime; _module_preset=\u00a0\u00bbdefault\u00a0\u00bb theme_builder_area=\u00a0\u00bbpost_content\u00a0\u00bb][et_pb_column _builder_version=\u00a0\u00bb4.22.2&Prime; _module_preset=\u00a0\u00bbdefault\u00a0\u00bb type=\u00a0\u00bb4_4&Prime; theme_builder_area=\u00a0\u00bbpost_content\u00a0\u00bb][et_pb_text _builder_version=\u00a0\u00bb4.22.2&Prime; _module_preset=\u00a0\u00bbdefault\u00a0\u00bb theme_builder_area=\u00a0\u00bbpost_content\u00a0\u00bb]<\/p>\n<p>Veuillez trouver ci-attach\u00e9:<\/p>\n<ol>\n<li>Le nouveau emploi du temps qui prendra effet \u00e0 partir de la<span>\u00a0<\/span><span><span style=\"color: #0000ff\">semaine prochaine<\/span> (<span style=\"color: #0000ff\">dimanche 15\/10\/2023<\/span>).<\/span><\/li>\n<li><span>Les listes des \u00e9tudiants par groupe<\/span><\/li>\n<\/ol>\n<ul>\n<li><span><a href=\"https:\/\/www.ummto.dz\/fs\/wp-content\/uploads\/2023\/10\/EDT-L2-1.pdf\" rel=\"attachment wp-att-21588\">EDT L2<\/a><\/span><\/li>\n<li><span><a href=\"https:\/\/www.ummto.dz\/fs\/wp-content\/uploads\/2023\/10\/Groupes-2.pdf\" rel=\"attachment wp-att-21589\">Groupes<\/a><\/span><\/li>\n<\/ul>\n<ol><\/ol>\n<ul><\/ul>\n<p><span>Les \u00e9tudiants dont les noms ne figurent pas sur les listes sont pri\u00e9s de passer au d\u00e9partement pour signaler le probl\u00e8me.<\/span><\/p>\n<p><span><\/span><\/p>\n<p><span>\u00a0 \u00a0 \u00a0 \u00a0 \u00a0 \u00a0 \u00a0 \u00a0 \u00a0 \u00a0 \u00a0 \u00a0 \u00a0 \u00a0 \u00a0 \u00a0 \u00a0 \u00a0 \u00a0 \u00a0 \u00a0 \u00a0 \u00a0 \u00a0 \u00a0 \u00a0 \u00a0 \u00a0 \u00a0 \u00a0 \u00a0 \u00a0 \u00a0 \u00a0 \u00a0 \u00a0 \u00a0 \u00a0 \u00a0 \u00a0 \u00a0 \u00a0 \u00a0 \u00a0 \u00a0 \u00a0 \u00a0 \u00a0 \u00a0 \u00a0 \u00a0 \u00a0 \u00a0 \u00a0 \u00a0 \u00a0 \u00a0 \u00a0 \u00a0 \u00a0 \u00a0 \u00a0 \u00a0 Le D\u00e9partement de Math\u00e9matiques<\/span><\/p>\n<p>[\/et_pb_text][\/et_pb_column][\/et_pb_row][\/et_pb_section]<\/p>\n","protected":false},"excerpt":{"rendered":"<p>Veuillez trouver ci-attach\u00e9: Le nouveau emploi du temps qui prendra effet \u00e0 partir de la\u00a0semaine prochaine (dimanche 15\/10\/2023). Les listes des \u00e9tudiants par groupe EDT L2 Groupes Les \u00e9tudiants dont les noms ne figurent pas sur les listes sont pri\u00e9s de passer au d\u00e9partement pour signaler le probl\u00e8me. \u00a0 \u00a0 \u00a0 \u00a0 \u00a0 \u00a0 \u00a0 [&hellip;]<\/p>\n","protected":false},"author":18,"featured_media":19744,"comment_status":"closed","ping_status":"closed","sticky":false,"template":"","format":"standard","meta":{"_et_pb_use_builder":"on","_et_pb_old_content":"","_et_gb_content_width":"","footnotes":""},"categories":[9],"tags":[],"class_list":["post-21585","post","type-post","status-publish","format-standard","has-post-thumbnail","hentry","category-new_dep_maths"],"yoast_head":"<!-- This site is optimized with the Yoast SEO plugin v27.3 - https:\/\/yoast.com\/product\/yoast-seo-wordpress\/ -->\n<title>Avis aux \u00e9tudiants de L2-Maths (emploi du temps actualis\u00e9 + listes des \u00e9tudiants par groupe) - Facult\u00e9 des Sciences<\/title>\n<meta name=\"robots\" content=\"index, follow, max-snippet:-1, max-image-preview:large, max-video-preview:-1\" \/>\n<link rel=\"canonical\" href=\"https:\/\/www.ummto.dz\/fs\/avis-aux-etudiants-de-l2-maths-emploi-du-temps-actualise-listes-des-etudiants-par-groupe\/\" \/>\n<meta property=\"og:locale\" content=\"fr_FR\" \/>\n<meta property=\"og:type\" content=\"article\" \/>\n<meta property=\"og:title\" content=\"Avis aux \u00e9tudiants de L2-Maths (emploi du temps actualis\u00e9 + listes des \u00e9tudiants par groupe) - Facult\u00e9 des Sciences\" \/>\n<meta property=\"og:description\" content=\"Veuillez trouver ci-attach\u00e9: Le nouveau emploi du temps qui prendra effet \u00e0 partir de la\u00a0semaine prochaine (dimanche 15\/10\/2023). Les listes des \u00e9tudiants par groupe EDT L2 Groupes Les \u00e9tudiants dont les noms ne figurent pas sur les listes sont pri\u00e9s de passer au d\u00e9partement pour signaler le probl\u00e8me. \u00a0 \u00a0 \u00a0 \u00a0 \u00a0 \u00a0 \u00a0 [&hellip;]\" \/>\n<meta property=\"og:url\" content=\"https:\/\/www.ummto.dz\/fs\/avis-aux-etudiants-de-l2-maths-emploi-du-temps-actualise-listes-des-etudiants-par-groupe\/\" \/>\n<meta property=\"og:site_name\" content=\"Facult\u00e9 des Sciences\" \/>\n<meta property=\"article:published_time\" content=\"2023-10-08T16:07:31+00:00\" \/>\n<meta property=\"article:modified_time\" content=\"2023-10-08T16:08:03+00:00\" \/>\n<meta property=\"og:image\" content=\"https:\/\/www.ummto.dz\/fs\/wp-content\/uploads\/2023\/06\/Important.jpg\" \/>\n\t<meta property=\"og:image:width\" content=\"1008\" \/>\n\t<meta property=\"og:image:height\" content=\"360\" \/>\n\t<meta property=\"og:image:type\" content=\"image\/jpeg\" \/>\n<meta name=\"author\" content=\"Math\u00e9matiques\" \/>\n<meta name=\"twitter:card\" content=\"summary_large_image\" \/>\n<meta name=\"twitter:label1\" content=\"\u00c9crit par\" \/>\n\t<meta name=\"twitter:data1\" content=\"Math\u00e9matiques\" \/>\n<script type=\"application\/ld+json\" class=\"yoast-schema-graph\">{\"@context\":\"https:\\\/\\\/schema.org\",\"@graph\":[{\"@type\":\"Article\",\"@id\":\"https:\\\/\\\/www.ummto.dz\\\/fs\\\/avis-aux-etudiants-de-l2-maths-emploi-du-temps-actualise-listes-des-etudiants-par-groupe\\\/#article\",\"isPartOf\":{\"@id\":\"https:\\\/\\\/www.ummto.dz\\\/fs\\\/avis-aux-etudiants-de-l2-maths-emploi-du-temps-actualise-listes-des-etudiants-par-groupe\\\/\"},\"author\":{\"name\":\"Math\u00e9matiques\",\"@id\":\"https:\\\/\\\/www.ummto.dz\\\/fs\\\/#\\\/schema\\\/person\\\/d25c34844cf5a43d9fc6b524d80770e2\"},\"headline\":\"Avis aux \u00e9tudiants de L2-Maths (emploi du temps actualis\u00e9 + listes des \u00e9tudiants par groupe)\",\"datePublished\":\"2023-10-08T16:07:31+00:00\",\"dateModified\":\"2023-10-08T16:08:03+00:00\",\"mainEntityOfPage\":{\"@id\":\"https:\\\/\\\/www.ummto.dz\\\/fs\\\/avis-aux-etudiants-de-l2-maths-emploi-du-temps-actualise-listes-des-etudiants-par-groupe\\\/\"},\"wordCount\":138,\"image\":{\"@id\":\"https:\\\/\\\/www.ummto.dz\\\/fs\\\/avis-aux-etudiants-de-l2-maths-emploi-du-temps-actualise-listes-des-etudiants-par-groupe\\\/#primaryimage\"},\"thumbnailUrl\":\"https:\\\/\\\/www.ummto.dz\\\/fs\\\/wp-content\\\/uploads\\\/2023\\\/06\\\/Important.jpg\",\"articleSection\":[\"dep_maths\"],\"inLanguage\":\"fr-FR\"},{\"@type\":\"WebPage\",\"@id\":\"https:\\\/\\\/www.ummto.dz\\\/fs\\\/avis-aux-etudiants-de-l2-maths-emploi-du-temps-actualise-listes-des-etudiants-par-groupe\\\/\",\"url\":\"https:\\\/\\\/www.ummto.dz\\\/fs\\\/avis-aux-etudiants-de-l2-maths-emploi-du-temps-actualise-listes-des-etudiants-par-groupe\\\/\",\"name\":\"Avis aux \u00e9tudiants de L2-Maths (emploi du temps actualis\u00e9 + listes des \u00e9tudiants par groupe) - Facult\u00e9 des Sciences\",\"isPartOf\":{\"@id\":\"https:\\\/\\\/www.ummto.dz\\\/fs\\\/#website\"},\"primaryImageOfPage\":{\"@id\":\"https:\\\/\\\/www.ummto.dz\\\/fs\\\/avis-aux-etudiants-de-l2-maths-emploi-du-temps-actualise-listes-des-etudiants-par-groupe\\\/#primaryimage\"},\"image\":{\"@id\":\"https:\\\/\\\/www.ummto.dz\\\/fs\\\/avis-aux-etudiants-de-l2-maths-emploi-du-temps-actualise-listes-des-etudiants-par-groupe\\\/#primaryimage\"},\"thumbnailUrl\":\"https:\\\/\\\/www.ummto.dz\\\/fs\\\/wp-content\\\/uploads\\\/2023\\\/06\\\/Important.jpg\",\"datePublished\":\"2023-10-08T16:07:31+00:00\",\"dateModified\":\"2023-10-08T16:08:03+00:00\",\"author\":{\"@id\":\"https:\\\/\\\/www.ummto.dz\\\/fs\\\/#\\\/schema\\\/person\\\/d25c34844cf5a43d9fc6b524d80770e2\"},\"breadcrumb\":{\"@id\":\"https:\\\/\\\/www.ummto.dz\\\/fs\\\/avis-aux-etudiants-de-l2-maths-emploi-du-temps-actualise-listes-des-etudiants-par-groupe\\\/#breadcrumb\"},\"inLanguage\":\"fr-FR\",\"potentialAction\":[{\"@type\":\"ReadAction\",\"target\":[\"https:\\\/\\\/www.ummto.dz\\\/fs\\\/avis-aux-etudiants-de-l2-maths-emploi-du-temps-actualise-listes-des-etudiants-par-groupe\\\/\"]}]},{\"@type\":\"ImageObject\",\"inLanguage\":\"fr-FR\",\"@id\":\"https:\\\/\\\/www.ummto.dz\\\/fs\\\/avis-aux-etudiants-de-l2-maths-emploi-du-temps-actualise-listes-des-etudiants-par-groupe\\\/#primaryimage\",\"url\":\"https:\\\/\\\/www.ummto.dz\\\/fs\\\/wp-content\\\/uploads\\\/2023\\\/06\\\/Important.jpg\",\"contentUrl\":\"https:\\\/\\\/www.ummto.dz\\\/fs\\\/wp-content\\\/uploads\\\/2023\\\/06\\\/Important.jpg\",\"width\":1008,\"height\":360},{\"@type\":\"BreadcrumbList\",\"@id\":\"https:\\\/\\\/www.ummto.dz\\\/fs\\\/avis-aux-etudiants-de-l2-maths-emploi-du-temps-actualise-listes-des-etudiants-par-groupe\\\/#breadcrumb\",\"itemListElement\":[{\"@type\":\"ListItem\",\"position\":1,\"name\":\"Accueil\",\"item\":\"https:\\\/\\\/www.ummto.dz\\\/fs\\\/\"},{\"@type\":\"ListItem\",\"position\":2,\"name\":\"Avis aux \u00e9tudiants de L2-Maths (emploi du temps actualis\u00e9 + listes des \u00e9tudiants par groupe)\"}]},{\"@type\":\"WebSite\",\"@id\":\"https:\\\/\\\/www.ummto.dz\\\/fs\\\/#website\",\"url\":\"https:\\\/\\\/www.ummto.dz\\\/fs\\\/\",\"name\":\"Facult\u00e9 des Sciences\",\"description\":\"universit\u00e9 Moulous Mammeri de Tizi-Ouzou\",\"potentialAction\":[{\"@type\":\"SearchAction\",\"target\":{\"@type\":\"EntryPoint\",\"urlTemplate\":\"https:\\\/\\\/www.ummto.dz\\\/fs\\\/?s={search_term_string}\"},\"query-input\":{\"@type\":\"PropertyValueSpecification\",\"valueRequired\":true,\"valueName\":\"search_term_string\"}}],\"inLanguage\":\"fr-FR\"},{\"@type\":\"Person\",\"@id\":\"https:\\\/\\\/www.ummto.dz\\\/fs\\\/#\\\/schema\\\/person\\\/d25c34844cf5a43d9fc6b524d80770e2\",\"name\":\"Math\u00e9matiques\",\"url\":\"https:\\\/\\\/www.ummto.dz\\\/fs\\\/author\\\/mi\\\/\"}]}<\/script>\n<!-- \/ Yoast SEO plugin. -->","yoast_head_json":{"title":"Avis aux \u00e9tudiants de L2-Maths (emploi du temps actualis\u00e9 + listes des \u00e9tudiants par groupe) - Facult\u00e9 des Sciences","robots":{"index":"index","follow":"follow","max-snippet":"max-snippet:-1","max-image-preview":"max-image-preview:large","max-video-preview":"max-video-preview:-1"},"canonical":"https:\/\/www.ummto.dz\/fs\/avis-aux-etudiants-de-l2-maths-emploi-du-temps-actualise-listes-des-etudiants-par-groupe\/","og_locale":"fr_FR","og_type":"article","og_title":"Avis aux \u00e9tudiants de L2-Maths (emploi du temps actualis\u00e9 + listes des \u00e9tudiants par groupe) - Facult\u00e9 des Sciences","og_description":"Veuillez trouver ci-attach\u00e9: Le nouveau emploi du temps qui prendra effet \u00e0 partir de la\u00a0semaine prochaine (dimanche 15\/10\/2023). Les listes des \u00e9tudiants par groupe EDT L2 Groupes Les \u00e9tudiants dont les noms ne figurent pas sur les listes sont pri\u00e9s de passer au d\u00e9partement pour signaler le probl\u00e8me. \u00a0 \u00a0 \u00a0 \u00a0 \u00a0 \u00a0 \u00a0 [&hellip;]","og_url":"https:\/\/www.ummto.dz\/fs\/avis-aux-etudiants-de-l2-maths-emploi-du-temps-actualise-listes-des-etudiants-par-groupe\/","og_site_name":"Facult\u00e9 des Sciences","article_published_time":"2023-10-08T16:07:31+00:00","article_modified_time":"2023-10-08T16:08:03+00:00","og_image":[{"width":1008,"height":360,"url":"https:\/\/www.ummto.dz\/fs\/wp-content\/uploads\/2023\/06\/Important.jpg","type":"image\/jpeg"}],"author":"Math\u00e9matiques","twitter_card":"summary_large_image","twitter_misc":{"\u00c9crit par":"Math\u00e9matiques"},"schema":{"@context":"https:\/\/schema.org","@graph":[{"@type":"Article","@id":"https:\/\/www.ummto.dz\/fs\/avis-aux-etudiants-de-l2-maths-emploi-du-temps-actualise-listes-des-etudiants-par-groupe\/#article","isPartOf":{"@id":"https:\/\/www.ummto.dz\/fs\/avis-aux-etudiants-de-l2-maths-emploi-du-temps-actualise-listes-des-etudiants-par-groupe\/"},"author":{"name":"Math\u00e9matiques","@id":"https:\/\/www.ummto.dz\/fs\/#\/schema\/person\/d25c34844cf5a43d9fc6b524d80770e2"},"headline":"Avis aux \u00e9tudiants de L2-Maths (emploi du temps actualis\u00e9 + listes des \u00e9tudiants par groupe)","datePublished":"2023-10-08T16:07:31+00:00","dateModified":"2023-10-08T16:08:03+00:00","mainEntityOfPage":{"@id":"https:\/\/www.ummto.dz\/fs\/avis-aux-etudiants-de-l2-maths-emploi-du-temps-actualise-listes-des-etudiants-par-groupe\/"},"wordCount":138,"image":{"@id":"https:\/\/www.ummto.dz\/fs\/avis-aux-etudiants-de-l2-maths-emploi-du-temps-actualise-listes-des-etudiants-par-groupe\/#primaryimage"},"thumbnailUrl":"https:\/\/www.ummto.dz\/fs\/wp-content\/uploads\/2023\/06\/Important.jpg","articleSection":["dep_maths"],"inLanguage":"fr-FR"},{"@type":"WebPage","@id":"https:\/\/www.ummto.dz\/fs\/avis-aux-etudiants-de-l2-maths-emploi-du-temps-actualise-listes-des-etudiants-par-groupe\/","url":"https:\/\/www.ummto.dz\/fs\/avis-aux-etudiants-de-l2-maths-emploi-du-temps-actualise-listes-des-etudiants-par-groupe\/","name":"Avis aux \u00e9tudiants de L2-Maths (emploi du temps actualis\u00e9 + listes des \u00e9tudiants par groupe) - Facult\u00e9 des Sciences","isPartOf":{"@id":"https:\/\/www.ummto.dz\/fs\/#website"},"primaryImageOfPage":{"@id":"https:\/\/www.ummto.dz\/fs\/avis-aux-etudiants-de-l2-maths-emploi-du-temps-actualise-listes-des-etudiants-par-groupe\/#primaryimage"},"image":{"@id":"https:\/\/www.ummto.dz\/fs\/avis-aux-etudiants-de-l2-maths-emploi-du-temps-actualise-listes-des-etudiants-par-groupe\/#primaryimage"},"thumbnailUrl":"https:\/\/www.ummto.dz\/fs\/wp-content\/uploads\/2023\/06\/Important.jpg","datePublished":"2023-10-08T16:07:31+00:00","dateModified":"2023-10-08T16:08:03+00:00","author":{"@id":"https:\/\/www.ummto.dz\/fs\/#\/schema\/person\/d25c34844cf5a43d9fc6b524d80770e2"},"breadcrumb":{"@id":"https:\/\/www.ummto.dz\/fs\/avis-aux-etudiants-de-l2-maths-emploi-du-temps-actualise-listes-des-etudiants-par-groupe\/#breadcrumb"},"inLanguage":"fr-FR","potentialAction":[{"@type":"ReadAction","target":["https:\/\/www.ummto.dz\/fs\/avis-aux-etudiants-de-l2-maths-emploi-du-temps-actualise-listes-des-etudiants-par-groupe\/"]}]},{"@type":"ImageObject","inLanguage":"fr-FR","@id":"https:\/\/www.ummto.dz\/fs\/avis-aux-etudiants-de-l2-maths-emploi-du-temps-actualise-listes-des-etudiants-par-groupe\/#primaryimage","url":"https:\/\/www.ummto.dz\/fs\/wp-content\/uploads\/2023\/06\/Important.jpg","contentUrl":"https:\/\/www.ummto.dz\/fs\/wp-content\/uploads\/2023\/06\/Important.jpg","width":1008,"height":360},{"@type":"BreadcrumbList","@id":"https:\/\/www.ummto.dz\/fs\/avis-aux-etudiants-de-l2-maths-emploi-du-temps-actualise-listes-des-etudiants-par-groupe\/#breadcrumb","itemListElement":[{"@type":"ListItem","position":1,"name":"Accueil","item":"https:\/\/www.ummto.dz\/fs\/"},{"@type":"ListItem","position":2,"name":"Avis aux \u00e9tudiants de L2-Maths (emploi du temps actualis\u00e9 + listes des \u00e9tudiants par groupe)"}]},{"@type":"WebSite","@id":"https:\/\/www.ummto.dz\/fs\/#website","url":"https:\/\/www.ummto.dz\/fs\/","name":"Facult\u00e9 des Sciences","description":"universit\u00e9 Moulous Mammeri de Tizi-Ouzou","potentialAction":[{"@type":"SearchAction","target":{"@type":"EntryPoint","urlTemplate":"https:\/\/www.ummto.dz\/fs\/?s={search_term_string}"},"query-input":{"@type":"PropertyValueSpecification","valueRequired":true,"valueName":"search_term_string"}}],"inLanguage":"fr-FR"},{"@type":"Person","@id":"https:\/\/www.ummto.dz\/fs\/#\/schema\/person\/d25c34844cf5a43d9fc6b524d80770e2","name":"Math\u00e9matiques","url":"https:\/\/www.ummto.dz\/fs\/author\/mi\/"}]}},"_links":{"self":[{"href":"https:\/\/www.ummto.dz\/fs\/wp-json\/wp\/v2\/posts\/21585","targetHints":{"allow":["GET"]}}],"collection":[{"href":"https:\/\/www.ummto.dz\/fs\/wp-json\/wp\/v2\/posts"}],"about":[{"href":"https:\/\/www.ummto.dz\/fs\/wp-json\/wp\/v2\/types\/post"}],"author":[{"embeddable":true,"href":"https:\/\/www.ummto.dz\/fs\/wp-json\/wp\/v2\/users\/18"}],"replies":[{"embeddable":true,"href":"https:\/\/www.ummto.dz\/fs\/wp-json\/wp\/v2\/comments?post=21585"}],"version-history":[{"count":2,"href":"https:\/\/www.ummto.dz\/fs\/wp-json\/wp\/v2\/posts\/21585\/revisions"}],"predecessor-version":[{"id":21590,"href":"https:\/\/www.ummto.dz\/fs\/wp-json\/wp\/v2\/posts\/21585\/revisions\/21590"}],"wp:featuredmedia":[{"embeddable":true,"href":"https:\/\/www.ummto.dz\/fs\/wp-json\/wp\/v2\/media\/19744"}],"wp:attachment":[{"href":"https:\/\/www.ummto.dz\/fs\/wp-json\/wp\/v2\/media?parent=21585"}],"wp:term":[{"taxonomy":"category","embeddable":true,"href":"https:\/\/www.ummto.dz\/fs\/wp-json\/wp\/v2\/categories?post=21585"},{"taxonomy":"post_tag","embeddable":true,"href":"https:\/\/www.ummto.dz\/fs\/wp-json\/wp\/v2\/tags?post=21585"}],"curies":[{"name":"wp","href":"https:\/\/api.w.org\/{rel}","templated":true}]}}