{"id":21838,"date":"2023-10-23T16:53:37","date_gmt":"2023-10-23T14:53:37","guid":{"rendered":"https:\/\/www.ummto.dz\/fs\/?p=21838"},"modified":"2023-10-24T08:48:53","modified_gmt":"2023-10-24T06:48:53","slug":"avis-aux-etudiants-masters-doctorants-et-enseignants-chercheurs","status":"publish","type":"post","link":"https:\/\/www.ummto.dz\/fs\/avis-aux-etudiants-masters-doctorants-et-enseignants-chercheurs\/","title":{"rendered":"Avis aux \u00e9tudiants, masters, doctorants et enseignants chercheurs"},"content":{"rendered":"<p>[et_pb_section fb_built=\u00a0\u00bb1&Prime; theme_builder_area=\u00a0\u00bbpost_content\u00a0\u00bb _builder_version=\u00a0\u00bb4.22.2&Prime; _module_preset=\u00a0\u00bbdefault\u00a0\u00bb custom_margin=\u00a0\u00bb|-109px||||\u00a0\u00bb custom_padding=\u00a0\u00bb|0px||||\u00a0\u00bb width=\u00a0\u00bb112.1%\u00a0\u00bb][et_pb_row _builder_version=\u00a0\u00bb4.22.2&Prime; _module_preset=\u00a0\u00bbdefault\u00a0\u00bb theme_builder_area=\u00a0\u00bbpost_content\u00a0\u00bb][et_pb_column _builder_version=\u00a0\u00bb4.22.2&Prime; _module_preset=\u00a0\u00bbdefault\u00a0\u00bb type=\u00a0\u00bb4_4&Prime; theme_builder_area=\u00a0\u00bbpost_content\u00a0\u00bb][et_pb_accordion _builder_version=\u00a0\u00bb4.22.2&Prime; _module_preset=\u00a0\u00bbdefault\u00a0\u00bb theme_builder_area=\u00a0\u00bbpost_content\u00a0\u00bb hover_enabled=\u00a0\u00bb0&Prime; sticky_enabled=\u00a0\u00bb0&Prime;][et_pb_accordion_item title=\u00a0\u00bbAvis aux \u00e9tudiants, masters, doctorants et enseignants chercheurs\u00a0\u00bb _builder_version=\u00a0\u00bb4.22.2&Prime; _module_preset=\u00a0\u00bbdefault\u00a0\u00bb open=\u00a0\u00bbon\u00a0\u00bb theme_builder_area=\u00a0\u00bbpost_content\u00a0\u00bb hover_enabled=\u00a0\u00bb0&Prime; sticky_enabled=\u00a0\u00bb0&Prime;]<\/p>\n<p><strong>\u00a0<\/strong>Nous avons l\u2019honneur et le plaisir d\u2019accueillir\u00a0le <strong>Docteur <\/strong><span style=\"color: #0000ff\"><strong>Tomasella n\u00e9e Rebib Farida<\/strong><\/span>, Directrice D\u00e9veloppement Mati\u00e8re et R&amp;D dans le groupe Environnement Recycling en Auvergne, le\u00a0<span style=\"color: #ff6600\"><strong>Jeudi 26 Octobre 2023 \u00e0 10H00<\/strong><\/span><strong>,<\/strong>\u00a0pour animer une conf\u00e9rence\u00a0\u00e0 la Facult\u00e9 des Sciences dont l\u2019intitul\u00e9 est\u00a0:<\/p>\n<p><strong>\u00a0<\/strong><strong>\u00ab\u00a0<span style=\"color: #339966\">Collecte, traitement et valorisation des d\u00e9chets d\u2019\u00e9quipements \u00e9lectriques et \u00e9lectroniques (DEEE)\u00a0<\/span>\u00bb<\/strong><\/p>\n<p><strong>\u00a0<\/strong><strong>Lieu : <\/strong>Salle de soutenances de la Facult\u00e9 des Sciences, 4\u00e8me \u00e9tage.<\/p>\n<p><strong>\u00a0<\/strong><strong>La\u00a0communaut\u00e9\u00a0universitaire est cordialement invit\u00e9e.<\/strong><\/p>\n<p><strong>\u00a0<\/strong><\/p>\n<p>\u00a0 \u00a0 \u00a0 \u00a0 \u00a0 \u00a0 \u00a0 \u00a0 \u00a0 \u00a0 \u00a0 \u00a0 \u00a0 \u00a0 \u00a0 \u00a0 \u00a0 \u00a0 \u00a0 \u00a0 \u00a0 \u00a0 \u00a0 \u00a0 \u00a0 \u00a0 \u00a0 \u00a0 \u00a0 \u00a0 \u00a0 \u00a0 \u00a0 \u00a0 \u00a0 \u00a0 \u00a0 \u00a0 \u00a0Le D\u00e9partement de Chimie<\/p>\n<p>[\/et_pb_accordion_item][et_pb_accordion_item title=\u00a0\u00bbBiographie_ Farida TOMASELLA-REBIB \u00a0\u00bb _builder_version=\u00a0\u00bb4.22.2&Prime; _module_preset=\u00a0\u00bbdefault\u00a0\u00bb open=\u00a0\u00bboff\u00a0\u00bb theme_builder_area=\u00a0\u00bbpost_content\u00a0\u00bb hover_enabled=\u00a0\u00bb0&Prime; sticky_enabled=\u00a0\u00bb0&Prime;]<\/p>\n<p>&nbsp;<\/p>\n<p><span style=\"color: #0000ff\">\u00a0<strong>ETUDES ET DIPLOMES<\/strong><\/span><\/p>\n<p><strong>\u00a0<\/strong><\/p>\n<p><strong>2006 <\/strong>\u00a0: Doctorat en Chimie et Science des Mat\u00e9riaux. Universit\u00e9 de Clermont-Ferrand<\/p>\n<p>\u00ab <strong><em>\u00c9laboration et \u00e9tude des propri\u00e9t\u00e9s optiques et di\u00e9lectriques des couches minces d&rsquo;oxynitrure de silicium<\/em><\/strong><strong> \u00bb <\/strong><\/p>\n<p><strong>2003<\/strong> : Dipl\u00f4me d&rsquo;Etudes Approfondies en chimie des transformations. Universit\u00e9 de Clermont-Ferrand.<\/p>\n<p><strong>2000 <\/strong>: DES de Chimie \u2013 Universit\u00e9 Mouloud Mammeri de Tizi-Ouzou<\/p>\n<p><strong>\u00a0<\/strong><\/p>\n<p><span style=\"color: #0000ff\"><strong>EXPERIENCE PROFESSIONNELLE<\/strong><\/span><\/p>\n<p><strong>\u00a0<\/strong>Est depuis <strong>Janvier 2019, Directrice D\u00e9veloppement Mati\u00e8res et R&amp;D<\/strong> <strong>en Auvergne <\/strong>dont les missions principales sont :<\/p>\n<p>La d\u00e9finition de la strat\u00e9gie R&amp;D du groupe, la structuration et le pilotage de projets de d\u00e9veloppement et d\u2019innovation, la coordination des partenariats, la cr\u00e9ation d\u2019un laboratoire de caract\u00e9risation de mat\u00e9riaux&#8230;<\/p>\n<p><strong>\u00a0<\/strong><strong>Du 01\/2012 au 12\/2018, <\/strong><strong>Conseiller en Diffusion Technologique (CDT) dans domaine des mat\u00e9riaux non m\u00e9talliques<\/strong> : elle assurait la diffusion d\u2019informations technologiques, l\u2019identification des besoins des PME, la structuration et suivi de projets d\u2019innovation et de d\u00e9veloppement technologique \u00e0 <strong>Maison Innovergne\u00a0<\/strong><\/p>\n<p><strong>\u00a0<\/strong><strong>Du 11\/2008 au 12\/2011,<\/strong> <strong>Charg\u00e9e de mission nanomat\u00e9riaux<\/strong> <strong>\u00e0 P\u00f4le Technologique d\u2019Auvergne CASIMIR\u00a0: <\/strong>responsable des actions collectives \u00ab \u00e9tude du potentiel de d\u00e9veloppement des nanomat\u00e9riaux en r\u00e9gion Auvergne \u00bb puis \u00ab Int\u00e9gration des nanomat\u00e9riaux dans les PME r\u00e9gionales \u00bb<\/p>\n<p><strong>\u00a0<\/strong><strong>Charg\u00e9e de projets de recherches<\/strong><\/p>\n<p><strong>Du 10\/2007 au 09\/2008 : <\/strong>\u00ab Rev\u00eatements nanostructur\u00e9s \u00e0 base de Silicium et Carbone pour des Applications M\u00e9caniques (NANO-SCAM) \u00bb ; \u00e0 Perpignan ; Consortium PROMES (Perpignan), CEA-LITEN\/STN (Grenoble), SUPMECA (Paris), EADS, Euro Copter et ACM.<\/p>\n<p><strong>\u00a0<\/strong><strong>Du 01\/2007 au 09\/2007\u00a0: <\/strong>\u00ab\u00a0D\u00e9p\u00f4t et caract\u00e9risation de mat\u00e9riaux couches minces innovants \u00e0 haute constante di\u00e9lectrique\u00a0\u00bb, Fondazione Bruno Kessler, Italie.<\/p>\n<p><strong>En 2005,<\/strong> elle s\u2019est distingu\u00e9e du Premier prix de la Soci\u00e9t\u00e9 Fran\u00e7aise du Vide au colloque francophone sur l\u2019Innovations dans l&rsquo;Elaboration et les Applications des Couches Minces (IEACM-2, Nancy).<\/p>\n<p><span style=\"color: #0000ff\"><strong>DOMAINES DE COMPETENCES<\/strong><\/span><\/p>\n<p><strong><em>Gestion de projets, Animation et Communication<\/em><\/strong><\/p>\n<ul>\n<li>Structuration, coordination et suivi de projets de d\u00e9veloppement technologique ou d\u2019innovation,<\/li>\n<li>Mise en place de collaborations universitaires et industrielles dans les domaines des mat\u00e9riaux et du recyclage,<\/li>\n<li>Animation de r\u00e9union, groupe de travail et de comit\u00e9 de pilotage,<\/li>\n<li>Veille mat\u00e9riaux, strat\u00e9gie, innovation, financements&#8230;<\/li>\n<li>Encadrement et formation de stagiaires,<\/li>\n<li>Organisation et animation de journ\u00e9es techniques th\u00e9matiques,<\/li>\n<li>Vulgarisation scientifique aupr\u00e8s du grand public.<\/li>\n<\/ul>\n<p><strong><em>Mat\u00e9riaux et g\u00e9nie des proc\u00e9d\u00e9s<\/em><\/strong><\/p>\n<p><strong><em>\u00a0<\/em><\/strong>Caract\u00e9risation de mat\u00e9riaux, surfaces et interfaces (composition \u00e9l\u00e9mentaire, structure, morphologie, propri\u00e9t\u00e9s m\u00e9caniques, optiques, di\u00e9lectriques),<\/p>\n<ul>\n<li>Traitement de surfaces m\u00e9talliques, c\u00e9ramique et polym\u00e8res (activation et\/ou rev\u00eatement) par voies physiques et chimiques,<\/li>\n<li>D\u00e9veloppement de m\u00e9thodes de suivi et de reproductibilit\u00e9 des proc\u00e9d\u00e9s.<\/li>\n<\/ul>\n<p><strong>\u00a0<\/strong><\/p>\n<p><strong>\u00a0<\/strong><strong>ETUDES ET DIPLOMES<\/strong><\/p>\n<p><strong>\u00a0<\/strong><strong>2006 <\/strong>\u00a0: Doctorat en Chimie et Science des Mat\u00e9riaux. Universit\u00e9 de Clermont-Ferrand<\/p>\n<p>\u00ab <strong><em>\u00c9laboration et \u00e9tude des propri\u00e9t\u00e9s optiques et di\u00e9lectriques des couches minces d&rsquo;oxynitrure de silicium<\/em><\/strong><strong> \u00bb <\/strong><\/p>\n<p><strong>2003<\/strong> : Dipl\u00f4me d&rsquo;Etudes Approfondies en chimie des transformations. Universit\u00e9 de Clermont-Ferrand.<\/p>\n<p><strong>2000 <\/strong>: DES de Chimie \u2013 Universit\u00e9 Mouloud Mammeri de Tizi-Ouzou<\/p>\n<p><strong>\u00a0<\/strong><\/p>\n<p><strong>EXPERIENCE PROFESSIONNELLE<\/strong><\/p>\n<p><strong>\u00a0<\/strong>Est depuis <strong>Janvier 2019, Directrice D\u00e9veloppement Mati\u00e8res et R&amp;D<\/strong> <strong>en Auvergne <\/strong>dont les missions principales sont :<\/p>\n<p>La d\u00e9finition de la strat\u00e9gie R&amp;D du groupe, la structuration et le pilotage de projets de d\u00e9veloppement et d\u2019innovation, la coordination des partenariats, la cr\u00e9ation d\u2019un laboratoire de caract\u00e9risation de mat\u00e9riaux&#8230;<\/p>\n<p><strong>\u00a0<\/strong><strong>Du 01\/2012 au 12\/2018, <\/strong><strong>Conseiller en Diffusion Technologique (CDT) dans domaine des mat\u00e9riaux non m\u00e9talliques<\/strong> : elle assurait la diffusion d\u2019informations technologiques, l\u2019identification des besoins des PME, la structuration et suivi de projets d\u2019innovation et de d\u00e9veloppement technologique \u00e0 <strong>Maison Innovergne\u00a0<\/strong><\/p>\n<p><strong>\u00a0<\/strong><strong>Du 11\/2008 au 12\/2011,<\/strong> <strong>Charg\u00e9e de mission nanomat\u00e9riaux<\/strong> <strong>\u00e0 P\u00f4le Technologique d\u2019Auvergne CASIMIR\u00a0: <\/strong>responsable des actions collectives \u00ab \u00e9tude du potentiel de d\u00e9veloppement des nanomat\u00e9riaux en r\u00e9gion Auvergne \u00bb puis \u00ab Int\u00e9gration des nanomat\u00e9riaux dans les PME r\u00e9gionales \u00bb<\/p>\n<p><strong>\u00a0<\/strong><strong>Charg\u00e9e de projets de recherches<\/strong><\/p>\n<p><strong>Du 10\/2007 au 09\/2008 : <\/strong>\u00ab Rev\u00eatements nanostructur\u00e9s \u00e0 base de Silicium et Carbone pour des Applications M\u00e9caniques (NANO-SCAM) \u00bb ; \u00e0 Perpignan ; Consortium PROMES (Perpignan), CEA-LITEN\/STN (Grenoble), SUPMECA (Paris), EADS, Euro Copter et ACM.<\/p>\n<p><strong>\u00a0<\/strong><strong>Du 01\/2007 au 09\/2007\u00a0: <\/strong>\u00ab\u00a0D\u00e9p\u00f4t et caract\u00e9risation de mat\u00e9riaux couches minces innovants \u00e0 haute constante di\u00e9lectrique\u00a0\u00bb, Fondazione Bruno Kessler, Italie.<\/p>\n<p><strong>En 2005,<\/strong> elle s\u2019est distingu\u00e9e du Premier prix de la Soci\u00e9t\u00e9 Fran\u00e7aise du Vide au colloque francophone sur l\u2019Innovations dans l&rsquo;Elaboration et les Applications des Couches Minces (IEACM-2, Nancy).<\/p>\n<p><strong>DOMAINES DE COMPETENCES<\/strong><\/p>\n<p><strong><em>Gestion de projets, Animation et Communication<\/em><\/strong><\/p>\n<ul>\n<li>Structuration, coordination et suivi de projets de d\u00e9veloppement technologique ou d\u2019innovation,<\/li>\n<li>Mise en place de collaborations universitaires et industrielles dans les domaines des mat\u00e9riaux et du recyclage,<\/li>\n<li>Animation de r\u00e9union, groupe de travail et de comit\u00e9 de pilotage,<\/li>\n<li>Veille mat\u00e9riaux, strat\u00e9gie, innovation, financements&#8230;<\/li>\n<li>Encadrement et formation de stagiaires,<\/li>\n<li>Organisation et animation de journ\u00e9es techniques th\u00e9matiques,<\/li>\n<li>Vulgarisation scientifique aupr\u00e8s du grand public.<\/li>\n<\/ul>\n<p>&nbsp;<\/p>\n<p><strong><em>Mat\u00e9riaux et g\u00e9nie des proc\u00e9d\u00e9s<\/em><\/strong><\/p>\n<p><strong><em>\u00a0<\/em><\/strong>Caract\u00e9risation de mat\u00e9riaux, surfaces et interfaces (composition \u00e9l\u00e9mentaire, structure, morphologie, propri\u00e9t\u00e9s m\u00e9caniques, optiques, di\u00e9lectriques),<\/p>\n<ul>\n<li>Traitement de surfaces m\u00e9talliques, c\u00e9ramique et polym\u00e8res (activation et\/ou rev\u00eatement) par voies physiques et chimiques,<\/li>\n<li>D\u00e9veloppement de m\u00e9thodes de suivi et de reproductibilit\u00e9 des proc\u00e9d\u00e9s.<\/li>\n<\/ul>\n<p><strong>\u00a0<\/strong><\/p>\n<p><strong>\u00a0<\/strong><\/p>\n<p>[\/et_pb_accordion_item][\/et_pb_accordion][\/et_pb_column][\/et_pb_row][\/et_pb_section]<\/p>\n","protected":false},"excerpt":{"rendered":"<p>\u00a0Nous avons l\u2019honneur et le plaisir d\u2019accueillir\u00a0le Docteur Tomasella n\u00e9e Rebib Farida, Directrice D\u00e9veloppement Mati\u00e8re et R&amp;D dans le groupe Environnement Recycling en Auvergne, le\u00a0Jeudi 26 Octobre 2023 \u00e0 10H00,\u00a0pour animer une conf\u00e9rence\u00a0\u00e0 la Facult\u00e9 des Sciences dont l\u2019intitul\u00e9 est\u00a0: \u00a0\u00ab\u00a0Collecte, traitement et valorisation des d\u00e9chets d\u2019\u00e9quipements \u00e9lectriques et \u00e9lectroniques (DEEE)\u00a0\u00bb \u00a0Lieu : Salle de [&hellip;]<\/p>\n","protected":false},"author":16,"featured_media":21407,"comment_status":"closed","ping_status":"closed","sticky":false,"template":"","format":"standard","meta":{"_et_pb_use_builder":"on","_et_pb_old_content":"","_et_gb_content_width":"","footnotes":""},"categories":[1,10],"tags":[],"class_list":["post-21838","post","type-post","status-publish","format-standard","has-post-thumbnail","hentry","category-non-classe","category-new_dep_chimie"],"yoast_head":"<!-- This site is optimized with the Yoast SEO plugin v27.3 - https:\/\/yoast.com\/product\/yoast-seo-wordpress\/ -->\n<title>Avis aux \u00e9tudiants, masters, doctorants et enseignants chercheurs - Facult\u00e9 des Sciences<\/title>\n<meta name=\"robots\" content=\"index, follow, max-snippet:-1, max-image-preview:large, max-video-preview:-1\" \/>\n<link rel=\"canonical\" href=\"https:\/\/www.ummto.dz\/fs\/avis-aux-etudiants-masters-doctorants-et-enseignants-chercheurs\/\" \/>\n<meta property=\"og:locale\" content=\"fr_FR\" \/>\n<meta property=\"og:type\" content=\"article\" \/>\n<meta property=\"og:title\" content=\"Avis aux \u00e9tudiants, masters, doctorants et enseignants chercheurs - Facult\u00e9 des Sciences\" \/>\n<meta property=\"og:description\" content=\"\u00a0Nous avons l\u2019honneur et le plaisir d\u2019accueillir\u00a0le Docteur Tomasella n\u00e9e Rebib Farida, Directrice D\u00e9veloppement Mati\u00e8re et R&amp;D dans le groupe Environnement Recycling en Auvergne, le\u00a0Jeudi 26 Octobre 2023 \u00e0 10H00,\u00a0pour animer une conf\u00e9rence\u00a0\u00e0 la Facult\u00e9 des Sciences dont l\u2019intitul\u00e9 est\u00a0: \u00a0\u00ab\u00a0Collecte, traitement et valorisation des d\u00e9chets d\u2019\u00e9quipements \u00e9lectriques et \u00e9lectroniques (DEEE)\u00a0\u00bb \u00a0Lieu : Salle de [&hellip;]\" \/>\n<meta property=\"og:url\" content=\"https:\/\/www.ummto.dz\/fs\/avis-aux-etudiants-masters-doctorants-et-enseignants-chercheurs\/\" \/>\n<meta property=\"og:site_name\" content=\"Facult\u00e9 des Sciences\" \/>\n<meta property=\"article:published_time\" content=\"2023-10-23T14:53:37+00:00\" \/>\n<meta property=\"article:modified_time\" content=\"2023-10-24T06:48:53+00:00\" \/>\n<meta property=\"og:image\" content=\"https:\/\/www.ummto.dz\/fs\/wp-content\/uploads\/2023\/10\/telechargement.jpg\" \/>\n\t<meta property=\"og:image:width\" content=\"282\" \/>\n\t<meta property=\"og:image:height\" content=\"179\" \/>\n\t<meta property=\"og:image:type\" content=\"image\/jpeg\" \/>\n<meta name=\"author\" content=\"CHIMIE\" \/>\n<meta name=\"twitter:card\" content=\"summary_large_image\" \/>\n<meta name=\"twitter:label1\" content=\"\u00c9crit par\" \/>\n\t<meta name=\"twitter:data1\" content=\"CHIMIE\" \/>\n<script type=\"application\/ld+json\" class=\"yoast-schema-graph\">{\"@context\":\"https:\\\/\\\/schema.org\",\"@graph\":[{\"@type\":\"Article\",\"@id\":\"https:\\\/\\\/www.ummto.dz\\\/fs\\\/avis-aux-etudiants-masters-doctorants-et-enseignants-chercheurs\\\/#article\",\"isPartOf\":{\"@id\":\"https:\\\/\\\/www.ummto.dz\\\/fs\\\/avis-aux-etudiants-masters-doctorants-et-enseignants-chercheurs\\\/\"},\"author\":{\"name\":\"CHIMIE\",\"@id\":\"https:\\\/\\\/www.ummto.dz\\\/fs\\\/#\\\/schema\\\/person\\\/dfb535b5bdc223f2dda5ceb1813b68c1\"},\"headline\":\"Avis aux \u00e9tudiants, masters, doctorants et enseignants chercheurs\",\"datePublished\":\"2023-10-23T14:53:37+00:00\",\"dateModified\":\"2023-10-24T06:48:53+00:00\",\"mainEntityOfPage\":{\"@id\":\"https:\\\/\\\/www.ummto.dz\\\/fs\\\/avis-aux-etudiants-masters-doctorants-et-enseignants-chercheurs\\\/\"},\"wordCount\":1105,\"image\":{\"@id\":\"https:\\\/\\\/www.ummto.dz\\\/fs\\\/avis-aux-etudiants-masters-doctorants-et-enseignants-chercheurs\\\/#primaryimage\"},\"thumbnailUrl\":\"https:\\\/\\\/www.ummto.dz\\\/fs\\\/wp-content\\\/uploads\\\/2023\\\/10\\\/telechargement.jpg\",\"articleSection\":[\"Actualit\u00e9\",\"Dep_Chimie\"],\"inLanguage\":\"fr-FR\"},{\"@type\":\"WebPage\",\"@id\":\"https:\\\/\\\/www.ummto.dz\\\/fs\\\/avis-aux-etudiants-masters-doctorants-et-enseignants-chercheurs\\\/\",\"url\":\"https:\\\/\\\/www.ummto.dz\\\/fs\\\/avis-aux-etudiants-masters-doctorants-et-enseignants-chercheurs\\\/\",\"name\":\"Avis aux \u00e9tudiants, masters, doctorants et enseignants chercheurs - Facult\u00e9 des Sciences\",\"isPartOf\":{\"@id\":\"https:\\\/\\\/www.ummto.dz\\\/fs\\\/#website\"},\"primaryImageOfPage\":{\"@id\":\"https:\\\/\\\/www.ummto.dz\\\/fs\\\/avis-aux-etudiants-masters-doctorants-et-enseignants-chercheurs\\\/#primaryimage\"},\"image\":{\"@id\":\"https:\\\/\\\/www.ummto.dz\\\/fs\\\/avis-aux-etudiants-masters-doctorants-et-enseignants-chercheurs\\\/#primaryimage\"},\"thumbnailUrl\":\"https:\\\/\\\/www.ummto.dz\\\/fs\\\/wp-content\\\/uploads\\\/2023\\\/10\\\/telechargement.jpg\",\"datePublished\":\"2023-10-23T14:53:37+00:00\",\"dateModified\":\"2023-10-24T06:48:53+00:00\",\"author\":{\"@id\":\"https:\\\/\\\/www.ummto.dz\\\/fs\\\/#\\\/schema\\\/person\\\/dfb535b5bdc223f2dda5ceb1813b68c1\"},\"breadcrumb\":{\"@id\":\"https:\\\/\\\/www.ummto.dz\\\/fs\\\/avis-aux-etudiants-masters-doctorants-et-enseignants-chercheurs\\\/#breadcrumb\"},\"inLanguage\":\"fr-FR\",\"potentialAction\":[{\"@type\":\"ReadAction\",\"target\":[\"https:\\\/\\\/www.ummto.dz\\\/fs\\\/avis-aux-etudiants-masters-doctorants-et-enseignants-chercheurs\\\/\"]}]},{\"@type\":\"ImageObject\",\"inLanguage\":\"fr-FR\",\"@id\":\"https:\\\/\\\/www.ummto.dz\\\/fs\\\/avis-aux-etudiants-masters-doctorants-et-enseignants-chercheurs\\\/#primaryimage\",\"url\":\"https:\\\/\\\/www.ummto.dz\\\/fs\\\/wp-content\\\/uploads\\\/2023\\\/10\\\/telechargement.jpg\",\"contentUrl\":\"https:\\\/\\\/www.ummto.dz\\\/fs\\\/wp-content\\\/uploads\\\/2023\\\/10\\\/telechargement.jpg\",\"width\":282,\"height\":179},{\"@type\":\"BreadcrumbList\",\"@id\":\"https:\\\/\\\/www.ummto.dz\\\/fs\\\/avis-aux-etudiants-masters-doctorants-et-enseignants-chercheurs\\\/#breadcrumb\",\"itemListElement\":[{\"@type\":\"ListItem\",\"position\":1,\"name\":\"Accueil\",\"item\":\"https:\\\/\\\/www.ummto.dz\\\/fs\\\/\"},{\"@type\":\"ListItem\",\"position\":2,\"name\":\"Avis aux \u00e9tudiants, masters, doctorants et enseignants chercheurs\"}]},{\"@type\":\"WebSite\",\"@id\":\"https:\\\/\\\/www.ummto.dz\\\/fs\\\/#website\",\"url\":\"https:\\\/\\\/www.ummto.dz\\\/fs\\\/\",\"name\":\"Facult\u00e9 des Sciences\",\"description\":\"universit\u00e9 Moulous Mammeri de Tizi-Ouzou\",\"potentialAction\":[{\"@type\":\"SearchAction\",\"target\":{\"@type\":\"EntryPoint\",\"urlTemplate\":\"https:\\\/\\\/www.ummto.dz\\\/fs\\\/?s={search_term_string}\"},\"query-input\":{\"@type\":\"PropertyValueSpecification\",\"valueRequired\":true,\"valueName\":\"search_term_string\"}}],\"inLanguage\":\"fr-FR\"},{\"@type\":\"Person\",\"@id\":\"https:\\\/\\\/www.ummto.dz\\\/fs\\\/#\\\/schema\\\/person\\\/dfb535b5bdc223f2dda5ceb1813b68c1\",\"name\":\"CHIMIE\",\"url\":\"https:\\\/\\\/www.ummto.dz\\\/fs\\\/author\\\/chimie\\\/\"}]}<\/script>\n<!-- \/ Yoast SEO plugin. -->","yoast_head_json":{"title":"Avis aux \u00e9tudiants, masters, doctorants et enseignants chercheurs - Facult\u00e9 des Sciences","robots":{"index":"index","follow":"follow","max-snippet":"max-snippet:-1","max-image-preview":"max-image-preview:large","max-video-preview":"max-video-preview:-1"},"canonical":"https:\/\/www.ummto.dz\/fs\/avis-aux-etudiants-masters-doctorants-et-enseignants-chercheurs\/","og_locale":"fr_FR","og_type":"article","og_title":"Avis aux \u00e9tudiants, masters, doctorants et enseignants chercheurs - Facult\u00e9 des Sciences","og_description":"\u00a0Nous avons l\u2019honneur et le plaisir d\u2019accueillir\u00a0le Docteur Tomasella n\u00e9e Rebib Farida, Directrice D\u00e9veloppement Mati\u00e8re et R&amp;D dans le groupe Environnement Recycling en Auvergne, le\u00a0Jeudi 26 Octobre 2023 \u00e0 10H00,\u00a0pour animer une conf\u00e9rence\u00a0\u00e0 la Facult\u00e9 des Sciences dont l\u2019intitul\u00e9 est\u00a0: \u00a0\u00ab\u00a0Collecte, traitement et valorisation des d\u00e9chets d\u2019\u00e9quipements \u00e9lectriques et \u00e9lectroniques (DEEE)\u00a0\u00bb \u00a0Lieu : Salle de [&hellip;]","og_url":"https:\/\/www.ummto.dz\/fs\/avis-aux-etudiants-masters-doctorants-et-enseignants-chercheurs\/","og_site_name":"Facult\u00e9 des Sciences","article_published_time":"2023-10-23T14:53:37+00:00","article_modified_time":"2023-10-24T06:48:53+00:00","og_image":[{"width":282,"height":179,"url":"https:\/\/www.ummto.dz\/fs\/wp-content\/uploads\/2023\/10\/telechargement.jpg","type":"image\/jpeg"}],"author":"CHIMIE","twitter_card":"summary_large_image","twitter_misc":{"\u00c9crit par":"CHIMIE"},"schema":{"@context":"https:\/\/schema.org","@graph":[{"@type":"Article","@id":"https:\/\/www.ummto.dz\/fs\/avis-aux-etudiants-masters-doctorants-et-enseignants-chercheurs\/#article","isPartOf":{"@id":"https:\/\/www.ummto.dz\/fs\/avis-aux-etudiants-masters-doctorants-et-enseignants-chercheurs\/"},"author":{"name":"CHIMIE","@id":"https:\/\/www.ummto.dz\/fs\/#\/schema\/person\/dfb535b5bdc223f2dda5ceb1813b68c1"},"headline":"Avis aux \u00e9tudiants, masters, doctorants et enseignants chercheurs","datePublished":"2023-10-23T14:53:37+00:00","dateModified":"2023-10-24T06:48:53+00:00","mainEntityOfPage":{"@id":"https:\/\/www.ummto.dz\/fs\/avis-aux-etudiants-masters-doctorants-et-enseignants-chercheurs\/"},"wordCount":1105,"image":{"@id":"https:\/\/www.ummto.dz\/fs\/avis-aux-etudiants-masters-doctorants-et-enseignants-chercheurs\/#primaryimage"},"thumbnailUrl":"https:\/\/www.ummto.dz\/fs\/wp-content\/uploads\/2023\/10\/telechargement.jpg","articleSection":["Actualit\u00e9","Dep_Chimie"],"inLanguage":"fr-FR"},{"@type":"WebPage","@id":"https:\/\/www.ummto.dz\/fs\/avis-aux-etudiants-masters-doctorants-et-enseignants-chercheurs\/","url":"https:\/\/www.ummto.dz\/fs\/avis-aux-etudiants-masters-doctorants-et-enseignants-chercheurs\/","name":"Avis aux \u00e9tudiants, masters, doctorants et enseignants chercheurs - Facult\u00e9 des Sciences","isPartOf":{"@id":"https:\/\/www.ummto.dz\/fs\/#website"},"primaryImageOfPage":{"@id":"https:\/\/www.ummto.dz\/fs\/avis-aux-etudiants-masters-doctorants-et-enseignants-chercheurs\/#primaryimage"},"image":{"@id":"https:\/\/www.ummto.dz\/fs\/avis-aux-etudiants-masters-doctorants-et-enseignants-chercheurs\/#primaryimage"},"thumbnailUrl":"https:\/\/www.ummto.dz\/fs\/wp-content\/uploads\/2023\/10\/telechargement.jpg","datePublished":"2023-10-23T14:53:37+00:00","dateModified":"2023-10-24T06:48:53+00:00","author":{"@id":"https:\/\/www.ummto.dz\/fs\/#\/schema\/person\/dfb535b5bdc223f2dda5ceb1813b68c1"},"breadcrumb":{"@id":"https:\/\/www.ummto.dz\/fs\/avis-aux-etudiants-masters-doctorants-et-enseignants-chercheurs\/#breadcrumb"},"inLanguage":"fr-FR","potentialAction":[{"@type":"ReadAction","target":["https:\/\/www.ummto.dz\/fs\/avis-aux-etudiants-masters-doctorants-et-enseignants-chercheurs\/"]}]},{"@type":"ImageObject","inLanguage":"fr-FR","@id":"https:\/\/www.ummto.dz\/fs\/avis-aux-etudiants-masters-doctorants-et-enseignants-chercheurs\/#primaryimage","url":"https:\/\/www.ummto.dz\/fs\/wp-content\/uploads\/2023\/10\/telechargement.jpg","contentUrl":"https:\/\/www.ummto.dz\/fs\/wp-content\/uploads\/2023\/10\/telechargement.jpg","width":282,"height":179},{"@type":"BreadcrumbList","@id":"https:\/\/www.ummto.dz\/fs\/avis-aux-etudiants-masters-doctorants-et-enseignants-chercheurs\/#breadcrumb","itemListElement":[{"@type":"ListItem","position":1,"name":"Accueil","item":"https:\/\/www.ummto.dz\/fs\/"},{"@type":"ListItem","position":2,"name":"Avis aux \u00e9tudiants, masters, doctorants et enseignants chercheurs"}]},{"@type":"WebSite","@id":"https:\/\/www.ummto.dz\/fs\/#website","url":"https:\/\/www.ummto.dz\/fs\/","name":"Facult\u00e9 des Sciences","description":"universit\u00e9 Moulous Mammeri de Tizi-Ouzou","potentialAction":[{"@type":"SearchAction","target":{"@type":"EntryPoint","urlTemplate":"https:\/\/www.ummto.dz\/fs\/?s={search_term_string}"},"query-input":{"@type":"PropertyValueSpecification","valueRequired":true,"valueName":"search_term_string"}}],"inLanguage":"fr-FR"},{"@type":"Person","@id":"https:\/\/www.ummto.dz\/fs\/#\/schema\/person\/dfb535b5bdc223f2dda5ceb1813b68c1","name":"CHIMIE","url":"https:\/\/www.ummto.dz\/fs\/author\/chimie\/"}]}},"_links":{"self":[{"href":"https:\/\/www.ummto.dz\/fs\/wp-json\/wp\/v2\/posts\/21838","targetHints":{"allow":["GET"]}}],"collection":[{"href":"https:\/\/www.ummto.dz\/fs\/wp-json\/wp\/v2\/posts"}],"about":[{"href":"https:\/\/www.ummto.dz\/fs\/wp-json\/wp\/v2\/types\/post"}],"author":[{"embeddable":true,"href":"https:\/\/www.ummto.dz\/fs\/wp-json\/wp\/v2\/users\/16"}],"replies":[{"embeddable":true,"href":"https:\/\/www.ummto.dz\/fs\/wp-json\/wp\/v2\/comments?post=21838"}],"version-history":[{"count":6,"href":"https:\/\/www.ummto.dz\/fs\/wp-json\/wp\/v2\/posts\/21838\/revisions"}],"predecessor-version":[{"id":21863,"href":"https:\/\/www.ummto.dz\/fs\/wp-json\/wp\/v2\/posts\/21838\/revisions\/21863"}],"wp:featuredmedia":[{"embeddable":true,"href":"https:\/\/www.ummto.dz\/fs\/wp-json\/wp\/v2\/media\/21407"}],"wp:attachment":[{"href":"https:\/\/www.ummto.dz\/fs\/wp-json\/wp\/v2\/media?parent=21838"}],"wp:term":[{"taxonomy":"category","embeddable":true,"href":"https:\/\/www.ummto.dz\/fs\/wp-json\/wp\/v2\/categories?post=21838"},{"taxonomy":"post_tag","embeddable":true,"href":"https:\/\/www.ummto.dz\/fs\/wp-json\/wp\/v2\/tags?post=21838"}],"curies":[{"name":"wp","href":"https:\/\/api.w.org\/{rel}","templated":true}]}}