{"id":22004,"date":"2023-11-13T17:09:54","date_gmt":"2023-11-13T16:09:54","guid":{"rendered":"https:\/\/www.ummto.dz\/fs\/?p=22004"},"modified":"2023-11-13T17:10:34","modified_gmt":"2023-11-13T16:10:34","slug":"avis-aux-etudiants-de-master-mathematiques-semaine-mondiale-de-lentreprenariat-startup","status":"publish","type":"post","link":"https:\/\/www.ummto.dz\/fs\/avis-aux-etudiants-de-master-mathematiques-semaine-mondiale-de-lentreprenariat-startup\/","title":{"rendered":"Avis aux \u00e9tudiants de Master Math\u00e9matiques: Semaine mondiale de l\u2019entreprenariat (Startup)"},"content":{"rendered":"<p>[et_pb_section fb_built=\u00a0\u00bb1&Prime; theme_builder_area=\u00a0\u00bbpost_content\u00a0\u00bb _builder_version=\u00a0\u00bb4.23&Prime; _module_preset=\u00a0\u00bbdefault\u00a0\u00bb][et_pb_row _builder_version=\u00a0\u00bb4.23&Prime; _module_preset=\u00a0\u00bbdefault\u00a0\u00bb theme_builder_area=\u00a0\u00bbpost_content\u00a0\u00bb][et_pb_column _builder_version=\u00a0\u00bb4.23&Prime; _module_preset=\u00a0\u00bbdefault\u00a0\u00bb type=\u00a0\u00bb4_4&Prime; theme_builder_area=\u00a0\u00bbpost_content\u00a0\u00bb][et_pb_text _builder_version=\u00a0\u00bb4.23&Prime; _module_preset=\u00a0\u00bbdefault\u00a0\u00bb theme_builder_area=\u00a0\u00bbpost_content\u00a0\u00bb]<\/p>\n<p>Les \u00e9tudiants de Master Math\u00e9matiques sont invit\u00e9s \u00e0 assiter \u00e0 la cloture de\u00a0 la semaine mondiale de l&rsquo;entreprenariat qui aura lieu: mardi 14-11-2023 \u00e0 09h30 au niveau<\/p>\n<p>de la facult\u00e9 de M\u00e9decine.<\/p>\n<p>Les cours et TD de 08h00-12h30 sont suspondus.<\/p>\n<ul>\n<li><a href=\"https:\/\/www.ummto.dz\/semaine-mondiale-de-lentreprenariat-2\/\">https:\/\/www.ummto.dz\/semaine-mondiale-de-lentreprenariat-2\/<\/a><\/li>\n<\/ul>\n<p>Le d\u00e9partement<\/p>\n<h1 class=\"entry-title\"><\/h1>\n<p>&nbsp;<\/p>\n<p>&nbsp;<\/p>\n<p>[\/et_pb_text][\/et_pb_column][\/et_pb_row][\/et_pb_section]<\/p>\n","protected":false},"excerpt":{"rendered":"<p>Les \u00e9tudiants de Master Math\u00e9matiques sont invit\u00e9s \u00e0 assiter \u00e0 la cloture de\u00a0 la semaine mondiale de l&rsquo;entreprenariat qui aura lieu: mardi 14-11-2023 \u00e0 09h30 au niveau de la facult\u00e9 de M\u00e9decine. Les cours et TD de 08h00-12h30 sont suspondus. https:\/\/www.ummto.dz\/semaine-mondiale-de-lentreprenariat-2\/ Le d\u00e9partement &nbsp; &nbsp;<\/p>\n","protected":false},"author":18,"featured_media":894,"comment_status":"closed","ping_status":"closed","sticky":false,"template":"","format":"standard","meta":{"_et_pb_use_builder":"on","_et_pb_old_content":"","_et_gb_content_width":"","footnotes":""},"categories":[9],"tags":[],"class_list":["post-22004","post","type-post","status-publish","format-standard","has-post-thumbnail","hentry","category-new_dep_maths"],"yoast_head":"<!-- This site is optimized with the Yoast SEO plugin v27.3 - https:\/\/yoast.com\/product\/yoast-seo-wordpress\/ -->\n<title>Avis aux \u00e9tudiants de Master Math\u00e9matiques: Semaine mondiale de l\u2019entreprenariat (Startup) - Facult\u00e9 des Sciences<\/title>\n<meta name=\"robots\" content=\"index, follow, max-snippet:-1, max-image-preview:large, max-video-preview:-1\" \/>\n<link rel=\"canonical\" href=\"https:\/\/www.ummto.dz\/fs\/avis-aux-etudiants-de-master-mathematiques-semaine-mondiale-de-lentreprenariat-startup\/\" \/>\n<meta property=\"og:locale\" content=\"fr_FR\" \/>\n<meta property=\"og:type\" content=\"article\" \/>\n<meta property=\"og:title\" content=\"Avis aux \u00e9tudiants de Master Math\u00e9matiques: Semaine mondiale de l\u2019entreprenariat (Startup) - Facult\u00e9 des Sciences\" \/>\n<meta property=\"og:description\" content=\"Les \u00e9tudiants de Master Math\u00e9matiques sont invit\u00e9s \u00e0 assiter \u00e0 la cloture de\u00a0 la semaine mondiale de l&#039;entreprenariat qui aura lieu: mardi 14-11-2023 \u00e0 09h30 au niveau de la facult\u00e9 de M\u00e9decine. Les cours et TD de 08h00-12h30 sont suspondus. https:\/\/www.ummto.dz\/semaine-mondiale-de-lentreprenariat-2\/ Le d\u00e9partement &nbsp; &nbsp;\" \/>\n<meta property=\"og:url\" content=\"https:\/\/www.ummto.dz\/fs\/avis-aux-etudiants-de-master-mathematiques-semaine-mondiale-de-lentreprenariat-startup\/\" \/>\n<meta property=\"og:site_name\" content=\"Facult\u00e9 des Sciences\" \/>\n<meta property=\"article:published_time\" content=\"2023-11-13T16:09:54+00:00\" \/>\n<meta property=\"article:modified_time\" content=\"2023-11-13T16:10:34+00:00\" \/>\n<meta property=\"og:image\" content=\"https:\/\/www.ummto.dz\/fs\/wp-content\/uploads\/2018\/07\/information-.jpg\" \/>\n\t<meta property=\"og:image:width\" content=\"225\" \/>\n\t<meta property=\"og:image:height\" content=\"225\" \/>\n\t<meta property=\"og:image:type\" content=\"image\/jpeg\" \/>\n<meta name=\"author\" content=\"Math\u00e9matiques\" \/>\n<meta name=\"twitter:card\" content=\"summary_large_image\" \/>\n<meta name=\"twitter:label1\" content=\"\u00c9crit par\" \/>\n\t<meta name=\"twitter:data1\" content=\"Math\u00e9matiques\" \/>\n<script type=\"application\/ld+json\" class=\"yoast-schema-graph\">{\"@context\":\"https:\\\/\\\/schema.org\",\"@graph\":[{\"@type\":\"Article\",\"@id\":\"https:\\\/\\\/www.ummto.dz\\\/fs\\\/avis-aux-etudiants-de-master-mathematiques-semaine-mondiale-de-lentreprenariat-startup\\\/#article\",\"isPartOf\":{\"@id\":\"https:\\\/\\\/www.ummto.dz\\\/fs\\\/avis-aux-etudiants-de-master-mathematiques-semaine-mondiale-de-lentreprenariat-startup\\\/\"},\"author\":{\"name\":\"Math\u00e9matiques\",\"@id\":\"https:\\\/\\\/www.ummto.dz\\\/fs\\\/#\\\/schema\\\/person\\\/d25c34844cf5a43d9fc6b524d80770e2\"},\"headline\":\"Avis aux \u00e9tudiants de Master Math\u00e9matiques: Semaine mondiale de l\u2019entreprenariat (Startup)\",\"datePublished\":\"2023-11-13T16:09:54+00:00\",\"dateModified\":\"2023-11-13T16:10:34+00:00\",\"mainEntityOfPage\":{\"@id\":\"https:\\\/\\\/www.ummto.dz\\\/fs\\\/avis-aux-etudiants-de-master-mathematiques-semaine-mondiale-de-lentreprenariat-startup\\\/\"},\"wordCount\":134,\"image\":{\"@id\":\"https:\\\/\\\/www.ummto.dz\\\/fs\\\/avis-aux-etudiants-de-master-mathematiques-semaine-mondiale-de-lentreprenariat-startup\\\/#primaryimage\"},\"thumbnailUrl\":\"https:\\\/\\\/www.ummto.dz\\\/fs\\\/wp-content\\\/uploads\\\/2018\\\/07\\\/information-.jpg\",\"articleSection\":[\"dep_maths\"],\"inLanguage\":\"fr-FR\"},{\"@type\":\"WebPage\",\"@id\":\"https:\\\/\\\/www.ummto.dz\\\/fs\\\/avis-aux-etudiants-de-master-mathematiques-semaine-mondiale-de-lentreprenariat-startup\\\/\",\"url\":\"https:\\\/\\\/www.ummto.dz\\\/fs\\\/avis-aux-etudiants-de-master-mathematiques-semaine-mondiale-de-lentreprenariat-startup\\\/\",\"name\":\"Avis aux \u00e9tudiants de Master Math\u00e9matiques: Semaine mondiale de l\u2019entreprenariat (Startup) - Facult\u00e9 des Sciences\",\"isPartOf\":{\"@id\":\"https:\\\/\\\/www.ummto.dz\\\/fs\\\/#website\"},\"primaryImageOfPage\":{\"@id\":\"https:\\\/\\\/www.ummto.dz\\\/fs\\\/avis-aux-etudiants-de-master-mathematiques-semaine-mondiale-de-lentreprenariat-startup\\\/#primaryimage\"},\"image\":{\"@id\":\"https:\\\/\\\/www.ummto.dz\\\/fs\\\/avis-aux-etudiants-de-master-mathematiques-semaine-mondiale-de-lentreprenariat-startup\\\/#primaryimage\"},\"thumbnailUrl\":\"https:\\\/\\\/www.ummto.dz\\\/fs\\\/wp-content\\\/uploads\\\/2018\\\/07\\\/information-.jpg\",\"datePublished\":\"2023-11-13T16:09:54+00:00\",\"dateModified\":\"2023-11-13T16:10:34+00:00\",\"author\":{\"@id\":\"https:\\\/\\\/www.ummto.dz\\\/fs\\\/#\\\/schema\\\/person\\\/d25c34844cf5a43d9fc6b524d80770e2\"},\"breadcrumb\":{\"@id\":\"https:\\\/\\\/www.ummto.dz\\\/fs\\\/avis-aux-etudiants-de-master-mathematiques-semaine-mondiale-de-lentreprenariat-startup\\\/#breadcrumb\"},\"inLanguage\":\"fr-FR\",\"potentialAction\":[{\"@type\":\"ReadAction\",\"target\":[\"https:\\\/\\\/www.ummto.dz\\\/fs\\\/avis-aux-etudiants-de-master-mathematiques-semaine-mondiale-de-lentreprenariat-startup\\\/\"]}]},{\"@type\":\"ImageObject\",\"inLanguage\":\"fr-FR\",\"@id\":\"https:\\\/\\\/www.ummto.dz\\\/fs\\\/avis-aux-etudiants-de-master-mathematiques-semaine-mondiale-de-lentreprenariat-startup\\\/#primaryimage\",\"url\":\"https:\\\/\\\/www.ummto.dz\\\/fs\\\/wp-content\\\/uploads\\\/2018\\\/07\\\/information-.jpg\",\"contentUrl\":\"https:\\\/\\\/www.ummto.dz\\\/fs\\\/wp-content\\\/uploads\\\/2018\\\/07\\\/information-.jpg\",\"width\":225,\"height\":225},{\"@type\":\"BreadcrumbList\",\"@id\":\"https:\\\/\\\/www.ummto.dz\\\/fs\\\/avis-aux-etudiants-de-master-mathematiques-semaine-mondiale-de-lentreprenariat-startup\\\/#breadcrumb\",\"itemListElement\":[{\"@type\":\"ListItem\",\"position\":1,\"name\":\"Accueil\",\"item\":\"https:\\\/\\\/www.ummto.dz\\\/fs\\\/\"},{\"@type\":\"ListItem\",\"position\":2,\"name\":\"Avis aux \u00e9tudiants de Master Math\u00e9matiques: Semaine mondiale de l\u2019entreprenariat (Startup)\"}]},{\"@type\":\"WebSite\",\"@id\":\"https:\\\/\\\/www.ummto.dz\\\/fs\\\/#website\",\"url\":\"https:\\\/\\\/www.ummto.dz\\\/fs\\\/\",\"name\":\"Facult\u00e9 des Sciences\",\"description\":\"universit\u00e9 Moulous Mammeri de Tizi-Ouzou\",\"potentialAction\":[{\"@type\":\"SearchAction\",\"target\":{\"@type\":\"EntryPoint\",\"urlTemplate\":\"https:\\\/\\\/www.ummto.dz\\\/fs\\\/?s={search_term_string}\"},\"query-input\":{\"@type\":\"PropertyValueSpecification\",\"valueRequired\":true,\"valueName\":\"search_term_string\"}}],\"inLanguage\":\"fr-FR\"},{\"@type\":\"Person\",\"@id\":\"https:\\\/\\\/www.ummto.dz\\\/fs\\\/#\\\/schema\\\/person\\\/d25c34844cf5a43d9fc6b524d80770e2\",\"name\":\"Math\u00e9matiques\",\"url\":\"https:\\\/\\\/www.ummto.dz\\\/fs\\\/author\\\/mi\\\/\"}]}<\/script>\n<!-- \/ Yoast SEO plugin. -->","yoast_head_json":{"title":"Avis aux \u00e9tudiants de Master Math\u00e9matiques: Semaine mondiale de l\u2019entreprenariat (Startup) - Facult\u00e9 des Sciences","robots":{"index":"index","follow":"follow","max-snippet":"max-snippet:-1","max-image-preview":"max-image-preview:large","max-video-preview":"max-video-preview:-1"},"canonical":"https:\/\/www.ummto.dz\/fs\/avis-aux-etudiants-de-master-mathematiques-semaine-mondiale-de-lentreprenariat-startup\/","og_locale":"fr_FR","og_type":"article","og_title":"Avis aux \u00e9tudiants de Master Math\u00e9matiques: Semaine mondiale de l\u2019entreprenariat (Startup) - Facult\u00e9 des Sciences","og_description":"Les \u00e9tudiants de Master Math\u00e9matiques sont invit\u00e9s \u00e0 assiter \u00e0 la cloture de\u00a0 la semaine mondiale de l'entreprenariat qui aura lieu: mardi 14-11-2023 \u00e0 09h30 au niveau de la facult\u00e9 de M\u00e9decine. Les cours et TD de 08h00-12h30 sont suspondus. https:\/\/www.ummto.dz\/semaine-mondiale-de-lentreprenariat-2\/ Le d\u00e9partement &nbsp; &nbsp;","og_url":"https:\/\/www.ummto.dz\/fs\/avis-aux-etudiants-de-master-mathematiques-semaine-mondiale-de-lentreprenariat-startup\/","og_site_name":"Facult\u00e9 des Sciences","article_published_time":"2023-11-13T16:09:54+00:00","article_modified_time":"2023-11-13T16:10:34+00:00","og_image":[{"width":225,"height":225,"url":"https:\/\/www.ummto.dz\/fs\/wp-content\/uploads\/2018\/07\/information-.jpg","type":"image\/jpeg"}],"author":"Math\u00e9matiques","twitter_card":"summary_large_image","twitter_misc":{"\u00c9crit par":"Math\u00e9matiques"},"schema":{"@context":"https:\/\/schema.org","@graph":[{"@type":"Article","@id":"https:\/\/www.ummto.dz\/fs\/avis-aux-etudiants-de-master-mathematiques-semaine-mondiale-de-lentreprenariat-startup\/#article","isPartOf":{"@id":"https:\/\/www.ummto.dz\/fs\/avis-aux-etudiants-de-master-mathematiques-semaine-mondiale-de-lentreprenariat-startup\/"},"author":{"name":"Math\u00e9matiques","@id":"https:\/\/www.ummto.dz\/fs\/#\/schema\/person\/d25c34844cf5a43d9fc6b524d80770e2"},"headline":"Avis aux \u00e9tudiants de Master Math\u00e9matiques: Semaine mondiale de l\u2019entreprenariat (Startup)","datePublished":"2023-11-13T16:09:54+00:00","dateModified":"2023-11-13T16:10:34+00:00","mainEntityOfPage":{"@id":"https:\/\/www.ummto.dz\/fs\/avis-aux-etudiants-de-master-mathematiques-semaine-mondiale-de-lentreprenariat-startup\/"},"wordCount":134,"image":{"@id":"https:\/\/www.ummto.dz\/fs\/avis-aux-etudiants-de-master-mathematiques-semaine-mondiale-de-lentreprenariat-startup\/#primaryimage"},"thumbnailUrl":"https:\/\/www.ummto.dz\/fs\/wp-content\/uploads\/2018\/07\/information-.jpg","articleSection":["dep_maths"],"inLanguage":"fr-FR"},{"@type":"WebPage","@id":"https:\/\/www.ummto.dz\/fs\/avis-aux-etudiants-de-master-mathematiques-semaine-mondiale-de-lentreprenariat-startup\/","url":"https:\/\/www.ummto.dz\/fs\/avis-aux-etudiants-de-master-mathematiques-semaine-mondiale-de-lentreprenariat-startup\/","name":"Avis aux \u00e9tudiants de Master Math\u00e9matiques: Semaine mondiale de l\u2019entreprenariat (Startup) - Facult\u00e9 des Sciences","isPartOf":{"@id":"https:\/\/www.ummto.dz\/fs\/#website"},"primaryImageOfPage":{"@id":"https:\/\/www.ummto.dz\/fs\/avis-aux-etudiants-de-master-mathematiques-semaine-mondiale-de-lentreprenariat-startup\/#primaryimage"},"image":{"@id":"https:\/\/www.ummto.dz\/fs\/avis-aux-etudiants-de-master-mathematiques-semaine-mondiale-de-lentreprenariat-startup\/#primaryimage"},"thumbnailUrl":"https:\/\/www.ummto.dz\/fs\/wp-content\/uploads\/2018\/07\/information-.jpg","datePublished":"2023-11-13T16:09:54+00:00","dateModified":"2023-11-13T16:10:34+00:00","author":{"@id":"https:\/\/www.ummto.dz\/fs\/#\/schema\/person\/d25c34844cf5a43d9fc6b524d80770e2"},"breadcrumb":{"@id":"https:\/\/www.ummto.dz\/fs\/avis-aux-etudiants-de-master-mathematiques-semaine-mondiale-de-lentreprenariat-startup\/#breadcrumb"},"inLanguage":"fr-FR","potentialAction":[{"@type":"ReadAction","target":["https:\/\/www.ummto.dz\/fs\/avis-aux-etudiants-de-master-mathematiques-semaine-mondiale-de-lentreprenariat-startup\/"]}]},{"@type":"ImageObject","inLanguage":"fr-FR","@id":"https:\/\/www.ummto.dz\/fs\/avis-aux-etudiants-de-master-mathematiques-semaine-mondiale-de-lentreprenariat-startup\/#primaryimage","url":"https:\/\/www.ummto.dz\/fs\/wp-content\/uploads\/2018\/07\/information-.jpg","contentUrl":"https:\/\/www.ummto.dz\/fs\/wp-content\/uploads\/2018\/07\/information-.jpg","width":225,"height":225},{"@type":"BreadcrumbList","@id":"https:\/\/www.ummto.dz\/fs\/avis-aux-etudiants-de-master-mathematiques-semaine-mondiale-de-lentreprenariat-startup\/#breadcrumb","itemListElement":[{"@type":"ListItem","position":1,"name":"Accueil","item":"https:\/\/www.ummto.dz\/fs\/"},{"@type":"ListItem","position":2,"name":"Avis aux \u00e9tudiants de Master Math\u00e9matiques: Semaine mondiale de l\u2019entreprenariat (Startup)"}]},{"@type":"WebSite","@id":"https:\/\/www.ummto.dz\/fs\/#website","url":"https:\/\/www.ummto.dz\/fs\/","name":"Facult\u00e9 des Sciences","description":"universit\u00e9 Moulous Mammeri de Tizi-Ouzou","potentialAction":[{"@type":"SearchAction","target":{"@type":"EntryPoint","urlTemplate":"https:\/\/www.ummto.dz\/fs\/?s={search_term_string}"},"query-input":{"@type":"PropertyValueSpecification","valueRequired":true,"valueName":"search_term_string"}}],"inLanguage":"fr-FR"},{"@type":"Person","@id":"https:\/\/www.ummto.dz\/fs\/#\/schema\/person\/d25c34844cf5a43d9fc6b524d80770e2","name":"Math\u00e9matiques","url":"https:\/\/www.ummto.dz\/fs\/author\/mi\/"}]}},"_links":{"self":[{"href":"https:\/\/www.ummto.dz\/fs\/wp-json\/wp\/v2\/posts\/22004","targetHints":{"allow":["GET"]}}],"collection":[{"href":"https:\/\/www.ummto.dz\/fs\/wp-json\/wp\/v2\/posts"}],"about":[{"href":"https:\/\/www.ummto.dz\/fs\/wp-json\/wp\/v2\/types\/post"}],"author":[{"embeddable":true,"href":"https:\/\/www.ummto.dz\/fs\/wp-json\/wp\/v2\/users\/18"}],"replies":[{"embeddable":true,"href":"https:\/\/www.ummto.dz\/fs\/wp-json\/wp\/v2\/comments?post=22004"}],"version-history":[{"count":2,"href":"https:\/\/www.ummto.dz\/fs\/wp-json\/wp\/v2\/posts\/22004\/revisions"}],"predecessor-version":[{"id":22007,"href":"https:\/\/www.ummto.dz\/fs\/wp-json\/wp\/v2\/posts\/22004\/revisions\/22007"}],"wp:featuredmedia":[{"embeddable":true,"href":"https:\/\/www.ummto.dz\/fs\/wp-json\/wp\/v2\/media\/894"}],"wp:attachment":[{"href":"https:\/\/www.ummto.dz\/fs\/wp-json\/wp\/v2\/media?parent=22004"}],"wp:term":[{"taxonomy":"category","embeddable":true,"href":"https:\/\/www.ummto.dz\/fs\/wp-json\/wp\/v2\/categories?post=22004"},{"taxonomy":"post_tag","embeddable":true,"href":"https:\/\/www.ummto.dz\/fs\/wp-json\/wp\/v2\/tags?post=22004"}],"curies":[{"name":"wp","href":"https:\/\/api.w.org\/{rel}","templated":true}]}}