{"id":22520,"date":"2023-12-31T09:43:21","date_gmt":"2023-12-31T08:43:21","guid":{"rendered":"https:\/\/www.ummto.dz\/fs\/?p=22520"},"modified":"2023-12-31T09:43:53","modified_gmt":"2023-12-31T08:43:53","slug":"avis-aux-etudiants-de-l3-et-m1-mobilite-academique-a-linterieur-du-territoire-national","status":"publish","type":"post","link":"https:\/\/www.ummto.dz\/fs\/avis-aux-etudiants-de-l3-et-m1-mobilite-academique-a-linterieur-du-territoire-national\/","title":{"rendered":"Avis aux \u00e9tudiants de L3 et M1 (Mobilit\u00e9 acad\u00e9mique \u00e0 l\u2019int\u00e9rieur du territoire national)"},"content":{"rendered":"<p>[et_pb_section fb_built=\u00a0\u00bb1&Prime; theme_builder_area=\u00a0\u00bbpost_content\u00a0\u00bb _builder_version=\u00a0\u00bb4.23.2&Prime; _module_preset=\u00a0\u00bbdefault\u00a0\u00bb][et_pb_row _builder_version=\u00a0\u00bb4.23.2&Prime; _module_preset=\u00a0\u00bbdefault\u00a0\u00bb theme_builder_area=\u00a0\u00bbpost_content\u00a0\u00bb][et_pb_column _builder_version=\u00a0\u00bb4.23.2&Prime; _module_preset=\u00a0\u00bbdefault\u00a0\u00bb type=\u00a0\u00bb4_4&Prime; theme_builder_area=\u00a0\u00bbpost_content\u00a0\u00bb][et_pb_text _builder_version=\u00a0\u00bb4.23.2&Prime; _module_preset=\u00a0\u00bbdefault\u00a0\u00bb theme_builder_area=\u00a0\u00bbpost_content\u00a0\u00bb]<\/p>\n<p style=\"text-align: justify\">Dans le cadre de la mobilit\u00e9 acad\u00e9mique \u00e0 l\u2019int\u00e9rieur du territoire national, notre \u00e9tablissement ouvre la mobilit\u00e9 semestrielle physique ou hybride pour le second semestre<\/p>\n<p style=\"text-align: justify\">de l\u2019ann\u00e9e universitaire 2023-2024, selon le calendrier ci-dessous\u00a0:<\/p>\n<ul style=\"text-align: justify\">\n<li>D\u00e9p\u00f4t des intentions de mobilit\u00e9\u00a0:<span>\u00a0<\/span><span style=\"color: #0000ff\"><strong>du 12 d\u00e9cembre 2023 au 4 janvier 2024<\/strong><\/span><\/li>\n<li>D\u00e9p\u00f4t des demandes au format papier\u00a0:<span>\u00a0<\/span><span style=\"color: #0000ff\"><strong>du 7 au 11 janvier 2024<\/strong><\/span><\/li>\n<li>Traitement des demandes\u00a0:<span>\u00a0<\/span><span style=\"color: #0000ff\"><strong>du 14 au 18 janvier 2024<\/strong><\/span><\/li>\n<li>D\u00e9but de la mobilit\u00e9\u00a0:<span>\u00a0<\/span><span style=\"color: #0000ff\"><strong>21 janvier 2024<\/strong><\/span><\/li>\n<\/ul>\n<p style=\"text-align: justify\">La mobilit\u00e9 acad\u00e9mique \u00e0 l\u2019int\u00e9rieur du territoire national permettra \u00e0 un \u00e9tudiant d\u2019un \u00e9tablissement donn\u00e9 de suivre une partie de son cursus<\/p>\n<p style=\"text-align: justify\">(quelques mati\u00e8res, un semestre ou une ann\u00e9e) dans un autre \u00e9tablissement, tout en validant ses r\u00e9sultats dans l\u2019\u00e9tablissement d\u2019origine.<\/p>\n<p style=\"text-align: justify\">Cette mobilit\u00e9 peut \u00eatre physique ou hybride.<span>\u00a0<\/span><span style=\"color: #0000ff\"><strong>Seuls les \u00e9tudiants de premi\u00e8re ann\u00e9e de master (M1) et de troisi\u00e8me ann\u00e9e <\/strong><\/span><\/p>\n<p style=\"text-align: justify\"><span style=\"color: #0000ff\"><strong>de licence (L3) n\u2019ayant pas accumul\u00e9 de dettes sont \u00e9ligibles.<\/strong><\/span><\/p>\n<p style=\"text-align: justify\">Les \u00e9tudiant d\u2019autres universit\u00e9s du territoire national souhaitant effectuer une<span>\u00a0<\/span><span><strong>mobilit\u00e9 vers l\u2019universit\u00e9 Mouloud MAMMERI de Tizi-Ouzou<\/strong>\u00a0<\/span><\/p>\n<p style=\"text-align: justify\">sont pri\u00e9s de d\u00e9poser leur intention sur le lien suivant\u00a0:<\/p>\n<ul style=\"text-align: justify\">\n<li><a href=\"https:\/\/forms.gle\/ozKy863cDR6iZAgN6\">https:\/\/forms.gle\/ozKy863cDR6iZAgN6<\/a>\u00a0<\/li>\n<\/ul>\n<p style=\"text-align: justify\"><span>Les \u00e9tudiant de l\u2019universit\u00e9 Mouloud MAMMERI de Tizi-Ouzou souhaitant effectuer une<\/span><span>\u00a0<\/span><span><strong>mobilit\u00e9 vers une autre universit\u00e9 du territoire national<\/strong><\/span><\/p>\n<p style=\"text-align: justify\"><span>sont pri\u00e9s de d\u00e9poser leur intention sur le lien suivant :<\/span><\/p>\n<ul style=\"text-align: justify\">\n<li><a href=\"https:\/\/forms.gle\/f8FbGYR5qDXUG9Nc9\">https:\/\/forms.gle\/f8FbGYR5qDXUG9Nc9<\/a>\u00a0<\/li>\n<\/ul>\n<p style=\"text-align: justify\">L\u2019\u00e9tudiant d\u00e9sireux faire une mobilit\u00e9 devra renseigner les formulaires suivants :<\/p>\n<ul style=\"text-align: justify\">\n<li>Formulaire F0 : Formulaire de candidature ;<\/li>\n<li>Formulaire F1 : Lettre de motivation de l\u2019\u00e9tudiant ;<\/li>\n<li>Formulaire F2 : Lettre de recommandation d\u2019un enseignant ;<\/li>\n<\/ul>\n<p style=\"text-align: justify\">Pour plus d\u2019informations t\u00e9l\u00e9chargez le r\u00e9f\u00e9rentiel de la mobilit\u00e9 acad\u00e9mique \u00e0 l\u2019int\u00e9rieur du territoire national comportant tous les formulaires n\u00e9cessaires.<\/p>\n<ul>\n<li style=\"text-align: justify\"><a href=\"https:\/\/www.ummto.dz\/fs\/wp-content\/uploads\/2023\/12\/Arrete-et-Contrat-Mobilite-VFr-nov-2023-1.pdf\" rel=\"attachment wp-att-22523\">Arret\u00e9 et Contrat Mobilit\u00e9 VFr nov 2023 (1)<\/a><\/li>\n<li style=\"text-align: justify\"><a href=\"https:\/\/www.ummto.dz\/fs\/wp-content\/uploads\/2023\/12\/2023-01-01-Arrete-207-Contrat-Mobilite-VAr-nov-2023.pdf\" rel=\"attachment wp-att-22524\">2023-01-01-Arrete-207-Contrat-Mobilite-VAr-nov-2023<\/a><\/li>\n<li style=\"text-align: justify\"><a href=\"https:\/\/www.ummto.dz\/fs\/wp-content\/uploads\/2023\/12\/Mobilite-academique_Presentation.pdf\" rel=\"attachment wp-att-22525\">Mobilit\u00e9 academique_Pr\u00e9sentation<\/a><\/li>\n<\/ul>\n<p>&nbsp;<\/p>\n<p>D\u00e9partement<\/p>\n<p>[\/et_pb_text][\/et_pb_column][\/et_pb_row][\/et_pb_section]<\/p>\n","protected":false},"excerpt":{"rendered":"<p>Dans le cadre de la mobilit\u00e9 acad\u00e9mique \u00e0 l\u2019int\u00e9rieur du territoire national, notre \u00e9tablissement ouvre la mobilit\u00e9 semestrielle physique ou hybride pour le second semestre de l\u2019ann\u00e9e universitaire 2023-2024, selon le calendrier ci-dessous\u00a0: D\u00e9p\u00f4t des intentions de mobilit\u00e9\u00a0:\u00a0du 12 d\u00e9cembre 2023 au 4 janvier 2024 D\u00e9p\u00f4t des demandes au format papier\u00a0:\u00a0du 7 au 11 janvier [&hellip;]<\/p>\n","protected":false},"author":18,"featured_media":13593,"comment_status":"closed","ping_status":"closed","sticky":false,"template":"","format":"standard","meta":{"_et_pb_use_builder":"on","_et_pb_old_content":"","_et_gb_content_width":"","footnotes":""},"categories":[9],"tags":[],"class_list":["post-22520","post","type-post","status-publish","format-standard","has-post-thumbnail","hentry","category-new_dep_maths"],"yoast_head":"<!-- This site is optimized with the Yoast SEO plugin v27.3 - https:\/\/yoast.com\/product\/yoast-seo-wordpress\/ -->\n<title>Avis aux \u00e9tudiants de L3 et M1 (Mobilit\u00e9 acad\u00e9mique \u00e0 l\u2019int\u00e9rieur du territoire national) - Facult\u00e9 des Sciences<\/title>\n<meta name=\"robots\" content=\"index, follow, max-snippet:-1, max-image-preview:large, max-video-preview:-1\" \/>\n<link rel=\"canonical\" href=\"https:\/\/www.ummto.dz\/fs\/avis-aux-etudiants-de-l3-et-m1-mobilite-academique-a-linterieur-du-territoire-national\/\" \/>\n<meta property=\"og:locale\" content=\"fr_FR\" \/>\n<meta property=\"og:type\" content=\"article\" \/>\n<meta property=\"og:title\" content=\"Avis aux \u00e9tudiants de L3 et M1 (Mobilit\u00e9 acad\u00e9mique \u00e0 l\u2019int\u00e9rieur du territoire national) - Facult\u00e9 des Sciences\" \/>\n<meta property=\"og:description\" content=\"Dans le cadre de la mobilit\u00e9 acad\u00e9mique \u00e0 l\u2019int\u00e9rieur du territoire national, notre \u00e9tablissement ouvre la mobilit\u00e9 semestrielle physique ou hybride pour le second semestre de l\u2019ann\u00e9e universitaire 2023-2024, selon le calendrier ci-dessous\u00a0: D\u00e9p\u00f4t des intentions de mobilit\u00e9\u00a0:\u00a0du 12 d\u00e9cembre 2023 au 4 janvier 2024 D\u00e9p\u00f4t des demandes au format papier\u00a0:\u00a0du 7 au 11 janvier [&hellip;]\" \/>\n<meta property=\"og:url\" content=\"https:\/\/www.ummto.dz\/fs\/avis-aux-etudiants-de-l3-et-m1-mobilite-academique-a-linterieur-du-territoire-national\/\" \/>\n<meta property=\"og:site_name\" content=\"Facult\u00e9 des Sciences\" \/>\n<meta property=\"article:published_time\" content=\"2023-12-31T08:43:21+00:00\" \/>\n<meta property=\"article:modified_time\" content=\"2023-12-31T08:43:53+00:00\" \/>\n<meta property=\"og:image\" content=\"https:\/\/www.ummto.dz\/fs\/wp-content\/uploads\/2022\/05\/New.webp\" \/>\n\t<meta property=\"og:image:width\" content=\"250\" \/>\n\t<meta property=\"og:image:height\" content=\"250\" \/>\n\t<meta property=\"og:image:type\" content=\"image\/webp\" \/>\n<meta name=\"author\" content=\"Math\u00e9matiques\" \/>\n<meta name=\"twitter:card\" content=\"summary_large_image\" \/>\n<meta name=\"twitter:label1\" content=\"\u00c9crit par\" \/>\n\t<meta name=\"twitter:data1\" content=\"Math\u00e9matiques\" \/>\n\t<meta name=\"twitter:label2\" content=\"Dur\u00e9e de lecture estim\u00e9e\" \/>\n\t<meta name=\"twitter:data2\" content=\"1 minute\" \/>\n<script type=\"application\/ld+json\" class=\"yoast-schema-graph\">{\"@context\":\"https:\\\/\\\/schema.org\",\"@graph\":[{\"@type\":\"Article\",\"@id\":\"https:\\\/\\\/www.ummto.dz\\\/fs\\\/avis-aux-etudiants-de-l3-et-m1-mobilite-academique-a-linterieur-du-territoire-national\\\/#article\",\"isPartOf\":{\"@id\":\"https:\\\/\\\/www.ummto.dz\\\/fs\\\/avis-aux-etudiants-de-l3-et-m1-mobilite-academique-a-linterieur-du-territoire-national\\\/\"},\"author\":{\"name\":\"Math\u00e9matiques\",\"@id\":\"https:\\\/\\\/www.ummto.dz\\\/fs\\\/#\\\/schema\\\/person\\\/d25c34844cf5a43d9fc6b524d80770e2\"},\"headline\":\"Avis aux \u00e9tudiants de L3 et M1 (Mobilit\u00e9 acad\u00e9mique \u00e0 l\u2019int\u00e9rieur du territoire national)\",\"datePublished\":\"2023-12-31T08:43:21+00:00\",\"dateModified\":\"2023-12-31T08:43:53+00:00\",\"mainEntityOfPage\":{\"@id\":\"https:\\\/\\\/www.ummto.dz\\\/fs\\\/avis-aux-etudiants-de-l3-et-m1-mobilite-academique-a-linterieur-du-territoire-national\\\/\"},\"wordCount\":393,\"image\":{\"@id\":\"https:\\\/\\\/www.ummto.dz\\\/fs\\\/avis-aux-etudiants-de-l3-et-m1-mobilite-academique-a-linterieur-du-territoire-national\\\/#primaryimage\"},\"thumbnailUrl\":\"https:\\\/\\\/www.ummto.dz\\\/fs\\\/wp-content\\\/uploads\\\/2022\\\/05\\\/New.webp\",\"articleSection\":[\"dep_maths\"],\"inLanguage\":\"fr-FR\"},{\"@type\":\"WebPage\",\"@id\":\"https:\\\/\\\/www.ummto.dz\\\/fs\\\/avis-aux-etudiants-de-l3-et-m1-mobilite-academique-a-linterieur-du-territoire-national\\\/\",\"url\":\"https:\\\/\\\/www.ummto.dz\\\/fs\\\/avis-aux-etudiants-de-l3-et-m1-mobilite-academique-a-linterieur-du-territoire-national\\\/\",\"name\":\"Avis aux \u00e9tudiants de L3 et M1 (Mobilit\u00e9 acad\u00e9mique \u00e0 l\u2019int\u00e9rieur du territoire national) - Facult\u00e9 des Sciences\",\"isPartOf\":{\"@id\":\"https:\\\/\\\/www.ummto.dz\\\/fs\\\/#website\"},\"primaryImageOfPage\":{\"@id\":\"https:\\\/\\\/www.ummto.dz\\\/fs\\\/avis-aux-etudiants-de-l3-et-m1-mobilite-academique-a-linterieur-du-territoire-national\\\/#primaryimage\"},\"image\":{\"@id\":\"https:\\\/\\\/www.ummto.dz\\\/fs\\\/avis-aux-etudiants-de-l3-et-m1-mobilite-academique-a-linterieur-du-territoire-national\\\/#primaryimage\"},\"thumbnailUrl\":\"https:\\\/\\\/www.ummto.dz\\\/fs\\\/wp-content\\\/uploads\\\/2022\\\/05\\\/New.webp\",\"datePublished\":\"2023-12-31T08:43:21+00:00\",\"dateModified\":\"2023-12-31T08:43:53+00:00\",\"author\":{\"@id\":\"https:\\\/\\\/www.ummto.dz\\\/fs\\\/#\\\/schema\\\/person\\\/d25c34844cf5a43d9fc6b524d80770e2\"},\"breadcrumb\":{\"@id\":\"https:\\\/\\\/www.ummto.dz\\\/fs\\\/avis-aux-etudiants-de-l3-et-m1-mobilite-academique-a-linterieur-du-territoire-national\\\/#breadcrumb\"},\"inLanguage\":\"fr-FR\",\"potentialAction\":[{\"@type\":\"ReadAction\",\"target\":[\"https:\\\/\\\/www.ummto.dz\\\/fs\\\/avis-aux-etudiants-de-l3-et-m1-mobilite-academique-a-linterieur-du-territoire-national\\\/\"]}]},{\"@type\":\"ImageObject\",\"inLanguage\":\"fr-FR\",\"@id\":\"https:\\\/\\\/www.ummto.dz\\\/fs\\\/avis-aux-etudiants-de-l3-et-m1-mobilite-academique-a-linterieur-du-territoire-national\\\/#primaryimage\",\"url\":\"https:\\\/\\\/www.ummto.dz\\\/fs\\\/wp-content\\\/uploads\\\/2022\\\/05\\\/New.webp\",\"contentUrl\":\"https:\\\/\\\/www.ummto.dz\\\/fs\\\/wp-content\\\/uploads\\\/2022\\\/05\\\/New.webp\",\"width\":250,\"height\":250},{\"@type\":\"BreadcrumbList\",\"@id\":\"https:\\\/\\\/www.ummto.dz\\\/fs\\\/avis-aux-etudiants-de-l3-et-m1-mobilite-academique-a-linterieur-du-territoire-national\\\/#breadcrumb\",\"itemListElement\":[{\"@type\":\"ListItem\",\"position\":1,\"name\":\"Accueil\",\"item\":\"https:\\\/\\\/www.ummto.dz\\\/fs\\\/\"},{\"@type\":\"ListItem\",\"position\":2,\"name\":\"Avis aux \u00e9tudiants de L3 et M1 (Mobilit\u00e9 acad\u00e9mique \u00e0 l\u2019int\u00e9rieur du territoire national)\"}]},{\"@type\":\"WebSite\",\"@id\":\"https:\\\/\\\/www.ummto.dz\\\/fs\\\/#website\",\"url\":\"https:\\\/\\\/www.ummto.dz\\\/fs\\\/\",\"name\":\"Facult\u00e9 des Sciences\",\"description\":\"universit\u00e9 Moulous Mammeri de Tizi-Ouzou\",\"potentialAction\":[{\"@type\":\"SearchAction\",\"target\":{\"@type\":\"EntryPoint\",\"urlTemplate\":\"https:\\\/\\\/www.ummto.dz\\\/fs\\\/?s={search_term_string}\"},\"query-input\":{\"@type\":\"PropertyValueSpecification\",\"valueRequired\":true,\"valueName\":\"search_term_string\"}}],\"inLanguage\":\"fr-FR\"},{\"@type\":\"Person\",\"@id\":\"https:\\\/\\\/www.ummto.dz\\\/fs\\\/#\\\/schema\\\/person\\\/d25c34844cf5a43d9fc6b524d80770e2\",\"name\":\"Math\u00e9matiques\",\"url\":\"https:\\\/\\\/www.ummto.dz\\\/fs\\\/author\\\/mi\\\/\"}]}<\/script>\n<!-- \/ Yoast SEO plugin. -->","yoast_head_json":{"title":"Avis aux \u00e9tudiants de L3 et M1 (Mobilit\u00e9 acad\u00e9mique \u00e0 l\u2019int\u00e9rieur du territoire national) - Facult\u00e9 des Sciences","robots":{"index":"index","follow":"follow","max-snippet":"max-snippet:-1","max-image-preview":"max-image-preview:large","max-video-preview":"max-video-preview:-1"},"canonical":"https:\/\/www.ummto.dz\/fs\/avis-aux-etudiants-de-l3-et-m1-mobilite-academique-a-linterieur-du-territoire-national\/","og_locale":"fr_FR","og_type":"article","og_title":"Avis aux \u00e9tudiants de L3 et M1 (Mobilit\u00e9 acad\u00e9mique \u00e0 l\u2019int\u00e9rieur du territoire national) - Facult\u00e9 des Sciences","og_description":"Dans le cadre de la mobilit\u00e9 acad\u00e9mique \u00e0 l\u2019int\u00e9rieur du territoire national, notre \u00e9tablissement ouvre la mobilit\u00e9 semestrielle physique ou hybride pour le second semestre de l\u2019ann\u00e9e universitaire 2023-2024, selon le calendrier ci-dessous\u00a0: D\u00e9p\u00f4t des intentions de mobilit\u00e9\u00a0:\u00a0du 12 d\u00e9cembre 2023 au 4 janvier 2024 D\u00e9p\u00f4t des demandes au format papier\u00a0:\u00a0du 7 au 11 janvier [&hellip;]","og_url":"https:\/\/www.ummto.dz\/fs\/avis-aux-etudiants-de-l3-et-m1-mobilite-academique-a-linterieur-du-territoire-national\/","og_site_name":"Facult\u00e9 des Sciences","article_published_time":"2023-12-31T08:43:21+00:00","article_modified_time":"2023-12-31T08:43:53+00:00","og_image":[{"width":250,"height":250,"url":"https:\/\/www.ummto.dz\/fs\/wp-content\/uploads\/2022\/05\/New.webp","type":"image\/webp"}],"author":"Math\u00e9matiques","twitter_card":"summary_large_image","twitter_misc":{"\u00c9crit par":"Math\u00e9matiques","Dur\u00e9e de lecture estim\u00e9e":"1 minute"},"schema":{"@context":"https:\/\/schema.org","@graph":[{"@type":"Article","@id":"https:\/\/www.ummto.dz\/fs\/avis-aux-etudiants-de-l3-et-m1-mobilite-academique-a-linterieur-du-territoire-national\/#article","isPartOf":{"@id":"https:\/\/www.ummto.dz\/fs\/avis-aux-etudiants-de-l3-et-m1-mobilite-academique-a-linterieur-du-territoire-national\/"},"author":{"name":"Math\u00e9matiques","@id":"https:\/\/www.ummto.dz\/fs\/#\/schema\/person\/d25c34844cf5a43d9fc6b524d80770e2"},"headline":"Avis aux \u00e9tudiants de L3 et M1 (Mobilit\u00e9 acad\u00e9mique \u00e0 l\u2019int\u00e9rieur du territoire national)","datePublished":"2023-12-31T08:43:21+00:00","dateModified":"2023-12-31T08:43:53+00:00","mainEntityOfPage":{"@id":"https:\/\/www.ummto.dz\/fs\/avis-aux-etudiants-de-l3-et-m1-mobilite-academique-a-linterieur-du-territoire-national\/"},"wordCount":393,"image":{"@id":"https:\/\/www.ummto.dz\/fs\/avis-aux-etudiants-de-l3-et-m1-mobilite-academique-a-linterieur-du-territoire-national\/#primaryimage"},"thumbnailUrl":"https:\/\/www.ummto.dz\/fs\/wp-content\/uploads\/2022\/05\/New.webp","articleSection":["dep_maths"],"inLanguage":"fr-FR"},{"@type":"WebPage","@id":"https:\/\/www.ummto.dz\/fs\/avis-aux-etudiants-de-l3-et-m1-mobilite-academique-a-linterieur-du-territoire-national\/","url":"https:\/\/www.ummto.dz\/fs\/avis-aux-etudiants-de-l3-et-m1-mobilite-academique-a-linterieur-du-territoire-national\/","name":"Avis aux \u00e9tudiants de L3 et M1 (Mobilit\u00e9 acad\u00e9mique \u00e0 l\u2019int\u00e9rieur du territoire national) - Facult\u00e9 des Sciences","isPartOf":{"@id":"https:\/\/www.ummto.dz\/fs\/#website"},"primaryImageOfPage":{"@id":"https:\/\/www.ummto.dz\/fs\/avis-aux-etudiants-de-l3-et-m1-mobilite-academique-a-linterieur-du-territoire-national\/#primaryimage"},"image":{"@id":"https:\/\/www.ummto.dz\/fs\/avis-aux-etudiants-de-l3-et-m1-mobilite-academique-a-linterieur-du-territoire-national\/#primaryimage"},"thumbnailUrl":"https:\/\/www.ummto.dz\/fs\/wp-content\/uploads\/2022\/05\/New.webp","datePublished":"2023-12-31T08:43:21+00:00","dateModified":"2023-12-31T08:43:53+00:00","author":{"@id":"https:\/\/www.ummto.dz\/fs\/#\/schema\/person\/d25c34844cf5a43d9fc6b524d80770e2"},"breadcrumb":{"@id":"https:\/\/www.ummto.dz\/fs\/avis-aux-etudiants-de-l3-et-m1-mobilite-academique-a-linterieur-du-territoire-national\/#breadcrumb"},"inLanguage":"fr-FR","potentialAction":[{"@type":"ReadAction","target":["https:\/\/www.ummto.dz\/fs\/avis-aux-etudiants-de-l3-et-m1-mobilite-academique-a-linterieur-du-territoire-national\/"]}]},{"@type":"ImageObject","inLanguage":"fr-FR","@id":"https:\/\/www.ummto.dz\/fs\/avis-aux-etudiants-de-l3-et-m1-mobilite-academique-a-linterieur-du-territoire-national\/#primaryimage","url":"https:\/\/www.ummto.dz\/fs\/wp-content\/uploads\/2022\/05\/New.webp","contentUrl":"https:\/\/www.ummto.dz\/fs\/wp-content\/uploads\/2022\/05\/New.webp","width":250,"height":250},{"@type":"BreadcrumbList","@id":"https:\/\/www.ummto.dz\/fs\/avis-aux-etudiants-de-l3-et-m1-mobilite-academique-a-linterieur-du-territoire-national\/#breadcrumb","itemListElement":[{"@type":"ListItem","position":1,"name":"Accueil","item":"https:\/\/www.ummto.dz\/fs\/"},{"@type":"ListItem","position":2,"name":"Avis aux \u00e9tudiants de L3 et M1 (Mobilit\u00e9 acad\u00e9mique \u00e0 l\u2019int\u00e9rieur du territoire national)"}]},{"@type":"WebSite","@id":"https:\/\/www.ummto.dz\/fs\/#website","url":"https:\/\/www.ummto.dz\/fs\/","name":"Facult\u00e9 des Sciences","description":"universit\u00e9 Moulous Mammeri de Tizi-Ouzou","potentialAction":[{"@type":"SearchAction","target":{"@type":"EntryPoint","urlTemplate":"https:\/\/www.ummto.dz\/fs\/?s={search_term_string}"},"query-input":{"@type":"PropertyValueSpecification","valueRequired":true,"valueName":"search_term_string"}}],"inLanguage":"fr-FR"},{"@type":"Person","@id":"https:\/\/www.ummto.dz\/fs\/#\/schema\/person\/d25c34844cf5a43d9fc6b524d80770e2","name":"Math\u00e9matiques","url":"https:\/\/www.ummto.dz\/fs\/author\/mi\/"}]}},"_links":{"self":[{"href":"https:\/\/www.ummto.dz\/fs\/wp-json\/wp\/v2\/posts\/22520","targetHints":{"allow":["GET"]}}],"collection":[{"href":"https:\/\/www.ummto.dz\/fs\/wp-json\/wp\/v2\/posts"}],"about":[{"href":"https:\/\/www.ummto.dz\/fs\/wp-json\/wp\/v2\/types\/post"}],"author":[{"embeddable":true,"href":"https:\/\/www.ummto.dz\/fs\/wp-json\/wp\/v2\/users\/18"}],"replies":[{"embeddable":true,"href":"https:\/\/www.ummto.dz\/fs\/wp-json\/wp\/v2\/comments?post=22520"}],"version-history":[{"count":2,"href":"https:\/\/www.ummto.dz\/fs\/wp-json\/wp\/v2\/posts\/22520\/revisions"}],"predecessor-version":[{"id":22526,"href":"https:\/\/www.ummto.dz\/fs\/wp-json\/wp\/v2\/posts\/22520\/revisions\/22526"}],"wp:featuredmedia":[{"embeddable":true,"href":"https:\/\/www.ummto.dz\/fs\/wp-json\/wp\/v2\/media\/13593"}],"wp:attachment":[{"href":"https:\/\/www.ummto.dz\/fs\/wp-json\/wp\/v2\/media?parent=22520"}],"wp:term":[{"taxonomy":"category","embeddable":true,"href":"https:\/\/www.ummto.dz\/fs\/wp-json\/wp\/v2\/categories?post=22520"},{"taxonomy":"post_tag","embeddable":true,"href":"https:\/\/www.ummto.dz\/fs\/wp-json\/wp\/v2\/tags?post=22520"}],"curies":[{"name":"wp","href":"https:\/\/api.w.org\/{rel}","templated":true}]}}