{"id":22969,"date":"2024-01-29T13:14:02","date_gmt":"2024-01-29T12:14:02","guid":{"rendered":"https:\/\/www.ummto.dz\/fs\/?p=22969"},"modified":"2024-01-29T13:14:36","modified_gmt":"2024-01-29T12:14:36","slug":"convocation-de-letudiant-oukaci-anis","status":"publish","type":"post","link":"https:\/\/www.ummto.dz\/fs\/convocation-de-letudiant-oukaci-anis\/","title":{"rendered":"Convocation de l&rsquo;\u00e9tudiant OUKACI Anis"},"content":{"rendered":"<p>[et_pb_section fb_built=\u00a0\u00bb1&Prime; theme_builder_area=\u00a0\u00bbpost_content\u00a0\u00bb _builder_version=\u00a0\u00bb4.23.4&Prime; _module_preset=\u00a0\u00bbdefault\u00a0\u00bb][et_pb_row _builder_version=\u00a0\u00bb4.23.4&Prime; _module_preset=\u00a0\u00bbdefault\u00a0\u00bb theme_builder_area=\u00a0\u00bbpost_content\u00a0\u00bb][et_pb_column _builder_version=\u00a0\u00bb4.23.4&Prime; _module_preset=\u00a0\u00bbdefault\u00a0\u00bb type=\u00a0\u00bb4_4&Prime; theme_builder_area=\u00a0\u00bbpost_content\u00a0\u00bb][et_pb_text _builder_version=\u00a0\u00bb4.23.4&Prime; _module_preset=\u00a0\u00bbdefault\u00a0\u00bb theme_builder_area=\u00a0\u00bbpost_content\u00a0\u00bb]<\/p>\n<div class=\"et_pb_row et_pb_row_0\">\n<div class=\"et_pb_column et_pb_column_4_4 et_pb_column_0  et_pb_css_mix_blend_mode_passthrough et-last-child\">\n<div class=\"et_pb_module et_pb_text et_pb_text_0  et_pb_text_align_left et_pb_bg_layout_light\">\n<div class=\"et_pb_text_inner\">\n<p>L\u2019\u00e9tudiant<strong><span>\u00a0<\/span>OUKACI Anis<span>\u00a0<\/span><\/strong>(L2-Maths) est convoqu\u00e9 au bureau du vice doyen charg\u00e9 des \u00e9tudes et des questions li\u00e9es aux \u00e9tudiants\u00a0 pour\u00a0 affaire la concernant.<\/p>\n<p>&nbsp;<\/p>\n<p>D\u00e9partement<\/p>\n<\/div>\n<\/div>\n<\/div>\n<\/div>\n<div class=\"et_pb_row\">\n<div class=\"et_pb_column et_pb_column_4_4\">\n<div class=\"et_social_inline et_social_mobile_on et_social_inline_bottom\">\n<div class=\"et_social_networks et_social_4col et_social_slide et_social_circle et_social_top et_social_no_animation et_social_outer_dark\">\n<p>&nbsp;<\/p>\n<\/div>\n<\/div>\n<\/div>\n<\/div>\n<p>[\/et_pb_text][\/et_pb_column][\/et_pb_row][\/et_pb_section]<\/p>\n","protected":false},"excerpt":{"rendered":"<p>L\u2019\u00e9tudiant\u00a0OUKACI Anis\u00a0(L2-Maths) est convoqu\u00e9 au bureau du vice doyen charg\u00e9 des \u00e9tudes et des questions li\u00e9es aux \u00e9tudiants\u00a0 pour\u00a0 affaire la concernant. &nbsp; D\u00e9partement &nbsp;<\/p>\n","protected":false},"author":18,"featured_media":13733,"comment_status":"closed","ping_status":"closed","sticky":false,"template":"","format":"standard","meta":{"_et_pb_use_builder":"on","_et_pb_old_content":"","_et_gb_content_width":"","footnotes":""},"categories":[9],"tags":[],"class_list":["post-22969","post","type-post","status-publish","format-standard","has-post-thumbnail","hentry","category-new_dep_maths"],"yoast_head":"<!-- This site is optimized with the Yoast SEO plugin v27.3 - https:\/\/yoast.com\/product\/yoast-seo-wordpress\/ -->\n<title>Convocation de l&#039;\u00e9tudiant OUKACI Anis - Facult\u00e9 des Sciences<\/title>\n<meta name=\"robots\" content=\"index, follow, max-snippet:-1, max-image-preview:large, max-video-preview:-1\" \/>\n<link rel=\"canonical\" href=\"https:\/\/www.ummto.dz\/fs\/convocation-de-letudiant-oukaci-anis\/\" \/>\n<meta property=\"og:locale\" content=\"fr_FR\" \/>\n<meta property=\"og:type\" content=\"article\" \/>\n<meta property=\"og:title\" content=\"Convocation de l&#039;\u00e9tudiant OUKACI Anis - Facult\u00e9 des Sciences\" \/>\n<meta property=\"og:description\" content=\"L\u2019\u00e9tudiant\u00a0OUKACI Anis\u00a0(L2-Maths) est convoqu\u00e9 au bureau du vice doyen charg\u00e9 des \u00e9tudes et des questions li\u00e9es aux \u00e9tudiants\u00a0 pour\u00a0 affaire la concernant. &nbsp; D\u00e9partement &nbsp;\" \/>\n<meta property=\"og:url\" content=\"https:\/\/www.ummto.dz\/fs\/convocation-de-letudiant-oukaci-anis\/\" \/>\n<meta property=\"og:site_name\" content=\"Facult\u00e9 des Sciences\" \/>\n<meta property=\"article:published_time\" content=\"2024-01-29T12:14:02+00:00\" \/>\n<meta property=\"article:modified_time\" content=\"2024-01-29T12:14:36+00:00\" \/>\n<meta property=\"og:image\" content=\"https:\/\/www.ummto.dz\/fs\/wp-content\/uploads\/2022\/06\/convocation-400x250-1.jpg\" \/>\n\t<meta property=\"og:image:width\" content=\"400\" \/>\n\t<meta property=\"og:image:height\" content=\"250\" \/>\n\t<meta property=\"og:image:type\" content=\"image\/jpeg\" \/>\n<meta name=\"author\" content=\"Math\u00e9matiques\" \/>\n<meta name=\"twitter:card\" content=\"summary_large_image\" \/>\n<meta name=\"twitter:label1\" content=\"\u00c9crit par\" \/>\n\t<meta name=\"twitter:data1\" content=\"Math\u00e9matiques\" \/>\n\t<meta name=\"twitter:label2\" content=\"Dur\u00e9e de lecture estim\u00e9e\" \/>\n\t<meta name=\"twitter:data2\" content=\"1 minute\" \/>\n<script type=\"application\/ld+json\" class=\"yoast-schema-graph\">{\"@context\":\"https:\\\/\\\/schema.org\",\"@graph\":[{\"@type\":\"Article\",\"@id\":\"https:\\\/\\\/www.ummto.dz\\\/fs\\\/convocation-de-letudiant-oukaci-anis\\\/#article\",\"isPartOf\":{\"@id\":\"https:\\\/\\\/www.ummto.dz\\\/fs\\\/convocation-de-letudiant-oukaci-anis\\\/\"},\"author\":{\"name\":\"Math\u00e9matiques\",\"@id\":\"https:\\\/\\\/www.ummto.dz\\\/fs\\\/#\\\/schema\\\/person\\\/d25c34844cf5a43d9fc6b524d80770e2\"},\"headline\":\"Convocation de l&rsquo;\u00e9tudiant OUKACI Anis\",\"datePublished\":\"2024-01-29T12:14:02+00:00\",\"dateModified\":\"2024-01-29T12:14:36+00:00\",\"mainEntityOfPage\":{\"@id\":\"https:\\\/\\\/www.ummto.dz\\\/fs\\\/convocation-de-letudiant-oukaci-anis\\\/\"},\"wordCount\":104,\"image\":{\"@id\":\"https:\\\/\\\/www.ummto.dz\\\/fs\\\/convocation-de-letudiant-oukaci-anis\\\/#primaryimage\"},\"thumbnailUrl\":\"https:\\\/\\\/www.ummto.dz\\\/fs\\\/wp-content\\\/uploads\\\/2022\\\/06\\\/convocation-400x250-1.jpg\",\"articleSection\":[\"dep_maths\"],\"inLanguage\":\"fr-FR\"},{\"@type\":\"WebPage\",\"@id\":\"https:\\\/\\\/www.ummto.dz\\\/fs\\\/convocation-de-letudiant-oukaci-anis\\\/\",\"url\":\"https:\\\/\\\/www.ummto.dz\\\/fs\\\/convocation-de-letudiant-oukaci-anis\\\/\",\"name\":\"Convocation de l'\u00e9tudiant OUKACI Anis - Facult\u00e9 des Sciences\",\"isPartOf\":{\"@id\":\"https:\\\/\\\/www.ummto.dz\\\/fs\\\/#website\"},\"primaryImageOfPage\":{\"@id\":\"https:\\\/\\\/www.ummto.dz\\\/fs\\\/convocation-de-letudiant-oukaci-anis\\\/#primaryimage\"},\"image\":{\"@id\":\"https:\\\/\\\/www.ummto.dz\\\/fs\\\/convocation-de-letudiant-oukaci-anis\\\/#primaryimage\"},\"thumbnailUrl\":\"https:\\\/\\\/www.ummto.dz\\\/fs\\\/wp-content\\\/uploads\\\/2022\\\/06\\\/convocation-400x250-1.jpg\",\"datePublished\":\"2024-01-29T12:14:02+00:00\",\"dateModified\":\"2024-01-29T12:14:36+00:00\",\"author\":{\"@id\":\"https:\\\/\\\/www.ummto.dz\\\/fs\\\/#\\\/schema\\\/person\\\/d25c34844cf5a43d9fc6b524d80770e2\"},\"breadcrumb\":{\"@id\":\"https:\\\/\\\/www.ummto.dz\\\/fs\\\/convocation-de-letudiant-oukaci-anis\\\/#breadcrumb\"},\"inLanguage\":\"fr-FR\",\"potentialAction\":[{\"@type\":\"ReadAction\",\"target\":[\"https:\\\/\\\/www.ummto.dz\\\/fs\\\/convocation-de-letudiant-oukaci-anis\\\/\"]}]},{\"@type\":\"ImageObject\",\"inLanguage\":\"fr-FR\",\"@id\":\"https:\\\/\\\/www.ummto.dz\\\/fs\\\/convocation-de-letudiant-oukaci-anis\\\/#primaryimage\",\"url\":\"https:\\\/\\\/www.ummto.dz\\\/fs\\\/wp-content\\\/uploads\\\/2022\\\/06\\\/convocation-400x250-1.jpg\",\"contentUrl\":\"https:\\\/\\\/www.ummto.dz\\\/fs\\\/wp-content\\\/uploads\\\/2022\\\/06\\\/convocation-400x250-1.jpg\",\"width\":400,\"height\":250},{\"@type\":\"BreadcrumbList\",\"@id\":\"https:\\\/\\\/www.ummto.dz\\\/fs\\\/convocation-de-letudiant-oukaci-anis\\\/#breadcrumb\",\"itemListElement\":[{\"@type\":\"ListItem\",\"position\":1,\"name\":\"Accueil\",\"item\":\"https:\\\/\\\/www.ummto.dz\\\/fs\\\/\"},{\"@type\":\"ListItem\",\"position\":2,\"name\":\"Convocation de l&rsquo;\u00e9tudiant OUKACI Anis\"}]},{\"@type\":\"WebSite\",\"@id\":\"https:\\\/\\\/www.ummto.dz\\\/fs\\\/#website\",\"url\":\"https:\\\/\\\/www.ummto.dz\\\/fs\\\/\",\"name\":\"Facult\u00e9 des Sciences\",\"description\":\"universit\u00e9 Moulous Mammeri de Tizi-Ouzou\",\"potentialAction\":[{\"@type\":\"SearchAction\",\"target\":{\"@type\":\"EntryPoint\",\"urlTemplate\":\"https:\\\/\\\/www.ummto.dz\\\/fs\\\/?s={search_term_string}\"},\"query-input\":{\"@type\":\"PropertyValueSpecification\",\"valueRequired\":true,\"valueName\":\"search_term_string\"}}],\"inLanguage\":\"fr-FR\"},{\"@type\":\"Person\",\"@id\":\"https:\\\/\\\/www.ummto.dz\\\/fs\\\/#\\\/schema\\\/person\\\/d25c34844cf5a43d9fc6b524d80770e2\",\"name\":\"Math\u00e9matiques\",\"url\":\"https:\\\/\\\/www.ummto.dz\\\/fs\\\/author\\\/mi\\\/\"}]}<\/script>\n<!-- \/ Yoast SEO plugin. -->","yoast_head_json":{"title":"Convocation de l'\u00e9tudiant OUKACI Anis - Facult\u00e9 des Sciences","robots":{"index":"index","follow":"follow","max-snippet":"max-snippet:-1","max-image-preview":"max-image-preview:large","max-video-preview":"max-video-preview:-1"},"canonical":"https:\/\/www.ummto.dz\/fs\/convocation-de-letudiant-oukaci-anis\/","og_locale":"fr_FR","og_type":"article","og_title":"Convocation de l'\u00e9tudiant OUKACI Anis - Facult\u00e9 des Sciences","og_description":"L\u2019\u00e9tudiant\u00a0OUKACI Anis\u00a0(L2-Maths) est convoqu\u00e9 au bureau du vice doyen charg\u00e9 des \u00e9tudes et des questions li\u00e9es aux \u00e9tudiants\u00a0 pour\u00a0 affaire la concernant. &nbsp; D\u00e9partement &nbsp;","og_url":"https:\/\/www.ummto.dz\/fs\/convocation-de-letudiant-oukaci-anis\/","og_site_name":"Facult\u00e9 des Sciences","article_published_time":"2024-01-29T12:14:02+00:00","article_modified_time":"2024-01-29T12:14:36+00:00","og_image":[{"width":400,"height":250,"url":"https:\/\/www.ummto.dz\/fs\/wp-content\/uploads\/2022\/06\/convocation-400x250-1.jpg","type":"image\/jpeg"}],"author":"Math\u00e9matiques","twitter_card":"summary_large_image","twitter_misc":{"\u00c9crit par":"Math\u00e9matiques","Dur\u00e9e de lecture estim\u00e9e":"1 minute"},"schema":{"@context":"https:\/\/schema.org","@graph":[{"@type":"Article","@id":"https:\/\/www.ummto.dz\/fs\/convocation-de-letudiant-oukaci-anis\/#article","isPartOf":{"@id":"https:\/\/www.ummto.dz\/fs\/convocation-de-letudiant-oukaci-anis\/"},"author":{"name":"Math\u00e9matiques","@id":"https:\/\/www.ummto.dz\/fs\/#\/schema\/person\/d25c34844cf5a43d9fc6b524d80770e2"},"headline":"Convocation de l&rsquo;\u00e9tudiant OUKACI Anis","datePublished":"2024-01-29T12:14:02+00:00","dateModified":"2024-01-29T12:14:36+00:00","mainEntityOfPage":{"@id":"https:\/\/www.ummto.dz\/fs\/convocation-de-letudiant-oukaci-anis\/"},"wordCount":104,"image":{"@id":"https:\/\/www.ummto.dz\/fs\/convocation-de-letudiant-oukaci-anis\/#primaryimage"},"thumbnailUrl":"https:\/\/www.ummto.dz\/fs\/wp-content\/uploads\/2022\/06\/convocation-400x250-1.jpg","articleSection":["dep_maths"],"inLanguage":"fr-FR"},{"@type":"WebPage","@id":"https:\/\/www.ummto.dz\/fs\/convocation-de-letudiant-oukaci-anis\/","url":"https:\/\/www.ummto.dz\/fs\/convocation-de-letudiant-oukaci-anis\/","name":"Convocation de l'\u00e9tudiant OUKACI Anis - Facult\u00e9 des Sciences","isPartOf":{"@id":"https:\/\/www.ummto.dz\/fs\/#website"},"primaryImageOfPage":{"@id":"https:\/\/www.ummto.dz\/fs\/convocation-de-letudiant-oukaci-anis\/#primaryimage"},"image":{"@id":"https:\/\/www.ummto.dz\/fs\/convocation-de-letudiant-oukaci-anis\/#primaryimage"},"thumbnailUrl":"https:\/\/www.ummto.dz\/fs\/wp-content\/uploads\/2022\/06\/convocation-400x250-1.jpg","datePublished":"2024-01-29T12:14:02+00:00","dateModified":"2024-01-29T12:14:36+00:00","author":{"@id":"https:\/\/www.ummto.dz\/fs\/#\/schema\/person\/d25c34844cf5a43d9fc6b524d80770e2"},"breadcrumb":{"@id":"https:\/\/www.ummto.dz\/fs\/convocation-de-letudiant-oukaci-anis\/#breadcrumb"},"inLanguage":"fr-FR","potentialAction":[{"@type":"ReadAction","target":["https:\/\/www.ummto.dz\/fs\/convocation-de-letudiant-oukaci-anis\/"]}]},{"@type":"ImageObject","inLanguage":"fr-FR","@id":"https:\/\/www.ummto.dz\/fs\/convocation-de-letudiant-oukaci-anis\/#primaryimage","url":"https:\/\/www.ummto.dz\/fs\/wp-content\/uploads\/2022\/06\/convocation-400x250-1.jpg","contentUrl":"https:\/\/www.ummto.dz\/fs\/wp-content\/uploads\/2022\/06\/convocation-400x250-1.jpg","width":400,"height":250},{"@type":"BreadcrumbList","@id":"https:\/\/www.ummto.dz\/fs\/convocation-de-letudiant-oukaci-anis\/#breadcrumb","itemListElement":[{"@type":"ListItem","position":1,"name":"Accueil","item":"https:\/\/www.ummto.dz\/fs\/"},{"@type":"ListItem","position":2,"name":"Convocation de l&rsquo;\u00e9tudiant OUKACI Anis"}]},{"@type":"WebSite","@id":"https:\/\/www.ummto.dz\/fs\/#website","url":"https:\/\/www.ummto.dz\/fs\/","name":"Facult\u00e9 des Sciences","description":"universit\u00e9 Moulous Mammeri de Tizi-Ouzou","potentialAction":[{"@type":"SearchAction","target":{"@type":"EntryPoint","urlTemplate":"https:\/\/www.ummto.dz\/fs\/?s={search_term_string}"},"query-input":{"@type":"PropertyValueSpecification","valueRequired":true,"valueName":"search_term_string"}}],"inLanguage":"fr-FR"},{"@type":"Person","@id":"https:\/\/www.ummto.dz\/fs\/#\/schema\/person\/d25c34844cf5a43d9fc6b524d80770e2","name":"Math\u00e9matiques","url":"https:\/\/www.ummto.dz\/fs\/author\/mi\/"}]}},"_links":{"self":[{"href":"https:\/\/www.ummto.dz\/fs\/wp-json\/wp\/v2\/posts\/22969","targetHints":{"allow":["GET"]}}],"collection":[{"href":"https:\/\/www.ummto.dz\/fs\/wp-json\/wp\/v2\/posts"}],"about":[{"href":"https:\/\/www.ummto.dz\/fs\/wp-json\/wp\/v2\/types\/post"}],"author":[{"embeddable":true,"href":"https:\/\/www.ummto.dz\/fs\/wp-json\/wp\/v2\/users\/18"}],"replies":[{"embeddable":true,"href":"https:\/\/www.ummto.dz\/fs\/wp-json\/wp\/v2\/comments?post=22969"}],"version-history":[{"count":2,"href":"https:\/\/www.ummto.dz\/fs\/wp-json\/wp\/v2\/posts\/22969\/revisions"}],"predecessor-version":[{"id":22971,"href":"https:\/\/www.ummto.dz\/fs\/wp-json\/wp\/v2\/posts\/22969\/revisions\/22971"}],"wp:featuredmedia":[{"embeddable":true,"href":"https:\/\/www.ummto.dz\/fs\/wp-json\/wp\/v2\/media\/13733"}],"wp:attachment":[{"href":"https:\/\/www.ummto.dz\/fs\/wp-json\/wp\/v2\/media?parent=22969"}],"wp:term":[{"taxonomy":"category","embeddable":true,"href":"https:\/\/www.ummto.dz\/fs\/wp-json\/wp\/v2\/categories?post=22969"},{"taxonomy":"post_tag","embeddable":true,"href":"https:\/\/www.ummto.dz\/fs\/wp-json\/wp\/v2\/tags?post=22969"}],"curies":[{"name":"wp","href":"https:\/\/api.w.org\/{rel}","templated":true}]}}