{"id":23089,"date":"2024-02-06T00:21:00","date_gmt":"2024-02-05T23:21:00","guid":{"rendered":"https:\/\/www.ummto.dz\/fs\/?p=23089"},"modified":"2024-02-06T09:51:49","modified_gmt":"2024-02-06T08:51:49","slug":"conference-inaugurale-de-levenement-mathepique-organisee-par-mathematica-club","status":"publish","type":"post","link":"https:\/\/www.ummto.dz\/fs\/conference-inaugurale-de-levenement-mathepique-organisee-par-mathematica-club\/","title":{"rendered":"Conf\u00e9rence inaugurale de l&rsquo;\u00e9v\u00e9nement \u00ab\u00a0Mathepique\u00a0\u00bb organis\u00e9e par Mathematica Club"},"content":{"rendered":"\n[et_pb_section fb_built=\u00a0\u00bb1&Prime; _builder_version=\u00a0\u00bb4.21.0&Prime; _module_preset=\u00a0\u00bbdefault\u00a0\u00bb global_colors_info=\u00a0\u00bb{}\u00a0\u00bb][et_pb_row _builder_version=\u00a0\u00bb4.24.0&Prime; _module_preset=\u00a0\u00bbdefault\u00a0\u00bb hover_enabled=\u00a0\u00bb0&Prime; global_colors_info=\u00a0\u00bb{}\u00a0\u00bb sticky_enabled=\u00a0\u00bb0&Prime;][et_pb_column type=\u00a0\u00bb4_4&Prime; _builder_version=\u00a0\u00bb4.21.0&Prime; _module_preset=\u00a0\u00bbdefault\u00a0\u00bb global_colors_info=\u00a0\u00bb{}\u00a0\u00bb][et_pb_accordion _builder_version=\u00a0\u00bb4.24.0&Prime; _module_preset=\u00a0\u00bbdefault\u00a0\u00bb toggle_text_color=\u00a0\u00bb#0C71C3&Prime; toggle_font=\u00a0\u00bb|700|||||||\u00a0\u00bb toggle_text_align=\u00a0\u00bbjustify\u00a0\u00bb toggle_font_size=\u00a0\u00bb17px\u00a0\u00bb body_font=\u00a0\u00bb|700|||||||\u00a0\u00bb body_text_align=\u00a0\u00bbjustify\u00a0\u00bb body_text_color=\u00a0\u00bb#000000&Prime; width=\u00a0\u00bb100%\u00a0\u00bb max_width=\u00a0\u00bb100%\u00a0\u00bb hover_enabled=\u00a0\u00bb0&Prime; box_shadow_style=\u00a0\u00bbpreset6&Prime; box_shadow_color=\u00a0\u00bb#0C71C3&Prime; global_colors_info=\u00a0\u00bb{}\u00a0\u00bb sticky_enabled=\u00a0\u00bb0&Prime;][et_pb_accordion_item title=\u00a0\u00bbConf\u00e9rence inaugurale de l&rsquo;\u00e9v\u00e9nement Mathepique\u00a0\u00bb open=\u00a0\u00bbon\u00a0\u00bb _builder_version=\u00a0\u00bb4.24.0&Prime; _module_preset=\u00a0\u00bbdefault\u00a0\u00bb body_font=\u00a0\u00bb|800|||||||\u00a0\u00bb hover_enabled=\u00a0\u00bb0&Prime; global_colors_info=\u00a0\u00bb{}\u00a0\u00bb toggle_text_color=\u00a0\u00bb#E02B20&Prime; sticky_enabled=\u00a0\u00bb0&Prime;]<div class=\"w-full text-token-text-primary\" data-testid=\"conversation-turn-7\">\n<div class=\"px-4 py-2 justify-center text-base md:gap-6 m-auto\">\n<div class=\"flex flex-1 text-base mx-auto gap-3 md:px-5 lg:px-1 xl:px-5 md:max-w-3xl lg:max-w-[40rem] xl:max-w-[48rem] group final-completion\">\n<div class=\"relative flex w-full flex-col lg:w-[calc(100%-115px)] agent-turn\">\n<div class=\"flex-col gap-1 md:gap-3\">\n<div class=\"flex flex-grow flex-col max-w-full\">\n<div data-message-author-role=\"assistant\" data-message-id=\"713c6955-a828-4cd7-b0eb-28777d1bee68\" class=\"min-h-[20px] text-message flex flex-col items-start gap-3 whitespace-pre-wrap break-words [.text-message+&amp;]:mt-5 overflow-x-auto\">\n<div class=\"markdown prose w-full break-words dark:prose-invert light\">\n<p>Nous avons le plaisir de vous informer que le <span style=\"color: #0000ff\"><strong>Mathematica Club<\/strong><\/span> organise le premier \u00e9pisode de <strong><span style=\"color: #0000ff\">Mathepique<\/span><\/strong>. Une conf\u00e9rence inaugurale de l&rsquo;\u00e9v\u00e9nement math\u00e9pique sera pr\u00e9sent\u00e9e par <span style=\"color: #ff0000\"><strong>HAMZAOUI Imane<\/strong><\/span>, <span style=\"color: #008000\"><span style=\"color: #000000\">\u00e9tudiante en Syst\u00e8mes intelligents et Data \u00e0 l&rsquo;ESI, et stagiaire de recherche \u00e0 l&rsquo;universit\u00e9 de New York d&rsquo;Abu Dhab<\/span>i<\/span>, sur le th\u00e8me :<\/p>\n<p style=\"text-align: center\"><strong><span style=\"color: #ff0000\"> \u00ab\u00a0Le r\u00f4le des Math\u00e9matiques dans la conception de l&rsquo;intelligence artificielle.\u00a0\u00bb<\/span><\/strong><\/p>\n<p>Date de la conf\u00e9rence : <span style=\"color: #0000ff\"><strong>Mardi 13\/02\/2024<\/strong><\/span><\/p>\n<p>Heure de la conf\u00e9rence : <span style=\"color: #0000ff\"><strong>10h-12h<\/strong><\/span><\/p>\n<p>Lieu : <span style=\"color: #0000ff\"><strong>Amphi F, 1er \u00c9tage, Facult\u00e9 des Sciences.<\/strong><\/span><\/p>\n<p>La communaut\u00e9 universitaire est chaleureusement invit\u00e9e \u00e0 cet \u00e9v\u00e9nement captivant.<\/p>\n<\/div>\n<\/div>\n<\/div>\n<\/div>\n<\/div>\n<\/div>\n<\/div>\n<\/div>\n<p>&nbsp;<\/p>[\/et_pb_accordion_item][\/et_pb_accordion][et_pb_button button_url=\u00a0\u00bbhttps:\/\/www.ummto.dz\/fs\/wp-content\/uploads\/2024\/02\/Annonce-Mathepique.pdf\u00a0\u00bb button_text=\u00a0\u00bbT\u00e9l\u00e9charger l&rsquo;Annonce\u00a0\u00bb _builder_version=\u00a0\u00bb4.24.0&Prime; _module_preset=\u00a0\u00bbdefault\u00a0\u00bb hover_enabled=\u00a0\u00bb0&Prime; global_colors_info=\u00a0\u00bb{}\u00a0\u00bb sticky_enabled=\u00a0\u00bb0&Prime; custom_button=\u00a0\u00bbon\u00a0\u00bb button_text_color=\u00a0\u00bb#E02B20&Prime; box_shadow_style=\u00a0\u00bbpreset6&Prime;][\/et_pb_button][\/et_pb_column][\/et_pb_row][\/et_pb_section]\n","protected":false},"excerpt":{"rendered":"<p>Ch\u00e8res membres de la communaut\u00e9 universitaire,<\/p>\n<p>Nous sommes ravis de vous informer qu&rsquo;une conf\u00e9rence inaugurale de l&rsquo;\u00e9v\u00e9nement \u00ab\u00a0Mathepique\u00a0\u00bb se tiendra le mardi 13 f\u00e9vrier 2024. L&rsquo;\u00e9minent intervenant de cette session sera Mlle HAMZAOUI Imane, \u00e9tudiante en Syst\u00e8mes Intelligents et Data \u00e0 l&rsquo;ESI, ainsi que stagiaire de recherche \u00e0 l&rsquo;Universit\u00e9 de New York d&rsquo;Abu Dhabi. Elle abordera le th\u00e8me captivant : \u00ab\u00a0Le r\u00f4le des Math\u00e9matiques dans la conception de l&rsquo;intelligence artificielle.\u00a0\u00bb<\/p>\n<p>Date : Mardi 13\/02\/2024<\/p>\n<p>Heure : 10h-12h<\/p>\n<p>Lieu : Amphi F, 1er \u00c9tage, Facult\u00e9 des Sciences.<\/p>\n<p>Nous vous convions cordialement \u00e0 participer \u00e0 cet \u00e9v\u00e9nement acad\u00e9mique d&rsquo;importance. La pr\u00e9sence de chacun d&rsquo;entre vous serait grandement appr\u00e9ci\u00e9e.<\/p>\n","protected":false},"author":13,"featured_media":23100,"comment_status":"closed","ping_status":"closed","sticky":false,"template":"","format":"standard","meta":{"_et_pb_use_builder":"on","_et_pb_old_content":"","_et_gb_content_width":"","footnotes":""},"categories":[1,10,9,19,11,12,18],"tags":[],"class_list":["post-23089","post","type-post","status-publish","format-standard","has-post-thumbnail","hentry","category-non-classe","category-new_dep_chimie","category-new_dep_maths","category-new_dep_mi","category-new_dep_physique","category-dep_tronc-commun-sciences-de-la-matiere","category-new-dep-st"],"yoast_head":"<!-- This site is optimized with the Yoast SEO plugin v27.3 - https:\/\/yoast.com\/product\/yoast-seo-wordpress\/ -->\n<title>Conf\u00e9rence inaugurale de l&#039;\u00e9v\u00e9nement &quot;Mathepique&quot; organis\u00e9e par Mathematica Club - Facult\u00e9 des Sciences<\/title>\n<meta name=\"robots\" content=\"index, follow, max-snippet:-1, max-image-preview:large, max-video-preview:-1\" \/>\n<link rel=\"canonical\" href=\"https:\/\/www.ummto.dz\/fs\/conference-inaugurale-de-levenement-mathepique-organisee-par-mathematica-club\/\" \/>\n<meta property=\"og:locale\" content=\"fr_FR\" \/>\n<meta property=\"og:type\" content=\"article\" \/>\n<meta property=\"og:title\" content=\"Conf\u00e9rence inaugurale de l&#039;\u00e9v\u00e9nement &quot;Mathepique&quot; organis\u00e9e par Mathematica Club - Facult\u00e9 des Sciences\" \/>\n<meta property=\"og:description\" content=\"Ch\u00e8res membres de la communaut\u00e9 universitaire, Nous sommes ravis de vous informer qu&#039;une conf\u00e9rence inaugurale de l&#039;\u00e9v\u00e9nement &quot;Mathepique&quot; se tiendra le mardi 13 f\u00e9vrier 2024. L&#039;\u00e9minent intervenant de cette session sera Mlle HAMZAOUI Imane, \u00e9tudiante en Syst\u00e8mes Intelligents et Data \u00e0 l&#039;ESI, ainsi que stagiaire de recherche \u00e0 l&#039;Universit\u00e9 de New York d&#039;Abu Dhabi. Elle abordera le th\u00e8me captivant : &quot;Le r\u00f4le des Math\u00e9matiques dans la conception de l&#039;intelligence artificielle.&quot; Date : Mardi 13\/02\/2024 Heure : 10h-12h Lieu : Amphi F, 1er \u00c9tage, Facult\u00e9 des Sciences. Nous vous convions cordialement \u00e0 participer \u00e0 cet \u00e9v\u00e9nement acad\u00e9mique d&#039;importance. La pr\u00e9sence de chacun d&#039;entre vous serait grandement appr\u00e9ci\u00e9e.\" \/>\n<meta property=\"og:url\" content=\"https:\/\/www.ummto.dz\/fs\/conference-inaugurale-de-levenement-mathepique-organisee-par-mathematica-club\/\" \/>\n<meta property=\"og:site_name\" content=\"Facult\u00e9 des Sciences\" \/>\n<meta property=\"article:published_time\" content=\"2024-02-05T23:21:00+00:00\" \/>\n<meta property=\"article:modified_time\" content=\"2024-02-06T08:51:49+00:00\" \/>\n<meta property=\"og:image\" content=\"https:\/\/www.ummto.dz\/fs\/wp-content\/uploads\/2024\/02\/logo-club-mathematica-1.png\" \/>\n\t<meta property=\"og:image:width\" content=\"207\" \/>\n\t<meta property=\"og:image:height\" content=\"147\" \/>\n\t<meta property=\"og:image:type\" content=\"image\/png\" \/>\n<meta name=\"author\" content=\"FS\" \/>\n<meta name=\"twitter:card\" content=\"summary_large_image\" \/>\n<meta name=\"twitter:label1\" content=\"\u00c9crit par\" \/>\n\t<meta name=\"twitter:data1\" content=\"FS\" \/>\n\t<meta name=\"twitter:label2\" content=\"Dur\u00e9e de lecture estim\u00e9e\" \/>\n\t<meta name=\"twitter:data2\" content=\"1 minute\" \/>\n<script type=\"application\/ld+json\" class=\"yoast-schema-graph\">{\"@context\":\"https:\\\/\\\/schema.org\",\"@graph\":[{\"@type\":\"Article\",\"@id\":\"https:\\\/\\\/www.ummto.dz\\\/fs\\\/conference-inaugurale-de-levenement-mathepique-organisee-par-mathematica-club\\\/#article\",\"isPartOf\":{\"@id\":\"https:\\\/\\\/www.ummto.dz\\\/fs\\\/conference-inaugurale-de-levenement-mathepique-organisee-par-mathematica-club\\\/\"},\"author\":{\"name\":\"FS\",\"@id\":\"https:\\\/\\\/www.ummto.dz\\\/fs\\\/#\\\/schema\\\/person\\\/c9a513e99831aef4c20b627eb305eb4a\"},\"headline\":\"Conf\u00e9rence inaugurale de l&rsquo;\u00e9v\u00e9nement \u00ab\u00a0Mathepique\u00a0\u00bb organis\u00e9e par Mathematica Club\",\"datePublished\":\"2024-02-05T23:21:00+00:00\",\"dateModified\":\"2024-02-06T08:51:49+00:00\",\"mainEntityOfPage\":{\"@id\":\"https:\\\/\\\/www.ummto.dz\\\/fs\\\/conference-inaugurale-de-levenement-mathepique-organisee-par-mathematica-club\\\/\"},\"wordCount\":307,\"image\":{\"@id\":\"https:\\\/\\\/www.ummto.dz\\\/fs\\\/conference-inaugurale-de-levenement-mathepique-organisee-par-mathematica-club\\\/#primaryimage\"},\"thumbnailUrl\":\"https:\\\/\\\/www.ummto.dz\\\/fs\\\/wp-content\\\/uploads\\\/2024\\\/02\\\/logo-club-mathematica-1.png\",\"articleSection\":[\"Actualit\u00e9\",\"Dep_Chimie\",\"dep_maths\",\"dep_MI\",\"dep_physique\",\"dep_Tronc Commun Sciences de la Mati\u00e8re\",\"dep-ST\"],\"inLanguage\":\"fr-FR\"},{\"@type\":\"WebPage\",\"@id\":\"https:\\\/\\\/www.ummto.dz\\\/fs\\\/conference-inaugurale-de-levenement-mathepique-organisee-par-mathematica-club\\\/\",\"url\":\"https:\\\/\\\/www.ummto.dz\\\/fs\\\/conference-inaugurale-de-levenement-mathepique-organisee-par-mathematica-club\\\/\",\"name\":\"Conf\u00e9rence inaugurale de l'\u00e9v\u00e9nement \\\"Mathepique\\\" organis\u00e9e par Mathematica Club - Facult\u00e9 des Sciences\",\"isPartOf\":{\"@id\":\"https:\\\/\\\/www.ummto.dz\\\/fs\\\/#website\"},\"primaryImageOfPage\":{\"@id\":\"https:\\\/\\\/www.ummto.dz\\\/fs\\\/conference-inaugurale-de-levenement-mathepique-organisee-par-mathematica-club\\\/#primaryimage\"},\"image\":{\"@id\":\"https:\\\/\\\/www.ummto.dz\\\/fs\\\/conference-inaugurale-de-levenement-mathepique-organisee-par-mathematica-club\\\/#primaryimage\"},\"thumbnailUrl\":\"https:\\\/\\\/www.ummto.dz\\\/fs\\\/wp-content\\\/uploads\\\/2024\\\/02\\\/logo-club-mathematica-1.png\",\"datePublished\":\"2024-02-05T23:21:00+00:00\",\"dateModified\":\"2024-02-06T08:51:49+00:00\",\"author\":{\"@id\":\"https:\\\/\\\/www.ummto.dz\\\/fs\\\/#\\\/schema\\\/person\\\/c9a513e99831aef4c20b627eb305eb4a\"},\"breadcrumb\":{\"@id\":\"https:\\\/\\\/www.ummto.dz\\\/fs\\\/conference-inaugurale-de-levenement-mathepique-organisee-par-mathematica-club\\\/#breadcrumb\"},\"inLanguage\":\"fr-FR\",\"potentialAction\":[{\"@type\":\"ReadAction\",\"target\":[\"https:\\\/\\\/www.ummto.dz\\\/fs\\\/conference-inaugurale-de-levenement-mathepique-organisee-par-mathematica-club\\\/\"]}]},{\"@type\":\"ImageObject\",\"inLanguage\":\"fr-FR\",\"@id\":\"https:\\\/\\\/www.ummto.dz\\\/fs\\\/conference-inaugurale-de-levenement-mathepique-organisee-par-mathematica-club\\\/#primaryimage\",\"url\":\"https:\\\/\\\/www.ummto.dz\\\/fs\\\/wp-content\\\/uploads\\\/2024\\\/02\\\/logo-club-mathematica-1.png\",\"contentUrl\":\"https:\\\/\\\/www.ummto.dz\\\/fs\\\/wp-content\\\/uploads\\\/2024\\\/02\\\/logo-club-mathematica-1.png\",\"width\":207,\"height\":147},{\"@type\":\"BreadcrumbList\",\"@id\":\"https:\\\/\\\/www.ummto.dz\\\/fs\\\/conference-inaugurale-de-levenement-mathepique-organisee-par-mathematica-club\\\/#breadcrumb\",\"itemListElement\":[{\"@type\":\"ListItem\",\"position\":1,\"name\":\"Accueil\",\"item\":\"https:\\\/\\\/www.ummto.dz\\\/fs\\\/\"},{\"@type\":\"ListItem\",\"position\":2,\"name\":\"Conf\u00e9rence inaugurale de l&rsquo;\u00e9v\u00e9nement \u00ab\u00a0Mathepique\u00a0\u00bb organis\u00e9e par Mathematica Club\"}]},{\"@type\":\"WebSite\",\"@id\":\"https:\\\/\\\/www.ummto.dz\\\/fs\\\/#website\",\"url\":\"https:\\\/\\\/www.ummto.dz\\\/fs\\\/\",\"name\":\"Facult\u00e9 des Sciences\",\"description\":\"universit\u00e9 Moulous Mammeri de Tizi-Ouzou\",\"potentialAction\":[{\"@type\":\"SearchAction\",\"target\":{\"@type\":\"EntryPoint\",\"urlTemplate\":\"https:\\\/\\\/www.ummto.dz\\\/fs\\\/?s={search_term_string}\"},\"query-input\":{\"@type\":\"PropertyValueSpecification\",\"valueRequired\":true,\"valueName\":\"search_term_string\"}}],\"inLanguage\":\"fr-FR\"},{\"@type\":\"Person\",\"@id\":\"https:\\\/\\\/www.ummto.dz\\\/fs\\\/#\\\/schema\\\/person\\\/c9a513e99831aef4c20b627eb305eb4a\",\"name\":\"FS\",\"url\":\"https:\\\/\\\/www.ummto.dz\\\/fs\\\/author\\\/fs\\\/\"}]}<\/script>\n<!-- \/ Yoast SEO plugin. -->","yoast_head_json":{"title":"Conf\u00e9rence inaugurale de l'\u00e9v\u00e9nement \"Mathepique\" organis\u00e9e par Mathematica Club - Facult\u00e9 des Sciences","robots":{"index":"index","follow":"follow","max-snippet":"max-snippet:-1","max-image-preview":"max-image-preview:large","max-video-preview":"max-video-preview:-1"},"canonical":"https:\/\/www.ummto.dz\/fs\/conference-inaugurale-de-levenement-mathepique-organisee-par-mathematica-club\/","og_locale":"fr_FR","og_type":"article","og_title":"Conf\u00e9rence inaugurale de l'\u00e9v\u00e9nement \"Mathepique\" organis\u00e9e par Mathematica Club - Facult\u00e9 des Sciences","og_description":"Ch\u00e8res membres de la communaut\u00e9 universitaire, Nous sommes ravis de vous informer qu'une conf\u00e9rence inaugurale de l'\u00e9v\u00e9nement \"Mathepique\" se tiendra le mardi 13 f\u00e9vrier 2024. L'\u00e9minent intervenant de cette session sera Mlle HAMZAOUI Imane, \u00e9tudiante en Syst\u00e8mes Intelligents et Data \u00e0 l'ESI, ainsi que stagiaire de recherche \u00e0 l'Universit\u00e9 de New York d'Abu Dhabi. Elle abordera le th\u00e8me captivant : \"Le r\u00f4le des Math\u00e9matiques dans la conception de l'intelligence artificielle.\" Date : Mardi 13\/02\/2024 Heure : 10h-12h Lieu : Amphi F, 1er \u00c9tage, Facult\u00e9 des Sciences. Nous vous convions cordialement \u00e0 participer \u00e0 cet \u00e9v\u00e9nement acad\u00e9mique d'importance. La pr\u00e9sence de chacun d'entre vous serait grandement appr\u00e9ci\u00e9e.","og_url":"https:\/\/www.ummto.dz\/fs\/conference-inaugurale-de-levenement-mathepique-organisee-par-mathematica-club\/","og_site_name":"Facult\u00e9 des Sciences","article_published_time":"2024-02-05T23:21:00+00:00","article_modified_time":"2024-02-06T08:51:49+00:00","og_image":[{"width":207,"height":147,"url":"https:\/\/www.ummto.dz\/fs\/wp-content\/uploads\/2024\/02\/logo-club-mathematica-1.png","type":"image\/png"}],"author":"FS","twitter_card":"summary_large_image","twitter_misc":{"\u00c9crit par":"FS","Dur\u00e9e de lecture estim\u00e9e":"1 minute"},"schema":{"@context":"https:\/\/schema.org","@graph":[{"@type":"Article","@id":"https:\/\/www.ummto.dz\/fs\/conference-inaugurale-de-levenement-mathepique-organisee-par-mathematica-club\/#article","isPartOf":{"@id":"https:\/\/www.ummto.dz\/fs\/conference-inaugurale-de-levenement-mathepique-organisee-par-mathematica-club\/"},"author":{"name":"FS","@id":"https:\/\/www.ummto.dz\/fs\/#\/schema\/person\/c9a513e99831aef4c20b627eb305eb4a"},"headline":"Conf\u00e9rence inaugurale de l&rsquo;\u00e9v\u00e9nement \u00ab\u00a0Mathepique\u00a0\u00bb organis\u00e9e par Mathematica Club","datePublished":"2024-02-05T23:21:00+00:00","dateModified":"2024-02-06T08:51:49+00:00","mainEntityOfPage":{"@id":"https:\/\/www.ummto.dz\/fs\/conference-inaugurale-de-levenement-mathepique-organisee-par-mathematica-club\/"},"wordCount":307,"image":{"@id":"https:\/\/www.ummto.dz\/fs\/conference-inaugurale-de-levenement-mathepique-organisee-par-mathematica-club\/#primaryimage"},"thumbnailUrl":"https:\/\/www.ummto.dz\/fs\/wp-content\/uploads\/2024\/02\/logo-club-mathematica-1.png","articleSection":["Actualit\u00e9","Dep_Chimie","dep_maths","dep_MI","dep_physique","dep_Tronc Commun Sciences de la Mati\u00e8re","dep-ST"],"inLanguage":"fr-FR"},{"@type":"WebPage","@id":"https:\/\/www.ummto.dz\/fs\/conference-inaugurale-de-levenement-mathepique-organisee-par-mathematica-club\/","url":"https:\/\/www.ummto.dz\/fs\/conference-inaugurale-de-levenement-mathepique-organisee-par-mathematica-club\/","name":"Conf\u00e9rence inaugurale de l'\u00e9v\u00e9nement \"Mathepique\" organis\u00e9e par Mathematica Club - Facult\u00e9 des Sciences","isPartOf":{"@id":"https:\/\/www.ummto.dz\/fs\/#website"},"primaryImageOfPage":{"@id":"https:\/\/www.ummto.dz\/fs\/conference-inaugurale-de-levenement-mathepique-organisee-par-mathematica-club\/#primaryimage"},"image":{"@id":"https:\/\/www.ummto.dz\/fs\/conference-inaugurale-de-levenement-mathepique-organisee-par-mathematica-club\/#primaryimage"},"thumbnailUrl":"https:\/\/www.ummto.dz\/fs\/wp-content\/uploads\/2024\/02\/logo-club-mathematica-1.png","datePublished":"2024-02-05T23:21:00+00:00","dateModified":"2024-02-06T08:51:49+00:00","author":{"@id":"https:\/\/www.ummto.dz\/fs\/#\/schema\/person\/c9a513e99831aef4c20b627eb305eb4a"},"breadcrumb":{"@id":"https:\/\/www.ummto.dz\/fs\/conference-inaugurale-de-levenement-mathepique-organisee-par-mathematica-club\/#breadcrumb"},"inLanguage":"fr-FR","potentialAction":[{"@type":"ReadAction","target":["https:\/\/www.ummto.dz\/fs\/conference-inaugurale-de-levenement-mathepique-organisee-par-mathematica-club\/"]}]},{"@type":"ImageObject","inLanguage":"fr-FR","@id":"https:\/\/www.ummto.dz\/fs\/conference-inaugurale-de-levenement-mathepique-organisee-par-mathematica-club\/#primaryimage","url":"https:\/\/www.ummto.dz\/fs\/wp-content\/uploads\/2024\/02\/logo-club-mathematica-1.png","contentUrl":"https:\/\/www.ummto.dz\/fs\/wp-content\/uploads\/2024\/02\/logo-club-mathematica-1.png","width":207,"height":147},{"@type":"BreadcrumbList","@id":"https:\/\/www.ummto.dz\/fs\/conference-inaugurale-de-levenement-mathepique-organisee-par-mathematica-club\/#breadcrumb","itemListElement":[{"@type":"ListItem","position":1,"name":"Accueil","item":"https:\/\/www.ummto.dz\/fs\/"},{"@type":"ListItem","position":2,"name":"Conf\u00e9rence inaugurale de l&rsquo;\u00e9v\u00e9nement \u00ab\u00a0Mathepique\u00a0\u00bb organis\u00e9e par Mathematica Club"}]},{"@type":"WebSite","@id":"https:\/\/www.ummto.dz\/fs\/#website","url":"https:\/\/www.ummto.dz\/fs\/","name":"Facult\u00e9 des Sciences","description":"universit\u00e9 Moulous Mammeri de Tizi-Ouzou","potentialAction":[{"@type":"SearchAction","target":{"@type":"EntryPoint","urlTemplate":"https:\/\/www.ummto.dz\/fs\/?s={search_term_string}"},"query-input":{"@type":"PropertyValueSpecification","valueRequired":true,"valueName":"search_term_string"}}],"inLanguage":"fr-FR"},{"@type":"Person","@id":"https:\/\/www.ummto.dz\/fs\/#\/schema\/person\/c9a513e99831aef4c20b627eb305eb4a","name":"FS","url":"https:\/\/www.ummto.dz\/fs\/author\/fs\/"}]}},"_links":{"self":[{"href":"https:\/\/www.ummto.dz\/fs\/wp-json\/wp\/v2\/posts\/23089","targetHints":{"allow":["GET"]}}],"collection":[{"href":"https:\/\/www.ummto.dz\/fs\/wp-json\/wp\/v2\/posts"}],"about":[{"href":"https:\/\/www.ummto.dz\/fs\/wp-json\/wp\/v2\/types\/post"}],"author":[{"embeddable":true,"href":"https:\/\/www.ummto.dz\/fs\/wp-json\/wp\/v2\/users\/13"}],"replies":[{"embeddable":true,"href":"https:\/\/www.ummto.dz\/fs\/wp-json\/wp\/v2\/comments?post=23089"}],"version-history":[{"count":8,"href":"https:\/\/www.ummto.dz\/fs\/wp-json\/wp\/v2\/posts\/23089\/revisions"}],"predecessor-version":[{"id":23107,"href":"https:\/\/www.ummto.dz\/fs\/wp-json\/wp\/v2\/posts\/23089\/revisions\/23107"}],"wp:featuredmedia":[{"embeddable":true,"href":"https:\/\/www.ummto.dz\/fs\/wp-json\/wp\/v2\/media\/23100"}],"wp:attachment":[{"href":"https:\/\/www.ummto.dz\/fs\/wp-json\/wp\/v2\/media?parent=23089"}],"wp:term":[{"taxonomy":"category","embeddable":true,"href":"https:\/\/www.ummto.dz\/fs\/wp-json\/wp\/v2\/categories?post=23089"},{"taxonomy":"post_tag","embeddable":true,"href":"https:\/\/www.ummto.dz\/fs\/wp-json\/wp\/v2\/tags?post=23089"}],"curies":[{"name":"wp","href":"https:\/\/api.w.org\/{rel}","templated":true}]}}